{"id":246,"date":"2008-02-26T14:09:08","date_gmt":"2008-02-26T13:09:08","guid":{"rendered":"http:\/\/blog.zeit.de\/stoerungsmelder\/2008\/02\/26\/hausgemachte-nazis_246"},"modified":"2008-02-26T14:09:08","modified_gmt":"2008-02-26T13:09:08","slug":"hausgemachte-nazis","status":"publish","type":"post","link":"https:\/\/blog.zeit.de\/stoerungsmelder\/2008\/02\/26\/hausgemachte-nazis_246","title":{"rendered":"Hausgemachte Nazis"},"content":{"rendered":"<p>Ein Portr\u00e4t von Adolf Hitler in der Vitrine, ein SS-Kerzenst\u00e4nder und eine Hakenkreuzflagge in der Wohnung. Unter diesen Bedingungen m\u00fcssen vier T\u00f6chter einer 39-j\u00e4hrigen Frau in Kiel aufwachsen. Und sie findet es &#8222;v\u00f6llig in Ordnung&#8220;.<br \/>\n<!--more--><\/p>\n<p>Besonders be\u00e4ngstigend: Die siebenj\u00e4hrige Tochter malt schon selbst Hakenkreuze. Auch eine Tonne mit der Aufschrift &#8222;Z\u00fcckon B&#8220;, was offenbar f\u00fcr Zyklon B steht, wurde gefunden. Sogar die Tapeten bemalte sie mit Nazi-Parolen.Die Mutter \u00e4rgert es nur, dass die Tapeten dadurch besch\u00e4digt wurden.<\/p>\n<p>Horst Eger, der schleswig-holsteinische Verfassungssch\u00fctzer, bedauert es, dass die Kinder keine Chance auf eine demokratische Erziehung haben. Derzeit wird ermittelt, ob eine Anzeige wegen Verwendens verfassungsfeindlicher Symbole (\u00a7 86a StGB) gestellt werden kann.<\/p>\n<p>Ein Beamter der namentlich nicht genannt werden m\u00f6chte sagte hierzu:<\/p>\n<p>&#8222;Im Grunde kann jeder B\u00fcrger zuhause erst einmal machen, was er will.&#8220;<\/p>\n<p>Unbegreiflich, dass in solchen F\u00e4llen das Jugendamt die Kinder nicht ansatzlos aus dieser Situation befreit. Nun pr\u00fcft die Staatsanwaltschaft also erstmal ob es wirklich nicht mit dem deutschen Gesetz vereinbar ist seine Kinder abends mit der Hakenkreuzflagge zuzudecken.<\/p>\n<p>Eine wahrlich absurde Diskussion<\/p>\n","protected":false},"excerpt":{"rendered":"<p>Ein Portr\u00e4t von Adolf Hitler in der Vitrine, ein SS-Kerzenst\u00e4nder und eine Hakenkreuzflagge in der Wohnung. Unter diesen Bedingungen m\u00fcssen vier T\u00f6chter einer 39-j\u00e4hrigen Frau in Kiel aufwachsen. Und sie findet es &#8222;v\u00f6llig in Ordnung&#8220;.<\/p>\n","protected":false},"author":231,"featured_media":0,"comment_status":"open","ping_status":"open","sticky":false,"template":"","format":"standard","meta":{"_jetpack_memberships_contains_paid_content":false,"footnotes":""},"categories":[1515,1458],"tags":[1632,1702,1813],"class_list":["post-246","post","type-post","status-publish","format-standard","hentry","category-bundesweit","category-schleswig-holstein","tag-jugend","tag-nationalsozialismus","tag-symbole"],"yoast_head":"<!-- This site is optimized with the Yoast SEO plugin v21.0 - https:\/\/yoast.com\/wordpress\/plugins\/seo\/ -->\n<title>Hausgemachte Nazis - St\u00f6rungsmelder<\/title>\n<meta name=\"robots\" content=\"index, follow, max-snippet:-1, max-image-preview:large, max-video-preview:-1\" \/>\n<link rel=\"canonical\" href=\"https:\/\/blog.zeit.de\/stoerungsmelder\/2008\/02\/26\/hausgemachte-nazis_246\" \/>\n<meta property=\"og:locale\" content=\"de_DE\" \/>\n<meta property=\"og:type\" content=\"article\" \/>\n<meta property=\"og:title\" content=\"Hausgemachte Nazis - St\u00f6rungsmelder\" \/>\n<meta property=\"og:description\" content=\"Ein Portr\u00e4t von Adolf Hitler in der Vitrine, ein SS-Kerzenst\u00e4nder und eine Hakenkreuzflagge in der Wohnung. Unter diesen Bedingungen m\u00fcssen vier T\u00f6chter einer 39-j\u00e4hrigen Frau in Kiel aufwachsen. Und sie findet es &#8222;v\u00f6llig in Ordnung&#8220;.\" \/>\n<meta property=\"og:url\" content=\"https:\/\/blog.zeit.de\/stoerungsmelder\/2008\/02\/26\/hausgemachte-nazis_246\" \/>\n<meta property=\"og:site_name\" content=\"St\u00f6rungsmelder\" \/>\n<meta property=\"article:published_time\" content=\"2008-02-26T13:09:08+00:00\" \/>\n<meta name=\"author\" content=\"Klaas Heufer-Umlauf\" \/>\n<meta name=\"twitter:card\" content=\"summary_large_image\" \/>\n<meta name=\"twitter:label1\" content=\"Geschrieben von\" \/>\n\t<meta name=\"twitter:data1\" content=\"Klaas Heufer-Umlauf\" \/>\n\t<meta name=\"twitter:label2\" content=\"Gesch\u00e4tzte Lesezeit\" \/>\n\t<meta name=\"twitter:data2\" content=\"1\u00a0Minute\" \/>\n<script type=\"application\/ld+json\" class=\"yoast-schema-graph\">{\"@context\":\"https:\/\/schema.org\",\"@graph\":[{\"@type\":\"WebPage\",\"@id\":\"https:\/\/blog.zeit.de\/stoerungsmelder\/2008\/02\/26\/hausgemachte-nazis_246\",\"url\":\"https:\/\/blog.zeit.de\/stoerungsmelder\/2008\/02\/26\/hausgemachte-nazis_246\",\"name\":\"Hausgemachte Nazis - St\u00f6rungsmelder\",\"isPartOf\":{\"@id\":\"https:\/\/blog.zeit.de\/stoerungsmelder\/#website\"},\"datePublished\":\"2008-02-26T13:09:08+00:00\",\"dateModified\":\"2008-02-26T13:09:08+00:00\",\"author\":{\"@id\":\"https:\/\/blog.zeit.de\/stoerungsmelder\/#\/schema\/person\/089a5048ac27ef4d97c1515add3ef39e\"},\"breadcrumb\":{\"@id\":\"https:\/\/blog.zeit.de\/stoerungsmelder\/2008\/02\/26\/hausgemachte-nazis_246#breadcrumb\"},\"inLanguage\":\"de\",\"potentialAction\":[{\"@type\":\"ReadAction\",\"target\":[\"https:\/\/blog.zeit.de\/stoerungsmelder\/2008\/02\/26\/hausgemachte-nazis_246\"]}]},{\"@type\":\"BreadcrumbList\",\"@id\":\"https:\/\/blog.zeit.de\/stoerungsmelder\/2008\/02\/26\/hausgemachte-nazis_246#breadcrumb\",\"itemListElement\":[{\"@type\":\"ListItem\",\"position\":1,\"name\":\"Startseite\",\"item\":\"https:\/\/blog.zeit.de\/stoerungsmelder\"},{\"@type\":\"ListItem\",\"position\":2,\"name\":\"Hausgemachte Nazis\"}]},{\"@type\":\"WebSite\",\"@id\":\"https:\/\/blog.zeit.de\/stoerungsmelder\/#website\",\"url\":\"https:\/\/blog.zeit.de\/stoerungsmelder\/\",\"name\":\"St\u00f6rungsmelder\",\"description\":\"Recherchen und Analysen \u00fcber die extreme Rechte\",\"potentialAction\":[{\"@type\":\"SearchAction\",\"target\":{\"@type\":\"EntryPoint\",\"urlTemplate\":\"https:\/\/blog.zeit.de\/stoerungsmelder\/?s={search_term_string}\"},\"query-input\":\"required name=search_term_string\"}],\"inLanguage\":\"de\"},{\"@type\":\"Person\",\"@id\":\"https:\/\/blog.zeit.de\/stoerungsmelder\/#\/schema\/person\/089a5048ac27ef4d97c1515add3ef39e\",\"name\":\"Klaas Heufer-Umlauf\",\"image\":{\"@type\":\"ImageObject\",\"inLanguage\":\"de\",\"@id\":\"https:\/\/blog.zeit.de\/stoerungsmelder\/#\/schema\/person\/image\/\",\"url\":\"https:\/\/secure.gravatar.com\/avatar\/946b3b07cdde962dfddc0c0609c84c2b9ce5a6866d2d5355a833d5497b5d07a0?s=96&d=mm&r=pg\",\"contentUrl\":\"https:\/\/secure.gravatar.com\/avatar\/946b3b07cdde962dfddc0c0609c84c2b9ce5a6866d2d5355a833d5497b5d07a0?s=96&d=mm&r=pg\",\"caption\":\"Klaas Heufer-Umlauf\"},\"url\":\"https:\/\/blog.zeit.de\/stoerungsmelder\/author\/klaas-heufer-umlauf\"}]}<\/script>\n<!-- \/ Yoast SEO plugin. -->","yoast_head_json":{"title":"Hausgemachte Nazis - St\u00f6rungsmelder","robots":{"index":"index","follow":"follow","max-snippet":"max-snippet:-1","max-image-preview":"max-image-preview:large","max-video-preview":"max-video-preview:-1"},"canonical":"https:\/\/blog.zeit.de\/stoerungsmelder\/2008\/02\/26\/hausgemachte-nazis_246","og_locale":"de_DE","og_type":"article","og_title":"Hausgemachte Nazis - St\u00f6rungsmelder","og_description":"Ein Portr\u00e4t von Adolf Hitler in der Vitrine, ein SS-Kerzenst\u00e4nder und eine Hakenkreuzflagge in der Wohnung. Unter diesen Bedingungen m\u00fcssen vier T\u00f6chter einer 39-j\u00e4hrigen Frau in Kiel aufwachsen. Und sie findet es &#8222;v\u00f6llig in Ordnung&#8220;.","og_url":"https:\/\/blog.zeit.de\/stoerungsmelder\/2008\/02\/26\/hausgemachte-nazis_246","og_site_name":"St\u00f6rungsmelder","article_published_time":"2008-02-26T13:09:08+00:00","author":"Klaas Heufer-Umlauf","twitter_card":"summary_large_image","twitter_misc":{"Geschrieben von":"Klaas Heufer-Umlauf","Gesch\u00e4tzte Lesezeit":"1\u00a0Minute"},"schema":{"@context":"https:\/\/schema.org","@graph":[{"@type":"WebPage","@id":"https:\/\/blog.zeit.de\/stoerungsmelder\/2008\/02\/26\/hausgemachte-nazis_246","url":"https:\/\/blog.zeit.de\/stoerungsmelder\/2008\/02\/26\/hausgemachte-nazis_246","name":"Hausgemachte Nazis - St\u00f6rungsmelder","isPartOf":{"@id":"https:\/\/blog.zeit.de\/stoerungsmelder\/#website"},"datePublished":"2008-02-26T13:09:08+00:00","dateModified":"2008-02-26T13:09:08+00:00","author":{"@id":"https:\/\/blog.zeit.de\/stoerungsmelder\/#\/schema\/person\/089a5048ac27ef4d97c1515add3ef39e"},"breadcrumb":{"@id":"https:\/\/blog.zeit.de\/stoerungsmelder\/2008\/02\/26\/hausgemachte-nazis_246#breadcrumb"},"inLanguage":"de","potentialAction":[{"@type":"ReadAction","target":["https:\/\/blog.zeit.de\/stoerungsmelder\/2008\/02\/26\/hausgemachte-nazis_246"]}]},{"@type":"BreadcrumbList","@id":"https:\/\/blog.zeit.de\/stoerungsmelder\/2008\/02\/26\/hausgemachte-nazis_246#breadcrumb","itemListElement":[{"@type":"ListItem","position":1,"name":"Startseite","item":"https:\/\/blog.zeit.de\/stoerungsmelder"},{"@type":"ListItem","position":2,"name":"Hausgemachte Nazis"}]},{"@type":"WebSite","@id":"https:\/\/blog.zeit.de\/stoerungsmelder\/#website","url":"https:\/\/blog.zeit.de\/stoerungsmelder\/","name":"St\u00f6rungsmelder","description":"Recherchen und Analysen \u00fcber die extreme Rechte","potentialAction":[{"@type":"SearchAction","target":{"@type":"EntryPoint","urlTemplate":"https:\/\/blog.zeit.de\/stoerungsmelder\/?s={search_term_string}"},"query-input":"required name=search_term_string"}],"inLanguage":"de"},{"@type":"Person","@id":"https:\/\/blog.zeit.de\/stoerungsmelder\/#\/schema\/person\/089a5048ac27ef4d97c1515add3ef39e","name":"Klaas Heufer-Umlauf","image":{"@type":"ImageObject","inLanguage":"de","@id":"https:\/\/blog.zeit.de\/stoerungsmelder\/#\/schema\/person\/image\/","url":"https:\/\/secure.gravatar.com\/avatar\/946b3b07cdde962dfddc0c0609c84c2b9ce5a6866d2d5355a833d5497b5d07a0?s=96&d=mm&r=pg","contentUrl":"https:\/\/secure.gravatar.com\/avatar\/946b3b07cdde962dfddc0c0609c84c2b9ce5a6866d2d5355a833d5497b5d07a0?s=96&d=mm&r=pg","caption":"Klaas Heufer-Umlauf"},"url":"https:\/\/blog.zeit.de\/stoerungsmelder\/author\/klaas-heufer-umlauf"}]}},"jetpack_featured_media_url":"","jetpack_sharing_enabled":true,"_links":{"self":[{"href":"https:\/\/blog.zeit.de\/stoerungsmelder\/wp-json\/wp\/v2\/posts\/246","targetHints":{"allow":["GET"]}}],"collection":[{"href":"https:\/\/blog.zeit.de\/stoerungsmelder\/wp-json\/wp\/v2\/posts"}],"about":[{"href":"https:\/\/blog.zeit.de\/stoerungsmelder\/wp-json\/wp\/v2\/types\/post"}],"author":[{"embeddable":true,"href":"https:\/\/blog.zeit.de\/stoerungsmelder\/wp-json\/wp\/v2\/users\/231"}],"replies":[{"embeddable":true,"href":"https:\/\/blog.zeit.de\/stoerungsmelder\/wp-json\/wp\/v2\/comments?post=246"}],"version-history":[{"count":0,"href":"https:\/\/blog.zeit.de\/stoerungsmelder\/wp-json\/wp\/v2\/posts\/246\/revisions"}],"wp:attachment":[{"href":"https:\/\/blog.zeit.de\/stoerungsmelder\/wp-json\/wp\/v2\/media?parent=246"}],"wp:term":[{"taxonomy":"category","embeddable":true,"href":"https:\/\/blog.zeit.de\/stoerungsmelder\/wp-json\/wp\/v2\/categories?post=246"},{"taxonomy":"post_tag","embeddable":true,"href":"https:\/\/blog.zeit.de\/stoerungsmelder\/wp-json\/wp\/v2\/tags?post=246"}],"curies":[{"name":"wp","href":"https:\/\/api.w.org\/{rel}","templated":true}]}}