{"id":2481,"date":"2010-01-26T16:23:39","date_gmt":"2010-01-26T14:23:39","guid":{"rendered":"http:\/\/blog.zeit.de\/stoerungsmelder\/?p=2481"},"modified":"2017-07-08T16:46:04","modified_gmt":"2017-07-08T14:46:04","slug":"plotzlich-flogen-kampfbomber-uber-unsere-kopfe","status":"publish","type":"post","link":"https:\/\/blog.zeit.de\/stoerungsmelder\/2010\/01\/26\/plotzlich-flogen-kampfbomber-uber-unsere-kopfe_2481","title":{"rendered":"&#8222;Pl\u00f6tzlich flogen Kampfbomber \u00fcber unsere K\u00f6pfe&#8220;"},"content":{"rendered":"<p><a href=\"https:\/\/blog.zeit.de\/stoerungsmelder\/files\/2010\/01\/kuzba2.jpg\"><img loading=\"lazy\" decoding=\"async\" class=\"aligncenter size-full wp-image-2482\" src=\"https:\/\/blog.zeit.de\/stoerungsmelder\/files\/2010\/01\/kuzba2.jpg\" alt=\"\" width=\"350\" height=\"445\" srcset=\"https:\/\/blog.zeit.de\/stoerungsmelder\/files\/2010\/01\/kuzba2.jpg 350w, https:\/\/blog.zeit.de\/stoerungsmelder\/files\/2010\/01\/kuzba2-235x300.jpg 235w\" sizes=\"auto, (max-width: 350px) 100vw, 350px\" \/><\/a><\/p>\n<p>F\u00fcnf Jahre hat er in Gestapohaft und im Konzentrationslager Sachsenhausen\u00a0 \u00fcberlebt. Inzwischen ist der in Polen geborene Josef Kuzba 93 Jahre alt. Der Umgang mit der Erinnerung an den Terror der Nationalsozialisten hat ihn sein ganzes Leben begleitet. Am Mittwoch wird Kuzba zum Gedenktag f\u00fcr die Opfer des Nationalsozialismus bei einem Konzert der Aktion S\u00fchnezeichen von seinen Erlebnissen erz\u00e4hlen. Er ist einer der letzten Zeitzeugen, die \u00fcber die Verbrechen in Sachsenhausen berichten k\u00f6nnen.<!--more--><\/p>\n<p>\u201eDer 27. Januar ist ein ganz wichtiger Tag f\u00fcr mich\u201c, sagt Kuzba. Seit Jahrzehnten h\u00e4lt er Kontakt zu anderen Holocaust-\u00dcberlebenden und organisiert gemeinsam mit Aktion S\u00fchnezeichen Zeitzeugengespr\u00e4che. \u201eIn Warschau gibt es nur noch sieben weitere \u00dcberlebende aus Sachsenhausen mit denen ich mich regelm\u00e4\u00dfig treffen kann\u201c, erz\u00e4hlt er. Kuzba sagt das ohne verbittert zu klingen. Die Zeit k\u00f6nne man schlie\u00dflich nicht anhalten. Wirklich Sorge bereite ihm vielmehr, dass die rechtsextreme NPD in zwei Landtage einziehen konnte. \u201eEs ist mir unverst\u00e4ndlich, dass es nach der entsetzlichen Nazizeit immer noch solche Leute gibt.\u201c<\/p>\n<p>An den \u00dcberfall der Deutschen auf Polen 1939 erinnert sich Kuzba noch genau. Der polnische Volksschullehrer ist an diesem Tag mit Freunden auf einer Radtour. Pl\u00f6tzlich fliegen deutsche Kampfbomber \u00fcber ihre K\u00f6pfe hinweg und legten die D\u00f6rfer, durch die sie gerade gefahren waren, in Schutt und Asche. Die Wehrmacht will Kuzba verhaften, doch er wird gewarnt und kann fliehen. Doch Mitte Mai 1940, als er \u00fcber die Slowakei nach Ungarn fliehen will, liefern ihn die slowakischen Beh\u00f6rden an die Gestapo aus. Einen Tag vor seinem 24. Geburtstag kommt er zusammen mit 500 anderen polnischen M\u00e4nnern ins Konzentrationslager Sachsenhausen. Er muss mit ansehen, wie die Nazis tausende H\u00e4ftlinge brutal ermorden. Seine Frau stirbt nach dem Warschauer Aufstand in Sachsenhausen. Erst am 5. Mai 1945 im Wald von Beelow wird Kuzba von den Alliierten befreit.<\/p>\n<p>Mittwochabend wird er, wie so oft, von seinem bewegten Leben erz\u00e4hlen. Anschlie\u00dfend folgt das musikalische Programm, gestaltet vom Collegium Musicum der Freien Universit\u00e4t und Technische Universit\u00e4t unter der Leitung von Manfred Fabricius. Trotz seines Alters nimmt Kuzba bald schon wieder die sieben Stunden Zugreise nach Berlin auf sich. \u201eIm Moment stecken wir mitten in den Vorbereitungen f\u00fcr den 65. Jahrestag der Befreiung von Sachsenhausen im April\u201c, erz\u00e4hlt er stolz. Zahlreiche ehemalige H\u00e4ftlinge und G\u00e4ste aus ganz Europa, Israel, Kanada und den USA werden dann erwartet \u2013 viele von ihnen wahrscheinlich zum letzten Mal.<\/p>\n<p><strong>27.2. 2010<br \/>\nBenefiz-Konzert der Aktion S\u00fchnezeichen: 19.30 Uhr in der Gethsemane-Kirche, Stragarder Str. 77. Eintritt: 15 Euro, erm\u00e4\u00dfigt 8 Euro.<br \/>\nInfos unter: www.asf-ev.de<\/strong><\/p>\n","protected":false},"excerpt":{"rendered":"<p>F\u00fcnf Jahre hat er in Gestapohaft und im Konzentrationslager Sachsenhausen\u00a0 \u00fcberlebt. Inzwischen ist der in Polen geborene Josef Kuzba 93 Jahre alt. Der Umgang mit der Erinnerung an den Terror der Nationalsozialisten hat ihn sein ganzes Leben begleitet. Am Mittwoch wird Kuzba zum Gedenktag f\u00fcr die Opfer des Nationalsozialismus bei einem Konzert der Aktion S\u00fchnezeichen [&hellip;]<\/p>\n","protected":false},"author":229,"featured_media":0,"comment_status":"open","ping_status":"open","sticky":false,"template":"","format":"standard","meta":{"_jetpack_memberships_contains_paid_content":false,"footnotes":""},"categories":[1515],"tags":[1577,1606,1629],"class_list":["post-2481","post","type-post","status-publish","format-standard","hentry","category-bundesweit","tag-gedenken","tag-holocaust","tag-josef-kuzba"],"yoast_head":"<!-- This site is optimized with the Yoast SEO plugin v21.0 - https:\/\/yoast.com\/wordpress\/plugins\/seo\/ -->\n<title>&quot;Pl\u00f6tzlich flogen Kampfbomber \u00fcber unsere K\u00f6pfe&quot; - St\u00f6rungsmelder<\/title>\n<meta name=\"robots\" content=\"index, follow, max-snippet:-1, max-image-preview:large, max-video-preview:-1\" \/>\n<link rel=\"canonical\" href=\"https:\/\/blog.zeit.de\/stoerungsmelder\/2010\/01\/26\/plotzlich-flogen-kampfbomber-uber-unsere-kopfe_2481\" \/>\n<meta property=\"og:locale\" content=\"de_DE\" \/>\n<meta property=\"og:type\" content=\"article\" \/>\n<meta property=\"og:title\" content=\"&quot;Pl\u00f6tzlich flogen Kampfbomber \u00fcber unsere K\u00f6pfe&quot; - St\u00f6rungsmelder\" \/>\n<meta property=\"og:description\" content=\"F\u00fcnf Jahre hat er in Gestapohaft und im Konzentrationslager Sachsenhausen\u00a0 \u00fcberlebt. Inzwischen ist der in Polen geborene Josef Kuzba 93 Jahre alt. Der Umgang mit der Erinnerung an den Terror der Nationalsozialisten hat ihn sein ganzes Leben begleitet. Am Mittwoch wird Kuzba zum Gedenktag f\u00fcr die Opfer des Nationalsozialismus bei einem Konzert der Aktion S\u00fchnezeichen [&hellip;]\" \/>\n<meta property=\"og:url\" content=\"https:\/\/blog.zeit.de\/stoerungsmelder\/2010\/01\/26\/plotzlich-flogen-kampfbomber-uber-unsere-kopfe_2481\" \/>\n<meta property=\"og:site_name\" content=\"St\u00f6rungsmelder\" \/>\n<meta property=\"article:published_time\" content=\"2010-01-26T14:23:39+00:00\" \/>\n<meta property=\"article:modified_time\" content=\"2017-07-08T14:46:04+00:00\" \/>\n<meta property=\"og:image\" content=\"https:\/\/blog.zeit.de\/stoerungsmelder\/files\/2010\/01\/kuzba2.jpg\" \/>\n<meta name=\"author\" content=\"St\u00f6rungsmelder\" \/>\n<meta name=\"twitter:card\" content=\"summary_large_image\" \/>\n<meta name=\"twitter:label1\" content=\"Geschrieben von\" \/>\n\t<meta name=\"twitter:data1\" content=\"St\u00f6rungsmelder\" \/>\n\t<meta name=\"twitter:label2\" content=\"Gesch\u00e4tzte Lesezeit\" \/>\n\t<meta name=\"twitter:data2\" content=\"2\u00a0Minuten\" \/>\n<script type=\"application\/ld+json\" class=\"yoast-schema-graph\">{\"@context\":\"https:\/\/schema.org\",\"@graph\":[{\"@type\":\"WebPage\",\"@id\":\"https:\/\/blog.zeit.de\/stoerungsmelder\/2010\/01\/26\/plotzlich-flogen-kampfbomber-uber-unsere-kopfe_2481\",\"url\":\"https:\/\/blog.zeit.de\/stoerungsmelder\/2010\/01\/26\/plotzlich-flogen-kampfbomber-uber-unsere-kopfe_2481\",\"name\":\"\\\"Pl\u00f6tzlich flogen Kampfbomber \u00fcber unsere K\u00f6pfe\\\" - St\u00f6rungsmelder\",\"isPartOf\":{\"@id\":\"https:\/\/blog.zeit.de\/stoerungsmelder\/#website\"},\"datePublished\":\"2010-01-26T14:23:39+00:00\",\"dateModified\":\"2017-07-08T14:46:04+00:00\",\"author\":{\"@id\":\"https:\/\/blog.zeit.de\/stoerungsmelder\/#\/schema\/person\/fdd0b9818f65738672810b6d6f037f71\"},\"breadcrumb\":{\"@id\":\"https:\/\/blog.zeit.de\/stoerungsmelder\/2010\/01\/26\/plotzlich-flogen-kampfbomber-uber-unsere-kopfe_2481#breadcrumb\"},\"inLanguage\":\"de\",\"potentialAction\":[{\"@type\":\"ReadAction\",\"target\":[\"https:\/\/blog.zeit.de\/stoerungsmelder\/2010\/01\/26\/plotzlich-flogen-kampfbomber-uber-unsere-kopfe_2481\"]}]},{\"@type\":\"BreadcrumbList\",\"@id\":\"https:\/\/blog.zeit.de\/stoerungsmelder\/2010\/01\/26\/plotzlich-flogen-kampfbomber-uber-unsere-kopfe_2481#breadcrumb\",\"itemListElement\":[{\"@type\":\"ListItem\",\"position\":1,\"name\":\"Startseite\",\"item\":\"https:\/\/blog.zeit.de\/stoerungsmelder\"},{\"@type\":\"ListItem\",\"position\":2,\"name\":\"&#8222;Pl\u00f6tzlich flogen Kampfbomber \u00fcber unsere K\u00f6pfe&#8220;\"}]},{\"@type\":\"WebSite\",\"@id\":\"https:\/\/blog.zeit.de\/stoerungsmelder\/#website\",\"url\":\"https:\/\/blog.zeit.de\/stoerungsmelder\/\",\"name\":\"St\u00f6rungsmelder\",\"description\":\"Recherchen und Analysen \u00fcber die extreme Rechte\",\"potentialAction\":[{\"@type\":\"SearchAction\",\"target\":{\"@type\":\"EntryPoint\",\"urlTemplate\":\"https:\/\/blog.zeit.de\/stoerungsmelder\/?s={search_term_string}\"},\"query-input\":\"required name=search_term_string\"}],\"inLanguage\":\"de\"},{\"@type\":\"Person\",\"@id\":\"https:\/\/blog.zeit.de\/stoerungsmelder\/#\/schema\/person\/fdd0b9818f65738672810b6d6f037f71\",\"name\":\"St\u00f6rungsmelder\",\"image\":{\"@type\":\"ImageObject\",\"inLanguage\":\"de\",\"@id\":\"https:\/\/blog.zeit.de\/stoerungsmelder\/#\/schema\/person\/image\/\",\"url\":\"https:\/\/secure.gravatar.com\/avatar\/dfa4be514c3e82a71e4f9a0020035d38192d080ccaa5e4e6d7a1472c763535c5?s=96&d=mm&r=pg\",\"contentUrl\":\"https:\/\/secure.gravatar.com\/avatar\/dfa4be514c3e82a71e4f9a0020035d38192d080ccaa5e4e6d7a1472c763535c5?s=96&d=mm&r=pg\",\"caption\":\"St\u00f6rungsmelder\"},\"url\":\"https:\/\/blog.zeit.de\/stoerungsmelder\/author\/stoerungsmelder\"}]}<\/script>\n<!-- \/ Yoast SEO plugin. -->","yoast_head_json":{"title":"\"Pl\u00f6tzlich flogen Kampfbomber \u00fcber unsere K\u00f6pfe\" - St\u00f6rungsmelder","robots":{"index":"index","follow":"follow","max-snippet":"max-snippet:-1","max-image-preview":"max-image-preview:large","max-video-preview":"max-video-preview:-1"},"canonical":"https:\/\/blog.zeit.de\/stoerungsmelder\/2010\/01\/26\/plotzlich-flogen-kampfbomber-uber-unsere-kopfe_2481","og_locale":"de_DE","og_type":"article","og_title":"\"Pl\u00f6tzlich flogen Kampfbomber \u00fcber unsere K\u00f6pfe\" - St\u00f6rungsmelder","og_description":"F\u00fcnf Jahre hat er in Gestapohaft und im Konzentrationslager Sachsenhausen\u00a0 \u00fcberlebt. Inzwischen ist der in Polen geborene Josef Kuzba 93 Jahre alt. Der Umgang mit der Erinnerung an den Terror der Nationalsozialisten hat ihn sein ganzes Leben begleitet. Am Mittwoch wird Kuzba zum Gedenktag f\u00fcr die Opfer des Nationalsozialismus bei einem Konzert der Aktion S\u00fchnezeichen [&hellip;]","og_url":"https:\/\/blog.zeit.de\/stoerungsmelder\/2010\/01\/26\/plotzlich-flogen-kampfbomber-uber-unsere-kopfe_2481","og_site_name":"St\u00f6rungsmelder","article_published_time":"2010-01-26T14:23:39+00:00","article_modified_time":"2017-07-08T14:46:04+00:00","og_image":[{"url":"https:\/\/blog.zeit.de\/stoerungsmelder\/files\/2010\/01\/kuzba2.jpg"}],"author":"St\u00f6rungsmelder","twitter_card":"summary_large_image","twitter_misc":{"Geschrieben von":"St\u00f6rungsmelder","Gesch\u00e4tzte Lesezeit":"2\u00a0Minuten"},"schema":{"@context":"https:\/\/schema.org","@graph":[{"@type":"WebPage","@id":"https:\/\/blog.zeit.de\/stoerungsmelder\/2010\/01\/26\/plotzlich-flogen-kampfbomber-uber-unsere-kopfe_2481","url":"https:\/\/blog.zeit.de\/stoerungsmelder\/2010\/01\/26\/plotzlich-flogen-kampfbomber-uber-unsere-kopfe_2481","name":"\"Pl\u00f6tzlich flogen Kampfbomber \u00fcber unsere K\u00f6pfe\" - St\u00f6rungsmelder","isPartOf":{"@id":"https:\/\/blog.zeit.de\/stoerungsmelder\/#website"},"datePublished":"2010-01-26T14:23:39+00:00","dateModified":"2017-07-08T14:46:04+00:00","author":{"@id":"https:\/\/blog.zeit.de\/stoerungsmelder\/#\/schema\/person\/fdd0b9818f65738672810b6d6f037f71"},"breadcrumb":{"@id":"https:\/\/blog.zeit.de\/stoerungsmelder\/2010\/01\/26\/plotzlich-flogen-kampfbomber-uber-unsere-kopfe_2481#breadcrumb"},"inLanguage":"de","potentialAction":[{"@type":"ReadAction","target":["https:\/\/blog.zeit.de\/stoerungsmelder\/2010\/01\/26\/plotzlich-flogen-kampfbomber-uber-unsere-kopfe_2481"]}]},{"@type":"BreadcrumbList","@id":"https:\/\/blog.zeit.de\/stoerungsmelder\/2010\/01\/26\/plotzlich-flogen-kampfbomber-uber-unsere-kopfe_2481#breadcrumb","itemListElement":[{"@type":"ListItem","position":1,"name":"Startseite","item":"https:\/\/blog.zeit.de\/stoerungsmelder"},{"@type":"ListItem","position":2,"name":"&#8222;Pl\u00f6tzlich flogen Kampfbomber \u00fcber unsere K\u00f6pfe&#8220;"}]},{"@type":"WebSite","@id":"https:\/\/blog.zeit.de\/stoerungsmelder\/#website","url":"https:\/\/blog.zeit.de\/stoerungsmelder\/","name":"St\u00f6rungsmelder","description":"Recherchen und Analysen \u00fcber die extreme Rechte","potentialAction":[{"@type":"SearchAction","target":{"@type":"EntryPoint","urlTemplate":"https:\/\/blog.zeit.de\/stoerungsmelder\/?s={search_term_string}"},"query-input":"required name=search_term_string"}],"inLanguage":"de"},{"@type":"Person","@id":"https:\/\/blog.zeit.de\/stoerungsmelder\/#\/schema\/person\/fdd0b9818f65738672810b6d6f037f71","name":"St\u00f6rungsmelder","image":{"@type":"ImageObject","inLanguage":"de","@id":"https:\/\/blog.zeit.de\/stoerungsmelder\/#\/schema\/person\/image\/","url":"https:\/\/secure.gravatar.com\/avatar\/dfa4be514c3e82a71e4f9a0020035d38192d080ccaa5e4e6d7a1472c763535c5?s=96&d=mm&r=pg","contentUrl":"https:\/\/secure.gravatar.com\/avatar\/dfa4be514c3e82a71e4f9a0020035d38192d080ccaa5e4e6d7a1472c763535c5?s=96&d=mm&r=pg","caption":"St\u00f6rungsmelder"},"url":"https:\/\/blog.zeit.de\/stoerungsmelder\/author\/stoerungsmelder"}]}},"jetpack_featured_media_url":"","jetpack_sharing_enabled":true,"_links":{"self":[{"href":"https:\/\/blog.zeit.de\/stoerungsmelder\/wp-json\/wp\/v2\/posts\/2481","targetHints":{"allow":["GET"]}}],"collection":[{"href":"https:\/\/blog.zeit.de\/stoerungsmelder\/wp-json\/wp\/v2\/posts"}],"about":[{"href":"https:\/\/blog.zeit.de\/stoerungsmelder\/wp-json\/wp\/v2\/types\/post"}],"author":[{"embeddable":true,"href":"https:\/\/blog.zeit.de\/stoerungsmelder\/wp-json\/wp\/v2\/users\/229"}],"replies":[{"embeddable":true,"href":"https:\/\/blog.zeit.de\/stoerungsmelder\/wp-json\/wp\/v2\/comments?post=2481"}],"version-history":[{"count":1,"href":"https:\/\/blog.zeit.de\/stoerungsmelder\/wp-json\/wp\/v2\/posts\/2481\/revisions"}],"predecessor-version":[{"id":24242,"href":"https:\/\/blog.zeit.de\/stoerungsmelder\/wp-json\/wp\/v2\/posts\/2481\/revisions\/24242"}],"wp:attachment":[{"href":"https:\/\/blog.zeit.de\/stoerungsmelder\/wp-json\/wp\/v2\/media?parent=2481"}],"wp:term":[{"taxonomy":"category","embeddable":true,"href":"https:\/\/blog.zeit.de\/stoerungsmelder\/wp-json\/wp\/v2\/categories?post=2481"},{"taxonomy":"post_tag","embeddable":true,"href":"https:\/\/blog.zeit.de\/stoerungsmelder\/wp-json\/wp\/v2\/tags?post=2481"}],"curies":[{"name":"wp","href":"https:\/\/api.w.org\/{rel}","templated":true}]}}