{"id":24855,"date":"2017-10-10T15:01:06","date_gmt":"2017-10-10T13:01:06","guid":{"rendered":"http:\/\/blog.zeit.de\/stoerungsmelder\/?p=24855"},"modified":"2017-10-10T15:32:45","modified_gmt":"2017-10-10T13:32:45","slug":"identitaerer-ermoeglichte-mit-illegalem-waffenverkauf-islamistenanschlag-in-frankreich","status":"publish","type":"post","link":"https:\/\/blog.zeit.de\/stoerungsmelder\/2017\/10\/10\/identitaerer-ermoeglichte-mit-illegalem-waffenverkauf-islamistenanschlag-in-frankreich_24855","title":{"rendered":"Identit\u00e4rer erm\u00f6glichte mit illegalem Waffenverkauf Islamistenanschlag in Frankreich"},"content":{"rendered":"<p><figure id=\"attachment_10491\" aria-describedby=\"caption-attachment-10491\" style=\"width: 639px\" class=\"wp-caption aligncenter\"><img loading=\"lazy\" decoding=\"async\" class=\"wp-image-10491\" src=\"https:\/\/blog.zeit.de\/stoerungsmelder\/files\/2012\/11\/FB-Identit\u00e4re-1.jpg\" alt=\"Identit\u00e4re erm\u00f6glichten mit Waffenverkauf Islamistenanschlag in Frankreich\" width=\"639\" height=\"616\" srcset=\"https:\/\/blog.zeit.de\/stoerungsmelder\/files\/2012\/11\/FB-Identit\u00e4re-1.jpg 766w, https:\/\/blog.zeit.de\/stoerungsmelder\/files\/2012\/11\/FB-Identit\u00e4re-1-300x289.jpg 300w\" sizes=\"auto, (max-width: 639px) 100vw, 639px\" \/><figcaption id=\"caption-attachment-10491\" class=\"wp-caption-text\">Aktion der \u201eCoordination Identitaire\u201c auf der deutschen Fan-Seite \u00a9 Screenshot Facebook<\/figcaption><\/figure><\/p>\n<p>Sieben Jahre Haft und 30.000 Euro Bu\u00dfgeld lautet das Urteil gegen ein Mitglied der Identit\u00e4ren Bewegung aus Lille in Frankreich. Wie die <a href=\"https:\/\/www.ouest-france.fr\/societe\/justice\/lille-7-ans-de-prison-pour-une-figure-de-l-extreme-droite-identitaire-5301457\">Zeitung Ouest France<\/a> berichtet, hatte der 54-j\u00e4hrige Rechtsextremist Claude Hermant mehr als 500 Waffen verkauft. Sechs davon wurden 2015 ausgerechnet von dem Dschihadisten Amedy Coulibaly bei einem blutigen Anschlag in Paris verwendet. Eine Polizistin und vier Supermarktbesucher wurden damals get\u00f6tet.<!--more-->Die Anklage hatte f\u00fcr den Waffenh\u00e4ndler die H\u00f6chststrafe von 10 Jahren und 150.000 Euro Geldbu\u00dfe gefordert. Der Straftatbestand lautet bandenm\u00e4\u00dfig organisierter Waffenhandel. Abgewickelt wurden die Waffengesch\u00e4fte \u00fcber die Firma der Frau des 54-J\u00e4hrigen. Sie wurde zu zwei Jahren Haft und drei Jahre auf Bew\u00e4hrung verurteilt. Mehr als 2,5 Jahre sammelten die Ermittler Beweise f\u00fcr den Prozess. Der jetzt Angeklagte sa\u00df seit 2015 in Untersuchungshaft.<\/p>\n<p>Der Anwalt von Claude Hermant versuchte die Waffengesch\u00e4fte seines Mandanten als Teil seiner T\u00e4tigkeit als Polizei-Spitzel zu rechtfertigen. Die Polizei best\u00e4tigte im Prozess zwar, dass Hermant als V-Mann f\u00fcr sie t\u00e4tig war, der illegale Verkauf von Schu\u00dfwaffen sei aber nie Teil der Zusammenarbeit gewesen.<\/p>\n<p>Der Prozess bringt die Identit\u00e4re Bewegung in Frankreich erneut in Bedr\u00e4ngnis. Die Gruppe versucht sich bislang stets als gewaltfrei zu inszenieren. Immer \u00f6fter werden aber Gewalttaten der Rechtsextremen bekannt. F\u00fcr den 25. November haben die Identit\u00e4ren gerade erst einen gro\u00dfen Aufmarsch in Paris angek\u00fcndigt. Mehrere B\u00fcndnisse gegen Rassismus wollen den Aufmarsch mit Sitzblockaden verhindern.<\/p>\n<p>&nbsp;<\/p>\n","protected":false},"excerpt":{"rendered":"<p>Sieben Jahre Haft und 30.000 Euro Bu\u00dfgeld lautet das Urteil gegen ein Mitglied der Identit\u00e4ren Bewegung aus Lille in Frankreich. Wie die Zeitung Ouest France berichtet, hatte der 54-j\u00e4hrige Rechtsextremist Claude Hermant mehr als 500 Waffen verkauft. Sechs davon wurden 2015 ausgerechnet von dem Dschihadisten Amedy Coulibaly bei einem blutigen Anschlag in Paris verwendet. Eine [&hellip;]<\/p>\n","protected":false},"author":229,"featured_media":23982,"comment_status":"open","ping_status":"open","sticky":false,"template":"","format":"standard","meta":{"_jetpack_memberships_contains_paid_content":false,"footnotes":""},"categories":[1515],"tags":[],"class_list":["post-24855","post","type-post","status-publish","format-standard","has-post-thumbnail","hentry","category-bundesweit"],"yoast_head":"<!-- This site is optimized with the Yoast SEO plugin v21.0 - https:\/\/yoast.com\/wordpress\/plugins\/seo\/ -->\n<title>Identit\u00e4re erm\u00f6glichten mit Waffenverkauf Islamistenanschlag in Frankreich<\/title>\n<meta name=\"description\" content=\"Ein Mitglied der Identit\u00e4ren Bewegung in Frankreich hat mehr als 500 Waffen verkauft. Einige davon wurden 2015 bei dem Anschlag in Paris verwendet.\" \/>\n<meta name=\"robots\" content=\"index, follow, max-snippet:-1, max-image-preview:large, max-video-preview:-1\" \/>\n<link rel=\"canonical\" href=\"https:\/\/blog.zeit.de\/stoerungsmelder\/2017\/10\/10\/identitaerer-ermoeglichte-mit-illegalem-waffenverkauf-islamistenanschlag-in-frankreich_24855\" \/>\n<meta property=\"og:locale\" content=\"de_DE\" \/>\n<meta property=\"og:type\" content=\"article\" \/>\n<meta property=\"og:title\" content=\"Identit\u00e4re erm\u00f6glichten mit Waffenverkauf Islamistenanschlag in Frankreich\" \/>\n<meta property=\"og:description\" content=\"Ein Mitglied der Identit\u00e4ren Bewegung in Frankreich hat mehr als 500 Waffen verkauft. Einige davon wurden 2015 bei dem Anschlag in Paris verwendet.\" \/>\n<meta property=\"og:url\" content=\"https:\/\/blog.zeit.de\/stoerungsmelder\/2017\/10\/10\/identitaerer-ermoeglichte-mit-illegalem-waffenverkauf-islamistenanschlag-in-frankreich_24855\" \/>\n<meta property=\"og:site_name\" content=\"St\u00f6rungsmelder\" \/>\n<meta property=\"article:published_time\" content=\"2017-10-10T13:01:06+00:00\" \/>\n<meta property=\"article:modified_time\" content=\"2017-10-10T13:32:45+00:00\" \/>\n<meta property=\"og:image\" content=\"https:\/\/blog.zeit.de\/stoerungsmelder\/files\/2017\/06\/stoerungsmelder_ibdurchbruch-20170617_7.jpg\" \/>\n\t<meta property=\"og:image:width\" content=\"1000\" \/>\n\t<meta property=\"og:image:height\" content=\"667\" \/>\n\t<meta property=\"og:image:type\" content=\"image\/jpeg\" \/>\n<meta name=\"author\" content=\"St\u00f6rungsmelder\" \/>\n<meta name=\"twitter:card\" content=\"summary_large_image\" \/>\n<meta name=\"twitter:label1\" content=\"Geschrieben von\" \/>\n\t<meta name=\"twitter:data1\" content=\"St\u00f6rungsmelder\" \/>\n\t<meta name=\"twitter:label2\" content=\"Gesch\u00e4tzte Lesezeit\" \/>\n\t<meta name=\"twitter:data2\" content=\"1\u00a0Minute\" \/>\n<script type=\"application\/ld+json\" class=\"yoast-schema-graph\">{\"@context\":\"https:\/\/schema.org\",\"@graph\":[{\"@type\":\"WebPage\",\"@id\":\"https:\/\/blog.zeit.de\/stoerungsmelder\/2017\/10\/10\/identitaerer-ermoeglichte-mit-illegalem-waffenverkauf-islamistenanschlag-in-frankreich_24855\",\"url\":\"https:\/\/blog.zeit.de\/stoerungsmelder\/2017\/10\/10\/identitaerer-ermoeglichte-mit-illegalem-waffenverkauf-islamistenanschlag-in-frankreich_24855\",\"name\":\"Identit\u00e4re erm\u00f6glichten mit Waffenverkauf Islamistenanschlag in Frankreich\",\"isPartOf\":{\"@id\":\"https:\/\/blog.zeit.de\/stoerungsmelder\/#website\"},\"datePublished\":\"2017-10-10T13:01:06+00:00\",\"dateModified\":\"2017-10-10T13:32:45+00:00\",\"author\":{\"@id\":\"https:\/\/blog.zeit.de\/stoerungsmelder\/#\/schema\/person\/fdd0b9818f65738672810b6d6f037f71\"},\"description\":\"Ein Mitglied der Identit\u00e4ren Bewegung in Frankreich hat mehr als 500 Waffen verkauft. Einige davon wurden 2015 bei dem Anschlag in Paris verwendet.\",\"breadcrumb\":{\"@id\":\"https:\/\/blog.zeit.de\/stoerungsmelder\/2017\/10\/10\/identitaerer-ermoeglichte-mit-illegalem-waffenverkauf-islamistenanschlag-in-frankreich_24855#breadcrumb\"},\"inLanguage\":\"de\",\"potentialAction\":[{\"@type\":\"ReadAction\",\"target\":[\"https:\/\/blog.zeit.de\/stoerungsmelder\/2017\/10\/10\/identitaerer-ermoeglichte-mit-illegalem-waffenverkauf-islamistenanschlag-in-frankreich_24855\"]}]},{\"@type\":\"BreadcrumbList\",\"@id\":\"https:\/\/blog.zeit.de\/stoerungsmelder\/2017\/10\/10\/identitaerer-ermoeglichte-mit-illegalem-waffenverkauf-islamistenanschlag-in-frankreich_24855#breadcrumb\",\"itemListElement\":[{\"@type\":\"ListItem\",\"position\":1,\"name\":\"Startseite\",\"item\":\"https:\/\/blog.zeit.de\/stoerungsmelder\"},{\"@type\":\"ListItem\",\"position\":2,\"name\":\"Identit\u00e4rer erm\u00f6glichte mit illegalem Waffenverkauf Islamistenanschlag in Frankreich\"}]},{\"@type\":\"WebSite\",\"@id\":\"https:\/\/blog.zeit.de\/stoerungsmelder\/#website\",\"url\":\"https:\/\/blog.zeit.de\/stoerungsmelder\/\",\"name\":\"St\u00f6rungsmelder\",\"description\":\"Recherchen und Analysen \u00fcber die extreme Rechte\",\"potentialAction\":[{\"@type\":\"SearchAction\",\"target\":{\"@type\":\"EntryPoint\",\"urlTemplate\":\"https:\/\/blog.zeit.de\/stoerungsmelder\/?s={search_term_string}\"},\"query-input\":\"required name=search_term_string\"}],\"inLanguage\":\"de\"},{\"@type\":\"Person\",\"@id\":\"https:\/\/blog.zeit.de\/stoerungsmelder\/#\/schema\/person\/fdd0b9818f65738672810b6d6f037f71\",\"name\":\"St\u00f6rungsmelder\",\"image\":{\"@type\":\"ImageObject\",\"inLanguage\":\"de\",\"@id\":\"https:\/\/blog.zeit.de\/stoerungsmelder\/#\/schema\/person\/image\/\",\"url\":\"https:\/\/secure.gravatar.com\/avatar\/dfa4be514c3e82a71e4f9a0020035d38192d080ccaa5e4e6d7a1472c763535c5?s=96&d=mm&r=pg\",\"contentUrl\":\"https:\/\/secure.gravatar.com\/avatar\/dfa4be514c3e82a71e4f9a0020035d38192d080ccaa5e4e6d7a1472c763535c5?s=96&d=mm&r=pg\",\"caption\":\"St\u00f6rungsmelder\"},\"url\":\"https:\/\/blog.zeit.de\/stoerungsmelder\/author\/stoerungsmelder\"}]}<\/script>\n<!-- \/ Yoast SEO plugin. -->","yoast_head_json":{"title":"Identit\u00e4re erm\u00f6glichten mit Waffenverkauf Islamistenanschlag in Frankreich","description":"Ein Mitglied der Identit\u00e4ren Bewegung in Frankreich hat mehr als 500 Waffen verkauft. Einige davon wurden 2015 bei dem Anschlag in Paris verwendet.","robots":{"index":"index","follow":"follow","max-snippet":"max-snippet:-1","max-image-preview":"max-image-preview:large","max-video-preview":"max-video-preview:-1"},"canonical":"https:\/\/blog.zeit.de\/stoerungsmelder\/2017\/10\/10\/identitaerer-ermoeglichte-mit-illegalem-waffenverkauf-islamistenanschlag-in-frankreich_24855","og_locale":"de_DE","og_type":"article","og_title":"Identit\u00e4re erm\u00f6glichten mit Waffenverkauf Islamistenanschlag in Frankreich","og_description":"Ein Mitglied der Identit\u00e4ren Bewegung in Frankreich hat mehr als 500 Waffen verkauft. Einige davon wurden 2015 bei dem Anschlag in Paris verwendet.","og_url":"https:\/\/blog.zeit.de\/stoerungsmelder\/2017\/10\/10\/identitaerer-ermoeglichte-mit-illegalem-waffenverkauf-islamistenanschlag-in-frankreich_24855","og_site_name":"St\u00f6rungsmelder","article_published_time":"2017-10-10T13:01:06+00:00","article_modified_time":"2017-10-10T13:32:45+00:00","og_image":[{"width":1000,"height":667,"url":"https:\/\/blog.zeit.de\/stoerungsmelder\/files\/2017\/06\/stoerungsmelder_ibdurchbruch-20170617_7.jpg","type":"image\/jpeg"}],"author":"St\u00f6rungsmelder","twitter_card":"summary_large_image","twitter_misc":{"Geschrieben von":"St\u00f6rungsmelder","Gesch\u00e4tzte Lesezeit":"1\u00a0Minute"},"schema":{"@context":"https:\/\/schema.org","@graph":[{"@type":"WebPage","@id":"https:\/\/blog.zeit.de\/stoerungsmelder\/2017\/10\/10\/identitaerer-ermoeglichte-mit-illegalem-waffenverkauf-islamistenanschlag-in-frankreich_24855","url":"https:\/\/blog.zeit.de\/stoerungsmelder\/2017\/10\/10\/identitaerer-ermoeglichte-mit-illegalem-waffenverkauf-islamistenanschlag-in-frankreich_24855","name":"Identit\u00e4re erm\u00f6glichten mit Waffenverkauf Islamistenanschlag in Frankreich","isPartOf":{"@id":"https:\/\/blog.zeit.de\/stoerungsmelder\/#website"},"datePublished":"2017-10-10T13:01:06+00:00","dateModified":"2017-10-10T13:32:45+00:00","author":{"@id":"https:\/\/blog.zeit.de\/stoerungsmelder\/#\/schema\/person\/fdd0b9818f65738672810b6d6f037f71"},"description":"Ein Mitglied der Identit\u00e4ren Bewegung in Frankreich hat mehr als 500 Waffen verkauft. Einige davon wurden 2015 bei dem Anschlag in Paris verwendet.","breadcrumb":{"@id":"https:\/\/blog.zeit.de\/stoerungsmelder\/2017\/10\/10\/identitaerer-ermoeglichte-mit-illegalem-waffenverkauf-islamistenanschlag-in-frankreich_24855#breadcrumb"},"inLanguage":"de","potentialAction":[{"@type":"ReadAction","target":["https:\/\/blog.zeit.de\/stoerungsmelder\/2017\/10\/10\/identitaerer-ermoeglichte-mit-illegalem-waffenverkauf-islamistenanschlag-in-frankreich_24855"]}]},{"@type":"BreadcrumbList","@id":"https:\/\/blog.zeit.de\/stoerungsmelder\/2017\/10\/10\/identitaerer-ermoeglichte-mit-illegalem-waffenverkauf-islamistenanschlag-in-frankreich_24855#breadcrumb","itemListElement":[{"@type":"ListItem","position":1,"name":"Startseite","item":"https:\/\/blog.zeit.de\/stoerungsmelder"},{"@type":"ListItem","position":2,"name":"Identit\u00e4rer erm\u00f6glichte mit illegalem Waffenverkauf Islamistenanschlag in Frankreich"}]},{"@type":"WebSite","@id":"https:\/\/blog.zeit.de\/stoerungsmelder\/#website","url":"https:\/\/blog.zeit.de\/stoerungsmelder\/","name":"St\u00f6rungsmelder","description":"Recherchen und Analysen \u00fcber die extreme Rechte","potentialAction":[{"@type":"SearchAction","target":{"@type":"EntryPoint","urlTemplate":"https:\/\/blog.zeit.de\/stoerungsmelder\/?s={search_term_string}"},"query-input":"required name=search_term_string"}],"inLanguage":"de"},{"@type":"Person","@id":"https:\/\/blog.zeit.de\/stoerungsmelder\/#\/schema\/person\/fdd0b9818f65738672810b6d6f037f71","name":"St\u00f6rungsmelder","image":{"@type":"ImageObject","inLanguage":"de","@id":"https:\/\/blog.zeit.de\/stoerungsmelder\/#\/schema\/person\/image\/","url":"https:\/\/secure.gravatar.com\/avatar\/dfa4be514c3e82a71e4f9a0020035d38192d080ccaa5e4e6d7a1472c763535c5?s=96&d=mm&r=pg","contentUrl":"https:\/\/secure.gravatar.com\/avatar\/dfa4be514c3e82a71e4f9a0020035d38192d080ccaa5e4e6d7a1472c763535c5?s=96&d=mm&r=pg","caption":"St\u00f6rungsmelder"},"url":"https:\/\/blog.zeit.de\/stoerungsmelder\/author\/stoerungsmelder"}]}},"jetpack_featured_media_url":"https:\/\/blog.zeit.de\/stoerungsmelder\/files\/2017\/06\/stoerungsmelder_ibdurchbruch-20170617_7.jpg","jetpack_sharing_enabled":true,"_links":{"self":[{"href":"https:\/\/blog.zeit.de\/stoerungsmelder\/wp-json\/wp\/v2\/posts\/24855","targetHints":{"allow":["GET"]}}],"collection":[{"href":"https:\/\/blog.zeit.de\/stoerungsmelder\/wp-json\/wp\/v2\/posts"}],"about":[{"href":"https:\/\/blog.zeit.de\/stoerungsmelder\/wp-json\/wp\/v2\/types\/post"}],"author":[{"embeddable":true,"href":"https:\/\/blog.zeit.de\/stoerungsmelder\/wp-json\/wp\/v2\/users\/229"}],"replies":[{"embeddable":true,"href":"https:\/\/blog.zeit.de\/stoerungsmelder\/wp-json\/wp\/v2\/comments?post=24855"}],"version-history":[{"count":3,"href":"https:\/\/blog.zeit.de\/stoerungsmelder\/wp-json\/wp\/v2\/posts\/24855\/revisions"}],"predecessor-version":[{"id":24859,"href":"https:\/\/blog.zeit.de\/stoerungsmelder\/wp-json\/wp\/v2\/posts\/24855\/revisions\/24859"}],"wp:featuredmedia":[{"embeddable":true,"href":"https:\/\/blog.zeit.de\/stoerungsmelder\/wp-json\/wp\/v2\/media\/23982"}],"wp:attachment":[{"href":"https:\/\/blog.zeit.de\/stoerungsmelder\/wp-json\/wp\/v2\/media?parent=24855"}],"wp:term":[{"taxonomy":"category","embeddable":true,"href":"https:\/\/blog.zeit.de\/stoerungsmelder\/wp-json\/wp\/v2\/categories?post=24855"},{"taxonomy":"post_tag","embeddable":true,"href":"https:\/\/blog.zeit.de\/stoerungsmelder\/wp-json\/wp\/v2\/tags?post=24855"}],"curies":[{"name":"wp","href":"https:\/\/api.w.org\/{rel}","templated":true}]}}