{"id":25120,"date":"2017-11-27T08:22:31","date_gmt":"2017-11-27T07:22:31","guid":{"rendered":"http:\/\/blog.zeit.de\/stoerungsmelder\/?p=25120"},"modified":"2020-06-22T15:46:14","modified_gmt":"2020-06-22T13:46:14","slug":"identitaere-in-halle-gewalt-einschuechterung-und-verharmlosung","status":"publish","type":"post","link":"https:\/\/blog.zeit.de\/stoerungsmelder\/2017\/11\/27\/identitaere-in-halle-gewalt-einschuechterung-und-verharmlosung_25120","title":{"rendered":"&#8222;Identit\u00e4re&#8220; in Halle &#8211; Gewalt, Einsch\u00fcchterung und Verharmlosung"},"content":{"rendered":"<p><figure id=\"attachment_25121\" aria-describedby=\"caption-attachment-25121\" style=\"width: 473px\" class=\"wp-caption aligncenter\"><img loading=\"lazy\" decoding=\"async\" class=\"wp-image-25121\" src=\"https:\/\/blog.zeit.de\/stoerungsmelder\/files\/2017\/11\/20171028_hal281000001328_demo_vs_ibhaus-620x413.jpg\" alt=\"\" width=\"473\" height=\"315\" srcset=\"https:\/\/blog.zeit.de\/stoerungsmelder\/files\/2017\/11\/20171028_hal281000001328_demo_vs_ibhaus-620x413.jpg 620w, https:\/\/blog.zeit.de\/stoerungsmelder\/files\/2017\/11\/20171028_hal281000001328_demo_vs_ibhaus-768x512.jpg 768w, https:\/\/blog.zeit.de\/stoerungsmelder\/files\/2017\/11\/20171028_hal281000001328_demo_vs_ibhaus-1024x683.jpg 1024w, https:\/\/blog.zeit.de\/stoerungsmelder\/files\/2017\/11\/20171028_hal281000001328_demo_vs_ibhaus.jpg 1500w\" sizes=\"auto, (max-width: 473px) 100vw, 473px\" \/><figcaption id=\"caption-attachment-25121\" class=\"wp-caption-text\"><em>Das Hausprojekt der &#8222;Identit\u00e4ren Bewegung&#8220; in Halle\/Saale \u00a9 Henrik Merker<br \/><\/em><\/figcaption><\/figure><\/p>\n<p>Vor einer Woche griffen &#8222;Identit\u00e4re&#8220; aus ihrem Hausprojekt heraus in Halle zwei Zivilpolizisten mit Waffen an. Nur einen Tag sp\u00e4ter wurde ein Verfahren wegen N\u00f6tigung und K\u00f6rperverletzung gegen einen weiteren &#8222;Neurechten&#8220; eingestellt. Die Gewalt eskaliert, die Anwohner f\u00fchlen sich bedroht.<!--more--><\/p>\n<p><figure id=\"attachment_25131\" aria-describedby=\"caption-attachment-25131\" style=\"width: 260px\" class=\"wp-caption alignleft\"><img loading=\"lazy\" decoding=\"async\" class=\"wp-image-25131\" src=\"https:\/\/blog.zeit.de\/stoerungsmelder\/files\/2017\/11\/20171121_halle00001554_prozess_karsten-1-620x413.jpg\" alt=\"\" width=\"260\" height=\"173\" srcset=\"https:\/\/blog.zeit.de\/stoerungsmelder\/files\/2017\/11\/20171121_halle00001554_prozess_karsten-1-620x413.jpg 620w, https:\/\/blog.zeit.de\/stoerungsmelder\/files\/2017\/11\/20171121_halle00001554_prozess_karsten-1-768x512.jpg 768w, https:\/\/blog.zeit.de\/stoerungsmelder\/files\/2017\/11\/20171121_halle00001554_prozess_karsten-1-1024x683.jpg 1024w, https:\/\/blog.zeit.de\/stoerungsmelder\/files\/2017\/11\/20171121_halle00001554_prozess_karsten-1.jpg 1500w\" sizes=\"auto, (max-width: 260px) 100vw, 260px\" \/><figcaption id=\"caption-attachment-25131\" class=\"wp-caption-text\"><em>Anwalt Brauer (l.) und Andreas K. (r.) im Amtsgericht Halle \u00a9 Henrik Merker<br \/><\/em><\/figcaption><\/figure><\/p>\n<p>Als der Prozess gegen Andreas K. am 21. November beginnt, ist der Angriff seiner Gesinnungsgenossen auf zwei Polizeibeamte nur wenige Stunden her. Schon um 9Uhr haben sich 15 &#8222;Identit\u00e4re&#8220; im Justizzentrum Halle versammelt. Vor dem Amtsgericht wird gegen ihr Mitglied Andreas K. verhandelt. Der Vorwurf: N\u00f6tigung und K\u00f6rperverletzung. Zum dritten Mal muss K. hier erscheinen. <a href=\"https:\/\/blog.zeit.de\/stoerungsmelder\/2017\/07\/11\/identitaeren-prozess-in-halle-geplatzt_24303\" target=\"_blank\" rel=\"noopener noreferrer\">Der Prozess scheiterte nach zwei Terminen im Juli 2017 an einer missachteten Frist<\/a> und wird neu aufgerollt.<\/p>\n<p>Vor Prozessbeginn fotografiert Simon Kaupert \u2013 Internetgesicht der Rechtsextremen \u2013 alle, die er f\u00fcr politische Gegner h\u00e4lt. Auch Journalisten z\u00e4hlt er scheinbar dazu. Der Angeklagte Andreas K. betritt eine halbe Stunde vor Verhandlungsbeginn das Justizzentrum. Sein Anwalt ist Matthias Brauer, der f\u00fcr eine AfD-nahe Kanzlei arbeitet. Die AfD h\u00e4lt weiterhin am Abgrenzungsbeschluss zur &#8222;Identit\u00e4ren Bewegung&#8220; fest.<br \/>\nDer Betroffene R. ist mit seinem Anwalt als Nebenkl\u00e4ger vor Ort. 9:45Uhr beginnt die Verhandlung in einem der gr\u00f6\u00dften S\u00e4le des Amtsgerichtes. Bei den letzten beiden Terminen gab es Gerangel um die Pl\u00e4tze, Schubsereien im Publikum, Beleidigungen. Dazu kommt es diesmal nicht, f\u00fcnf Beamte sichern den Flur. In der Nacht zuvor hatten sich die Identit\u00e4ren scheinbar genug abreagiert.<\/p>\n<p><strong>Identit\u00e4re auf Menschenjagd, verletzte Polizisten<\/strong><\/p>\n<p>In der Nacht vor dem Prozess, um 23Uhr, ruft eine Gruppe von f\u00fcnf bis sechs Angetrunkenen politische Parolen vor dem Haus der Identit\u00e4ren. Die Rechtsextremen erwidern, eine gegenseitige P\u00f6belei entsteht. Laut Daniel M.*, Zeuge des Vorfalls, werden aus dem Haus der Identit\u00e4ren Flaschen auf die Gruppe geworfen. Die Polizei berichtet von gegenseitigen Flaschenw\u00fcrfen. Sophie R.*, die in der N\u00e4he des IB-Hauses wohnt, h\u00f6rt laute \u201eHeil Hitler!\u201c-Rufe. Daraufhin ist alles still. Daniel M. erinnert sich nicht genau \u2013 sagt aber auch, dass es der Hitlergru\u00df gewesen sein k\u00f6nnte. Die Polizei hat Ermittlungen dazu aufgenommen. Zuletzt sollen die Betrunkenen \u201eIhr feigen S\u00e4cke, kommt aus eurem Haus raus!\u201c gerufen haben.<br \/>\nDaniel M. beobachtet, wie sich die kleine Gruppe dann vom Haus entfernt. Zwei Personen, eine mit Tuch vor dem Mund, sieht er kurze Zeit sp\u00e4ter \u00fcber den Steintorcampus der gegen\u00fcberliegenden Universit\u00e4t gehen. Zwei Zivilfahnder, wie die Polizei sp\u00e4ter best\u00e4tigt.<\/p>\n<p>Zu dem Zeitpunkt \u00f6ffnet sich die T\u00fcr der Adam-Kuckhoff-Stra\u00dfe 16, das Haus der &#8222;Identit\u00e4ren Bewegung&#8220; in Halle. Baseballschl\u00e4ger, eine Holzlatte und Pfefferspray haben die zwei &#8222;Identit\u00e4ren&#8220; bei sich, die auf die Stra\u00dfe treten. Einer der Bewaffneten ist mit einer Skimaske vermummt. Der andere tr\u00e4gt einen wei\u00dfen DDR-Polizeihelm, dazu einen Schild. Sie sind 27 und 29 Jahre alt. Ihre K\u00f6rpersprache ist laut Augenzeugen \u00e4u\u00dferst aggressiv. \u201eBeim Gehen wippten sie richtig vor Adrenalin\u201c, sagt Daniel M., \u201eDie hatten richtig Bock, jemandem auf die Fresse zu hauen. Das war Vorfreude.\u201c<\/p>\n<p>Die Zivilfahnder sehen die beiden Bewaffneten. Sie z\u00fccken ihre Ausweise, rufen den &#8222;Identit\u00e4ren&#8220; zu, dass sie Polizisten sind, wollen sie stoppen. Den beiden M\u00e4nnern ist das egal. Sie spr\u00fchen einem Beamtem Pfefferspray ins Gesicht. Sie lassen nicht von den Polizisten ab. Die m\u00fcssen ihre Pistolen ziehen, auf die Rechtsextremisten anlegen. Erst da geben die Identit\u00e4ren auf, werden festgenommen. Die Polizisten beschlagnahmen deren Waffen und die alte Polizeiausr\u00fcstung. <a href=\"http:\/\/www.presse.sachsen-anhalt.de\/index.php?cmd=get&amp;id=888145&amp;identifier=150bf53ea01733f156485cb8620f13cb\" target=\"_blank\" rel=\"noopener noreferrer\">Der Staatsschutz ermittelt wegen Landfriedensbruch und schwerer K\u00f6rperverletzung.<\/a><\/p>\n<p><strong>Rechte instrumentalisieren den Angriff<\/strong><\/p>\n<p>Online und in Interviews versuchen Identit\u00e4re, der Landtagsabgeordnete Tillschneider (AfD) und Stadtrat Raue (AfD), den Angriff umzudeuten. F\u00fcr die &#8222;Identit\u00e4ren&#8220; war laut eigenem Statement auf Facebook alles ein Missverst\u00e4ndnis, ein bedauerliches Versehen. Auch bei den Beamten entschuldigen sie sich. Tillschneider spricht ihnen sein Vertrauen aus \u2013 den Polizisten nicht. Vielmehr versucht er, den Beamten eine Teilschuld zu unterstellen.\u00a0<a href=\"https:\/\/www.mz-web.de\/halle-saale\/gewalt-in-halle-eskaliert-identitaere-mit--vopo--helm-und-schild-28933990\" target=\"_blank\" rel=\"noopener noreferrer\">Gegen\u00fcber der Mitteldeutschen Zeitung behauptet Tillschneider, die Beamten w\u00e4ren vermummt gewesen. <\/a>Die Identit\u00e4ren h\u00e4tten sie schlichtweg mit den Angreifern verwechselt. Die Polizeidirektion S\u00fcd dementiert das. Ihre Beamten h\u00e4tten sich mehrfach ausgewiesen. Vermummt seien sie zu keinem Zeitpunkt gewesen. Einer soll ein Tuch \u00fcber dem Mund getragen haben, mehr nicht. Auch die Behauptung, dass der Schutz f\u00fcr das Haus mangelhaft sei, wei\u00dft die Polizei auf Nachfrage zur\u00fcck:<\/p>\n<blockquote><p>\u00bbBereits seit geraumer Zeit hat die Polizei eine Vielzahl von Ma\u00dfnahmen eingeleitet, um die \u00f6ffentliche Sicherheit und Ordnung in dem Umfeld des Geb\u00e4udes zu gew\u00e4hrleisten. Ein Beleg daf\u00fcr ist auch, dass man alle Beteiligten des 20.11.2017 unmittelbar in der N\u00e4he feststellen konnte.\u00ab<\/p><\/blockquote>\n<p><a href=\"https:\/\/www.mdr.de\/nachrichten\/politik\/regional\/identitaere-bewegung-halle-positionen-lokalpolitik-100.html\" target=\"_blank\" rel=\"noopener noreferrer\">AfD-Stadtrat Raue lenkt gegen\u00fcber MDR online im Interview zum Angriff vom Thema ab.<\/a> Er will lieber \u00fcber das linke Projekthaus \u201eHasi\u201c sprechen. Die verletzten Polizisten und die Gewalt der &#8222;Identit\u00e4ren&#8220; erw\u00e4hnt er nicht. Auch CDU-Stadtrat Scholtyssek hat in der Vergangenheit gern gegen die \u201eHasi\u201c mobil gemacht, das Projekthaus als linksextrem bezeichnet. Dem MDR sagt er, gegen die &#8222;Identit\u00e4ren&#8220; habe die Stadt keine Handhabe. Sch\u00f6n f\u00e4nde er das nicht, man m\u00fcsse damit aber umgehen.<\/p>\n<p><strong>Verfahren gegen Identit\u00e4ren trotz Gest\u00e4ndnis eingestellt<\/strong><\/p>\n<p>Andreas K. sitzt am Tag nach dem Angriff im Amtsgericht. Die IB Halle tritt geschlossen auf, sitzt im Block auf der rechten Seite vom Verhandlungssaal. Zum zweiten Mal verliest die Staatsanw\u00e4ltin die Anklageschrift. Diesmal versucht K. gar nicht erst, sich zu rechtfertigen. Er gibt unumwunden zu, am 9. M\u00e4rz 2016 den linken Studenten R. mit vollem K\u00f6rpereinsatz aus einer Stra\u00dfenbahn gedr\u00e4ngt zu haben. <a href=\"https:\/\/blog.zeit.de\/stoerungsmelder\/2017\/06\/21\/identitaeren-chef-blamiert-sich-vor-gericht_23997\" target=\"_blank\" rel=\"noopener noreferrer\">Die Schilderungen von R. und Andreas K. sind wie beim ersten Prozesstermin fast deckungsgleich.<\/a><br \/>\nDie Staatsanw\u00e4ltin sieht K.s Aussage als klares Gest\u00e4ndnis und fordert ein Rechtsgespr\u00e4ch. Dabei solle nur noch das Strafma\u00df gekl\u00e4rt werden. K.s Anwalt lehnt ab, will noch weitere Zeugen h\u00f6ren. Wenig sp\u00e4ter unterbricht Richterin Aschmann die Verhandlung f\u00fcr die Mittagspause. In der Zeit einigen sich Staatsanwaltschaft, Angeklagter und Richterin auf die Verfahrenseinstellung gegen Auflage. Der Nebenkl\u00e4ger hat dabei keine Stimme. Andreas K. soll 500\u20ac in f\u00fcnf Raten an die Caritas Halle zahlen. Im Gegenzug wird das Verfahren wegen Geringf\u00fcgigkeit eingestellt.<\/p>\n<p>Richterin Aschmann sagt zum Schluss, der Betroffene habe ja nicht in die Bahn steigen m\u00fcssen. Auch sei das Verfahren nur vor Gericht gelandet, weil es eine Auseinandersetzung zwischen rechts und links sei. F\u00fcr sie sei die Tat eine Lappalie. Es g\u00e4be Prozesse zu viel schlimmeren Taten, die sofort eingestellt w\u00fcrden.<\/p>\n<p>Im Schlusspl\u00e4doyer bezeichnet der Nebenklageanwalt Verfahrenseinstellung und Urteilsbegr\u00fcndung als schwerwiegendes Signal an die T\u00e4ter. Die k\u00f6nnten jetzt weiter Menschen bedrohen und angreifen, ohne Konsequenzen f\u00fcrchten zu m\u00fcssen.<br \/>\nDie Sprecherin der <em>Mobilen Opferberatung Halle<\/em> ist \u00fcber das Urteil entsetzt: \u201eWiederholt werden von der Justiz rechte Angriffe als Auseinandersetzung zwischen rechts und links relativiert. Damit wird die reale Bedrohung durch die rechtsextremen Identit\u00e4ren v\u00f6llig verkannt\u201c.<\/p>\n<p><strong>Nachbarn organisieren sich<\/strong><\/p>\n<p>Derweil haben sich \u00fcber 120 Nachbarn des braunen Hauses organisiert. <a href=\"http:\/\/aksanwohnerinneninitiative.blogsport.de\/\" target=\"_blank\" rel=\"noopener noreferrer\">Sie haben einen offenen Brief an die Rechtsextremen verfasst<\/a>, in dem sie sich ausdr\u00fccklich gegen die Nachbarschaft mit ihnen verwehren. Oberb\u00fcrgermeister Bernd Wiegand und der Verein <em>Miteinander<\/em> unterst\u00fctzen sie dabei. Auch nach dem Angriff vom 20. November hat sich die Initiative getroffen. Sie tauschen sich regelm\u00e4\u00dfig \u00fcber Erfahrungen mit den &#8222;Identit\u00e4ren&#8220; aus.<\/p>\n<p><figure id=\"attachment_25132\" aria-describedby=\"caption-attachment-25132\" style=\"width: 269px\" class=\"wp-caption alignright\"><img loading=\"lazy\" decoding=\"async\" class=\" wp-image-25132\" src=\"https:\/\/blog.zeit.de\/stoerungsmelder\/files\/2017\/11\/20171028_hal281000001327_demo_vs_ibhaus-620x413.jpg\" alt=\"\" width=\"269\" height=\"179\" srcset=\"https:\/\/blog.zeit.de\/stoerungsmelder\/files\/2017\/11\/20171028_hal281000001327_demo_vs_ibhaus-620x413.jpg 620w, https:\/\/blog.zeit.de\/stoerungsmelder\/files\/2017\/11\/20171028_hal281000001327_demo_vs_ibhaus-768x512.jpg 768w, https:\/\/blog.zeit.de\/stoerungsmelder\/files\/2017\/11\/20171028_hal281000001327_demo_vs_ibhaus-1024x683.jpg 1024w, https:\/\/blog.zeit.de\/stoerungsmelder\/files\/2017\/11\/20171028_hal281000001327_demo_vs_ibhaus.jpg 1500w\" sizes=\"auto, (max-width: 269px) 100vw, 269px\" \/><figcaption id=\"caption-attachment-25132\" class=\"wp-caption-text\"><em>\u00dcberklebte Identit\u00e4ren-Sticker am Steintor-Campus \u00a9 Henrik Merker<br \/><\/em><\/figcaption><\/figure><\/p>\n<p>Eine Anwohnerin berichtet, dass sie vor einigen Wochen abends in ihrem Auto sa\u00df und eine SMS schrieb. Sie m\u00f6chte unerkannt bleiben. Eine Gruppe von 5-6 Personen sei aus dem IB-Haus gekommen. \u201eDie haben sich dann sternf\u00f6rmig aufgeteilt und 20 Minuten lang Aufkleber geklebt.\u201c, sagt sie. Sie erz\u00e4hlt, dass ein erfahrener Kader bei solchen Aktionen immer eine Art Lehrling dabei habe. \u201eDamit bilden die sich ihre Leute ran.\u201c, vermutet sie. \u201eDie J\u00fcngeren haben bei der Klebeaktion\u00a0 keinen Schritt ohne den gr\u00f6\u00dferen gemacht, die waren wie deren Schatten\u201c, so die Anwohnerin weiter.<\/p>\n<p>Mit Quarzsandhandschuhen werden die Identit\u00e4ren \u00f6fter gesichtet. Deren Gruppen patrouillieren durchs Viertel, sch\u00fcchtern Anwohner ein, rempeln sie an, drohen ihnen.<br \/>\nSophie R.* erz\u00e4hlt, dass die Auseinandersetzungen meist auf nonverbaler Ebene stattfinden. \u201eDie machen einem Platz zum Durchgehen, du musst zwischen denen durchlaufen. Da hat man automatisch K\u00f6rperkontakt\u201c, sagt die Anwohnerin. Das sei f\u00fcr viele \u00e4u\u00dferst unangenehm. \u201eMan wird dabei angerempelt\u201c, berichtet R. weiter. Doch die Nachbarn lassen sich nicht einsch\u00fcchtern: \u201eWenn man einen Bogen um die macht, gibt man denen ja den Raum und f\u00e4ngt sich am Ende noch dumme Spr\u00fcche ein\u201c. Anwohner bezeichnen das Verhalten der &#8222;Identit\u00e4ren&#8220; als Strategie der Raumnahme.<\/p>\n<p>*Namen ge\u00e4ndert<\/p>\n","protected":false},"excerpt":{"rendered":"<p>Vor einer Woche griffen &#8222;Identit\u00e4re&#8220; aus ihrem Hausprojekt heraus in Halle zwei Zivilpolizisten mit Waffen an. Nur einen Tag sp\u00e4ter wurde ein Verfahren wegen N\u00f6tigung und K\u00f6rperverletzung gegen einen weiteren &#8222;Neurechten&#8220; eingestellt. Die Gewalt eskaliert, die Anwohner f\u00fchlen sich bedroht.<\/p>\n","protected":false},"author":703,"featured_media":25121,"comment_status":"open","ping_status":"open","sticky":false,"template":"","format":"standard","meta":{"_jetpack_memberships_contains_paid_content":false,"footnotes":""},"categories":[1457],"tags":[39497,34222,24509,22893,41362],"class_list":["post-25120","post","type-post","status-publish","format-standard","has-post-thumbnail","hentry","category-sachsen-anhalt","tag-hallesaale","tag-identitare","tag-identitare-bewegung","tag-identitare-bewegung-deutschland","tag-mario-mueller"],"yoast_head":"<!-- This site is optimized with the Yoast SEO plugin v21.0 - https:\/\/yoast.com\/wordpress\/plugins\/seo\/ -->\n<title>&quot;Identit\u00e4re&quot; in Halle - Gewalt, Einsch\u00fcchterung und Verharmlosung - St\u00f6rungsmelder<\/title>\n<meta name=\"robots\" content=\"index, follow, max-snippet:-1, max-image-preview:large, max-video-preview:-1\" \/>\n<link rel=\"canonical\" href=\"https:\/\/blog.zeit.de\/stoerungsmelder\/2017\/11\/27\/identitaere-in-halle-gewalt-einschuechterung-und-verharmlosung_25120\" \/>\n<meta property=\"og:locale\" content=\"de_DE\" \/>\n<meta property=\"og:type\" content=\"article\" \/>\n<meta property=\"og:title\" content=\"&quot;Identit\u00e4re&quot; in Halle - Gewalt, Einsch\u00fcchterung und Verharmlosung - St\u00f6rungsmelder\" \/>\n<meta property=\"og:description\" content=\"Vor einer Woche griffen &#8222;Identit\u00e4re&#8220; aus ihrem Hausprojekt heraus in Halle zwei Zivilpolizisten mit Waffen an. Nur einen Tag sp\u00e4ter wurde ein Verfahren wegen N\u00f6tigung und K\u00f6rperverletzung gegen einen weiteren &#8222;Neurechten&#8220; eingestellt. Die Gewalt eskaliert, die Anwohner f\u00fchlen sich bedroht.\" \/>\n<meta property=\"og:url\" content=\"https:\/\/blog.zeit.de\/stoerungsmelder\/2017\/11\/27\/identitaere-in-halle-gewalt-einschuechterung-und-verharmlosung_25120\" \/>\n<meta property=\"og:site_name\" content=\"St\u00f6rungsmelder\" \/>\n<meta property=\"article:published_time\" content=\"2017-11-27T07:22:31+00:00\" \/>\n<meta property=\"article:modified_time\" content=\"2020-06-22T13:46:14+00:00\" \/>\n<meta property=\"og:image\" content=\"https:\/\/blog.zeit.de\/stoerungsmelder\/files\/2017\/11\/20171028_hal281000001328_demo_vs_ibhaus.jpg\" \/>\n\t<meta property=\"og:image:width\" content=\"1500\" \/>\n\t<meta property=\"og:image:height\" content=\"1000\" \/>\n\t<meta property=\"og:image:type\" content=\"image\/jpeg\" \/>\n<meta name=\"author\" content=\"Henrik Merker\" \/>\n<meta name=\"twitter:card\" content=\"summary_large_image\" \/>\n<meta name=\"twitter:creator\" content=\"@HRMRKR\" \/>\n<meta name=\"twitter:label1\" content=\"Geschrieben von\" \/>\n\t<meta name=\"twitter:data1\" content=\"Henrik Merker\" \/>\n\t<meta name=\"twitter:label2\" content=\"Gesch\u00e4tzte Lesezeit\" \/>\n\t<meta name=\"twitter:data2\" content=\"7\u00a0Minuten\" \/>\n<script type=\"application\/ld+json\" class=\"yoast-schema-graph\">{\"@context\":\"https:\/\/schema.org\",\"@graph\":[{\"@type\":\"WebPage\",\"@id\":\"https:\/\/blog.zeit.de\/stoerungsmelder\/2017\/11\/27\/identitaere-in-halle-gewalt-einschuechterung-und-verharmlosung_25120\",\"url\":\"https:\/\/blog.zeit.de\/stoerungsmelder\/2017\/11\/27\/identitaere-in-halle-gewalt-einschuechterung-und-verharmlosung_25120\",\"name\":\"\\\"Identit\u00e4re\\\" in Halle - Gewalt, Einsch\u00fcchterung und Verharmlosung - St\u00f6rungsmelder\",\"isPartOf\":{\"@id\":\"https:\/\/blog.zeit.de\/stoerungsmelder\/#website\"},\"datePublished\":\"2017-11-27T07:22:31+00:00\",\"dateModified\":\"2020-06-22T13:46:14+00:00\",\"author\":{\"@id\":\"https:\/\/blog.zeit.de\/stoerungsmelder\/#\/schema\/person\/75338b13df89ce2bcc9b98a76590fcbf\"},\"breadcrumb\":{\"@id\":\"https:\/\/blog.zeit.de\/stoerungsmelder\/2017\/11\/27\/identitaere-in-halle-gewalt-einschuechterung-und-verharmlosung_25120#breadcrumb\"},\"inLanguage\":\"de\",\"potentialAction\":[{\"@type\":\"ReadAction\",\"target\":[\"https:\/\/blog.zeit.de\/stoerungsmelder\/2017\/11\/27\/identitaere-in-halle-gewalt-einschuechterung-und-verharmlosung_25120\"]}]},{\"@type\":\"BreadcrumbList\",\"@id\":\"https:\/\/blog.zeit.de\/stoerungsmelder\/2017\/11\/27\/identitaere-in-halle-gewalt-einschuechterung-und-verharmlosung_25120#breadcrumb\",\"itemListElement\":[{\"@type\":\"ListItem\",\"position\":1,\"name\":\"Startseite\",\"item\":\"https:\/\/blog.zeit.de\/stoerungsmelder\"},{\"@type\":\"ListItem\",\"position\":2,\"name\":\"&#8222;Identit\u00e4re&#8220; in Halle &#8211; Gewalt, Einsch\u00fcchterung und Verharmlosung\"}]},{\"@type\":\"WebSite\",\"@id\":\"https:\/\/blog.zeit.de\/stoerungsmelder\/#website\",\"url\":\"https:\/\/blog.zeit.de\/stoerungsmelder\/\",\"name\":\"St\u00f6rungsmelder\",\"description\":\"Recherchen und Analysen \u00fcber die extreme Rechte\",\"potentialAction\":[{\"@type\":\"SearchAction\",\"target\":{\"@type\":\"EntryPoint\",\"urlTemplate\":\"https:\/\/blog.zeit.de\/stoerungsmelder\/?s={search_term_string}\"},\"query-input\":\"required name=search_term_string\"}],\"inLanguage\":\"de\"},{\"@type\":\"Person\",\"@id\":\"https:\/\/blog.zeit.de\/stoerungsmelder\/#\/schema\/person\/75338b13df89ce2bcc9b98a76590fcbf\",\"name\":\"Henrik Merker\",\"image\":{\"@type\":\"ImageObject\",\"inLanguage\":\"de\",\"@id\":\"https:\/\/blog.zeit.de\/stoerungsmelder\/#\/schema\/person\/image\/\",\"url\":\"https:\/\/secure.gravatar.com\/avatar\/a881955e7dc03f4202c4c8e4fd5c4005ec3715376bd9a9ec246141f698e7e4ba?s=96&d=mm&r=pg\",\"contentUrl\":\"https:\/\/secure.gravatar.com\/avatar\/a881955e7dc03f4202c4c8e4fd5c4005ec3715376bd9a9ec246141f698e7e4ba?s=96&d=mm&r=pg\",\"caption\":\"Henrik Merker\"},\"sameAs\":[\"https:\/\/twitter.com\/HRMRKR\"],\"url\":\"https:\/\/blog.zeit.de\/stoerungsmelder\/author\/thomasschade\"}]}<\/script>\n<!-- \/ Yoast SEO plugin. -->","yoast_head_json":{"title":"\"Identit\u00e4re\" in Halle - Gewalt, Einsch\u00fcchterung und Verharmlosung - St\u00f6rungsmelder","robots":{"index":"index","follow":"follow","max-snippet":"max-snippet:-1","max-image-preview":"max-image-preview:large","max-video-preview":"max-video-preview:-1"},"canonical":"https:\/\/blog.zeit.de\/stoerungsmelder\/2017\/11\/27\/identitaere-in-halle-gewalt-einschuechterung-und-verharmlosung_25120","og_locale":"de_DE","og_type":"article","og_title":"\"Identit\u00e4re\" in Halle - Gewalt, Einsch\u00fcchterung und Verharmlosung - St\u00f6rungsmelder","og_description":"Vor einer Woche griffen &#8222;Identit\u00e4re&#8220; aus ihrem Hausprojekt heraus in Halle zwei Zivilpolizisten mit Waffen an. Nur einen Tag sp\u00e4ter wurde ein Verfahren wegen N\u00f6tigung und K\u00f6rperverletzung gegen einen weiteren &#8222;Neurechten&#8220; eingestellt. Die Gewalt eskaliert, die Anwohner f\u00fchlen sich bedroht.","og_url":"https:\/\/blog.zeit.de\/stoerungsmelder\/2017\/11\/27\/identitaere-in-halle-gewalt-einschuechterung-und-verharmlosung_25120","og_site_name":"St\u00f6rungsmelder","article_published_time":"2017-11-27T07:22:31+00:00","article_modified_time":"2020-06-22T13:46:14+00:00","og_image":[{"width":1500,"height":1000,"url":"https:\/\/blog.zeit.de\/stoerungsmelder\/files\/2017\/11\/20171028_hal281000001328_demo_vs_ibhaus.jpg","type":"image\/jpeg"}],"author":"Henrik Merker","twitter_card":"summary_large_image","twitter_creator":"@HRMRKR","twitter_misc":{"Geschrieben von":"Henrik Merker","Gesch\u00e4tzte Lesezeit":"7\u00a0Minuten"},"schema":{"@context":"https:\/\/schema.org","@graph":[{"@type":"WebPage","@id":"https:\/\/blog.zeit.de\/stoerungsmelder\/2017\/11\/27\/identitaere-in-halle-gewalt-einschuechterung-und-verharmlosung_25120","url":"https:\/\/blog.zeit.de\/stoerungsmelder\/2017\/11\/27\/identitaere-in-halle-gewalt-einschuechterung-und-verharmlosung_25120","name":"\"Identit\u00e4re\" in Halle - Gewalt, Einsch\u00fcchterung und Verharmlosung - St\u00f6rungsmelder","isPartOf":{"@id":"https:\/\/blog.zeit.de\/stoerungsmelder\/#website"},"datePublished":"2017-11-27T07:22:31+00:00","dateModified":"2020-06-22T13:46:14+00:00","author":{"@id":"https:\/\/blog.zeit.de\/stoerungsmelder\/#\/schema\/person\/75338b13df89ce2bcc9b98a76590fcbf"},"breadcrumb":{"@id":"https:\/\/blog.zeit.de\/stoerungsmelder\/2017\/11\/27\/identitaere-in-halle-gewalt-einschuechterung-und-verharmlosung_25120#breadcrumb"},"inLanguage":"de","potentialAction":[{"@type":"ReadAction","target":["https:\/\/blog.zeit.de\/stoerungsmelder\/2017\/11\/27\/identitaere-in-halle-gewalt-einschuechterung-und-verharmlosung_25120"]}]},{"@type":"BreadcrumbList","@id":"https:\/\/blog.zeit.de\/stoerungsmelder\/2017\/11\/27\/identitaere-in-halle-gewalt-einschuechterung-und-verharmlosung_25120#breadcrumb","itemListElement":[{"@type":"ListItem","position":1,"name":"Startseite","item":"https:\/\/blog.zeit.de\/stoerungsmelder"},{"@type":"ListItem","position":2,"name":"&#8222;Identit\u00e4re&#8220; in Halle &#8211; Gewalt, Einsch\u00fcchterung und Verharmlosung"}]},{"@type":"WebSite","@id":"https:\/\/blog.zeit.de\/stoerungsmelder\/#website","url":"https:\/\/blog.zeit.de\/stoerungsmelder\/","name":"St\u00f6rungsmelder","description":"Recherchen und Analysen \u00fcber die extreme Rechte","potentialAction":[{"@type":"SearchAction","target":{"@type":"EntryPoint","urlTemplate":"https:\/\/blog.zeit.de\/stoerungsmelder\/?s={search_term_string}"},"query-input":"required name=search_term_string"}],"inLanguage":"de"},{"@type":"Person","@id":"https:\/\/blog.zeit.de\/stoerungsmelder\/#\/schema\/person\/75338b13df89ce2bcc9b98a76590fcbf","name":"Henrik Merker","image":{"@type":"ImageObject","inLanguage":"de","@id":"https:\/\/blog.zeit.de\/stoerungsmelder\/#\/schema\/person\/image\/","url":"https:\/\/secure.gravatar.com\/avatar\/a881955e7dc03f4202c4c8e4fd5c4005ec3715376bd9a9ec246141f698e7e4ba?s=96&d=mm&r=pg","contentUrl":"https:\/\/secure.gravatar.com\/avatar\/a881955e7dc03f4202c4c8e4fd5c4005ec3715376bd9a9ec246141f698e7e4ba?s=96&d=mm&r=pg","caption":"Henrik Merker"},"sameAs":["https:\/\/twitter.com\/HRMRKR"],"url":"https:\/\/blog.zeit.de\/stoerungsmelder\/author\/thomasschade"}]}},"jetpack_featured_media_url":"https:\/\/blog.zeit.de\/stoerungsmelder\/files\/2017\/11\/20171028_hal281000001328_demo_vs_ibhaus.jpg","jetpack_sharing_enabled":true,"_links":{"self":[{"href":"https:\/\/blog.zeit.de\/stoerungsmelder\/wp-json\/wp\/v2\/posts\/25120","targetHints":{"allow":["GET"]}}],"collection":[{"href":"https:\/\/blog.zeit.de\/stoerungsmelder\/wp-json\/wp\/v2\/posts"}],"about":[{"href":"https:\/\/blog.zeit.de\/stoerungsmelder\/wp-json\/wp\/v2\/types\/post"}],"author":[{"embeddable":true,"href":"https:\/\/blog.zeit.de\/stoerungsmelder\/wp-json\/wp\/v2\/users\/703"}],"replies":[{"embeddable":true,"href":"https:\/\/blog.zeit.de\/stoerungsmelder\/wp-json\/wp\/v2\/comments?post=25120"}],"version-history":[{"count":6,"href":"https:\/\/blog.zeit.de\/stoerungsmelder\/wp-json\/wp\/v2\/posts\/25120\/revisions"}],"predecessor-version":[{"id":29889,"href":"https:\/\/blog.zeit.de\/stoerungsmelder\/wp-json\/wp\/v2\/posts\/25120\/revisions\/29889"}],"wp:featuredmedia":[{"embeddable":true,"href":"https:\/\/blog.zeit.de\/stoerungsmelder\/wp-json\/wp\/v2\/media\/25121"}],"wp:attachment":[{"href":"https:\/\/blog.zeit.de\/stoerungsmelder\/wp-json\/wp\/v2\/media?parent=25120"}],"wp:term":[{"taxonomy":"category","embeddable":true,"href":"https:\/\/blog.zeit.de\/stoerungsmelder\/wp-json\/wp\/v2\/categories?post=25120"},{"taxonomy":"post_tag","embeddable":true,"href":"https:\/\/blog.zeit.de\/stoerungsmelder\/wp-json\/wp\/v2\/tags?post=25120"}],"curies":[{"name":"wp","href":"https:\/\/api.w.org\/{rel}","templated":true}]}}