{"id":25306,"date":"2018-01-12T11:33:26","date_gmt":"2018-01-12T10:33:26","guid":{"rendered":"http:\/\/blog.zeit.de\/stoerungsmelder\/?p=25306"},"modified":"2018-01-22T19:17:46","modified_gmt":"2018-01-22T18:17:46","slug":"25306","status":"publish","type":"post","link":"https:\/\/blog.zeit.de\/stoerungsmelder\/2018\/01\/12\/25306_25306","title":{"rendered":"Protest gegen &#8222;Ein Prozent&#8220;-Veranstaltung in Halle"},"content":{"rendered":"<p><figure id=\"attachment_25320\" aria-describedby=\"caption-attachment-25320\" style=\"width: 620px\" class=\"wp-caption aligncenter\"><img loading=\"lazy\" decoding=\"async\" class=\"size-medium wp-image-25320\" src=\"https:\/\/blog.zeit.de\/stoerungsmelder\/files\/2018\/01\/20181101_halle00001707_ibhaus_protest_hell_st\u00f6r2-620x413.jpg\" alt=\"\" width=\"620\" height=\"413\" srcset=\"https:\/\/blog.zeit.de\/stoerungsmelder\/files\/2018\/01\/20181101_halle00001707_ibhaus_protest_hell_st\u00f6r2-620x413.jpg 620w, https:\/\/blog.zeit.de\/stoerungsmelder\/files\/2018\/01\/20181101_halle00001707_ibhaus_protest_hell_st\u00f6r2-768x512.jpg 768w, https:\/\/blog.zeit.de\/stoerungsmelder\/files\/2018\/01\/20181101_halle00001707_ibhaus_protest_hell_st\u00f6r2-1024x683.jpg 1024w, https:\/\/blog.zeit.de\/stoerungsmelder\/files\/2018\/01\/20181101_halle00001707_ibhaus_protest_hell_st\u00f6r2.jpg 1500w\" sizes=\"auto, (max-width: 620px) 100vw, 620px\" \/><figcaption id=\"caption-attachment-25320\" class=\"wp-caption-text\"><em>Polizisten umstellen den Eingang vom IB-Haus \u00a9 Henrik Merker<\/em><\/figcaption><\/figure><\/p>\n<p>In Halle protestierten Donnerstagabend 100 Nachbarn und Aktivisten der \u201eKick them out\u201c-Kampagne gegen den &#8222;Staatspolitischen Salon&#8220; im Haus der \u201eIdentit\u00e4ren\u201c. Vertreter der Crowdfunding-Organisation \u201eEin Prozent\u201c sollten \u00fcber ihr Projekt reden, eigene Betriebsr\u00e4te bei den n\u00e4chsten Wahlen aufzustellen. &#8222;Ein Prozent&#8220; vermietet das Haus\u00a0in der Adam-Kuckhoff-Stra\u00dfe 16 an die \u201eIdentit\u00e4ren\u201c, mit denen es gro\u00dfe personelle \u00dcberschneidungen gibt.<!--more--><\/p>\n<p>Bereits am 25. November des vergangenen Jahres gab \u201eEin Prozent\u201c auf der Compact-Konferenz in Leipzig bekannt, <a href=\"https:\/\/www.mdr.de\/nachrichten\/politik\/inland\/afd-will-in-betriebsraete-100.html\" target=\"_blank\" rel=\"noopener\">dass sie eigene Betriebsr\u00e4te entsenden wollen.<\/a> \u201eEin Prozent\u201c arbeitet daf\u00fcr mit der bereits bestehenden rechtslastigen Gewerkschaft \u201eZentrum Automobil e.V.\u201c zusammen. Deren Gr\u00fcnder Oliver Hilburger war bis 2009 Gitarrist der Neonazi-Band \u201eNoie Werte\u201c, deren Lieder der NSU in seinem Bekenner-Video benutzte. Hilburger musste wegen seiner Verstrickungen vor dem NSU-Untersuchungsausschuss in Baden-W\u00fcrttemberg aussagen. In den 1990er-Jahren war der sp\u00e4tere Gewerkschaftsgr\u00fcnder ma\u00dfgeblich am Aufstieg der Neonazi-Vereinigung \u201eBlood &amp; Honour\u201c beteiligt, die im Jahr 2000 vom Bundesinnenministerium verboten wurde. Seit der Compact-Konferenz in Leipzig ist Oliver Hilburger das Gesicht der &#8222;Ein Prozent&#8220;-Gewerkschaft-Kampagne f\u00fcr Rechtsextreme.<\/p>\n<p><strong>Rund 100 Menschen protestieren gegen die Veranstaltung<\/strong><\/p>\n<p><figure id=\"attachment_25322\" aria-describedby=\"caption-attachment-25322\" style=\"width: 294px\" class=\"wp-caption alignleft\"><img loading=\"lazy\" decoding=\"async\" class=\" wp-image-25322\" src=\"https:\/\/blog.zeit.de\/stoerungsmelder\/files\/2018\/01\/20181101_halle00001707_ibhaus_protest_hell_st\u00f6r4-620x413.jpg\" alt=\"\" width=\"294\" height=\"196\" srcset=\"https:\/\/blog.zeit.de\/stoerungsmelder\/files\/2018\/01\/20181101_halle00001707_ibhaus_protest_hell_st\u00f6r4-620x413.jpg 620w, https:\/\/blog.zeit.de\/stoerungsmelder\/files\/2018\/01\/20181101_halle00001707_ibhaus_protest_hell_st\u00f6r4-768x512.jpg 768w, https:\/\/blog.zeit.de\/stoerungsmelder\/files\/2018\/01\/20181101_halle00001707_ibhaus_protest_hell_st\u00f6r4-1024x683.jpg 1024w, https:\/\/blog.zeit.de\/stoerungsmelder\/files\/2018\/01\/20181101_halle00001707_ibhaus_protest_hell_st\u00f6r4.jpg 1500w\" sizes=\"auto, (max-width: 294px) 100vw, 294px\" \/><figcaption id=\"caption-attachment-25322\" class=\"wp-caption-text\"><em>Protest auf allen Seiten &#8211; keine Ruhe f\u00fcr die &#8222;Identit\u00e4ren&#8220; in Halle \u00a9 Henrik Merker<\/em><\/figcaption><\/figure><\/p>\n<p>\u201eNazischweine runter vom Campus\u201c-Rufe und basslastige Musik dr\u00f6hnen \u00fcber Adam-Kuckhoff-Stra\u00dfe und Steintorcampus der halleschen Universit\u00e4t. 100 Nachbarn der \u201eIdentit\u00e4ren\u201c und Aktivisten der &#8222;kick them out&#8220;-Kampagne gegen das extrem rechte Hausprojekt haben sich an beiden Seiten der Stra\u00dfe postiert, wollen die Anreise zum Vortrag behindern. Von 18Uhr an protestieren sie \u2013 die Rechtsextremen fotografieren vom Fenster aus die Versammlungen, einige stehen vor der T\u00fcr und p\u00f6beln. Direkt neben den Rechtsextremen haben sich vermummte Einsatzkr\u00e4fte positioniert \u2013 <a href=\"https:\/\/blog.zeit.de\/stoerungsmelder\/2017\/11\/27\/identitaere-in-halle-gewalt-einschuechterung-und-verharmlosung_25120\">der gewaltt\u00e4tige Angriff auf zwei Polizisten im Dezember ist nicht vergessen<\/a>, die Ermittlungen in dem Fall laufen noch.<\/p>\n<p>Wer an dem Vortrag teilnehmen will, muss an den Kundgebungen und der Polizei vorbei. 19Uhr gehen im ersten Stock des Hausprojekts die Lichter an, der Vortrag zur rechtsextremen Gewerkschafts-Kampagne hat wohl begonnen. Gekommen sind h\u00f6chstens 30 Teilnehmer. Entnervt gehen die restlichen \u201eIdentit\u00e4ren\u201c ins Haus, der massive Widerspruch gegen jede ihrer Veranstaltungen scheint Spuren zu hinterlassen.<\/p>\n","protected":false},"excerpt":{"rendered":"<p>In Halle protestierten Donnerstagabend 100 Nachbarn und Aktivisten der \u201eKick them out\u201c-Kampagne gegen den &#8222;Staatspolitischen Salon&#8220; im Haus der \u201eIdentit\u00e4ren\u201c. Vertreter der Crowdfunding-Organisation \u201eEin Prozent\u201c sollten \u00fcber ihr Projekt reden, eigene Betriebsr\u00e4te bei den n\u00e4chsten Wahlen aufzustellen. &#8222;Ein Prozent&#8220; vermietet das Haus\u00a0in der Adam-Kuckhoff-Stra\u00dfe 16 an die \u201eIdentit\u00e4ren\u201c, mit denen es gro\u00dfe personelle \u00dcberschneidungen gibt.<\/p>\n","protected":false},"author":703,"featured_media":25320,"comment_status":"open","ping_status":"open","sticky":false,"template":"","format":"standard","meta":{"_jetpack_memberships_contains_paid_content":false,"footnotes":""},"categories":[1457],"tags":[24563,1477,39497,41370,39532,34222,24509,22893,12752,28125,41369,39412],"class_list":["post-25306","post","type-post","status-publish","format-standard","has-post-thumbnail","hentry","category-sachsen-anhalt","tag-antifa","tag-antifaschismus","tag-hallesaale","tag-hilburger","tag-ib","tag-identitare","tag-identitare-bewegung","tag-identitare-bewegung-deutschland","tag-nsu","tag-nsu-prozess","tag-oliver-hilburger","tag-sachsen-anhalt"],"yoast_head":"<!-- This site is optimized with the Yoast SEO plugin v21.0 - https:\/\/yoast.com\/wordpress\/plugins\/seo\/ -->\n<title>Protest gegen &quot;Ein Prozent&quot;-Veranstaltung in Halle - St\u00f6rungsmelder<\/title>\n<meta name=\"description\" content=\"In Halle protestierten 100 Nachbarn und Aktivisten der \u201eKick them out\u201c-Kampagne gegen den &quot;Staatspolitischen Abend&quot; im Haus der \u201eIdentit\u00e4ren\u201c.\" \/>\n<meta name=\"robots\" content=\"index, follow, max-snippet:-1, max-image-preview:large, max-video-preview:-1\" \/>\n<link rel=\"canonical\" href=\"https:\/\/blog.zeit.de\/stoerungsmelder\/2018\/01\/12\/25306_25306\" \/>\n<meta property=\"og:locale\" content=\"de_DE\" \/>\n<meta property=\"og:type\" content=\"article\" \/>\n<meta property=\"og:title\" content=\"Protest gegen &quot;Ein Prozent&quot;-Veranstaltung in Halle - St\u00f6rungsmelder\" \/>\n<meta property=\"og:description\" content=\"In Halle protestierten 100 Nachbarn und Aktivisten der \u201eKick them out\u201c-Kampagne gegen den &quot;Staatspolitischen Abend&quot; im Haus der \u201eIdentit\u00e4ren\u201c.\" \/>\n<meta property=\"og:url\" content=\"https:\/\/blog.zeit.de\/stoerungsmelder\/2018\/01\/12\/25306_25306\" \/>\n<meta property=\"og:site_name\" content=\"St\u00f6rungsmelder\" \/>\n<meta property=\"article:published_time\" content=\"2018-01-12T10:33:26+00:00\" \/>\n<meta property=\"article:modified_time\" content=\"2018-01-22T18:17:46+00:00\" \/>\n<meta property=\"og:image\" content=\"https:\/\/blog.zeit.de\/stoerungsmelder\/files\/2018\/01\/20181101_halle00001707_ibhaus_protest_hell_st\u00f6r2.jpg\" \/>\n\t<meta property=\"og:image:width\" content=\"1500\" \/>\n\t<meta property=\"og:image:height\" content=\"1000\" \/>\n\t<meta property=\"og:image:type\" content=\"image\/jpeg\" \/>\n<meta name=\"author\" content=\"Henrik Merker\" \/>\n<meta name=\"twitter:card\" content=\"summary_large_image\" \/>\n<meta name=\"twitter:creator\" content=\"@HRMRKR\" \/>\n<meta name=\"twitter:label1\" content=\"Geschrieben von\" \/>\n\t<meta name=\"twitter:data1\" content=\"Henrik Merker\" \/>\n\t<meta name=\"twitter:label2\" content=\"Gesch\u00e4tzte Lesezeit\" \/>\n\t<meta name=\"twitter:data2\" content=\"2\u00a0Minuten\" \/>\n<script type=\"application\/ld+json\" class=\"yoast-schema-graph\">{\"@context\":\"https:\/\/schema.org\",\"@graph\":[{\"@type\":\"WebPage\",\"@id\":\"https:\/\/blog.zeit.de\/stoerungsmelder\/2018\/01\/12\/25306_25306\",\"url\":\"https:\/\/blog.zeit.de\/stoerungsmelder\/2018\/01\/12\/25306_25306\",\"name\":\"Protest gegen \\\"Ein Prozent\\\"-Veranstaltung in Halle - St\u00f6rungsmelder\",\"isPartOf\":{\"@id\":\"https:\/\/blog.zeit.de\/stoerungsmelder\/#website\"},\"datePublished\":\"2018-01-12T10:33:26+00:00\",\"dateModified\":\"2018-01-22T18:17:46+00:00\",\"author\":{\"@id\":\"https:\/\/blog.zeit.de\/stoerungsmelder\/#\/schema\/person\/75338b13df89ce2bcc9b98a76590fcbf\"},\"description\":\"In Halle protestierten 100 Nachbarn und Aktivisten der \u201eKick them out\u201c-Kampagne gegen den \\\"Staatspolitischen Abend\\\" im Haus der \u201eIdentit\u00e4ren\u201c.\",\"breadcrumb\":{\"@id\":\"https:\/\/blog.zeit.de\/stoerungsmelder\/2018\/01\/12\/25306_25306#breadcrumb\"},\"inLanguage\":\"de\",\"potentialAction\":[{\"@type\":\"ReadAction\",\"target\":[\"https:\/\/blog.zeit.de\/stoerungsmelder\/2018\/01\/12\/25306_25306\"]}]},{\"@type\":\"BreadcrumbList\",\"@id\":\"https:\/\/blog.zeit.de\/stoerungsmelder\/2018\/01\/12\/25306_25306#breadcrumb\",\"itemListElement\":[{\"@type\":\"ListItem\",\"position\":1,\"name\":\"Startseite\",\"item\":\"https:\/\/blog.zeit.de\/stoerungsmelder\"},{\"@type\":\"ListItem\",\"position\":2,\"name\":\"Protest gegen &#8222;Ein Prozent&#8220;-Veranstaltung in Halle\"}]},{\"@type\":\"WebSite\",\"@id\":\"https:\/\/blog.zeit.de\/stoerungsmelder\/#website\",\"url\":\"https:\/\/blog.zeit.de\/stoerungsmelder\/\",\"name\":\"St\u00f6rungsmelder\",\"description\":\"Recherchen und Analysen \u00fcber die extreme Rechte\",\"potentialAction\":[{\"@type\":\"SearchAction\",\"target\":{\"@type\":\"EntryPoint\",\"urlTemplate\":\"https:\/\/blog.zeit.de\/stoerungsmelder\/?s={search_term_string}\"},\"query-input\":\"required name=search_term_string\"}],\"inLanguage\":\"de\"},{\"@type\":\"Person\",\"@id\":\"https:\/\/blog.zeit.de\/stoerungsmelder\/#\/schema\/person\/75338b13df89ce2bcc9b98a76590fcbf\",\"name\":\"Henrik Merker\",\"image\":{\"@type\":\"ImageObject\",\"inLanguage\":\"de\",\"@id\":\"https:\/\/blog.zeit.de\/stoerungsmelder\/#\/schema\/person\/image\/\",\"url\":\"https:\/\/secure.gravatar.com\/avatar\/a881955e7dc03f4202c4c8e4fd5c4005ec3715376bd9a9ec246141f698e7e4ba?s=96&d=mm&r=pg\",\"contentUrl\":\"https:\/\/secure.gravatar.com\/avatar\/a881955e7dc03f4202c4c8e4fd5c4005ec3715376bd9a9ec246141f698e7e4ba?s=96&d=mm&r=pg\",\"caption\":\"Henrik Merker\"},\"sameAs\":[\"https:\/\/twitter.com\/HRMRKR\"],\"url\":\"https:\/\/blog.zeit.de\/stoerungsmelder\/author\/thomasschade\"}]}<\/script>\n<!-- \/ Yoast SEO plugin. -->","yoast_head_json":{"title":"Protest gegen \"Ein Prozent\"-Veranstaltung in Halle - St\u00f6rungsmelder","description":"In Halle protestierten 100 Nachbarn und Aktivisten der \u201eKick them out\u201c-Kampagne gegen den \"Staatspolitischen Abend\" im Haus der \u201eIdentit\u00e4ren\u201c.","robots":{"index":"index","follow":"follow","max-snippet":"max-snippet:-1","max-image-preview":"max-image-preview:large","max-video-preview":"max-video-preview:-1"},"canonical":"https:\/\/blog.zeit.de\/stoerungsmelder\/2018\/01\/12\/25306_25306","og_locale":"de_DE","og_type":"article","og_title":"Protest gegen \"Ein Prozent\"-Veranstaltung in Halle - St\u00f6rungsmelder","og_description":"In Halle protestierten 100 Nachbarn und Aktivisten der \u201eKick them out\u201c-Kampagne gegen den \"Staatspolitischen Abend\" im Haus der \u201eIdentit\u00e4ren\u201c.","og_url":"https:\/\/blog.zeit.de\/stoerungsmelder\/2018\/01\/12\/25306_25306","og_site_name":"St\u00f6rungsmelder","article_published_time":"2018-01-12T10:33:26+00:00","article_modified_time":"2018-01-22T18:17:46+00:00","og_image":[{"width":1500,"height":1000,"url":"https:\/\/blog.zeit.de\/stoerungsmelder\/files\/2018\/01\/20181101_halle00001707_ibhaus_protest_hell_st\u00f6r2.jpg","type":"image\/jpeg"}],"author":"Henrik Merker","twitter_card":"summary_large_image","twitter_creator":"@HRMRKR","twitter_misc":{"Geschrieben von":"Henrik Merker","Gesch\u00e4tzte Lesezeit":"2\u00a0Minuten"},"schema":{"@context":"https:\/\/schema.org","@graph":[{"@type":"WebPage","@id":"https:\/\/blog.zeit.de\/stoerungsmelder\/2018\/01\/12\/25306_25306","url":"https:\/\/blog.zeit.de\/stoerungsmelder\/2018\/01\/12\/25306_25306","name":"Protest gegen \"Ein Prozent\"-Veranstaltung in Halle - St\u00f6rungsmelder","isPartOf":{"@id":"https:\/\/blog.zeit.de\/stoerungsmelder\/#website"},"datePublished":"2018-01-12T10:33:26+00:00","dateModified":"2018-01-22T18:17:46+00:00","author":{"@id":"https:\/\/blog.zeit.de\/stoerungsmelder\/#\/schema\/person\/75338b13df89ce2bcc9b98a76590fcbf"},"description":"In Halle protestierten 100 Nachbarn und Aktivisten der \u201eKick them out\u201c-Kampagne gegen den \"Staatspolitischen Abend\" im Haus der \u201eIdentit\u00e4ren\u201c.","breadcrumb":{"@id":"https:\/\/blog.zeit.de\/stoerungsmelder\/2018\/01\/12\/25306_25306#breadcrumb"},"inLanguage":"de","potentialAction":[{"@type":"ReadAction","target":["https:\/\/blog.zeit.de\/stoerungsmelder\/2018\/01\/12\/25306_25306"]}]},{"@type":"BreadcrumbList","@id":"https:\/\/blog.zeit.de\/stoerungsmelder\/2018\/01\/12\/25306_25306#breadcrumb","itemListElement":[{"@type":"ListItem","position":1,"name":"Startseite","item":"https:\/\/blog.zeit.de\/stoerungsmelder"},{"@type":"ListItem","position":2,"name":"Protest gegen &#8222;Ein Prozent&#8220;-Veranstaltung in Halle"}]},{"@type":"WebSite","@id":"https:\/\/blog.zeit.de\/stoerungsmelder\/#website","url":"https:\/\/blog.zeit.de\/stoerungsmelder\/","name":"St\u00f6rungsmelder","description":"Recherchen und Analysen \u00fcber die extreme Rechte","potentialAction":[{"@type":"SearchAction","target":{"@type":"EntryPoint","urlTemplate":"https:\/\/blog.zeit.de\/stoerungsmelder\/?s={search_term_string}"},"query-input":"required name=search_term_string"}],"inLanguage":"de"},{"@type":"Person","@id":"https:\/\/blog.zeit.de\/stoerungsmelder\/#\/schema\/person\/75338b13df89ce2bcc9b98a76590fcbf","name":"Henrik Merker","image":{"@type":"ImageObject","inLanguage":"de","@id":"https:\/\/blog.zeit.de\/stoerungsmelder\/#\/schema\/person\/image\/","url":"https:\/\/secure.gravatar.com\/avatar\/a881955e7dc03f4202c4c8e4fd5c4005ec3715376bd9a9ec246141f698e7e4ba?s=96&d=mm&r=pg","contentUrl":"https:\/\/secure.gravatar.com\/avatar\/a881955e7dc03f4202c4c8e4fd5c4005ec3715376bd9a9ec246141f698e7e4ba?s=96&d=mm&r=pg","caption":"Henrik Merker"},"sameAs":["https:\/\/twitter.com\/HRMRKR"],"url":"https:\/\/blog.zeit.de\/stoerungsmelder\/author\/thomasschade"}]}},"jetpack_featured_media_url":"https:\/\/blog.zeit.de\/stoerungsmelder\/files\/2018\/01\/20181101_halle00001707_ibhaus_protest_hell_st\u00f6r2.jpg","jetpack_sharing_enabled":true,"_links":{"self":[{"href":"https:\/\/blog.zeit.de\/stoerungsmelder\/wp-json\/wp\/v2\/posts\/25306","targetHints":{"allow":["GET"]}}],"collection":[{"href":"https:\/\/blog.zeit.de\/stoerungsmelder\/wp-json\/wp\/v2\/posts"}],"about":[{"href":"https:\/\/blog.zeit.de\/stoerungsmelder\/wp-json\/wp\/v2\/types\/post"}],"author":[{"embeddable":true,"href":"https:\/\/blog.zeit.de\/stoerungsmelder\/wp-json\/wp\/v2\/users\/703"}],"replies":[{"embeddable":true,"href":"https:\/\/blog.zeit.de\/stoerungsmelder\/wp-json\/wp\/v2\/comments?post=25306"}],"version-history":[{"count":16,"href":"https:\/\/blog.zeit.de\/stoerungsmelder\/wp-json\/wp\/v2\/posts\/25306\/revisions"}],"predecessor-version":[{"id":25417,"href":"https:\/\/blog.zeit.de\/stoerungsmelder\/wp-json\/wp\/v2\/posts\/25306\/revisions\/25417"}],"wp:featuredmedia":[{"embeddable":true,"href":"https:\/\/blog.zeit.de\/stoerungsmelder\/wp-json\/wp\/v2\/media\/25320"}],"wp:attachment":[{"href":"https:\/\/blog.zeit.de\/stoerungsmelder\/wp-json\/wp\/v2\/media?parent=25306"}],"wp:term":[{"taxonomy":"category","embeddable":true,"href":"https:\/\/blog.zeit.de\/stoerungsmelder\/wp-json\/wp\/v2\/categories?post=25306"},{"taxonomy":"post_tag","embeddable":true,"href":"https:\/\/blog.zeit.de\/stoerungsmelder\/wp-json\/wp\/v2\/tags?post=25306"}],"curies":[{"name":"wp","href":"https:\/\/api.w.org\/{rel}","templated":true}]}}