{"id":2545,"date":"2010-02-04T09:36:23","date_gmt":"2010-02-04T07:36:23","guid":{"rendered":"http:\/\/blog.zeit.de\/stoerungsmelder\/?p=2545"},"modified":"2010-02-04T09:36:23","modified_gmt":"2010-02-04T07:36:23","slug":"lass-dir-nicht-alles-gefallen-wehr-dich-wenn-dir-etwas-nicht-gefallt","status":"publish","type":"post","link":"https:\/\/blog.zeit.de\/stoerungsmelder\/2010\/02\/04\/lass-dir-nicht-alles-gefallen-wehr-dich-wenn-dir-etwas-nicht-gefallt_2545","title":{"rendered":"&#8222;Lass Dir nicht alles gefallen, wehr Dich, wenn Dir etwas nicht gef\u00e4llt&#8220;"},"content":{"rendered":"<p><figure id=\"attachment_2546\" aria-describedby=\"caption-attachment-2546\" style=\"width: 410px\" class=\"wp-caption alignnone\"><a href=\"https:\/\/blog.zeit.de\/stoerungsmelder\/files\/2010\/02\/belab_keinbockaufnazis.jpg\"><img loading=\"lazy\" decoding=\"async\" class=\"size-medium wp-image-2546\" title=\"belab_keinbockaufnazis\" src=\"https:\/\/blog.zeit.de\/stoerungsmelder\/wp-content\/uploads\/2010\/02\/belab_keinbockaufnazis-300x199.jpg\" alt=\"Unterst\u00fctzt die Blockadeaktionen in Dresden - Musiker Bela B. Foto: C. Mang\" width=\"410\" height=\"270\" \/><\/a><figcaption id=\"caption-attachment-2546\" class=\"wp-caption-text\">Unterst\u00fctzt die Blockadeaktionen in Dresden - Musiker Bela B.  Foto: C. Mang<\/figcaption><\/figure><\/p>\n<p>Bela B., S\u00e4nger und Schlagzeuger der besten Band der Welt aus Berlin Die \u00c4rzte, unterst\u00fctzt Arbeit gegen Neonazis und aktuell auch den Aufruf von &#8222;Dresden Nazifrei&#8220;, den Naziaufmarsch in Dresden am 13. Februar zu blockieren. Dabei, so erz\u00e4hlt er im Interview, versteht er, was Rechtsextremismus f\u00fcr Jugendliche attraktiv macht, will aber Unentschlossene &#8222;ohne Bittermiene&#8220; \u00fcberzeugen, dass dieser Weg ins Abseits f\u00fchrt. Und er berichtet, wann die \u00c4rzte herumdoktern und selbst \u00c4rger mit Nazis haben.<!--more--><\/p>\n<p><em>Interview: Simone Rafael von <a href=\"http:\/\/www.netz-gegen-nazis.de\/artikel\/bela-b-und-sein-engagement-gegen-nazis-6221\">Netz-Gegen-Nazis.de<\/a><br \/>\n<\/em><\/p>\n<p><strong>Bela, Du engagierst Dich schon lange gegen Rechtsextremismus, \u00e4u\u00dferst Dich entsprechend auf Konzerten, unterst\u00fctzt Aktionen &#8211; was ist der Grund f\u00fcr Dein Engagement?<\/strong><\/p>\n<p>Das ist einfach meine Sicht auf die Dinge! Ich kann auf eine gewisse Art und Weise verstehen, das Rechtsextremismus als Subkultur f\u00fcr Jugendliche attraktiv ist, da arbeiten die Kader ja auch bewusst mit. Dieses Angebot, aus der Gesellschaft auszusteigen, Rebellion und Kameradschaft, das Sich-Stark-F\u00fchlen, auch aus dem Gef\u00fchl heraus, dass Dich alle anderen ablehnen &#8211; das ist ja \u00e4hnliche Gr\u00fcnde, warum ich mir als Jugendlicher die Haare bunt gef\u00e4rbt und rebelliert habe. Nur haben die Nazis eben eine menschenverachtende Ideologie, die gar nicht geht. Ich spiele in einer Band, die zwar inzwischen zum Mainstream geh\u00f6rt, aber sich immer noch eine Glaubw\u00fcrdigkeit bewahrt hat, die hoffentlich dazu f\u00fchrt, dass mir jemand zuh\u00f6rt, wenn ich sage: Nazis sind uncool. Das stellt den Ernst der Thematik nat\u00fcrlich nicht angemessen da, aber lenkt die Aufmerksamkeit darauf, dass diese Ideologie, die sich aus Angst vor allem anderen speist, nicht weiter ausbreiten darf. Und mir h\u00f6ren vielleicht Leute zu, die ein Jugendclub-Leiter nicht erreicht.<\/p>\n<p><strong>Gab es auch konkrete Anl\u00e4sse?<\/strong><\/p>\n<p>Unsere Musik ist, besonders live, Punk in Lichtgeschwindigkeit, dazu die Texte mit viel Ironie &#8211; das hat eine ganze Zeit lang auch viele rechts denkende Leute angezogen, die live zu Musik mit DEUTSCHEN Texten feiern wollten. Das konnten wir nicht akzeptieren, da mussten wir einen Schlussstrich ziehen und deutlich machen: Wer solchen Gedanken anh\u00e4ngt, der kann nicht unsere Musik h\u00f6ren!<\/p>\n<p><strong>Die \u00c4rzte haben sich dem Thema Nazis auch musikalisch gen\u00e4hert. Das machen wenige Bands, dabei ist doch Musik ein gutes Medium f\u00fcr Aussagen. Ist das so schwierig? Was habt Ihr f\u00fcr Reaktionen gekriegt?<\/strong><\/p>\n<p>Ach, wir wollten uns da auch gerne raushalten, das haben wir ja auch die ganzen 1980er Jahre \u00fcber gemacht. Aber dann ging es nicht mehr. Wir wollten dann aber nicht mit dem gro\u00dfen Zeigefinger ankommen. Wir haben lange herumgedoktert, bis wir einen Song hingekriegt haben, der zu uns passt. Erst wollten wir den Text nicht mal selbst schreiben, sondern haben Wiglaf Droste gefragt, ob er uns einen schreibt. Der wollte aber auch nicht.<\/p>\n<p><strong>Alles muss man selber machen.<\/strong><\/p>\n<p>Ja, so war es. &#8222;Schrei nach Liebe&#8220; hat uns bei Radiostationen keine Freunde gemacht, ist aber unsere meist verkaufte Single. Dar\u00fcber freuen wir uns sehr!<\/p>\n<p><strong>Mich hat schon als Teenager am\u00fcsiert, dass ihr auf die Eintrittskarten zu euren Konzerten druckt, dass man &#8222;keine Nazis mitbringen&#8220; darf.<\/strong><\/p>\n<p>Ja, das ist der Effekt &#8211; wir reden \u00fcber Nazis nicht mit Bittermiene, sondern versuchen, auf das Problem mit einem Lachen hinzuweisen. Das ist ein schmaler Grad, auf dem wir uns da bewegen, das ist klar. Aber wir wollen eben nicht immer &#8222;schlimm, schlimm, schlimm&#8220; sagen. Wenn wir die Sache etwas lustiger angehen, erreichen wir vielleicht auch noch ein paar Leute, die noch nicht entschieden sind.<\/p>\n<p><strong>Hast Du einen Lieblings-Anti-Nazi-Song von einer anderen Band?<\/strong><\/p>\n<p>Ich mag den Song, den die &#8222;Lokalmatadore&#8220; zum Thema gemacht haben, eine Streetpunk-Oi-Band, die auch viele Hooligans h\u00f6ren &#8211; der hat einen klaren Text, der sagt: Wir haben keinen Bock, dass Ihr unsere Party vermasselt. Und der lustigste Anti-Nazi-Song ist von <a href=\"http:\/\/www.netz-gegen-nazis.de\/lexikontext\/stoerkraft\">St\u00f6rkraft<\/a>.<\/p>\n<p><strong>Von St\u00f6rkraft?<\/strong><\/p>\n<p>Ja, die haben, als sie gesehen haben, wie erfolgreich die <a href=\"http:\/\/www.netz-gegen-nazis.de\/category\/lexikon\/boehse-onkelz\">B\u00f6hsen Onkelz<\/a> davongekommen sind, als sie sich vom Rechtsextremismus &#8222;losgesagt&#8220; hatten, kurz vor ihrer Trennung noch einen &#8222;Anti-Nazi-Song&#8220; aufgenommen (<em>&#8222;Mordbrenner &#8211; Ihr geh\u00f6rt nicht zu uns&#8220;; die Red.<\/em>) Ungewollt urkomisch!<\/p>\n<p><strong>Im Oktober hat die DVU versucht, unter der Zeile &#8222;Es ist nicht Deine Schuld&#8220; Jugendliche f\u00fcr ihre Ziele zu werben &#8211; in deutscht\u00fcmlender Abwandlung des Originals, nat\u00fcrlich. Wie geht es Euch damit? Passiert so etwas \u00f6fter?<\/strong><\/p>\n<p>Ja leider, besonders mit diesem Song. Es geht darin inhaltlich sehr offen darum, sich aufzuraffen, etwas zu ver\u00e4ndern. Das hat viele angesprochen &#8211; neben der DVU \u00fcbrigens auch die Gr\u00fcnen, die Linke und die CSU. Wir sagen allen, dass sie das unterlassen sollen, und gehen im Fall der DVU auch anwaltlich dagegen vor. F\u00fcr uns ist das eine \u00e4tzende Geschichte &#8211; Neonazis verwenden den Spruch auch f\u00fcr Demos und Plakate. Auf Nazidemos wird der Song auch gern einmal gespielt &#8211; ebenso wie ja auch Songs von ZSK, Wir sind Helden oder Ton Steine Scherben von &#8222;Autonomen Nationalisten&#8220; f\u00fcr die neonazistische Verwirrtaktik genutzt wurden. Damit Jugendliche denken: Was die \u00c4rzte da sagen, dass sagt die DVU doch eigentlich auch. Ich hoffe ja immer, dass sie sich damit vielleicht selbst so sehr verwirren, dass sie irgendwann auch nicht mehr verstehen, was sie eigentlich glauben wollten.<\/p>\n<p><strong>Aber Du positionierst Dich auch \u00f6ffentlich offensiv dagegen.<\/strong><\/p>\n<p>Ich glaube an die Kraft der Musik, auch wenn die nur der Soundtrack zum Leben ist. Ich mache Aktionen wie &#8222;<a href=\"http:\/\/www.keinbockaufnazis.de\/\" target=\"new\">Kein Bock auf Nazis<\/a>&#8220; (<em>eine demokratische Gegen-CD zur Schulhof-CD der NPD, die Red.<\/em>) oder unterst\u00fctze einen Aufruf wie den von &#8222;<a href=\"http:\/\/www.dresden-nazifrei.com\/\">Dresden Nazifrei<\/a>&#8222;, weil ich hoffe, dass die durch meine Beteiligung mehr Aufmerksamkeit bekommen.<\/p>\n<p><strong>Genau, Du unterst\u00fctzt den Aufruf von &#8222;Dresden Nazifrei&#8220; gegen den Neonazi-Aufmarsch am 13. Februar in Dresden. Ist eine Blockade des Aufmarsches ein guter Weg, zu protestieren?<\/strong><\/p>\n<p>Nat\u00fcrlich. Das ist ein ganz normaler, friedlicher Protest, ein Akt der Zivilcourage &#8211; Zivilcourage bedeutet ja nicht, immer den bequemen Weg zu nehmen. Da sagt man Menschen immer: Lass Dir nicht alles gefallen, wehr Dich, wenn Dir etwas nicht gef\u00e4llt &#8211; und dann kommen solche Verbote von Plakat und Website, v\u00f6llige Willk\u00fcrakte. Aber vielleicht sollten wir das positiv sehen: Durch die Verbote hat der Protest gegen die Nazis viel Aufmerksamkeit bekommen.<\/p>\n<p><strong>Hast Du einen guten Tipp f\u00fcr die, die in Dresden auf die Stra\u00dfe gehen?<\/strong><\/p>\n<p>Eine positive Grundstimmung behalten. Das verunsichert die Nazis doch umso mehr. Und ich empfehle, die Anti-Haltung auf die Nazis zu kanalisieren &#8211; viele von den Polizisten da sind auch nicht mit dem einverstanden, was sie da sch\u00fctzen m\u00fcssen. Wenn viele mit positiver Energie da herangehen, besch\u00e4men sie ja zugleich die Staatsanwaltschaft und ihre peinlichen Verbote. Und das haben sie verdient!<\/p>\n<p><strong>Mehr im Internet:<\/strong><\/p>\n<p><a href=\"http:\/\/www.dresden-nazifrei.com\/\" target=\"new\">| www.dresden-nazifrei.com<\/a><\/p>\n<p><a href=\"http:\/\/www.bademeister.com\/\">| Bademeister.com<\/a><\/p>\n<p><strong>Mehr Protest in Dresden am 13. Februar 2010:<\/strong><\/p>\n<p>Protest in direkter Sicht- und H\u00f6rweite des Neonaziaufmarsches: Die Amadeu Antonio Stiftung, die Aktion S\u00fchnezeichen, die AG &#8222;Kirche f\u00fcr Demokratie gegen Rechtsextremismus&#8220; und das Kulturb\u00fcro Sachsen e.V. rufen zu einem <strong>interreligi\u00f6sen Friedensgebet<\/strong> am 13. Februar in Dresden auf. Mehr Informationen dazu:<\/p>\n<p><a href=\"http:\/\/www.amadeu-antonio-stiftung.de\/aktuelles\/kritische-kriminalisierung-von-protest\/\" target=\"new\">| www.amadeu-antonio-stiftung.de<\/a><\/p>\n<p><strong>Mehr auf netz-gegen-nazis.de zu Dresden 2010:<\/strong><\/p>\n<p><a href=\"http:\/\/www.netz-gegen-nazis.de\/artikel\/konstantin-wecker-dresden-nazifrei-3487\">| Konstantin Wecker: Ungest\u00f6rte Aufm\u00e4rsche festigen die braune Szene<\/a><\/p>\n<p><a href=\"http:\/\/www.netz-gegen-nazis.de\/artikel\/rechtwissenschaftler-christian-pestalozza-rechtsextreme-haben-kein-recht-auf-kulisse-3887\">| Rechtswissenschaftler Christian Pestalozza: Rechtsextreme haben kein Recht auf Kulisse<\/a><\/p>\n<p><a href=\"http:\/\/www.netz-gegen-nazis.de\/artikel\/protest-dresden-nazigegner-trainieren-fuer-friedliche-blockade-0087\">| Protest in Dresden: Nazigegner trainieren f\u00fcr friedliche Blockade<\/a><\/p>\n<p><strong>Mehr auf mut-gegen-rechte-gewalt.de:<\/strong><\/p>\n<p><a href=\"http:\/\/www.mut-gegen-rechte-gewalt.de\/news\/meldungen\/was-wann-wo-dresden-2010\/\" target=\"new\">| Service Dresden 2010 &#8211; Was ist wann und wo?<\/a><\/p>\n","protected":false},"excerpt":{"rendered":"<p>Bela B., S\u00e4nger und Schlagzeuger der besten Band der Welt aus Berlin Die \u00c4rzte, unterst\u00fctzt Arbeit gegen Neonazis und aktuell auch den Aufruf von &#8222;Dresden Nazifrei&#8220;, den Naziaufmarsch in Dresden am 13. Februar zu blockieren. Dabei, so erz\u00e4hlt er im Interview, versteht er, was Rechtsextremismus f\u00fcr Jugendliche attraktiv macht, will aber Unentschlossene &#8222;ohne Bittermiene&#8220; \u00fcberzeugen, [&hellip;]<\/p>\n","protected":false},"author":229,"featured_media":0,"comment_status":"open","ping_status":"open","sticky":false,"template":"","format":"standard","meta":{"_jetpack_memberships_contains_paid_content":false,"footnotes":""},"categories":[1515,1456],"tags":[1504,1542,1707,1716,1752,1795,1858,1859],"class_list":["post-2545","post","type-post","status-publish","format-standard","hentry","category-bundesweit","category-sachsen","tag-bela-b","tag-dvu","tag-naziaufmarsch","tag-npd","tag-protest","tag-sitzblockade","tag-zivilcourage","tag-ziviler-ungehorsam"],"yoast_head":"<!-- This site is optimized with the Yoast SEO plugin v21.0 - https:\/\/yoast.com\/wordpress\/plugins\/seo\/ -->\n<title>&quot;Lass Dir nicht alles gefallen, wehr Dich, wenn Dir etwas nicht gef\u00e4llt&quot; - St\u00f6rungsmelder<\/title>\n<meta name=\"robots\" content=\"index, follow, max-snippet:-1, max-image-preview:large, max-video-preview:-1\" \/>\n<link rel=\"canonical\" href=\"https:\/\/blog.zeit.de\/stoerungsmelder\/2010\/02\/04\/lass-dir-nicht-alles-gefallen-wehr-dich-wenn-dir-etwas-nicht-gefallt_2545\" \/>\n<meta property=\"og:locale\" content=\"de_DE\" \/>\n<meta property=\"og:type\" content=\"article\" \/>\n<meta property=\"og:title\" content=\"&quot;Lass Dir nicht alles gefallen, wehr Dich, wenn Dir etwas nicht gef\u00e4llt&quot; - St\u00f6rungsmelder\" \/>\n<meta property=\"og:description\" content=\"Bela B., S\u00e4nger und Schlagzeuger der besten Band der Welt aus Berlin Die \u00c4rzte, unterst\u00fctzt Arbeit gegen Neonazis und aktuell auch den Aufruf von &#8222;Dresden Nazifrei&#8220;, den Naziaufmarsch in Dresden am 13. Februar zu blockieren. Dabei, so erz\u00e4hlt er im Interview, versteht er, was Rechtsextremismus f\u00fcr Jugendliche attraktiv macht, will aber Unentschlossene &#8222;ohne Bittermiene&#8220; \u00fcberzeugen, [&hellip;]\" \/>\n<meta property=\"og:url\" content=\"https:\/\/blog.zeit.de\/stoerungsmelder\/2010\/02\/04\/lass-dir-nicht-alles-gefallen-wehr-dich-wenn-dir-etwas-nicht-gefallt_2545\" \/>\n<meta property=\"og:site_name\" content=\"St\u00f6rungsmelder\" \/>\n<meta property=\"article:published_time\" content=\"2010-02-04T07:36:23+00:00\" \/>\n<meta property=\"og:image\" content=\"https:\/\/blog.zeit.de\/stoerungsmelder\/wp-content\/uploads\/2010\/02\/belab_keinbockaufnazis-300x199.jpg\" \/>\n<meta name=\"author\" content=\"St\u00f6rungsmelder\" \/>\n<meta name=\"twitter:card\" content=\"summary_large_image\" \/>\n<meta name=\"twitter:label1\" content=\"Geschrieben von\" \/>\n\t<meta name=\"twitter:data1\" content=\"St\u00f6rungsmelder\" \/>\n\t<meta name=\"twitter:label2\" content=\"Gesch\u00e4tzte Lesezeit\" \/>\n\t<meta name=\"twitter:data2\" content=\"6\u00a0Minuten\" \/>\n<script type=\"application\/ld+json\" class=\"yoast-schema-graph\">{\"@context\":\"https:\/\/schema.org\",\"@graph\":[{\"@type\":\"WebPage\",\"@id\":\"https:\/\/blog.zeit.de\/stoerungsmelder\/2010\/02\/04\/lass-dir-nicht-alles-gefallen-wehr-dich-wenn-dir-etwas-nicht-gefallt_2545\",\"url\":\"https:\/\/blog.zeit.de\/stoerungsmelder\/2010\/02\/04\/lass-dir-nicht-alles-gefallen-wehr-dich-wenn-dir-etwas-nicht-gefallt_2545\",\"name\":\"\\\"Lass Dir nicht alles gefallen, wehr Dich, wenn Dir etwas nicht gef\u00e4llt\\\" - St\u00f6rungsmelder\",\"isPartOf\":{\"@id\":\"https:\/\/blog.zeit.de\/stoerungsmelder\/#website\"},\"datePublished\":\"2010-02-04T07:36:23+00:00\",\"dateModified\":\"2010-02-04T07:36:23+00:00\",\"author\":{\"@id\":\"https:\/\/blog.zeit.de\/stoerungsmelder\/#\/schema\/person\/fdd0b9818f65738672810b6d6f037f71\"},\"breadcrumb\":{\"@id\":\"https:\/\/blog.zeit.de\/stoerungsmelder\/2010\/02\/04\/lass-dir-nicht-alles-gefallen-wehr-dich-wenn-dir-etwas-nicht-gefallt_2545#breadcrumb\"},\"inLanguage\":\"de\",\"potentialAction\":[{\"@type\":\"ReadAction\",\"target\":[\"https:\/\/blog.zeit.de\/stoerungsmelder\/2010\/02\/04\/lass-dir-nicht-alles-gefallen-wehr-dich-wenn-dir-etwas-nicht-gefallt_2545\"]}]},{\"@type\":\"BreadcrumbList\",\"@id\":\"https:\/\/blog.zeit.de\/stoerungsmelder\/2010\/02\/04\/lass-dir-nicht-alles-gefallen-wehr-dich-wenn-dir-etwas-nicht-gefallt_2545#breadcrumb\",\"itemListElement\":[{\"@type\":\"ListItem\",\"position\":1,\"name\":\"Startseite\",\"item\":\"https:\/\/blog.zeit.de\/stoerungsmelder\"},{\"@type\":\"ListItem\",\"position\":2,\"name\":\"&#8222;Lass Dir nicht alles gefallen, wehr Dich, wenn Dir etwas nicht gef\u00e4llt&#8220;\"}]},{\"@type\":\"WebSite\",\"@id\":\"https:\/\/blog.zeit.de\/stoerungsmelder\/#website\",\"url\":\"https:\/\/blog.zeit.de\/stoerungsmelder\/\",\"name\":\"St\u00f6rungsmelder\",\"description\":\"Recherchen und Analysen \u00fcber die extreme Rechte\",\"potentialAction\":[{\"@type\":\"SearchAction\",\"target\":{\"@type\":\"EntryPoint\",\"urlTemplate\":\"https:\/\/blog.zeit.de\/stoerungsmelder\/?s={search_term_string}\"},\"query-input\":\"required name=search_term_string\"}],\"inLanguage\":\"de\"},{\"@type\":\"Person\",\"@id\":\"https:\/\/blog.zeit.de\/stoerungsmelder\/#\/schema\/person\/fdd0b9818f65738672810b6d6f037f71\",\"name\":\"St\u00f6rungsmelder\",\"image\":{\"@type\":\"ImageObject\",\"inLanguage\":\"de\",\"@id\":\"https:\/\/blog.zeit.de\/stoerungsmelder\/#\/schema\/person\/image\/\",\"url\":\"https:\/\/secure.gravatar.com\/avatar\/dfa4be514c3e82a71e4f9a0020035d38192d080ccaa5e4e6d7a1472c763535c5?s=96&d=mm&r=pg\",\"contentUrl\":\"https:\/\/secure.gravatar.com\/avatar\/dfa4be514c3e82a71e4f9a0020035d38192d080ccaa5e4e6d7a1472c763535c5?s=96&d=mm&r=pg\",\"caption\":\"St\u00f6rungsmelder\"},\"url\":\"https:\/\/blog.zeit.de\/stoerungsmelder\/author\/stoerungsmelder\"}]}<\/script>\n<!-- \/ Yoast SEO plugin. -->","yoast_head_json":{"title":"\"Lass Dir nicht alles gefallen, wehr Dich, wenn Dir etwas nicht gef\u00e4llt\" - St\u00f6rungsmelder","robots":{"index":"index","follow":"follow","max-snippet":"max-snippet:-1","max-image-preview":"max-image-preview:large","max-video-preview":"max-video-preview:-1"},"canonical":"https:\/\/blog.zeit.de\/stoerungsmelder\/2010\/02\/04\/lass-dir-nicht-alles-gefallen-wehr-dich-wenn-dir-etwas-nicht-gefallt_2545","og_locale":"de_DE","og_type":"article","og_title":"\"Lass Dir nicht alles gefallen, wehr Dich, wenn Dir etwas nicht gef\u00e4llt\" - St\u00f6rungsmelder","og_description":"Bela B., S\u00e4nger und Schlagzeuger der besten Band der Welt aus Berlin Die \u00c4rzte, unterst\u00fctzt Arbeit gegen Neonazis und aktuell auch den Aufruf von &#8222;Dresden Nazifrei&#8220;, den Naziaufmarsch in Dresden am 13. Februar zu blockieren. Dabei, so erz\u00e4hlt er im Interview, versteht er, was Rechtsextremismus f\u00fcr Jugendliche attraktiv macht, will aber Unentschlossene &#8222;ohne Bittermiene&#8220; \u00fcberzeugen, [&hellip;]","og_url":"https:\/\/blog.zeit.de\/stoerungsmelder\/2010\/02\/04\/lass-dir-nicht-alles-gefallen-wehr-dich-wenn-dir-etwas-nicht-gefallt_2545","og_site_name":"St\u00f6rungsmelder","article_published_time":"2010-02-04T07:36:23+00:00","og_image":[{"url":"https:\/\/blog.zeit.de\/stoerungsmelder\/wp-content\/uploads\/2010\/02\/belab_keinbockaufnazis-300x199.jpg"}],"author":"St\u00f6rungsmelder","twitter_card":"summary_large_image","twitter_misc":{"Geschrieben von":"St\u00f6rungsmelder","Gesch\u00e4tzte Lesezeit":"6\u00a0Minuten"},"schema":{"@context":"https:\/\/schema.org","@graph":[{"@type":"WebPage","@id":"https:\/\/blog.zeit.de\/stoerungsmelder\/2010\/02\/04\/lass-dir-nicht-alles-gefallen-wehr-dich-wenn-dir-etwas-nicht-gefallt_2545","url":"https:\/\/blog.zeit.de\/stoerungsmelder\/2010\/02\/04\/lass-dir-nicht-alles-gefallen-wehr-dich-wenn-dir-etwas-nicht-gefallt_2545","name":"\"Lass Dir nicht alles gefallen, wehr Dich, wenn Dir etwas nicht gef\u00e4llt\" - St\u00f6rungsmelder","isPartOf":{"@id":"https:\/\/blog.zeit.de\/stoerungsmelder\/#website"},"datePublished":"2010-02-04T07:36:23+00:00","dateModified":"2010-02-04T07:36:23+00:00","author":{"@id":"https:\/\/blog.zeit.de\/stoerungsmelder\/#\/schema\/person\/fdd0b9818f65738672810b6d6f037f71"},"breadcrumb":{"@id":"https:\/\/blog.zeit.de\/stoerungsmelder\/2010\/02\/04\/lass-dir-nicht-alles-gefallen-wehr-dich-wenn-dir-etwas-nicht-gefallt_2545#breadcrumb"},"inLanguage":"de","potentialAction":[{"@type":"ReadAction","target":["https:\/\/blog.zeit.de\/stoerungsmelder\/2010\/02\/04\/lass-dir-nicht-alles-gefallen-wehr-dich-wenn-dir-etwas-nicht-gefallt_2545"]}]},{"@type":"BreadcrumbList","@id":"https:\/\/blog.zeit.de\/stoerungsmelder\/2010\/02\/04\/lass-dir-nicht-alles-gefallen-wehr-dich-wenn-dir-etwas-nicht-gefallt_2545#breadcrumb","itemListElement":[{"@type":"ListItem","position":1,"name":"Startseite","item":"https:\/\/blog.zeit.de\/stoerungsmelder"},{"@type":"ListItem","position":2,"name":"&#8222;Lass Dir nicht alles gefallen, wehr Dich, wenn Dir etwas nicht gef\u00e4llt&#8220;"}]},{"@type":"WebSite","@id":"https:\/\/blog.zeit.de\/stoerungsmelder\/#website","url":"https:\/\/blog.zeit.de\/stoerungsmelder\/","name":"St\u00f6rungsmelder","description":"Recherchen und Analysen \u00fcber die extreme Rechte","potentialAction":[{"@type":"SearchAction","target":{"@type":"EntryPoint","urlTemplate":"https:\/\/blog.zeit.de\/stoerungsmelder\/?s={search_term_string}"},"query-input":"required name=search_term_string"}],"inLanguage":"de"},{"@type":"Person","@id":"https:\/\/blog.zeit.de\/stoerungsmelder\/#\/schema\/person\/fdd0b9818f65738672810b6d6f037f71","name":"St\u00f6rungsmelder","image":{"@type":"ImageObject","inLanguage":"de","@id":"https:\/\/blog.zeit.de\/stoerungsmelder\/#\/schema\/person\/image\/","url":"https:\/\/secure.gravatar.com\/avatar\/dfa4be514c3e82a71e4f9a0020035d38192d080ccaa5e4e6d7a1472c763535c5?s=96&d=mm&r=pg","contentUrl":"https:\/\/secure.gravatar.com\/avatar\/dfa4be514c3e82a71e4f9a0020035d38192d080ccaa5e4e6d7a1472c763535c5?s=96&d=mm&r=pg","caption":"St\u00f6rungsmelder"},"url":"https:\/\/blog.zeit.de\/stoerungsmelder\/author\/stoerungsmelder"}]}},"jetpack_featured_media_url":"","jetpack_sharing_enabled":true,"_links":{"self":[{"href":"https:\/\/blog.zeit.de\/stoerungsmelder\/wp-json\/wp\/v2\/posts\/2545","targetHints":{"allow":["GET"]}}],"collection":[{"href":"https:\/\/blog.zeit.de\/stoerungsmelder\/wp-json\/wp\/v2\/posts"}],"about":[{"href":"https:\/\/blog.zeit.de\/stoerungsmelder\/wp-json\/wp\/v2\/types\/post"}],"author":[{"embeddable":true,"href":"https:\/\/blog.zeit.de\/stoerungsmelder\/wp-json\/wp\/v2\/users\/229"}],"replies":[{"embeddable":true,"href":"https:\/\/blog.zeit.de\/stoerungsmelder\/wp-json\/wp\/v2\/comments?post=2545"}],"version-history":[{"count":0,"href":"https:\/\/blog.zeit.de\/stoerungsmelder\/wp-json\/wp\/v2\/posts\/2545\/revisions"}],"wp:attachment":[{"href":"https:\/\/blog.zeit.de\/stoerungsmelder\/wp-json\/wp\/v2\/media?parent=2545"}],"wp:term":[{"taxonomy":"category","embeddable":true,"href":"https:\/\/blog.zeit.de\/stoerungsmelder\/wp-json\/wp\/v2\/categories?post=2545"},{"taxonomy":"post_tag","embeddable":true,"href":"https:\/\/blog.zeit.de\/stoerungsmelder\/wp-json\/wp\/v2\/tags?post=2545"}],"curies":[{"name":"wp","href":"https:\/\/api.w.org\/{rel}","templated":true}]}}