{"id":25491,"date":"2018-02-04T17:47:57","date_gmt":"2018-02-04T16:47:57","guid":{"rendered":"http:\/\/blog.zeit.de\/stoerungsmelder\/?p=25491"},"modified":"2018-02-04T17:48:55","modified_gmt":"2018-02-04T16:48:55","slug":"weimar-neonazi-trauermarsch-floppt","status":"publish","type":"post","link":"https:\/\/blog.zeit.de\/stoerungsmelder\/2018\/02\/04\/weimar-neonazi-trauermarsch-floppt_25491","title":{"rendered":"Weimar: Neonazistischer &#8222;Trauermarsch&#8220; floppt"},"content":{"rendered":"<p><figure id=\"attachment_25504\" aria-describedby=\"caption-attachment-25504\" style=\"width: 620px\" class=\"wp-caption aligncenter\"><img loading=\"lazy\" decoding=\"async\" class=\"size-medium wp-image-25504\" src=\"https:\/\/blog.zeit.de\/stoerungsmelder\/files\/2018\/02\/2018.02.03-Weimar-Neonazi-Trauermarsch-10_head-620x247.jpg\" alt=\"\" width=\"620\" height=\"247\" srcset=\"https:\/\/blog.zeit.de\/stoerungsmelder\/files\/2018\/02\/2018.02.03-Weimar-Neonazi-Trauermarsch-10_head-620x247.jpg 620w, https:\/\/blog.zeit.de\/stoerungsmelder\/files\/2018\/02\/2018.02.03-Weimar-Neonazi-Trauermarsch-10_head.jpg 675w\" sizes=\"auto, (max-width: 620px) 100vw, 620px\" \/><figcaption id=\"caption-attachment-25504\" class=\"wp-caption-text\">Rund 500 Menschen stellten sich in Weimar den Neonazis entgegen \u00a9 Lionel C. Bendtner<\/figcaption><\/figure><\/p>\n<p>Am Samstag floppte ein geschichtsrevisionistischer Neonazi-Aufmarsch in Weimar mit nur 70 Teilnehmern und veraltetem Propaganda-Material. Mehr als 500 Menschen protestierten gegen die extrem rechte Veranstaltung und zeigten lautstark, dass die Neonazis in der Kulturstadt nicht willkommen sind.<!--more--><\/p>\n<p><em>Von <\/em><a href=\"https:\/\/www.flickr.com\/photos\/lionelcbendtner\/albums\/72157690096527352\" target=\"_blank\" rel=\"noopener\"><em>Lionel C. Bendtner<\/em><\/a><\/p>\n<p>F\u00fcr Samstag 16 Uhr mobilisierte die Th\u00fcringer Neonazi-Szene zu ihrem \u201eTrauermarsch\u201c nach Weimar. Bereits vor dem offiziellen Beginn der Gegenkundgebung trafen sich rund 100 Menschen am Auftaktort der Neonazi-Demo, um ihren Protest gegen das j\u00e4hrlich stattfindende neonazistische Szene-Event kundzutun. Am Ende nahmen an den Gegenprotesten rund 500 Menschen teil. Noch bevor alle Neonazis am Startort ihres Aufmarsches angekommen waren, konnten einige wenige Gegendemonstranten die Polizeiabsperrungen \u00fcberwinden und zumindest zeitweise die Strecke blockieren. Nach einigen Verhandlungen mit der Polizei verlie\u00dfen die Demonstranten dann die Aufmarschstrecke. Um weitere solcher Aktionen zu unterbinden, zog die Polizei eine Hundestaffel hinzu und positionierte sich vor der Gegenkundgebung.<\/p>\n<p><figure id=\"attachment_25493\" aria-describedby=\"caption-attachment-25493\" style=\"width: 620px\" class=\"wp-caption aligncenter\"><img loading=\"lazy\" decoding=\"async\" class=\"wp-image-25493 size-medium\" src=\"https:\/\/blog.zeit.de\/stoerungsmelder\/files\/2018\/02\/2018.02.03-Weimar-Neonazi-Trauermarsch-04-620x348.jpg\" alt=\"\" width=\"620\" height=\"348\" srcset=\"https:\/\/blog.zeit.de\/stoerungsmelder\/files\/2018\/02\/2018.02.03-Weimar-Neonazi-Trauermarsch-04-620x348.jpg 620w, https:\/\/blog.zeit.de\/stoerungsmelder\/files\/2018\/02\/2018.02.03-Weimar-Neonazi-Trauermarsch-04-768x431.jpg 768w, https:\/\/blog.zeit.de\/stoerungsmelder\/files\/2018\/02\/2018.02.03-Weimar-Neonazi-Trauermarsch-04.jpg 800w\" sizes=\"auto, (max-width: 620px) 100vw, 620px\" \/><figcaption id=\"caption-attachment-25493\" class=\"wp-caption-text\"><em>Gegendemonstranten blockierten in Weimar kurzzeitig die Aufmarschtrecke der NEonazis \u00a9 Lionel C. Bendtner<\/em><\/figcaption><\/figure><\/p>\n<p>W\u00e4hrenddessen erreichten die rund 70 Neonazis den Auftaktort ihres Aufmarsches. Jenseits der Th\u00fcringer Szene waren in diesem Jahr nur wenige Neonazis von au\u00dferhalb angereist. Dies d\u00fcrfte nicht zuletzt mit einem Szene-Streit rund um die Partei Die Rechte zusammenh\u00e4ngen, zu der die Organisatoren der Veranstaltung in Weimar bis vor kurzem geh\u00f6rten.<\/p>\n<p>W\u00e4hrend der Trauermarsch durch Weimar zog, kam es an zahlreichen Nebenstra\u00dfen zu lautstarken Protestaktionen. Weitere Versuche auf die Strecke zu gelangen, wurden seitens der Gegendemonstranten nicht unternommen, sodass der Neonazi-Aufmarsch st\u00f6rungsfrei durchgef\u00fchrt werden konnte. Die teils aus Niedersachsen und Rheinland-Pfalz angereisten Redner bedienten in ihren Redebeitr\u00e4gen die klassischen Themen neonazistischer Geschichtserz\u00e4hlung. Hierbei kam es mehrfach zu antisemitischen \u00c4u\u00dferungen. So wurde unter anderem mehrfach vom \u201eBombenholocaust\u201c gegen das deutsche Volk gesprochen. W\u00e4hrend die Neonazis im Vorfeld angaben, an die Bombardierung Weimars vom 9. Februar 1945 erinnern zu wollen, war dies jedoch inhaltlich kaum Thema der Reden. Vielmehr schien die Veranstaltung einen klaren Bezug zur Bombardierung Dresdens und dem damit verbundenen Opfermythos der Szene zu haben. Dies war auch anhand der mitgef\u00fchrten Schilder zu erkennen, die f\u00fcr das Gedenken in Dresden warben. Passend zur r\u00fcckw\u00e4rtsgewandten Ideologie der Veranstaltung allerdings f\u00fcr das Jahr 2016.<\/p>\n<p><div id='gallery-1' class='gallery galleryid-25491 gallery-columns-3 gallery-size-large'><figure class='gallery-item'>\n\t\t\t<div class='gallery-icon landscape'>\n\t\t\t\t<a href='https:\/\/blog.zeit.de\/stoerungsmelder\/2018-02-03-weimar-neonazi-trauermarsch-30'><img loading=\"lazy\" decoding=\"async\" width=\"640\" height=\"359\" src=\"https:\/\/blog.zeit.de\/stoerungsmelder\/files\/2018\/02\/2018.02.03-Weimar-Neonazi-Trauermarsch-30.jpg\" class=\"attachment-large size-large\" alt=\"\" aria-describedby=\"gallery-1-25503\" srcset=\"https:\/\/blog.zeit.de\/stoerungsmelder\/files\/2018\/02\/2018.02.03-Weimar-Neonazi-Trauermarsch-30.jpg 800w, https:\/\/blog.zeit.de\/stoerungsmelder\/files\/2018\/02\/2018.02.03-Weimar-Neonazi-Trauermarsch-30-620x348.jpg 620w, https:\/\/blog.zeit.de\/stoerungsmelder\/files\/2018\/02\/2018.02.03-Weimar-Neonazi-Trauermarsch-30-768x431.jpg 768w\" sizes=\"auto, (max-width: 640px) 100vw, 640px\" \/><\/a>\n\t\t\t<\/div>\n\t\t\t\t<figcaption class='wp-caption-text gallery-caption' id='gallery-1-25503'>\n\t\t\t\tNeonazi-Aufmarsch und Gegenproteste in Weimar \u00a9 Lionel C. Bendtner\n\t\t\t\t<\/figcaption><\/figure><figure class='gallery-item'>\n\t\t\t<div class='gallery-icon landscape'>\n\t\t\t\t<a href='https:\/\/blog.zeit.de\/stoerungsmelder\/2018-02-03-weimar-neonazi-trauermarsch-29'><img loading=\"lazy\" decoding=\"async\" width=\"640\" height=\"359\" src=\"https:\/\/blog.zeit.de\/stoerungsmelder\/files\/2018\/02\/2018.02.03-Weimar-Neonazi-Trauermarsch-29.jpg\" class=\"attachment-large size-large\" alt=\"\" aria-describedby=\"gallery-1-25502\" srcset=\"https:\/\/blog.zeit.de\/stoerungsmelder\/files\/2018\/02\/2018.02.03-Weimar-Neonazi-Trauermarsch-29.jpg 800w, https:\/\/blog.zeit.de\/stoerungsmelder\/files\/2018\/02\/2018.02.03-Weimar-Neonazi-Trauermarsch-29-620x348.jpg 620w, https:\/\/blog.zeit.de\/stoerungsmelder\/files\/2018\/02\/2018.02.03-Weimar-Neonazi-Trauermarsch-29-768x431.jpg 768w\" sizes=\"auto, (max-width: 640px) 100vw, 640px\" \/><\/a>\n\t\t\t<\/div>\n\t\t\t\t<figcaption class='wp-caption-text gallery-caption' id='gallery-1-25502'>\n\t\t\t\tNeonazi-Aufmarsch und Gegenproteste in Weimar \u00a9 Lionel C. Bendtner\n\t\t\t\t<\/figcaption><\/figure><figure class='gallery-item'>\n\t\t\t<div class='gallery-icon landscape'>\n\t\t\t\t<a href='https:\/\/blog.zeit.de\/stoerungsmelder\/2018-02-03-weimar-neonazi-trauermarsch-28'><img loading=\"lazy\" decoding=\"async\" width=\"640\" height=\"359\" src=\"https:\/\/blog.zeit.de\/stoerungsmelder\/files\/2018\/02\/2018.02.03-Weimar-Neonazi-Trauermarsch-28.jpg\" class=\"attachment-large size-large\" alt=\"\" aria-describedby=\"gallery-1-25501\" srcset=\"https:\/\/blog.zeit.de\/stoerungsmelder\/files\/2018\/02\/2018.02.03-Weimar-Neonazi-Trauermarsch-28.jpg 800w, https:\/\/blog.zeit.de\/stoerungsmelder\/files\/2018\/02\/2018.02.03-Weimar-Neonazi-Trauermarsch-28-620x348.jpg 620w, https:\/\/blog.zeit.de\/stoerungsmelder\/files\/2018\/02\/2018.02.03-Weimar-Neonazi-Trauermarsch-28-768x431.jpg 768w\" sizes=\"auto, (max-width: 640px) 100vw, 640px\" \/><\/a>\n\t\t\t<\/div>\n\t\t\t\t<figcaption class='wp-caption-text gallery-caption' id='gallery-1-25501'>\n\t\t\t\tNeonazi-Aufmarsch und Gegenproteste in Weimar \u00a9 Lionel C. Bendtner\n\t\t\t\t<\/figcaption><\/figure><figure class='gallery-item'>\n\t\t\t<div class='gallery-icon landscape'>\n\t\t\t\t<a href='https:\/\/blog.zeit.de\/stoerungsmelder\/2018-02-03-weimar-neonazi-trauermarsch-26'><img loading=\"lazy\" decoding=\"async\" width=\"640\" height=\"359\" src=\"https:\/\/blog.zeit.de\/stoerungsmelder\/files\/2018\/02\/2018.02.03-Weimar-Neonazi-Trauermarsch-26.jpg\" class=\"attachment-large size-large\" alt=\"\" aria-describedby=\"gallery-1-25500\" srcset=\"https:\/\/blog.zeit.de\/stoerungsmelder\/files\/2018\/02\/2018.02.03-Weimar-Neonazi-Trauermarsch-26.jpg 800w, https:\/\/blog.zeit.de\/stoerungsmelder\/files\/2018\/02\/2018.02.03-Weimar-Neonazi-Trauermarsch-26-620x348.jpg 620w, https:\/\/blog.zeit.de\/stoerungsmelder\/files\/2018\/02\/2018.02.03-Weimar-Neonazi-Trauermarsch-26-768x431.jpg 768w\" sizes=\"auto, (max-width: 640px) 100vw, 640px\" \/><\/a>\n\t\t\t<\/div>\n\t\t\t\t<figcaption class='wp-caption-text gallery-caption' id='gallery-1-25500'>\n\t\t\t\tNeonazi-Aufmarsch und Gegenproteste in Weimar \u00a9 Lionel C. Bendtner\n\t\t\t\t<\/figcaption><\/figure><figure class='gallery-item'>\n\t\t\t<div class='gallery-icon landscape'>\n\t\t\t\t<a href='https:\/\/blog.zeit.de\/stoerungsmelder\/2018-02-03-weimar-neonazi-trauermarsch-22'><img loading=\"lazy\" decoding=\"async\" width=\"640\" height=\"359\" src=\"https:\/\/blog.zeit.de\/stoerungsmelder\/files\/2018\/02\/2018.02.03-Weimar-Neonazi-Trauermarsch-22.jpg\" class=\"attachment-large size-large\" alt=\"\" aria-describedby=\"gallery-1-25499\" srcset=\"https:\/\/blog.zeit.de\/stoerungsmelder\/files\/2018\/02\/2018.02.03-Weimar-Neonazi-Trauermarsch-22.jpg 800w, https:\/\/blog.zeit.de\/stoerungsmelder\/files\/2018\/02\/2018.02.03-Weimar-Neonazi-Trauermarsch-22-620x348.jpg 620w, https:\/\/blog.zeit.de\/stoerungsmelder\/files\/2018\/02\/2018.02.03-Weimar-Neonazi-Trauermarsch-22-768x431.jpg 768w\" sizes=\"auto, (max-width: 640px) 100vw, 640px\" \/><\/a>\n\t\t\t<\/div>\n\t\t\t\t<figcaption class='wp-caption-text gallery-caption' id='gallery-1-25499'>\n\t\t\t\tNeonazi-Aufmarsch und Gegenproteste in Weimar \u00a9 Lionel C. Bendtner\n\t\t\t\t<\/figcaption><\/figure><figure class='gallery-item'>\n\t\t\t<div class='gallery-icon landscape'>\n\t\t\t\t<a href='https:\/\/blog.zeit.de\/stoerungsmelder\/2018-02-03-weimar-neonazi-trauermarsch-15'><img loading=\"lazy\" decoding=\"async\" width=\"640\" height=\"359\" src=\"https:\/\/blog.zeit.de\/stoerungsmelder\/files\/2018\/02\/2018.02.03-Weimar-Neonazi-Trauermarsch-15.jpg\" class=\"attachment-large size-large\" alt=\"\" aria-describedby=\"gallery-1-25498\" srcset=\"https:\/\/blog.zeit.de\/stoerungsmelder\/files\/2018\/02\/2018.02.03-Weimar-Neonazi-Trauermarsch-15.jpg 800w, https:\/\/blog.zeit.de\/stoerungsmelder\/files\/2018\/02\/2018.02.03-Weimar-Neonazi-Trauermarsch-15-620x348.jpg 620w, https:\/\/blog.zeit.de\/stoerungsmelder\/files\/2018\/02\/2018.02.03-Weimar-Neonazi-Trauermarsch-15-768x431.jpg 768w\" sizes=\"auto, (max-width: 640px) 100vw, 640px\" \/><\/a>\n\t\t\t<\/div>\n\t\t\t\t<figcaption class='wp-caption-text gallery-caption' id='gallery-1-25498'>\n\t\t\t\tNeonazi-Aufmarsch und Gegenproteste in Weimar \u00a9 Lionel C. Bendtner\n\t\t\t\t<\/figcaption><\/figure><figure class='gallery-item'>\n\t\t\t<div class='gallery-icon landscape'>\n\t\t\t\t<a href='https:\/\/blog.zeit.de\/stoerungsmelder\/2018-02-03-weimar-neonazi-trauermarsch-13'><img loading=\"lazy\" decoding=\"async\" width=\"640\" height=\"359\" src=\"https:\/\/blog.zeit.de\/stoerungsmelder\/files\/2018\/02\/2018.02.03-Weimar-Neonazi-Trauermarsch-13.jpg\" class=\"attachment-large size-large\" alt=\"\" aria-describedby=\"gallery-1-25497\" srcset=\"https:\/\/blog.zeit.de\/stoerungsmelder\/files\/2018\/02\/2018.02.03-Weimar-Neonazi-Trauermarsch-13.jpg 800w, https:\/\/blog.zeit.de\/stoerungsmelder\/files\/2018\/02\/2018.02.03-Weimar-Neonazi-Trauermarsch-13-620x348.jpg 620w, https:\/\/blog.zeit.de\/stoerungsmelder\/files\/2018\/02\/2018.02.03-Weimar-Neonazi-Trauermarsch-13-768x431.jpg 768w\" sizes=\"auto, (max-width: 640px) 100vw, 640px\" \/><\/a>\n\t\t\t<\/div>\n\t\t\t\t<figcaption class='wp-caption-text gallery-caption' id='gallery-1-25497'>\n\t\t\t\tNeonazi-Aufmarsch und Gegenproteste in Weimar \u00a9 Lionel C. Bendtner\n\t\t\t\t<\/figcaption><\/figure><figure class='gallery-item'>\n\t\t\t<div class='gallery-icon landscape'>\n\t\t\t\t<a href='https:\/\/blog.zeit.de\/stoerungsmelder\/2018-02-03-weimar-neonazi-trauermarsch-10'><img loading=\"lazy\" decoding=\"async\" width=\"640\" height=\"359\" src=\"https:\/\/blog.zeit.de\/stoerungsmelder\/files\/2018\/02\/2018.02.03-Weimar-Neonazi-Trauermarsch-10.jpg\" class=\"attachment-large size-large\" alt=\"\" aria-describedby=\"gallery-1-25496\" srcset=\"https:\/\/blog.zeit.de\/stoerungsmelder\/files\/2018\/02\/2018.02.03-Weimar-Neonazi-Trauermarsch-10.jpg 800w, https:\/\/blog.zeit.de\/stoerungsmelder\/files\/2018\/02\/2018.02.03-Weimar-Neonazi-Trauermarsch-10-620x348.jpg 620w, https:\/\/blog.zeit.de\/stoerungsmelder\/files\/2018\/02\/2018.02.03-Weimar-Neonazi-Trauermarsch-10-768x431.jpg 768w\" sizes=\"auto, (max-width: 640px) 100vw, 640px\" \/><\/a>\n\t\t\t<\/div>\n\t\t\t\t<figcaption class='wp-caption-text gallery-caption' id='gallery-1-25496'>\n\t\t\t\tNeonazi-Aufmarsch und Gegenproteste in Weimar \u00a9 Lionel C. Bendtner\n\t\t\t\t<\/figcaption><\/figure><figure class='gallery-item'>\n\t\t\t<div class='gallery-icon landscape'>\n\t\t\t\t<a href='https:\/\/blog.zeit.de\/stoerungsmelder\/2018-02-03-weimar-neonazi-trauermarsch-08'><img loading=\"lazy\" decoding=\"async\" width=\"640\" height=\"359\" src=\"https:\/\/blog.zeit.de\/stoerungsmelder\/files\/2018\/02\/2018.02.03-Weimar-Neonazi-Trauermarsch-08.jpg\" class=\"attachment-large size-large\" alt=\"\" aria-describedby=\"gallery-1-25495\" srcset=\"https:\/\/blog.zeit.de\/stoerungsmelder\/files\/2018\/02\/2018.02.03-Weimar-Neonazi-Trauermarsch-08.jpg 800w, https:\/\/blog.zeit.de\/stoerungsmelder\/files\/2018\/02\/2018.02.03-Weimar-Neonazi-Trauermarsch-08-620x348.jpg 620w, https:\/\/blog.zeit.de\/stoerungsmelder\/files\/2018\/02\/2018.02.03-Weimar-Neonazi-Trauermarsch-08-768x431.jpg 768w\" sizes=\"auto, (max-width: 640px) 100vw, 640px\" \/><\/a>\n\t\t\t<\/div>\n\t\t\t\t<figcaption class='wp-caption-text gallery-caption' id='gallery-1-25495'>\n\t\t\t\tNeonazi-Aufmarsch und Gegenproteste in Weimar \u00a9 Lionel C. Bendtner\n\t\t\t\t<\/figcaption><\/figure><figure class='gallery-item'>\n\t\t\t<div class='gallery-icon landscape'>\n\t\t\t\t<a href='https:\/\/blog.zeit.de\/stoerungsmelder\/2018-02-03-weimar-neonazi-trauermarsch-06'><img loading=\"lazy\" decoding=\"async\" width=\"640\" height=\"359\" src=\"https:\/\/blog.zeit.de\/stoerungsmelder\/files\/2018\/02\/2018.02.03-Weimar-Neonazi-Trauermarsch-06.jpg\" class=\"attachment-large size-large\" alt=\"\" aria-describedby=\"gallery-1-25494\" srcset=\"https:\/\/blog.zeit.de\/stoerungsmelder\/files\/2018\/02\/2018.02.03-Weimar-Neonazi-Trauermarsch-06.jpg 800w, https:\/\/blog.zeit.de\/stoerungsmelder\/files\/2018\/02\/2018.02.03-Weimar-Neonazi-Trauermarsch-06-620x348.jpg 620w, https:\/\/blog.zeit.de\/stoerungsmelder\/files\/2018\/02\/2018.02.03-Weimar-Neonazi-Trauermarsch-06-768x431.jpg 768w\" sizes=\"auto, (max-width: 640px) 100vw, 640px\" \/><\/a>\n\t\t\t<\/div>\n\t\t\t\t<figcaption class='wp-caption-text gallery-caption' id='gallery-1-25494'>\n\t\t\t\tNeonazi-Aufmarsch und Gegenproteste in Weimar \u00a9 Lionel C. Bendtner\n\t\t\t\t<\/figcaption><\/figure><figure class='gallery-item'>\n\t\t\t<div class='gallery-icon landscape'>\n\t\t\t\t<a href='https:\/\/blog.zeit.de\/stoerungsmelder\/2018\/02\/04\/weimar-neonazi-trauermarsch-floppt_25491\/2018-02-03-weimar-neonazi-trauermarsch-04'><img loading=\"lazy\" decoding=\"async\" width=\"640\" height=\"359\" src=\"https:\/\/blog.zeit.de\/stoerungsmelder\/files\/2018\/02\/2018.02.03-Weimar-Neonazi-Trauermarsch-04.jpg\" class=\"attachment-large size-large\" alt=\"\" aria-describedby=\"gallery-1-25493\" srcset=\"https:\/\/blog.zeit.de\/stoerungsmelder\/files\/2018\/02\/2018.02.03-Weimar-Neonazi-Trauermarsch-04.jpg 800w, https:\/\/blog.zeit.de\/stoerungsmelder\/files\/2018\/02\/2018.02.03-Weimar-Neonazi-Trauermarsch-04-620x348.jpg 620w, https:\/\/blog.zeit.de\/stoerungsmelder\/files\/2018\/02\/2018.02.03-Weimar-Neonazi-Trauermarsch-04-768x431.jpg 768w\" sizes=\"auto, (max-width: 640px) 100vw, 640px\" \/><\/a>\n\t\t\t<\/div>\n\t\t\t\t<figcaption class='wp-caption-text gallery-caption' id='gallery-1-25493'>\n\t\t\t\tNeonazi-Aufmarsch und Gegenproteste in Weimar \u00a9 Lionel C. Bendtner\n\t\t\t\t<\/figcaption><\/figure>\n\t\t<\/div>\n<\/p>\n<p>Nach knapp einst\u00fcndigem Aufmarsch wurde die Veranstaltung dann beendet. Die Neonazi-Organisatoren gaben am Ende bekannt, dass sie den j\u00e4hrlichen Aufmarsch bereits bis 2025 bei der Versammlungsbeh\u00f6rde angemeldet h\u00e4tten.<\/p>\n","protected":false},"excerpt":{"rendered":"<p>Am Samstag floppte ein geschichtsrevisionistischer Neonazi-Aufmarsch in Weimar mit nur 70 Teilnehmern und veraltetem Propaganda-Material. Mehr als 500 Menschen protestierten gegen die extrem rechte Veranstaltung und zeigten lautstark, dass die Neonazis in der Kulturstadt nicht willkommen sind.<\/p>\n","protected":false},"author":229,"featured_media":25504,"comment_status":"open","ping_status":"open","sticky":false,"template":"","format":"standard","meta":{"_jetpack_memberships_contains_paid_content":false,"footnotes":""},"categories":[978],"tags":[],"class_list":["post-25491","post","type-post","status-publish","format-standard","has-post-thumbnail","hentry","category-thuringen"],"yoast_head":"<!-- This site is optimized with the Yoast SEO plugin v21.0 - https:\/\/yoast.com\/wordpress\/plugins\/seo\/ -->\n<title>Weimar: Neonazistischer &quot;Trauermarsch&quot; floppt - St\u00f6rungsmelder<\/title>\n<meta name=\"robots\" content=\"index, follow, max-snippet:-1, max-image-preview:large, max-video-preview:-1\" \/>\n<link rel=\"canonical\" href=\"https:\/\/blog.zeit.de\/stoerungsmelder\/2018\/02\/04\/weimar-neonazi-trauermarsch-floppt_25491\" \/>\n<meta property=\"og:locale\" content=\"de_DE\" \/>\n<meta property=\"og:type\" content=\"article\" \/>\n<meta property=\"og:title\" content=\"Weimar: Neonazistischer &quot;Trauermarsch&quot; floppt - St\u00f6rungsmelder\" \/>\n<meta property=\"og:description\" content=\"Am Samstag floppte ein geschichtsrevisionistischer Neonazi-Aufmarsch in Weimar mit nur 70 Teilnehmern und veraltetem Propaganda-Material. Mehr als 500 Menschen protestierten gegen die extrem rechte Veranstaltung und zeigten lautstark, dass die Neonazis in der Kulturstadt nicht willkommen sind.\" \/>\n<meta property=\"og:url\" content=\"https:\/\/blog.zeit.de\/stoerungsmelder\/2018\/02\/04\/weimar-neonazi-trauermarsch-floppt_25491\" \/>\n<meta property=\"og:site_name\" content=\"St\u00f6rungsmelder\" \/>\n<meta property=\"article:published_time\" content=\"2018-02-04T16:47:57+00:00\" \/>\n<meta property=\"article:modified_time\" content=\"2018-02-04T16:48:55+00:00\" \/>\n<meta property=\"og:image\" content=\"https:\/\/blog.zeit.de\/stoerungsmelder\/files\/2018\/02\/2018.02.03-Weimar-Neonazi-Trauermarsch-10_head.jpg\" \/>\n\t<meta property=\"og:image:width\" content=\"675\" \/>\n\t<meta property=\"og:image:height\" content=\"269\" \/>\n\t<meta property=\"og:image:type\" content=\"image\/jpeg\" \/>\n<meta name=\"author\" content=\"St\u00f6rungsmelder\" \/>\n<meta name=\"twitter:card\" content=\"summary_large_image\" \/>\n<meta name=\"twitter:label1\" content=\"Geschrieben von\" \/>\n\t<meta name=\"twitter:data1\" content=\"St\u00f6rungsmelder\" \/>\n\t<meta name=\"twitter:label2\" content=\"Gesch\u00e4tzte Lesezeit\" \/>\n\t<meta name=\"twitter:data2\" content=\"2\u00a0Minuten\" \/>\n<script type=\"application\/ld+json\" class=\"yoast-schema-graph\">{\"@context\":\"https:\/\/schema.org\",\"@graph\":[{\"@type\":\"WebPage\",\"@id\":\"https:\/\/blog.zeit.de\/stoerungsmelder\/2018\/02\/04\/weimar-neonazi-trauermarsch-floppt_25491\",\"url\":\"https:\/\/blog.zeit.de\/stoerungsmelder\/2018\/02\/04\/weimar-neonazi-trauermarsch-floppt_25491\",\"name\":\"Weimar: Neonazistischer \\\"Trauermarsch\\\" floppt - St\u00f6rungsmelder\",\"isPartOf\":{\"@id\":\"https:\/\/blog.zeit.de\/stoerungsmelder\/#website\"},\"datePublished\":\"2018-02-04T16:47:57+00:00\",\"dateModified\":\"2018-02-04T16:48:55+00:00\",\"author\":{\"@id\":\"https:\/\/blog.zeit.de\/stoerungsmelder\/#\/schema\/person\/fdd0b9818f65738672810b6d6f037f71\"},\"breadcrumb\":{\"@id\":\"https:\/\/blog.zeit.de\/stoerungsmelder\/2018\/02\/04\/weimar-neonazi-trauermarsch-floppt_25491#breadcrumb\"},\"inLanguage\":\"de\",\"potentialAction\":[{\"@type\":\"ReadAction\",\"target\":[\"https:\/\/blog.zeit.de\/stoerungsmelder\/2018\/02\/04\/weimar-neonazi-trauermarsch-floppt_25491\"]}]},{\"@type\":\"BreadcrumbList\",\"@id\":\"https:\/\/blog.zeit.de\/stoerungsmelder\/2018\/02\/04\/weimar-neonazi-trauermarsch-floppt_25491#breadcrumb\",\"itemListElement\":[{\"@type\":\"ListItem\",\"position\":1,\"name\":\"Startseite\",\"item\":\"https:\/\/blog.zeit.de\/stoerungsmelder\"},{\"@type\":\"ListItem\",\"position\":2,\"name\":\"Weimar: Neonazistischer &#8222;Trauermarsch&#8220; floppt\"}]},{\"@type\":\"WebSite\",\"@id\":\"https:\/\/blog.zeit.de\/stoerungsmelder\/#website\",\"url\":\"https:\/\/blog.zeit.de\/stoerungsmelder\/\",\"name\":\"St\u00f6rungsmelder\",\"description\":\"Recherchen und Analysen \u00fcber die extreme Rechte\",\"potentialAction\":[{\"@type\":\"SearchAction\",\"target\":{\"@type\":\"EntryPoint\",\"urlTemplate\":\"https:\/\/blog.zeit.de\/stoerungsmelder\/?s={search_term_string}\"},\"query-input\":\"required name=search_term_string\"}],\"inLanguage\":\"de\"},{\"@type\":\"Person\",\"@id\":\"https:\/\/blog.zeit.de\/stoerungsmelder\/#\/schema\/person\/fdd0b9818f65738672810b6d6f037f71\",\"name\":\"St\u00f6rungsmelder\",\"image\":{\"@type\":\"ImageObject\",\"inLanguage\":\"de\",\"@id\":\"https:\/\/blog.zeit.de\/stoerungsmelder\/#\/schema\/person\/image\/\",\"url\":\"https:\/\/secure.gravatar.com\/avatar\/dfa4be514c3e82a71e4f9a0020035d38192d080ccaa5e4e6d7a1472c763535c5?s=96&d=mm&r=pg\",\"contentUrl\":\"https:\/\/secure.gravatar.com\/avatar\/dfa4be514c3e82a71e4f9a0020035d38192d080ccaa5e4e6d7a1472c763535c5?s=96&d=mm&r=pg\",\"caption\":\"St\u00f6rungsmelder\"},\"url\":\"https:\/\/blog.zeit.de\/stoerungsmelder\/author\/stoerungsmelder\"}]}<\/script>\n<!-- \/ Yoast SEO plugin. -->","yoast_head_json":{"title":"Weimar: Neonazistischer \"Trauermarsch\" floppt - St\u00f6rungsmelder","robots":{"index":"index","follow":"follow","max-snippet":"max-snippet:-1","max-image-preview":"max-image-preview:large","max-video-preview":"max-video-preview:-1"},"canonical":"https:\/\/blog.zeit.de\/stoerungsmelder\/2018\/02\/04\/weimar-neonazi-trauermarsch-floppt_25491","og_locale":"de_DE","og_type":"article","og_title":"Weimar: Neonazistischer \"Trauermarsch\" floppt - St\u00f6rungsmelder","og_description":"Am Samstag floppte ein geschichtsrevisionistischer Neonazi-Aufmarsch in Weimar mit nur 70 Teilnehmern und veraltetem Propaganda-Material. Mehr als 500 Menschen protestierten gegen die extrem rechte Veranstaltung und zeigten lautstark, dass die Neonazis in der Kulturstadt nicht willkommen sind.","og_url":"https:\/\/blog.zeit.de\/stoerungsmelder\/2018\/02\/04\/weimar-neonazi-trauermarsch-floppt_25491","og_site_name":"St\u00f6rungsmelder","article_published_time":"2018-02-04T16:47:57+00:00","article_modified_time":"2018-02-04T16:48:55+00:00","og_image":[{"width":675,"height":269,"url":"https:\/\/blog.zeit.de\/stoerungsmelder\/files\/2018\/02\/2018.02.03-Weimar-Neonazi-Trauermarsch-10_head.jpg","type":"image\/jpeg"}],"author":"St\u00f6rungsmelder","twitter_card":"summary_large_image","twitter_misc":{"Geschrieben von":"St\u00f6rungsmelder","Gesch\u00e4tzte Lesezeit":"2\u00a0Minuten"},"schema":{"@context":"https:\/\/schema.org","@graph":[{"@type":"WebPage","@id":"https:\/\/blog.zeit.de\/stoerungsmelder\/2018\/02\/04\/weimar-neonazi-trauermarsch-floppt_25491","url":"https:\/\/blog.zeit.de\/stoerungsmelder\/2018\/02\/04\/weimar-neonazi-trauermarsch-floppt_25491","name":"Weimar: Neonazistischer \"Trauermarsch\" floppt - St\u00f6rungsmelder","isPartOf":{"@id":"https:\/\/blog.zeit.de\/stoerungsmelder\/#website"},"datePublished":"2018-02-04T16:47:57+00:00","dateModified":"2018-02-04T16:48:55+00:00","author":{"@id":"https:\/\/blog.zeit.de\/stoerungsmelder\/#\/schema\/person\/fdd0b9818f65738672810b6d6f037f71"},"breadcrumb":{"@id":"https:\/\/blog.zeit.de\/stoerungsmelder\/2018\/02\/04\/weimar-neonazi-trauermarsch-floppt_25491#breadcrumb"},"inLanguage":"de","potentialAction":[{"@type":"ReadAction","target":["https:\/\/blog.zeit.de\/stoerungsmelder\/2018\/02\/04\/weimar-neonazi-trauermarsch-floppt_25491"]}]},{"@type":"BreadcrumbList","@id":"https:\/\/blog.zeit.de\/stoerungsmelder\/2018\/02\/04\/weimar-neonazi-trauermarsch-floppt_25491#breadcrumb","itemListElement":[{"@type":"ListItem","position":1,"name":"Startseite","item":"https:\/\/blog.zeit.de\/stoerungsmelder"},{"@type":"ListItem","position":2,"name":"Weimar: Neonazistischer &#8222;Trauermarsch&#8220; floppt"}]},{"@type":"WebSite","@id":"https:\/\/blog.zeit.de\/stoerungsmelder\/#website","url":"https:\/\/blog.zeit.de\/stoerungsmelder\/","name":"St\u00f6rungsmelder","description":"Recherchen und Analysen \u00fcber die extreme Rechte","potentialAction":[{"@type":"SearchAction","target":{"@type":"EntryPoint","urlTemplate":"https:\/\/blog.zeit.de\/stoerungsmelder\/?s={search_term_string}"},"query-input":"required name=search_term_string"}],"inLanguage":"de"},{"@type":"Person","@id":"https:\/\/blog.zeit.de\/stoerungsmelder\/#\/schema\/person\/fdd0b9818f65738672810b6d6f037f71","name":"St\u00f6rungsmelder","image":{"@type":"ImageObject","inLanguage":"de","@id":"https:\/\/blog.zeit.de\/stoerungsmelder\/#\/schema\/person\/image\/","url":"https:\/\/secure.gravatar.com\/avatar\/dfa4be514c3e82a71e4f9a0020035d38192d080ccaa5e4e6d7a1472c763535c5?s=96&d=mm&r=pg","contentUrl":"https:\/\/secure.gravatar.com\/avatar\/dfa4be514c3e82a71e4f9a0020035d38192d080ccaa5e4e6d7a1472c763535c5?s=96&d=mm&r=pg","caption":"St\u00f6rungsmelder"},"url":"https:\/\/blog.zeit.de\/stoerungsmelder\/author\/stoerungsmelder"}]}},"jetpack_featured_media_url":"https:\/\/blog.zeit.de\/stoerungsmelder\/files\/2018\/02\/2018.02.03-Weimar-Neonazi-Trauermarsch-10_head.jpg","jetpack_sharing_enabled":true,"_links":{"self":[{"href":"https:\/\/blog.zeit.de\/stoerungsmelder\/wp-json\/wp\/v2\/posts\/25491","targetHints":{"allow":["GET"]}}],"collection":[{"href":"https:\/\/blog.zeit.de\/stoerungsmelder\/wp-json\/wp\/v2\/posts"}],"about":[{"href":"https:\/\/blog.zeit.de\/stoerungsmelder\/wp-json\/wp\/v2\/types\/post"}],"author":[{"embeddable":true,"href":"https:\/\/blog.zeit.de\/stoerungsmelder\/wp-json\/wp\/v2\/users\/229"}],"replies":[{"embeddable":true,"href":"https:\/\/blog.zeit.de\/stoerungsmelder\/wp-json\/wp\/v2\/comments?post=25491"}],"version-history":[{"count":4,"href":"https:\/\/blog.zeit.de\/stoerungsmelder\/wp-json\/wp\/v2\/posts\/25491\/revisions"}],"predecessor-version":[{"id":25507,"href":"https:\/\/blog.zeit.de\/stoerungsmelder\/wp-json\/wp\/v2\/posts\/25491\/revisions\/25507"}],"wp:featuredmedia":[{"embeddable":true,"href":"https:\/\/blog.zeit.de\/stoerungsmelder\/wp-json\/wp\/v2\/media\/25504"}],"wp:attachment":[{"href":"https:\/\/blog.zeit.de\/stoerungsmelder\/wp-json\/wp\/v2\/media?parent=25491"}],"wp:term":[{"taxonomy":"category","embeddable":true,"href":"https:\/\/blog.zeit.de\/stoerungsmelder\/wp-json\/wp\/v2\/categories?post=25491"},{"taxonomy":"post_tag","embeddable":true,"href":"https:\/\/blog.zeit.de\/stoerungsmelder\/wp-json\/wp\/v2\/tags?post=25491"}],"curies":[{"name":"wp","href":"https:\/\/api.w.org\/{rel}","templated":true}]}}