{"id":25748,"date":"2018-03-07T09:10:21","date_gmt":"2018-03-07T08:10:21","guid":{"rendered":"http:\/\/blog.zeit.de\/stoerungsmelder\/?p=25748"},"modified":"2018-03-07T09:31:05","modified_gmt":"2018-03-07T08:31:05","slug":"afd-landeschef-besuchte-hdj-pfingstlager","status":"publish","type":"post","link":"https:\/\/blog.zeit.de\/stoerungsmelder\/2018\/03\/07\/afd-landeschef-besuchte-hdj-pfingstlager_25748","title":{"rendered":"AfD-Landeschef besuchte HDJ-Pfingstlager"},"content":{"rendered":"<p><figure id=\"attachment_25749\" aria-describedby=\"caption-attachment-25749\" style=\"width: 640px\" class=\"wp-caption aligncenter\"><img loading=\"lazy\" decoding=\"async\" class=\"size-large wp-image-25749\" src=\"https:\/\/blog.zeit.de\/stoerungsmelder\/files\/2018\/03\/Kalbitz-AfD-23.-Mai-2016-Neuruppin-1024x643.jpg\" alt=\"\" width=\"640\" height=\"402\" srcset=\"https:\/\/blog.zeit.de\/stoerungsmelder\/files\/2018\/03\/Kalbitz-AfD-23.-Mai-2016-Neuruppin-1024x643.jpg 1024w, https:\/\/blog.zeit.de\/stoerungsmelder\/files\/2018\/03\/Kalbitz-AfD-23.-Mai-2016-Neuruppin-620x390.jpg 620w, https:\/\/blog.zeit.de\/stoerungsmelder\/files\/2018\/03\/Kalbitz-AfD-23.-Mai-2016-Neuruppin-768x482.jpg 768w, https:\/\/blog.zeit.de\/stoerungsmelder\/files\/2018\/03\/Kalbitz-AfD-23.-Mai-2016-Neuruppin.jpg 2039w\" sizes=\"auto, (max-width: 640px) 100vw, 640px\" \/><figcaption id=\"caption-attachment-25749\" class=\"wp-caption-text\">Andreas Kalbitz (AfD) bei einer Kundgebung in Neuruppin im MAi 2016 \u00a9 <a href=\"https:\/\/www.flickr.com\/photos\/presseservice_rathenow\/\" target=\"_blank\" rel=\"noopener\">Presseservice Rathenow<\/a><\/figcaption><\/figure><\/p>\n<p>Seit 2006 galt die \u201eHeimattreue Deutsche Jugend\u201c (HDJ) als eine der gef\u00e4hrlichsten v\u00f6lkischen Untergrundorganisationen. Andreas Kalbitz nahm 2007 an einem Zeltlager der verschworenen NS-nahen Gemeinschaft teil. Ehemalige HDJler arbeiten f\u00fcr die AfD.<!--more--><\/p>\n<p><em>\u00a0Von Andrea R\u00f6pke und Otto Belina, <a href=\"https:\/\/www.bnr.de\/artikel\/hintergrund\/afd-landeschef-besuchte-hdj-pfingstlager\" target=\"_blank\" rel=\"noopener\">zuerst ver\u00f6ffentlicht beim blick nach rechts<\/a><br \/>\n<\/em><\/p>\n<p>In kurzen Lederhosen steht Andreas Kalbitz inmitten des HDJ-Zeltlagers. Der Mann mit Nickelbrille und Glatzkopf begr\u00fc\u00dft hier eine junge Frau im langen Rock und dort zwei z\u00fcnftige junge Kameraden. In der Hand h\u00e4lt er eine blecherne Brotdose. Kalbitz geht an der improvisierten Feldk\u00fcche und der Feldtoilette vorbei, durch das h\u00f6lzerne Eingangstor mit der Aufschrift \u201eDer Heimat und dem Volke treu\u201c. Jugendliche \u00fcben derweil germanischen Wettkampf. Frauen und M\u00e4nner wirbeln mit schweren T\u00f6pfen herum. Michael Grewe von der NPD f\u00fchrt seinen Kampfhund spazieren.<\/p>\n<p>Es ist Pfingsten 2007, die \u201eHeimattreue Deutsche Jugend\u201c (HDJ), hat sich drei Tage lang mit \u00fcber 200 Anh\u00e4ngern, darunter vielen Kindern, auf dem Anwesen eines NPD-Bauern bei Eschede versammelt. Eigentlich sollte das Lager in Hessen stattfinden, es wurde kurzfristig verlegt. Das Tragen von HDJ-Uniformen wurde von der Polizei untersagt, denn die zwei Jahre sp\u00e4ter verbotene HDJ gilt zu diesem Zeitpunkt bereits als eine der gef\u00e4hrlichsten Neonazi-Organisationen, deren Aktivisten sich als \u201epolitische Soldaten\u201c verstanden. Jugendliche sollten zu \u201efanatischen nationalistischen Freiheitsk\u00e4mpfern\u201c erzogen werden, wie es sp\u00e4ter in der Verbotsverf\u00fcgung hei\u00dfen wird.\u00a0 Andreas Kalbitz aber will kein Mitglied gewesen sein, nur Gast, wie er gegen\u00fcber dem RBB-Magazin \u201eKontraste\u201c einr\u00e4umte. Wie er zu der Einladung kam, ist ihm \u201enicht mehr erinnerlich\u201c.<\/p>\n<p><figure id=\"attachment_25751\" aria-describedby=\"caption-attachment-25751\" style=\"width: 620px\" class=\"wp-caption aligncenter\"><img loading=\"lazy\" decoding=\"async\" class=\"wp-image-25751 size-medium\" src=\"https:\/\/blog.zeit.de\/stoerungsmelder\/files\/2018\/03\/Kalbitz-in-Eschede-Mai-2007-um-10.53.24-620x401.jpg\" alt=\"\" width=\"620\" height=\"401\" srcset=\"https:\/\/blog.zeit.de\/stoerungsmelder\/files\/2018\/03\/Kalbitz-in-Eschede-Mai-2007-um-10.53.24-620x401.jpg 620w, https:\/\/blog.zeit.de\/stoerungsmelder\/files\/2018\/03\/Kalbitz-in-Eschede-Mai-2007-um-10.53.24-768x496.jpg 768w, https:\/\/blog.zeit.de\/stoerungsmelder\/files\/2018\/03\/Kalbitz-in-Eschede-Mai-2007-um-10.53.24.jpg 902w\" sizes=\"auto, (max-width: 620px) 100vw, 620px\" \/><figcaption id=\"caption-attachment-25751\" class=\"wp-caption-text\"><em>Kalbitz beim Lagder der HDJ 2007 \u00a9 Otto Belina\/Recherche Nord<br \/><\/em><\/figcaption><\/figure><\/p>\n<p><strong>Politischer sowie milit\u00e4rischer Kinder- und Jugenddrill<\/strong><\/p>\n<p>Es ist eine eingeschworene braune Gemeinschaft an diesem Wochenende 2007 in Eschede. Jeder hat seine Aufgabe. Das Lager ist durchorganisiert. Bis 1945 existierte ganz in der N\u00e4he von Eschede das Konzentrationslager Bergen-Belsen, dort ermordeten Nationalsozialisten fast 43.000 Menschen. Keine 20 Kilometer von Eschede entfernt, marschierte dann der Vorl\u00e4ufer der HDJ, die paramilit\u00e4rische \u201eWiking-Jugend\u201c (WJ) durch die L\u00fcneburger Heide. Ihr Zentrum hie\u00df \u201eHetendorf Nr. 13\u201c. Nach dem Verbot der WJ 1994 \u00fcbernahmen die heimattreuen Erzieher den politischen sowie milit\u00e4rischen Kinder- und Jugenddrill. Einige stammen aus den Reihen militanter Kameradschaften. HDJler stellen auch den Ordnerdienst der Neonazi-Partei NPD.<\/p>\n<p>Heimlich aufgenommene Lagerbilder offenbaren bereits 2006 das Ausma\u00df des v\u00f6lkischen Untergrunds. Filmaufnahmen von einem Sommerlager der HDJ bei Fromhausen in Westfalen zeigen Brauchtum und Drill sowie das Schild \u201eF\u00fchrerbunker\u201c an einem der Zelte. Die Organisation gilt als elit\u00e4r und gef\u00e4hrlich, von Wehrsport und Waffen ist die Rede. Gemeinsam mit jungen NPDlern haben HDJ-Aktivisten im Fr\u00fchjahr 2007 an einem paramilit\u00e4rischen Lager an der holl\u00e4ndischen Grenze teilgenommen, wie die dortige Polizei bekanntgibt.<\/p>\n<p><strong>Verschworene Neonazi-Gemeinschaft<\/strong><\/p>\n<p>Aufgrund \u00f6ffentlichen Drucks wird die HDJ 2009 dann wegen ihrer Wesensverwandtschaft mit dem Nationalsozialismus und einer aktiv-k\u00e4mpferischen Grundhaltung verboten. Doch Pfingsten 2007 in Eschede ist es mit dem Verbot noch nicht soweit. Nicht jeder kann am Pfingstlager teilnehmen, es ist eine verschworene Neonazi-Gemeinschaft, die sich als Elite der wei\u00dfen Rasse versteht. In Eschede sind Wachen aufgestellt worden. Journalisten k\u00f6nnen in Eschede nur unter Polizeischutz filmen. Blut-und Boden-Ideologie und NS-Brauchtum sollen nicht geteilt werden. Die bundesweit agierende Organisation ist \u00fcber interne Chats informell verbunden. Die Satzung des Vereins reglementiert die Mitgliedschaft. Kinder- und Jugendliche haben in den Lagern Mut- und Messerproben zu absolvieren. In der Zeitung \u201eFunkenflug\u201c tauchen nur wenige Klarnamen auf, die HDJler sind verschwiegen. Andreas Kalbitz will kein Mitglied gewesen sein, am internen \u201ePfingstlager\u201c, einem der H\u00f6hepunkte des HDJ-Lebens durfte er aber teilnehmen.<\/p>\n<p>Der brandenburgische AfD-Landesvorsitzende Andreas Kalbitz lebte in Bayern. Er war Fallschirmj\u00e4ger bei der Bundeswehr, wie er heute stolz erz\u00e4hlt.\u00a0 Er streitet nicht ab, in der Vergangenheit mit dem M\u00fcnchner Neonazi Karl Richter bekannt gewesen zu sein. Bis vor wenigen Jahren leitete der AfD-Mann eine extrem rechte Kulturorganisation. Alles Vorw\u00fcrfe, die bisher an ihm abprallten. Auch von der HDJ will er nichts wissen. 2002 taucht Andreas Kalbitz\u2018 Name zudem in einer Mitgliederliste der \u201eAktionsgemeinschaft der Deutschland Liebenden\u201c (ADL) auf \u2013 neben Namen bekannter Rechtsextremisten und Holocaust-Leugnern wie Ursula Haverbeck-Wetzel. 2002 plante die ADL unter F\u00fchrung von Baldur Springmann die Errichtung eines \u201eFreudenmals\u201c f\u00fcr die Deutschen quer durch das Zentrum von Berlin.<\/p>\n<p><strong>\u201eParamilit\u00e4risch auftretende Elite\u201c in der Tradition der Hitlerjugend<\/strong><\/p>\n<p>Nur zehn Jahre, bevor Andreas Kalbitz den Landesvorsitz der AfD in Brandenburg 2017 \u00fcbernehmen wird, tummelt er sich an abgelegenen Ort in der L\u00fcneburger Heide zwischen polizeibekannten Neonazis, aber auch gewaltbereiten Schl\u00e4gern? Der brandenburgische Verfassungsschutz z\u00e4hlt auch Maik Eminger, den in v\u00f6lkischen Kreisen sehr aktiven Zwillingsbruder eines NSU-Angeklagten zur HDJ. Von diesen\u00a0 \u201eHeimattreuen\u201c wird es 2009 in der Verbotsverf\u00fcgung hei\u00dfen: \u201eDie HDJ tritt kompromisslos f\u00fcr die Verbreitung ihrer Ideologie ein und ist auf breiter Front zu einer direkten Konfrontation mit ihren Gegnern bereit\u201c. Hitler-Verehrung, Rassenkundeunterricht wird der \u201eparamilit\u00e4risch auftretenden Elite\u201c vorgeworfen, die sich in der Tradition von Hitlerjugend und \u201eWiking-Jugend\u201c sieht. Die HDJ lehnt das politische System des Grundgesetzes und die von ihm garantierte freiheitlich demokratische Grundordnung ab. Sie propagiert das Ideal von einer rassistischen \u201eVolksgemeinschaft\u201c und m\u00f6chte ein \u201eneues Reich\u201c erschaffen. In diesem Spektrum bewegte sich offenbar 2007 der AfD-Landeschef.<\/p>\n<p>Er ist nicht der einzige, Felix N. stammt ebenfalls aus diesen Reihen. Der Verwandte einer \u201eBundesm\u00e4delf\u00fchrerin\u201c \u00fcbernahm 2004 das neue HDJ-Amt HALT, dass sich aus den Abteilungen Beschaffung und Technischer Dienst zusammengesetzt haben soll. 2016 dann taucht N.s Name in einem offiziellen Protokoll der Sitzung des Landtages in Potsdam vom 10. Oktober auf. Er wird als \u201eReferent\u201c der AfD-Fraktion benannt. Auf Anfrage gibt Kalbitz an, N. sei nicht als Referent besch\u00e4ftigt und vom famili\u00e4ren HDJ-Hintergrund will der Landeschef auch nichts wissen. Einer von N.s Br\u00fcdern, ehemals stellvertretender Bundesvorsitzender der HDJ, war ebenfalls f\u00fcr die AfD t\u00e4tig, aber im Landtag von Baden-W\u00fcrttemberg. Auch die AfD-Fraktion im Magdeburger Landtag besch\u00e4ftigt Medienberichten zufolge einen ehemaligen HDJ-Mann, als pers\u00f6nlicher Referent des Landesvorsitzenden.<\/p>\n","protected":false},"excerpt":{"rendered":"<p>Seit 2006 galt die \u201eHeimattreue Deutsche Jugend\u201c (HDJ) als eine der gef\u00e4hrlichsten v\u00f6lkischen Untergrundorganisationen. Andreas Kalbitz nahm 2007 an einem Zeltlager der verschworenen NS-nahen Gemeinschaft teil. Ehemalige HDJler arbeiten f\u00fcr die AfD.<\/p>\n","protected":false},"author":229,"featured_media":25749,"comment_status":"open","ping_status":"open","sticky":false,"template":"","format":"standard","meta":{"_jetpack_memberships_contains_paid_content":false,"footnotes":""},"categories":[1451,1515],"tags":[],"class_list":["post-25748","post","type-post","status-publish","format-standard","has-post-thumbnail","hentry","category-brandenburg","category-bundesweit"],"yoast_head":"<!-- This site is optimized with the Yoast SEO plugin v21.0 - https:\/\/yoast.com\/wordpress\/plugins\/seo\/ -->\n<title>AfD-Landeschef besuchte HDJ-Pfingstlager - St\u00f6rungsmelder<\/title>\n<meta name=\"robots\" content=\"index, follow, max-snippet:-1, max-image-preview:large, max-video-preview:-1\" \/>\n<link rel=\"canonical\" href=\"https:\/\/blog.zeit.de\/stoerungsmelder\/2018\/03\/07\/afd-landeschef-besuchte-hdj-pfingstlager_25748\" \/>\n<meta property=\"og:locale\" content=\"de_DE\" \/>\n<meta property=\"og:type\" content=\"article\" \/>\n<meta property=\"og:title\" content=\"AfD-Landeschef besuchte HDJ-Pfingstlager - St\u00f6rungsmelder\" \/>\n<meta property=\"og:description\" content=\"Seit 2006 galt die \u201eHeimattreue Deutsche Jugend\u201c (HDJ) als eine der gef\u00e4hrlichsten v\u00f6lkischen Untergrundorganisationen. Andreas Kalbitz nahm 2007 an einem Zeltlager der verschworenen NS-nahen Gemeinschaft teil. Ehemalige HDJler arbeiten f\u00fcr die AfD.\" \/>\n<meta property=\"og:url\" content=\"https:\/\/blog.zeit.de\/stoerungsmelder\/2018\/03\/07\/afd-landeschef-besuchte-hdj-pfingstlager_25748\" \/>\n<meta property=\"og:site_name\" content=\"St\u00f6rungsmelder\" \/>\n<meta property=\"article:published_time\" content=\"2018-03-07T08:10:21+00:00\" \/>\n<meta property=\"article:modified_time\" content=\"2018-03-07T08:31:05+00:00\" \/>\n<meta property=\"og:image\" content=\"https:\/\/blog.zeit.de\/stoerungsmelder\/files\/2018\/03\/Kalbitz-AfD-23.-Mai-2016-Neuruppin.jpg\" \/>\n\t<meta property=\"og:image:width\" content=\"2039\" \/>\n\t<meta property=\"og:image:height\" content=\"1281\" \/>\n\t<meta property=\"og:image:type\" content=\"image\/jpeg\" \/>\n<meta name=\"author\" content=\"St\u00f6rungsmelder\" \/>\n<meta name=\"twitter:card\" content=\"summary_large_image\" \/>\n<meta name=\"twitter:label1\" content=\"Geschrieben von\" \/>\n\t<meta name=\"twitter:data1\" content=\"St\u00f6rungsmelder\" \/>\n\t<meta name=\"twitter:label2\" content=\"Gesch\u00e4tzte Lesezeit\" \/>\n\t<meta name=\"twitter:data2\" content=\"5\u00a0Minuten\" \/>\n<script type=\"application\/ld+json\" class=\"yoast-schema-graph\">{\"@context\":\"https:\/\/schema.org\",\"@graph\":[{\"@type\":\"WebPage\",\"@id\":\"https:\/\/blog.zeit.de\/stoerungsmelder\/2018\/03\/07\/afd-landeschef-besuchte-hdj-pfingstlager_25748\",\"url\":\"https:\/\/blog.zeit.de\/stoerungsmelder\/2018\/03\/07\/afd-landeschef-besuchte-hdj-pfingstlager_25748\",\"name\":\"AfD-Landeschef besuchte HDJ-Pfingstlager - St\u00f6rungsmelder\",\"isPartOf\":{\"@id\":\"https:\/\/blog.zeit.de\/stoerungsmelder\/#website\"},\"datePublished\":\"2018-03-07T08:10:21+00:00\",\"dateModified\":\"2018-03-07T08:31:05+00:00\",\"author\":{\"@id\":\"https:\/\/blog.zeit.de\/stoerungsmelder\/#\/schema\/person\/fdd0b9818f65738672810b6d6f037f71\"},\"breadcrumb\":{\"@id\":\"https:\/\/blog.zeit.de\/stoerungsmelder\/2018\/03\/07\/afd-landeschef-besuchte-hdj-pfingstlager_25748#breadcrumb\"},\"inLanguage\":\"de\",\"potentialAction\":[{\"@type\":\"ReadAction\",\"target\":[\"https:\/\/blog.zeit.de\/stoerungsmelder\/2018\/03\/07\/afd-landeschef-besuchte-hdj-pfingstlager_25748\"]}]},{\"@type\":\"BreadcrumbList\",\"@id\":\"https:\/\/blog.zeit.de\/stoerungsmelder\/2018\/03\/07\/afd-landeschef-besuchte-hdj-pfingstlager_25748#breadcrumb\",\"itemListElement\":[{\"@type\":\"ListItem\",\"position\":1,\"name\":\"Startseite\",\"item\":\"https:\/\/blog.zeit.de\/stoerungsmelder\"},{\"@type\":\"ListItem\",\"position\":2,\"name\":\"AfD-Landeschef besuchte HDJ-Pfingstlager\"}]},{\"@type\":\"WebSite\",\"@id\":\"https:\/\/blog.zeit.de\/stoerungsmelder\/#website\",\"url\":\"https:\/\/blog.zeit.de\/stoerungsmelder\/\",\"name\":\"St\u00f6rungsmelder\",\"description\":\"Recherchen und Analysen \u00fcber die extreme Rechte\",\"potentialAction\":[{\"@type\":\"SearchAction\",\"target\":{\"@type\":\"EntryPoint\",\"urlTemplate\":\"https:\/\/blog.zeit.de\/stoerungsmelder\/?s={search_term_string}\"},\"query-input\":\"required name=search_term_string\"}],\"inLanguage\":\"de\"},{\"@type\":\"Person\",\"@id\":\"https:\/\/blog.zeit.de\/stoerungsmelder\/#\/schema\/person\/fdd0b9818f65738672810b6d6f037f71\",\"name\":\"St\u00f6rungsmelder\",\"image\":{\"@type\":\"ImageObject\",\"inLanguage\":\"de\",\"@id\":\"https:\/\/blog.zeit.de\/stoerungsmelder\/#\/schema\/person\/image\/\",\"url\":\"https:\/\/secure.gravatar.com\/avatar\/dfa4be514c3e82a71e4f9a0020035d38192d080ccaa5e4e6d7a1472c763535c5?s=96&d=mm&r=pg\",\"contentUrl\":\"https:\/\/secure.gravatar.com\/avatar\/dfa4be514c3e82a71e4f9a0020035d38192d080ccaa5e4e6d7a1472c763535c5?s=96&d=mm&r=pg\",\"caption\":\"St\u00f6rungsmelder\"},\"url\":\"https:\/\/blog.zeit.de\/stoerungsmelder\/author\/stoerungsmelder\"}]}<\/script>\n<!-- \/ Yoast SEO plugin. -->","yoast_head_json":{"title":"AfD-Landeschef besuchte HDJ-Pfingstlager - St\u00f6rungsmelder","robots":{"index":"index","follow":"follow","max-snippet":"max-snippet:-1","max-image-preview":"max-image-preview:large","max-video-preview":"max-video-preview:-1"},"canonical":"https:\/\/blog.zeit.de\/stoerungsmelder\/2018\/03\/07\/afd-landeschef-besuchte-hdj-pfingstlager_25748","og_locale":"de_DE","og_type":"article","og_title":"AfD-Landeschef besuchte HDJ-Pfingstlager - St\u00f6rungsmelder","og_description":"Seit 2006 galt die \u201eHeimattreue Deutsche Jugend\u201c (HDJ) als eine der gef\u00e4hrlichsten v\u00f6lkischen Untergrundorganisationen. Andreas Kalbitz nahm 2007 an einem Zeltlager der verschworenen NS-nahen Gemeinschaft teil. Ehemalige HDJler arbeiten f\u00fcr die AfD.","og_url":"https:\/\/blog.zeit.de\/stoerungsmelder\/2018\/03\/07\/afd-landeschef-besuchte-hdj-pfingstlager_25748","og_site_name":"St\u00f6rungsmelder","article_published_time":"2018-03-07T08:10:21+00:00","article_modified_time":"2018-03-07T08:31:05+00:00","og_image":[{"width":2039,"height":1281,"url":"https:\/\/blog.zeit.de\/stoerungsmelder\/files\/2018\/03\/Kalbitz-AfD-23.-Mai-2016-Neuruppin.jpg","type":"image\/jpeg"}],"author":"St\u00f6rungsmelder","twitter_card":"summary_large_image","twitter_misc":{"Geschrieben von":"St\u00f6rungsmelder","Gesch\u00e4tzte Lesezeit":"5\u00a0Minuten"},"schema":{"@context":"https:\/\/schema.org","@graph":[{"@type":"WebPage","@id":"https:\/\/blog.zeit.de\/stoerungsmelder\/2018\/03\/07\/afd-landeschef-besuchte-hdj-pfingstlager_25748","url":"https:\/\/blog.zeit.de\/stoerungsmelder\/2018\/03\/07\/afd-landeschef-besuchte-hdj-pfingstlager_25748","name":"AfD-Landeschef besuchte HDJ-Pfingstlager - St\u00f6rungsmelder","isPartOf":{"@id":"https:\/\/blog.zeit.de\/stoerungsmelder\/#website"},"datePublished":"2018-03-07T08:10:21+00:00","dateModified":"2018-03-07T08:31:05+00:00","author":{"@id":"https:\/\/blog.zeit.de\/stoerungsmelder\/#\/schema\/person\/fdd0b9818f65738672810b6d6f037f71"},"breadcrumb":{"@id":"https:\/\/blog.zeit.de\/stoerungsmelder\/2018\/03\/07\/afd-landeschef-besuchte-hdj-pfingstlager_25748#breadcrumb"},"inLanguage":"de","potentialAction":[{"@type":"ReadAction","target":["https:\/\/blog.zeit.de\/stoerungsmelder\/2018\/03\/07\/afd-landeschef-besuchte-hdj-pfingstlager_25748"]}]},{"@type":"BreadcrumbList","@id":"https:\/\/blog.zeit.de\/stoerungsmelder\/2018\/03\/07\/afd-landeschef-besuchte-hdj-pfingstlager_25748#breadcrumb","itemListElement":[{"@type":"ListItem","position":1,"name":"Startseite","item":"https:\/\/blog.zeit.de\/stoerungsmelder"},{"@type":"ListItem","position":2,"name":"AfD-Landeschef besuchte HDJ-Pfingstlager"}]},{"@type":"WebSite","@id":"https:\/\/blog.zeit.de\/stoerungsmelder\/#website","url":"https:\/\/blog.zeit.de\/stoerungsmelder\/","name":"St\u00f6rungsmelder","description":"Recherchen und Analysen \u00fcber die extreme Rechte","potentialAction":[{"@type":"SearchAction","target":{"@type":"EntryPoint","urlTemplate":"https:\/\/blog.zeit.de\/stoerungsmelder\/?s={search_term_string}"},"query-input":"required name=search_term_string"}],"inLanguage":"de"},{"@type":"Person","@id":"https:\/\/blog.zeit.de\/stoerungsmelder\/#\/schema\/person\/fdd0b9818f65738672810b6d6f037f71","name":"St\u00f6rungsmelder","image":{"@type":"ImageObject","inLanguage":"de","@id":"https:\/\/blog.zeit.de\/stoerungsmelder\/#\/schema\/person\/image\/","url":"https:\/\/secure.gravatar.com\/avatar\/dfa4be514c3e82a71e4f9a0020035d38192d080ccaa5e4e6d7a1472c763535c5?s=96&d=mm&r=pg","contentUrl":"https:\/\/secure.gravatar.com\/avatar\/dfa4be514c3e82a71e4f9a0020035d38192d080ccaa5e4e6d7a1472c763535c5?s=96&d=mm&r=pg","caption":"St\u00f6rungsmelder"},"url":"https:\/\/blog.zeit.de\/stoerungsmelder\/author\/stoerungsmelder"}]}},"jetpack_featured_media_url":"https:\/\/blog.zeit.de\/stoerungsmelder\/files\/2018\/03\/Kalbitz-AfD-23.-Mai-2016-Neuruppin.jpg","jetpack_sharing_enabled":true,"_links":{"self":[{"href":"https:\/\/blog.zeit.de\/stoerungsmelder\/wp-json\/wp\/v2\/posts\/25748","targetHints":{"allow":["GET"]}}],"collection":[{"href":"https:\/\/blog.zeit.de\/stoerungsmelder\/wp-json\/wp\/v2\/posts"}],"about":[{"href":"https:\/\/blog.zeit.de\/stoerungsmelder\/wp-json\/wp\/v2\/types\/post"}],"author":[{"embeddable":true,"href":"https:\/\/blog.zeit.de\/stoerungsmelder\/wp-json\/wp\/v2\/users\/229"}],"replies":[{"embeddable":true,"href":"https:\/\/blog.zeit.de\/stoerungsmelder\/wp-json\/wp\/v2\/comments?post=25748"}],"version-history":[{"count":6,"href":"https:\/\/blog.zeit.de\/stoerungsmelder\/wp-json\/wp\/v2\/posts\/25748\/revisions"}],"predecessor-version":[{"id":25757,"href":"https:\/\/blog.zeit.de\/stoerungsmelder\/wp-json\/wp\/v2\/posts\/25748\/revisions\/25757"}],"wp:featuredmedia":[{"embeddable":true,"href":"https:\/\/blog.zeit.de\/stoerungsmelder\/wp-json\/wp\/v2\/media\/25749"}],"wp:attachment":[{"href":"https:\/\/blog.zeit.de\/stoerungsmelder\/wp-json\/wp\/v2\/media?parent=25748"}],"wp:term":[{"taxonomy":"category","embeddable":true,"href":"https:\/\/blog.zeit.de\/stoerungsmelder\/wp-json\/wp\/v2\/categories?post=25748"},{"taxonomy":"post_tag","embeddable":true,"href":"https:\/\/blog.zeit.de\/stoerungsmelder\/wp-json\/wp\/v2\/tags?post=25748"}],"curies":[{"name":"wp","href":"https:\/\/api.w.org\/{rel}","templated":true}]}}