{"id":25773,"date":"2018-03-12T18:31:22","date_gmt":"2018-03-12T17:31:22","guid":{"rendered":"https:\/\/blog.zeit.de\/stoerungsmelder\/?p=25773"},"modified":"2018-03-13T08:54:01","modified_gmt":"2018-03-13T07:54:01","slug":"rechte-greifen-dessauer-toleranz-fest-an","status":"publish","type":"post","link":"https:\/\/blog.zeit.de\/stoerungsmelder\/2018\/03\/12\/rechte-greifen-dessauer-toleranz-fest-an_25773","title":{"rendered":"Rechte greifen Dessauer Toleranz-Fest an"},"content":{"rendered":"<p><figure id=\"attachment_25793\" aria-describedby=\"caption-attachment-25793\" style=\"width: 620px\" class=\"wp-caption aligncenter\"><img loading=\"lazy\" decoding=\"async\" class=\"size-medium wp-image-25793\" src=\"https:\/\/blog.zeit.de\/stoerungsmelder\/files\/2018\/03\/IMG_2606-620x413.jpg\" alt=\"\" width=\"620\" height=\"413\" srcset=\"https:\/\/blog.zeit.de\/stoerungsmelder\/files\/2018\/03\/IMG_2606-620x413.jpg 620w, https:\/\/blog.zeit.de\/stoerungsmelder\/files\/2018\/03\/IMG_2606-768x512.jpg 768w, https:\/\/blog.zeit.de\/stoerungsmelder\/files\/2018\/03\/IMG_2606-1024x683.jpg 1024w, https:\/\/blog.zeit.de\/stoerungsmelder\/files\/2018\/03\/IMG_2606.jpg 1444w\" sizes=\"auto, (max-width: 620px) 100vw, 620px\" \/><figcaption id=\"caption-attachment-25793\" class=\"wp-caption-text\">Plakat vom B\u00fcndnis &#8222;Gelebte Demokratie&#8220;, dahinter die linke Demonstration\u00a0 \u00a9 Henrik Merker<\/figcaption><\/figure><\/p>\n<p style=\"text-align: justify;line-height: 150%\">Am vergangenen Samstag fanden in Dessau sowohl ein Toleranzfest als auch eine Antifa-Demonstration statt. Beide Veranstaltungen wurden von Rechten angegriffen. Anlass der Veranstaltungen ist der Jahrestag der Bombardierung der Stadt und das geschichtsrevisionistische Neonazi-Gedenken, das in den vergangenen Jahren stattfand.<!--more--><\/p>\n<p>In Dessau versuchen Neonazis seit Jahren, das Gedenken an die Bombardierung der Stadt umzudeuten. Dessau war einer der Produktionsorte f\u00fcr das Giftgas Zyklon B, mit dem in Vernichtungslagern gemordet wurde. Bei der Bombardierung am 7. M\u00e4rz 1945 wurden auch diese Produktionsanlagen zerst\u00f6rt. Bereits am 7. M\u00e4rz dieses Jahres versammelten sich Neonazis der \u201eFreien Kr\u00e4fte\u201c in der Stadt. Ihren Aufmarsch am 10. M\u00e4rz hatten sie kurzfristig abgemeldet. Doch Ruhe kehrt damit noch nicht ein.<\/p>\n<p>Gegen den angek\u00fcndigten \u00a0Neonazi-Aufmarsch am Sonnabend wollten Stadt und Unterst\u00fctzer mit 15 Kundgebungen demonstrieren &#8211; auch ohne Neonaziaufmarsch kamen Hunderte zusammen, um f\u00fcr Demokratie und ein tolerantes Miteinander einzutreten.<br \/>\nF\u00fcr die Veranstaltungen war eine gro\u00dfe B\u00fchne auf dem Seminarplatz hinter dem Dessauer Hauptbahnhof aufgestellt worden. Oberb\u00fcrgermeister Peter Kuras (FDP) erinnerte an die Verfolgung und Deportation der Dessauer Juden und versprach einen st\u00e4rkeren Einsatz f\u00fcr die j\u00fcdische Gemeinde. Kuras mahnte, sich f\u00fcr Demokratie zu engagieren \u2013 die lebe nicht von Umfragen, sondern von Engagement und Courage, zitierte er den ehemaligen Bundespr\u00e4sidenten Roman Herzog.<\/p>\n<p>&nbsp;<\/p>\n<p><div id='gallery-1' class='gallery galleryid-25773 gallery-columns-3 gallery-size-thumbnail'><figure class='gallery-item'>\n\t\t\t<div class='gallery-icon landscape'>\n\t\t\t\t<a href='https:\/\/blog.zeit.de\/stoerungsmelder\/2018\/03\/12\/rechte-greifen-dessauer-toleranz-fest-an_25773\/img_2606'><img loading=\"lazy\" decoding=\"async\" width=\"220\" height=\"220\" src=\"https:\/\/blog.zeit.de\/stoerungsmelder\/files\/2018\/03\/IMG_2606-220x220.jpg\" class=\"attachment-thumbnail size-thumbnail\" alt=\"\" aria-describedby=\"gallery-1-25793\" \/><\/a>\n\t\t\t<\/div>\n\t\t\t\t<figcaption class='wp-caption-text gallery-caption' id='gallery-1-25793'>\n\t\t\t\tZwischenkundgebung \u00a9 Henrik Merker\n\t\t\t\t<\/figcaption><\/figure><figure class='gallery-item'>\n\t\t\t<div class='gallery-icon landscape'>\n\t\t\t\t<a href='https:\/\/blog.zeit.de\/stoerungsmelder\/2018\/03\/12\/rechte-greifen-dessauer-toleranz-fest-an_25773\/img_2495'><img loading=\"lazy\" decoding=\"async\" width=\"220\" height=\"220\" src=\"https:\/\/blog.zeit.de\/stoerungsmelder\/files\/2018\/03\/IMG_2495-220x220.jpg\" class=\"attachment-thumbnail size-thumbnail\" alt=\"\" aria-describedby=\"gallery-1-25787\" \/><\/a>\n\t\t\t<\/div>\n\t\t\t\t<figcaption class='wp-caption-text gallery-caption' id='gallery-1-25787'>\n\t\t\t\tClich\u00e9e: Neonazis mit Springerstiefeln &amp; New Balance \u00a9 Henrik Merker\n\t\t\t\t<\/figcaption><\/figure><figure class='gallery-item'>\n\t\t\t<div class='gallery-icon landscape'>\n\t\t\t\t<a href='https:\/\/blog.zeit.de\/stoerungsmelder\/2018\/03\/12\/rechte-greifen-dessauer-toleranz-fest-an_25773\/img_2496-1'><img loading=\"lazy\" decoding=\"async\" width=\"220\" height=\"220\" src=\"https:\/\/blog.zeit.de\/stoerungsmelder\/files\/2018\/03\/IMG_2496-1-220x220.jpg\" class=\"attachment-thumbnail size-thumbnail\" alt=\"\" aria-describedby=\"gallery-1-25788\" \/><\/a>\n\t\t\t<\/div>\n\t\t\t\t<figcaption class='wp-caption-text gallery-caption' id='gallery-1-25788'>\n\t\t\t\tNeonazi-Gruppe am Toleranz-Fest \u00a9 Henrik Merker\n\t\t\t\t<\/figcaption><\/figure><figure class='gallery-item'>\n\t\t\t<div class='gallery-icon landscape'>\n\t\t\t\t<a href='https:\/\/blog.zeit.de\/stoerungsmelder\/2018\/03\/12\/rechte-greifen-dessauer-toleranz-fest-an_25773\/img_2476'><img loading=\"lazy\" decoding=\"async\" width=\"220\" height=\"220\" src=\"https:\/\/blog.zeit.de\/stoerungsmelder\/files\/2018\/03\/IMG_2476-220x220.jpg\" class=\"attachment-thumbnail size-thumbnail\" alt=\"\" aria-describedby=\"gallery-1-25786\" \/><\/a>\n\t\t\t<\/div>\n\t\t\t\t<figcaption class='wp-caption-text gallery-caption' id='gallery-1-25786'>\n\t\t\t\tNeonazi-Gruppe am Toleranz-Fest \u00a9 Henrik Merker\n\t\t\t\t<\/figcaption><\/figure><figure class='gallery-item'>\n\t\t\t<div class='gallery-icon landscape'>\n\t\t\t\t<a href='https:\/\/blog.zeit.de\/stoerungsmelder\/2018\/03\/12\/rechte-greifen-dessauer-toleranz-fest-an_25773\/img_2469'><img loading=\"lazy\" decoding=\"async\" width=\"220\" height=\"220\" src=\"https:\/\/blog.zeit.de\/stoerungsmelder\/files\/2018\/03\/IMG_2469-220x220.jpg\" class=\"attachment-thumbnail size-thumbnail\" alt=\"\" aria-describedby=\"gallery-1-25784\" \/><\/a>\n\t\t\t<\/div>\n\t\t\t\t<figcaption class='wp-caption-text gallery-caption' id='gallery-1-25784'>\n\t\t\t\tNeonazi-Gruppe am Toleranz-Fest \u00a9 Henrik Merker\n\t\t\t\t<\/figcaption><\/figure><figure class='gallery-item'>\n\t\t\t<div class='gallery-icon landscape'>\n\t\t\t\t<a href='https:\/\/blog.zeit.de\/stoerungsmelder\/2018\/03\/12\/rechte-greifen-dessauer-toleranz-fest-an_25773\/img_2475'><img loading=\"lazy\" decoding=\"async\" width=\"220\" height=\"220\" src=\"https:\/\/blog.zeit.de\/stoerungsmelder\/files\/2018\/03\/IMG_2475-220x220.jpg\" class=\"attachment-thumbnail size-thumbnail\" alt=\"\" aria-describedby=\"gallery-1-25783\" \/><\/a>\n\t\t\t<\/div>\n\t\t\t\t<figcaption class='wp-caption-text gallery-caption' id='gallery-1-25783'>\n\t\t\t\tNeonazi-Gruppe steht Demonstranten gegen\u00fcber \u00a9 Henrik Merker\n\t\t\t\t<\/figcaption><\/figure><figure class='gallery-item'>\n\t\t\t<div class='gallery-icon landscape'>\n\t\t\t\t<a href='https:\/\/blog.zeit.de\/stoerungsmelder\/2018\/03\/12\/rechte-greifen-dessauer-toleranz-fest-an_25773\/img_2532'><img loading=\"lazy\" decoding=\"async\" width=\"220\" height=\"220\" src=\"https:\/\/blog.zeit.de\/stoerungsmelder\/files\/2018\/03\/IMG_2532-220x220.jpg\" class=\"attachment-thumbnail size-thumbnail\" alt=\"\" aria-describedby=\"gallery-1-25790\" \/><\/a>\n\t\t\t<\/div>\n\t\t\t\t<figcaption class='wp-caption-text gallery-caption' id='gallery-1-25790'>\n\t\t\t\tPolizei trennt linke Demonstranten von Neonazis \u00a9 Henrik Merker\n\t\t\t\t<\/figcaption><\/figure><figure class='gallery-item'>\n\t\t\t<div class='gallery-icon landscape'>\n\t\t\t\t<a href='https:\/\/blog.zeit.de\/stoerungsmelder\/2018\/03\/12\/rechte-greifen-dessauer-toleranz-fest-an_25773\/img_2531'><img loading=\"lazy\" decoding=\"async\" width=\"220\" height=\"220\" src=\"https:\/\/blog.zeit.de\/stoerungsmelder\/files\/2018\/03\/IMG_2531-220x220.jpg\" class=\"attachment-thumbnail size-thumbnail\" alt=\"\" aria-describedby=\"gallery-1-25789\" \/><\/a>\n\t\t\t<\/div>\n\t\t\t\t<figcaption class='wp-caption-text gallery-caption' id='gallery-1-25789'>\n\t\t\t\tLinke Demonstranten diskutieren mit Polizei \u00a9 Henrik Merker\n\t\t\t\t<\/figcaption><\/figure><figure class='gallery-item'>\n\t\t\t<div class='gallery-icon landscape'>\n\t\t\t\t<a href='https:\/\/blog.zeit.de\/stoerungsmelder\/2018\/03\/12\/rechte-greifen-dessauer-toleranz-fest-an_25773\/img_2533'><img loading=\"lazy\" decoding=\"async\" width=\"220\" height=\"220\" src=\"https:\/\/blog.zeit.de\/stoerungsmelder\/files\/2018\/03\/IMG_2533-220x220.jpg\" class=\"attachment-thumbnail size-thumbnail\" alt=\"\" aria-describedby=\"gallery-1-25791\" \/><\/a>\n\t\t\t<\/div>\n\t\t\t\t<figcaption class='wp-caption-text gallery-caption' id='gallery-1-25791'>\n\t\t\t\tPunk diskutiert mit Polizei \u00a9 Henrik Merker\n\t\t\t\t<\/figcaption><\/figure><figure class='gallery-item'>\n\t\t\t<div class='gallery-icon landscape'>\n\t\t\t\t<a href='https:\/\/blog.zeit.de\/stoerungsmelder\/2018\/03\/12\/rechte-greifen-dessauer-toleranz-fest-an_25773\/img_2751'><img loading=\"lazy\" decoding=\"async\" width=\"220\" height=\"220\" src=\"https:\/\/blog.zeit.de\/stoerungsmelder\/files\/2018\/03\/IMG_2751-220x220.jpg\" class=\"attachment-thumbnail size-thumbnail\" alt=\"\" aria-describedby=\"gallery-1-25782\" \/><\/a>\n\t\t\t<\/div>\n\t\t\t\t<figcaption class='wp-caption-text gallery-caption' id='gallery-1-25782'>\n\t\t\t\t\u00a9 Henrik Merker\n\t\t\t\t<\/figcaption><\/figure><figure class='gallery-item'>\n\t\t\t<div class='gallery-icon landscape'>\n\t\t\t\t<a href='https:\/\/blog.zeit.de\/stoerungsmelder\/2018\/03\/12\/rechte-greifen-dessauer-toleranz-fest-an_25773\/img_2718'><img loading=\"lazy\" decoding=\"async\" width=\"220\" height=\"220\" src=\"https:\/\/blog.zeit.de\/stoerungsmelder\/files\/2018\/03\/IMG_2718-220x220.jpg\" class=\"attachment-thumbnail size-thumbnail\" alt=\"\" aria-describedby=\"gallery-1-25781\" \/><\/a>\n\t\t\t<\/div>\n\t\t\t\t<figcaption class='wp-caption-text gallery-caption' id='gallery-1-25781'>\n\t\t\t\tDemonstration &#8222;Dessau Nazifrei&#8220; \u00a9 Henrik Merker\n\t\t\t\t<\/figcaption><\/figure><figure class='gallery-item'>\n\t\t\t<div class='gallery-icon landscape'>\n\t\t\t\t<a href='https:\/\/blog.zeit.de\/stoerungsmelder\/2018\/03\/12\/rechte-greifen-dessauer-toleranz-fest-an_25773\/img_2596'><img loading=\"lazy\" decoding=\"async\" width=\"220\" height=\"220\" src=\"https:\/\/blog.zeit.de\/stoerungsmelder\/files\/2018\/03\/IMG_2596-220x220.jpg\" class=\"attachment-thumbnail size-thumbnail\" alt=\"\" aria-describedby=\"gallery-1-25792\" \/><\/a>\n\t\t\t<\/div>\n\t\t\t\t<figcaption class='wp-caption-text gallery-caption' id='gallery-1-25792'>\n\t\t\t\tZwischenkundgebung \u00a9 Henrik Merker\n\t\t\t\t<\/figcaption><\/figure><figure class='gallery-item'>\n\t\t\t<div class='gallery-icon landscape'>\n\t\t\t\t<a href='https:\/\/blog.zeit.de\/stoerungsmelder\/2018\/03\/12\/rechte-greifen-dessauer-toleranz-fest-an_25773\/img_2697'><img loading=\"lazy\" decoding=\"async\" width=\"220\" height=\"220\" src=\"https:\/\/blog.zeit.de\/stoerungsmelder\/files\/2018\/03\/IMG_2697-220x220.jpg\" class=\"attachment-thumbnail size-thumbnail\" alt=\"\" aria-describedby=\"gallery-1-25780\" \/><\/a>\n\t\t\t<\/div>\n\t\t\t\t<figcaption class='wp-caption-text gallery-caption' id='gallery-1-25780'>\n\t\t\t\t\u00a9 Henrik Merker\n\t\t\t\t<\/figcaption><\/figure>\n\t\t<\/div>\n<\/p>\n<h3>Rechte beginnen Schl\u00e4gerei<\/h3>\n<p style=\"text-align: justify;line-height: 150%\">Doch kurz nach der Rede gibt es Handgreiflichkeiten. F\u00fcnf Neonazis kommen von einem Parkplatz, laufen auf die B\u00fchne zu: \u201eAchtung, da sind Nazis! Macht doch was!\u201c, ruft eine Passantin. Das B\u00fchnenprogramm l\u00e4uft weiter, w\u00e4hrend Polizisten die Gruppe umstellen. Doch auch auf der anderen Bahnhofsseite haben sich 70 vor allem j\u00fcngere Leute zu einer antifaschistischen Demonstration getroffen. Die bekommen mit, was beim Toleranzfest passiert, und laufen hin. Nur einer geht anfangs auf die rechtsextreme Gruppe zu, \u201eVerpisst euch!\u201c br\u00fcllt er. Die Neonazis sind aggressiv, einer springt auf den Linken zu, ein Schlag ins Gesicht folgt. Sie ringen miteinander, nur mit M\u00fche k\u00f6nnen die Beamten sie trennen. Der rechte Schl\u00e4ger wird kontrolliert, muss zum Alkoholtest. Doch immer mehr Demonstranten kommen vom Bahnhof zum Seminarplatz, die Polizisten sind in der Unterzahl, und \u2013 erneut wird provoziert, es gibt ein Gerangel. Die Rechten werden von Beamten zu ihrem Auto gebracht. Anscheinend sind sie zum Provozieren extra angereist. Unter Geleitschutz ziehen sie ab.<\/p>\n<p style=\"text-align: justify;line-height: 150%\">Wenig sp\u00e4ter kommt es bei der linken Demonstration auf der anderen Bahnhofsseite zum n\u00e4chsten Tumult. Auch hier will eine Gruppe Neonazis provozieren, geht zielgerichtet auf die Linken zu, wird von der Polizei rechtzeitig abgedr\u00e4ngt. Teilnehmer der Demonstration aber lassen sich provozieren, rennen wiederum in Richtung der Neonazis. Wieder sind die Beamten in der Unterzahl, k\u00f6nnen die Gruppen kaum trennen. Gerangel, Geschrei, Wut \u2013 die Gruppen mischen sich. Die Polizei bekommt Verst\u00e4rkung, setzt sich durch und bringt die Rechtsextremen in eine Seitengasse. Beim weiteren Geschubse zwischen ein paar Punks und der Polizei fliegt auch eine Flasche, die linken Demonstranten sind aufgebracht, lassen sich nur schwer beruhigen.<\/p>\n<p style=\"text-align: justify;line-height: 150%\">Die Demonstration startet nach dem Tumult mit einiger Versp\u00e4tung. Auf dem Weg durch Dessau wartet eine kleine Gruppe Rechter, die Polizei aber bemerkt das fr\u00fch und dr\u00e4ngt sie einige Meter zur\u00fcck. Viele Passanten filmen den Aufzug, der laut Polizei 80 Personen umfasst.<\/p>\n<p style=\"text-align: justify;line-height: 150%\">Bei der Menschenkette vom Seminarplatz bis zur J\u00fcdischen Gemeinde haben sich laut Anmelder 1.800 Dessauer f\u00fcr Toleranz und Demokratie eingereiht, erwartet wurden 2000. Die Polizei spricht von nur 800 Teilnehmern. Die Rede von B\u00fcrgermeister Kuras hatten ebenfalls wenige verfolgt, 50 Personen standen vor der B\u00fchne. Bereits am kommenden Wochenende ist die n\u00e4chste Neonazi-Demonstration in Dessau angek\u00fcndigt: Die NPD will aufmarschieren. Das B\u00fcndnis \u201eDessau Nazifrei\u201c hat zu Protesten aufgerufen. Beobachter rechnen mit 150 Teilnehmern bei der zerstrittenen Neonazi-Partei.<\/p>\n","protected":false},"excerpt":{"rendered":"<p>Am vergangenen Samstag fanden in Dessau sowohl ein Toleranzfest als auch eine Antifa-Demonstration statt. Beide Veranstaltungen wurden von Rechten angegriffen. Anlass der Veranstaltungen ist der Jahrestag der Bombardierung der Stadt und das geschichtsrevisionistische Neonazi-Gedenken, das in den vergangenen Jahren stattfand.<\/p>\n","protected":false},"author":703,"featured_media":25793,"comment_status":"open","ping_status":"open","sticky":false,"template":"","format":"standard","meta":{"_jetpack_memberships_contains_paid_content":false,"footnotes":""},"categories":[1457],"tags":[],"class_list":["post-25773","post","type-post","status-publish","format-standard","has-post-thumbnail","hentry","category-sachsen-anhalt"],"yoast_head":"<!-- This site is optimized with the Yoast SEO plugin v21.0 - https:\/\/yoast.com\/wordpress\/plugins\/seo\/ -->\n<title>Rechte greifen Dessauer Toleranz-Fest an - St\u00f6rungsmelder<\/title>\n<meta name=\"robots\" content=\"index, follow, max-snippet:-1, max-image-preview:large, max-video-preview:-1\" \/>\n<link rel=\"canonical\" href=\"https:\/\/blog.zeit.de\/stoerungsmelder\/2018\/03\/12\/rechte-greifen-dessauer-toleranz-fest-an_25773\" \/>\n<meta property=\"og:locale\" content=\"de_DE\" \/>\n<meta property=\"og:type\" content=\"article\" \/>\n<meta property=\"og:title\" content=\"Rechte greifen Dessauer Toleranz-Fest an - St\u00f6rungsmelder\" \/>\n<meta property=\"og:description\" content=\"Am vergangenen Samstag fanden in Dessau sowohl ein Toleranzfest als auch eine Antifa-Demonstration statt. Beide Veranstaltungen wurden von Rechten angegriffen. Anlass der Veranstaltungen ist der Jahrestag der Bombardierung der Stadt und das geschichtsrevisionistische Neonazi-Gedenken, das in den vergangenen Jahren stattfand.\" \/>\n<meta property=\"og:url\" content=\"https:\/\/blog.zeit.de\/stoerungsmelder\/2018\/03\/12\/rechte-greifen-dessauer-toleranz-fest-an_25773\" \/>\n<meta property=\"og:site_name\" content=\"St\u00f6rungsmelder\" \/>\n<meta property=\"article:published_time\" content=\"2018-03-12T17:31:22+00:00\" \/>\n<meta property=\"article:modified_time\" content=\"2018-03-13T07:54:01+00:00\" \/>\n<meta property=\"og:image\" content=\"https:\/\/blog.zeit.de\/stoerungsmelder\/files\/2018\/03\/IMG_2606.jpg\" \/>\n\t<meta property=\"og:image:width\" content=\"1444\" \/>\n\t<meta property=\"og:image:height\" content=\"963\" \/>\n\t<meta property=\"og:image:type\" content=\"image\/jpeg\" \/>\n<meta name=\"author\" content=\"Henrik Merker\" \/>\n<meta name=\"twitter:card\" content=\"summary_large_image\" \/>\n<meta name=\"twitter:creator\" content=\"@HRMRKR\" \/>\n<meta name=\"twitter:label1\" content=\"Geschrieben von\" \/>\n\t<meta name=\"twitter:data1\" content=\"Henrik Merker\" \/>\n\t<meta name=\"twitter:label2\" content=\"Gesch\u00e4tzte Lesezeit\" \/>\n\t<meta name=\"twitter:data2\" content=\"3\u00a0Minuten\" \/>\n<script type=\"application\/ld+json\" class=\"yoast-schema-graph\">{\"@context\":\"https:\/\/schema.org\",\"@graph\":[{\"@type\":\"WebPage\",\"@id\":\"https:\/\/blog.zeit.de\/stoerungsmelder\/2018\/03\/12\/rechte-greifen-dessauer-toleranz-fest-an_25773\",\"url\":\"https:\/\/blog.zeit.de\/stoerungsmelder\/2018\/03\/12\/rechte-greifen-dessauer-toleranz-fest-an_25773\",\"name\":\"Rechte greifen Dessauer Toleranz-Fest an - St\u00f6rungsmelder\",\"isPartOf\":{\"@id\":\"https:\/\/blog.zeit.de\/stoerungsmelder\/#website\"},\"datePublished\":\"2018-03-12T17:31:22+00:00\",\"dateModified\":\"2018-03-13T07:54:01+00:00\",\"author\":{\"@id\":\"https:\/\/blog.zeit.de\/stoerungsmelder\/#\/schema\/person\/75338b13df89ce2bcc9b98a76590fcbf\"},\"breadcrumb\":{\"@id\":\"https:\/\/blog.zeit.de\/stoerungsmelder\/2018\/03\/12\/rechte-greifen-dessauer-toleranz-fest-an_25773#breadcrumb\"},\"inLanguage\":\"de\",\"potentialAction\":[{\"@type\":\"ReadAction\",\"target\":[\"https:\/\/blog.zeit.de\/stoerungsmelder\/2018\/03\/12\/rechte-greifen-dessauer-toleranz-fest-an_25773\"]}]},{\"@type\":\"BreadcrumbList\",\"@id\":\"https:\/\/blog.zeit.de\/stoerungsmelder\/2018\/03\/12\/rechte-greifen-dessauer-toleranz-fest-an_25773#breadcrumb\",\"itemListElement\":[{\"@type\":\"ListItem\",\"position\":1,\"name\":\"Startseite\",\"item\":\"https:\/\/blog.zeit.de\/stoerungsmelder\"},{\"@type\":\"ListItem\",\"position\":2,\"name\":\"Rechte greifen Dessauer Toleranz-Fest an\"}]},{\"@type\":\"WebSite\",\"@id\":\"https:\/\/blog.zeit.de\/stoerungsmelder\/#website\",\"url\":\"https:\/\/blog.zeit.de\/stoerungsmelder\/\",\"name\":\"St\u00f6rungsmelder\",\"description\":\"Recherchen und Analysen \u00fcber die extreme Rechte\",\"potentialAction\":[{\"@type\":\"SearchAction\",\"target\":{\"@type\":\"EntryPoint\",\"urlTemplate\":\"https:\/\/blog.zeit.de\/stoerungsmelder\/?s={search_term_string}\"},\"query-input\":\"required name=search_term_string\"}],\"inLanguage\":\"de\"},{\"@type\":\"Person\",\"@id\":\"https:\/\/blog.zeit.de\/stoerungsmelder\/#\/schema\/person\/75338b13df89ce2bcc9b98a76590fcbf\",\"name\":\"Henrik Merker\",\"image\":{\"@type\":\"ImageObject\",\"inLanguage\":\"de\",\"@id\":\"https:\/\/blog.zeit.de\/stoerungsmelder\/#\/schema\/person\/image\/\",\"url\":\"https:\/\/secure.gravatar.com\/avatar\/a881955e7dc03f4202c4c8e4fd5c4005ec3715376bd9a9ec246141f698e7e4ba?s=96&d=mm&r=pg\",\"contentUrl\":\"https:\/\/secure.gravatar.com\/avatar\/a881955e7dc03f4202c4c8e4fd5c4005ec3715376bd9a9ec246141f698e7e4ba?s=96&d=mm&r=pg\",\"caption\":\"Henrik Merker\"},\"sameAs\":[\"https:\/\/twitter.com\/HRMRKR\"],\"url\":\"https:\/\/blog.zeit.de\/stoerungsmelder\/author\/thomasschade\"}]}<\/script>\n<!-- \/ Yoast SEO plugin. -->","yoast_head_json":{"title":"Rechte greifen Dessauer Toleranz-Fest an - St\u00f6rungsmelder","robots":{"index":"index","follow":"follow","max-snippet":"max-snippet:-1","max-image-preview":"max-image-preview:large","max-video-preview":"max-video-preview:-1"},"canonical":"https:\/\/blog.zeit.de\/stoerungsmelder\/2018\/03\/12\/rechte-greifen-dessauer-toleranz-fest-an_25773","og_locale":"de_DE","og_type":"article","og_title":"Rechte greifen Dessauer Toleranz-Fest an - St\u00f6rungsmelder","og_description":"Am vergangenen Samstag fanden in Dessau sowohl ein Toleranzfest als auch eine Antifa-Demonstration statt. Beide Veranstaltungen wurden von Rechten angegriffen. Anlass der Veranstaltungen ist der Jahrestag der Bombardierung der Stadt und das geschichtsrevisionistische Neonazi-Gedenken, das in den vergangenen Jahren stattfand.","og_url":"https:\/\/blog.zeit.de\/stoerungsmelder\/2018\/03\/12\/rechte-greifen-dessauer-toleranz-fest-an_25773","og_site_name":"St\u00f6rungsmelder","article_published_time":"2018-03-12T17:31:22+00:00","article_modified_time":"2018-03-13T07:54:01+00:00","og_image":[{"width":1444,"height":963,"url":"https:\/\/blog.zeit.de\/stoerungsmelder\/files\/2018\/03\/IMG_2606.jpg","type":"image\/jpeg"}],"author":"Henrik Merker","twitter_card":"summary_large_image","twitter_creator":"@HRMRKR","twitter_misc":{"Geschrieben von":"Henrik Merker","Gesch\u00e4tzte Lesezeit":"3\u00a0Minuten"},"schema":{"@context":"https:\/\/schema.org","@graph":[{"@type":"WebPage","@id":"https:\/\/blog.zeit.de\/stoerungsmelder\/2018\/03\/12\/rechte-greifen-dessauer-toleranz-fest-an_25773","url":"https:\/\/blog.zeit.de\/stoerungsmelder\/2018\/03\/12\/rechte-greifen-dessauer-toleranz-fest-an_25773","name":"Rechte greifen Dessauer Toleranz-Fest an - St\u00f6rungsmelder","isPartOf":{"@id":"https:\/\/blog.zeit.de\/stoerungsmelder\/#website"},"datePublished":"2018-03-12T17:31:22+00:00","dateModified":"2018-03-13T07:54:01+00:00","author":{"@id":"https:\/\/blog.zeit.de\/stoerungsmelder\/#\/schema\/person\/75338b13df89ce2bcc9b98a76590fcbf"},"breadcrumb":{"@id":"https:\/\/blog.zeit.de\/stoerungsmelder\/2018\/03\/12\/rechte-greifen-dessauer-toleranz-fest-an_25773#breadcrumb"},"inLanguage":"de","potentialAction":[{"@type":"ReadAction","target":["https:\/\/blog.zeit.de\/stoerungsmelder\/2018\/03\/12\/rechte-greifen-dessauer-toleranz-fest-an_25773"]}]},{"@type":"BreadcrumbList","@id":"https:\/\/blog.zeit.de\/stoerungsmelder\/2018\/03\/12\/rechte-greifen-dessauer-toleranz-fest-an_25773#breadcrumb","itemListElement":[{"@type":"ListItem","position":1,"name":"Startseite","item":"https:\/\/blog.zeit.de\/stoerungsmelder"},{"@type":"ListItem","position":2,"name":"Rechte greifen Dessauer Toleranz-Fest an"}]},{"@type":"WebSite","@id":"https:\/\/blog.zeit.de\/stoerungsmelder\/#website","url":"https:\/\/blog.zeit.de\/stoerungsmelder\/","name":"St\u00f6rungsmelder","description":"Recherchen und Analysen \u00fcber die extreme Rechte","potentialAction":[{"@type":"SearchAction","target":{"@type":"EntryPoint","urlTemplate":"https:\/\/blog.zeit.de\/stoerungsmelder\/?s={search_term_string}"},"query-input":"required name=search_term_string"}],"inLanguage":"de"},{"@type":"Person","@id":"https:\/\/blog.zeit.de\/stoerungsmelder\/#\/schema\/person\/75338b13df89ce2bcc9b98a76590fcbf","name":"Henrik Merker","image":{"@type":"ImageObject","inLanguage":"de","@id":"https:\/\/blog.zeit.de\/stoerungsmelder\/#\/schema\/person\/image\/","url":"https:\/\/secure.gravatar.com\/avatar\/a881955e7dc03f4202c4c8e4fd5c4005ec3715376bd9a9ec246141f698e7e4ba?s=96&d=mm&r=pg","contentUrl":"https:\/\/secure.gravatar.com\/avatar\/a881955e7dc03f4202c4c8e4fd5c4005ec3715376bd9a9ec246141f698e7e4ba?s=96&d=mm&r=pg","caption":"Henrik Merker"},"sameAs":["https:\/\/twitter.com\/HRMRKR"],"url":"https:\/\/blog.zeit.de\/stoerungsmelder\/author\/thomasschade"}]}},"jetpack_featured_media_url":"https:\/\/blog.zeit.de\/stoerungsmelder\/files\/2018\/03\/IMG_2606.jpg","jetpack_sharing_enabled":true,"_links":{"self":[{"href":"https:\/\/blog.zeit.de\/stoerungsmelder\/wp-json\/wp\/v2\/posts\/25773","targetHints":{"allow":["GET"]}}],"collection":[{"href":"https:\/\/blog.zeit.de\/stoerungsmelder\/wp-json\/wp\/v2\/posts"}],"about":[{"href":"https:\/\/blog.zeit.de\/stoerungsmelder\/wp-json\/wp\/v2\/types\/post"}],"author":[{"embeddable":true,"href":"https:\/\/blog.zeit.de\/stoerungsmelder\/wp-json\/wp\/v2\/users\/703"}],"replies":[{"embeddable":true,"href":"https:\/\/blog.zeit.de\/stoerungsmelder\/wp-json\/wp\/v2\/comments?post=25773"}],"version-history":[{"count":5,"href":"https:\/\/blog.zeit.de\/stoerungsmelder\/wp-json\/wp\/v2\/posts\/25773\/revisions"}],"predecessor-version":[{"id":25800,"href":"https:\/\/blog.zeit.de\/stoerungsmelder\/wp-json\/wp\/v2\/posts\/25773\/revisions\/25800"}],"wp:featuredmedia":[{"embeddable":true,"href":"https:\/\/blog.zeit.de\/stoerungsmelder\/wp-json\/wp\/v2\/media\/25793"}],"wp:attachment":[{"href":"https:\/\/blog.zeit.de\/stoerungsmelder\/wp-json\/wp\/v2\/media?parent=25773"}],"wp:term":[{"taxonomy":"category","embeddable":true,"href":"https:\/\/blog.zeit.de\/stoerungsmelder\/wp-json\/wp\/v2\/categories?post=25773"},{"taxonomy":"post_tag","embeddable":true,"href":"https:\/\/blog.zeit.de\/stoerungsmelder\/wp-json\/wp\/v2\/tags?post=25773"}],"curies":[{"name":"wp","href":"https:\/\/api.w.org\/{rel}","templated":true}]}}