{"id":26146,"date":"2018-04-19T20:17:58","date_gmt":"2018-04-19T18:17:58","guid":{"rendered":"https:\/\/blog.zeit.de\/stoerungsmelder\/?p=26146"},"modified":"2018-04-19T20:20:18","modified_gmt":"2018-04-19T18:20:18","slug":"schild-und-schwert-festival-in-ostritz-unter-belagerung","status":"publish","type":"post","link":"https:\/\/blog.zeit.de\/stoerungsmelder\/2018\/04\/19\/schild-und-schwert-festival-in-ostritz-unter-belagerung_26146","title":{"rendered":"&#8222;Schild und Schwert&#8220;-Festival in Ostritz: Unter Belagerung"},"content":{"rendered":"<p><figure id=\"attachment_26147\" aria-describedby=\"caption-attachment-26147\" style=\"width: 600px\" class=\"wp-caption aligncenter\"><img loading=\"lazy\" decoding=\"async\" src=\"https:\/\/blog.zeit.de\/stoerungsmelder\/files\/2018\/04\/101715954.jpg\" alt=\"\" width=\"600\" height=\"399\" class=\"size-full wp-image-26147\" \/><figcaption id=\"caption-attachment-26147\" class=\"wp-caption-text\">Das Hotel Nei\u00dfeblick in Ostritz, wo am Wochenende rund 1.000 Neonazis das &#8222;Schwert und Schild&#8220;-Festival feiern wollen \u00a9 Pawel Sosnowski\/dpa<\/figcaption><\/figure><\/p>\n<p><strong>Im s\u00e4chsischen Ort Ostritz werden am Wochenende 1.000 Neonazis auf vermutlich ebensoviele Gegner treffen. Die haben sich im Streit um den richtigen Protest entzweit.<\/strong><\/p>\n<p>Ostritz rechnet mit dem Schlimmsten. Die Ortsverwaltung empfahl Mitte April den B\u00fcrgern auf ihrer Website, ihre Versicherungsmakler zu konsultieren. Versicherer b\u00f6ten einen &#8222;erweiterten Schutz f\u00fcr Klienten f\u00fcr deren Eigentum&#8220; an. Der Hintergrund der Empfehlung: Das sogenannte Schild- und Schwert-Festival, ein Neonazi-Treffen, das den 2.400-Einwohner-Ort an der Oberlausitzer Nei\u00dfe am Wochenende heimsuchen wird. Etwa 1.000 Rechte und Rechtsextremisten aus ganz Deutschland und dem osteurop\u00e4ischen Ausland werden auf dem Gel\u00e4nde des Hotels Nei\u00dfeblick erwartet, wenige Schritte von von der polnischen Grenze entfernt.<\/p>\n<p>Ob es friedlich bleibt, ist ungewiss. Ziel des Treffens sei es, &#8222;die Aktions- und Gewaltbereitschaft der rechtsextremistischen Szene&#8220; zu st\u00e4rken&#8220;, erl\u00e4uterte ein s\u00e4chsischer Verfassungssch\u00fctzer<\/p>\n<p><a href=\"http:\/\/www.zeit.de\/gesellschaft\/zeitgeschehen\/2018-04\/neonazi-festival-ostritz-sachsen-gegner\/\">Weiterlesen auf ZEIT ONLINE<\/a><\/p>\n","protected":false},"excerpt":{"rendered":"<p>Im s\u00e4chsischen Ort Ostritz werden am Wochenende 1.000 Neonazis auf vermutlich ebensoviele Gegner treffen. Die haben sich im Streit um den richtigen Protest entzweit. Ostritz rechnet mit dem Schlimmsten. Die Ortsverwaltung empfahl Mitte April den B\u00fcrgern auf ihrer Website, ihre Versicherungsmakler zu konsultieren. Versicherer b\u00f6ten einen &#8222;erweiterten Schutz f\u00fcr Klienten f\u00fcr deren Eigentum&#8220; an. Der [&hellip;]<\/p>\n","protected":false},"author":229,"featured_media":26147,"comment_status":"open","ping_status":"closed","sticky":false,"template":"","format":"standard","meta":{"_jetpack_memberships_contains_paid_content":false,"footnotes":""},"categories":[1456],"tags":[314,1695,28167,41364],"class_list":["post-26146","post","type-post","status-publish","format-standard","has-post-thumbnail","hentry","category-sachsen","tag-festival","tag-musik","tag-nazifestival","tag-ostritz"],"yoast_head":"<!-- This site is optimized with the Yoast SEO plugin v21.0 - https:\/\/yoast.com\/wordpress\/plugins\/seo\/ -->\n<title>&quot;Schild und Schwert&quot;-Festival in Ostritz: Unter Belagerung - St\u00f6rungsmelder<\/title>\n<meta name=\"robots\" content=\"index, follow, max-snippet:-1, max-image-preview:large, max-video-preview:-1\" \/>\n<link rel=\"canonical\" href=\"https:\/\/blog.zeit.de\/stoerungsmelder\/2018\/04\/19\/schild-und-schwert-festival-in-ostritz-unter-belagerung_26146\" \/>\n<meta property=\"og:locale\" content=\"de_DE\" \/>\n<meta property=\"og:type\" content=\"article\" \/>\n<meta property=\"og:title\" content=\"&quot;Schild und Schwert&quot;-Festival in Ostritz: Unter Belagerung - St\u00f6rungsmelder\" \/>\n<meta property=\"og:description\" content=\"Im s\u00e4chsischen Ort Ostritz werden am Wochenende 1.000 Neonazis auf vermutlich ebensoviele Gegner treffen. Die haben sich im Streit um den richtigen Protest entzweit. Ostritz rechnet mit dem Schlimmsten. Die Ortsverwaltung empfahl Mitte April den B\u00fcrgern auf ihrer Website, ihre Versicherungsmakler zu konsultieren. Versicherer b\u00f6ten einen &#8222;erweiterten Schutz f\u00fcr Klienten f\u00fcr deren Eigentum&#8220; an. Der [&hellip;]\" \/>\n<meta property=\"og:url\" content=\"https:\/\/blog.zeit.de\/stoerungsmelder\/2018\/04\/19\/schild-und-schwert-festival-in-ostritz-unter-belagerung_26146\" \/>\n<meta property=\"og:site_name\" content=\"St\u00f6rungsmelder\" \/>\n<meta property=\"article:published_time\" content=\"2018-04-19T18:17:58+00:00\" \/>\n<meta property=\"article:modified_time\" content=\"2018-04-19T18:20:18+00:00\" \/>\n<meta property=\"og:image\" content=\"https:\/\/blog.zeit.de\/stoerungsmelder\/files\/2018\/04\/101715954.jpg\" \/>\n\t<meta property=\"og:image:width\" content=\"600\" \/>\n\t<meta property=\"og:image:height\" content=\"399\" \/>\n\t<meta property=\"og:image:type\" content=\"image\/jpeg\" \/>\n<meta name=\"author\" content=\"St\u00f6rungsmelder\" \/>\n<meta name=\"twitter:card\" content=\"summary_large_image\" \/>\n<meta name=\"twitter:label1\" content=\"Geschrieben von\" \/>\n\t<meta name=\"twitter:data1\" content=\"St\u00f6rungsmelder\" \/>\n\t<meta name=\"twitter:label2\" content=\"Gesch\u00e4tzte Lesezeit\" \/>\n\t<meta name=\"twitter:data2\" content=\"1\u00a0Minute\" \/>\n<script type=\"application\/ld+json\" class=\"yoast-schema-graph\">{\"@context\":\"https:\/\/schema.org\",\"@graph\":[{\"@type\":\"WebPage\",\"@id\":\"https:\/\/blog.zeit.de\/stoerungsmelder\/2018\/04\/19\/schild-und-schwert-festival-in-ostritz-unter-belagerung_26146\",\"url\":\"https:\/\/blog.zeit.de\/stoerungsmelder\/2018\/04\/19\/schild-und-schwert-festival-in-ostritz-unter-belagerung_26146\",\"name\":\"\\\"Schild und Schwert\\\"-Festival in Ostritz: Unter Belagerung - St\u00f6rungsmelder\",\"isPartOf\":{\"@id\":\"https:\/\/blog.zeit.de\/stoerungsmelder\/#website\"},\"datePublished\":\"2018-04-19T18:17:58+00:00\",\"dateModified\":\"2018-04-19T18:20:18+00:00\",\"author\":{\"@id\":\"https:\/\/blog.zeit.de\/stoerungsmelder\/#\/schema\/person\/fdd0b9818f65738672810b6d6f037f71\"},\"breadcrumb\":{\"@id\":\"https:\/\/blog.zeit.de\/stoerungsmelder\/2018\/04\/19\/schild-und-schwert-festival-in-ostritz-unter-belagerung_26146#breadcrumb\"},\"inLanguage\":\"de\",\"potentialAction\":[{\"@type\":\"ReadAction\",\"target\":[\"https:\/\/blog.zeit.de\/stoerungsmelder\/2018\/04\/19\/schild-und-schwert-festival-in-ostritz-unter-belagerung_26146\"]}]},{\"@type\":\"BreadcrumbList\",\"@id\":\"https:\/\/blog.zeit.de\/stoerungsmelder\/2018\/04\/19\/schild-und-schwert-festival-in-ostritz-unter-belagerung_26146#breadcrumb\",\"itemListElement\":[{\"@type\":\"ListItem\",\"position\":1,\"name\":\"Startseite\",\"item\":\"https:\/\/blog.zeit.de\/stoerungsmelder\"},{\"@type\":\"ListItem\",\"position\":2,\"name\":\"&#8222;Schild und Schwert&#8220;-Festival in Ostritz: Unter Belagerung\"}]},{\"@type\":\"WebSite\",\"@id\":\"https:\/\/blog.zeit.de\/stoerungsmelder\/#website\",\"url\":\"https:\/\/blog.zeit.de\/stoerungsmelder\/\",\"name\":\"St\u00f6rungsmelder\",\"description\":\"Recherchen und Analysen \u00fcber die extreme Rechte\",\"potentialAction\":[{\"@type\":\"SearchAction\",\"target\":{\"@type\":\"EntryPoint\",\"urlTemplate\":\"https:\/\/blog.zeit.de\/stoerungsmelder\/?s={search_term_string}\"},\"query-input\":\"required name=search_term_string\"}],\"inLanguage\":\"de\"},{\"@type\":\"Person\",\"@id\":\"https:\/\/blog.zeit.de\/stoerungsmelder\/#\/schema\/person\/fdd0b9818f65738672810b6d6f037f71\",\"name\":\"St\u00f6rungsmelder\",\"image\":{\"@type\":\"ImageObject\",\"inLanguage\":\"de\",\"@id\":\"https:\/\/blog.zeit.de\/stoerungsmelder\/#\/schema\/person\/image\/\",\"url\":\"https:\/\/secure.gravatar.com\/avatar\/dfa4be514c3e82a71e4f9a0020035d38192d080ccaa5e4e6d7a1472c763535c5?s=96&d=mm&r=pg\",\"contentUrl\":\"https:\/\/secure.gravatar.com\/avatar\/dfa4be514c3e82a71e4f9a0020035d38192d080ccaa5e4e6d7a1472c763535c5?s=96&d=mm&r=pg\",\"caption\":\"St\u00f6rungsmelder\"},\"url\":\"https:\/\/blog.zeit.de\/stoerungsmelder\/author\/stoerungsmelder\"}]}<\/script>\n<!-- \/ Yoast SEO plugin. -->","yoast_head_json":{"title":"\"Schild und Schwert\"-Festival in Ostritz: Unter Belagerung - St\u00f6rungsmelder","robots":{"index":"index","follow":"follow","max-snippet":"max-snippet:-1","max-image-preview":"max-image-preview:large","max-video-preview":"max-video-preview:-1"},"canonical":"https:\/\/blog.zeit.de\/stoerungsmelder\/2018\/04\/19\/schild-und-schwert-festival-in-ostritz-unter-belagerung_26146","og_locale":"de_DE","og_type":"article","og_title":"\"Schild und Schwert\"-Festival in Ostritz: Unter Belagerung - St\u00f6rungsmelder","og_description":"Im s\u00e4chsischen Ort Ostritz werden am Wochenende 1.000 Neonazis auf vermutlich ebensoviele Gegner treffen. Die haben sich im Streit um den richtigen Protest entzweit. Ostritz rechnet mit dem Schlimmsten. Die Ortsverwaltung empfahl Mitte April den B\u00fcrgern auf ihrer Website, ihre Versicherungsmakler zu konsultieren. Versicherer b\u00f6ten einen &#8222;erweiterten Schutz f\u00fcr Klienten f\u00fcr deren Eigentum&#8220; an. Der [&hellip;]","og_url":"https:\/\/blog.zeit.de\/stoerungsmelder\/2018\/04\/19\/schild-und-schwert-festival-in-ostritz-unter-belagerung_26146","og_site_name":"St\u00f6rungsmelder","article_published_time":"2018-04-19T18:17:58+00:00","article_modified_time":"2018-04-19T18:20:18+00:00","og_image":[{"width":600,"height":399,"url":"https:\/\/blog.zeit.de\/stoerungsmelder\/files\/2018\/04\/101715954.jpg","type":"image\/jpeg"}],"author":"St\u00f6rungsmelder","twitter_card":"summary_large_image","twitter_misc":{"Geschrieben von":"St\u00f6rungsmelder","Gesch\u00e4tzte Lesezeit":"1\u00a0Minute"},"schema":{"@context":"https:\/\/schema.org","@graph":[{"@type":"WebPage","@id":"https:\/\/blog.zeit.de\/stoerungsmelder\/2018\/04\/19\/schild-und-schwert-festival-in-ostritz-unter-belagerung_26146","url":"https:\/\/blog.zeit.de\/stoerungsmelder\/2018\/04\/19\/schild-und-schwert-festival-in-ostritz-unter-belagerung_26146","name":"\"Schild und Schwert\"-Festival in Ostritz: Unter Belagerung - St\u00f6rungsmelder","isPartOf":{"@id":"https:\/\/blog.zeit.de\/stoerungsmelder\/#website"},"datePublished":"2018-04-19T18:17:58+00:00","dateModified":"2018-04-19T18:20:18+00:00","author":{"@id":"https:\/\/blog.zeit.de\/stoerungsmelder\/#\/schema\/person\/fdd0b9818f65738672810b6d6f037f71"},"breadcrumb":{"@id":"https:\/\/blog.zeit.de\/stoerungsmelder\/2018\/04\/19\/schild-und-schwert-festival-in-ostritz-unter-belagerung_26146#breadcrumb"},"inLanguage":"de","potentialAction":[{"@type":"ReadAction","target":["https:\/\/blog.zeit.de\/stoerungsmelder\/2018\/04\/19\/schild-und-schwert-festival-in-ostritz-unter-belagerung_26146"]}]},{"@type":"BreadcrumbList","@id":"https:\/\/blog.zeit.de\/stoerungsmelder\/2018\/04\/19\/schild-und-schwert-festival-in-ostritz-unter-belagerung_26146#breadcrumb","itemListElement":[{"@type":"ListItem","position":1,"name":"Startseite","item":"https:\/\/blog.zeit.de\/stoerungsmelder"},{"@type":"ListItem","position":2,"name":"&#8222;Schild und Schwert&#8220;-Festival in Ostritz: Unter Belagerung"}]},{"@type":"WebSite","@id":"https:\/\/blog.zeit.de\/stoerungsmelder\/#website","url":"https:\/\/blog.zeit.de\/stoerungsmelder\/","name":"St\u00f6rungsmelder","description":"Recherchen und Analysen \u00fcber die extreme Rechte","potentialAction":[{"@type":"SearchAction","target":{"@type":"EntryPoint","urlTemplate":"https:\/\/blog.zeit.de\/stoerungsmelder\/?s={search_term_string}"},"query-input":"required name=search_term_string"}],"inLanguage":"de"},{"@type":"Person","@id":"https:\/\/blog.zeit.de\/stoerungsmelder\/#\/schema\/person\/fdd0b9818f65738672810b6d6f037f71","name":"St\u00f6rungsmelder","image":{"@type":"ImageObject","inLanguage":"de","@id":"https:\/\/blog.zeit.de\/stoerungsmelder\/#\/schema\/person\/image\/","url":"https:\/\/secure.gravatar.com\/avatar\/dfa4be514c3e82a71e4f9a0020035d38192d080ccaa5e4e6d7a1472c763535c5?s=96&d=mm&r=pg","contentUrl":"https:\/\/secure.gravatar.com\/avatar\/dfa4be514c3e82a71e4f9a0020035d38192d080ccaa5e4e6d7a1472c763535c5?s=96&d=mm&r=pg","caption":"St\u00f6rungsmelder"},"url":"https:\/\/blog.zeit.de\/stoerungsmelder\/author\/stoerungsmelder"}]}},"jetpack_featured_media_url":"https:\/\/blog.zeit.de\/stoerungsmelder\/files\/2018\/04\/101715954.jpg","jetpack_sharing_enabled":true,"_links":{"self":[{"href":"https:\/\/blog.zeit.de\/stoerungsmelder\/wp-json\/wp\/v2\/posts\/26146","targetHints":{"allow":["GET"]}}],"collection":[{"href":"https:\/\/blog.zeit.de\/stoerungsmelder\/wp-json\/wp\/v2\/posts"}],"about":[{"href":"https:\/\/blog.zeit.de\/stoerungsmelder\/wp-json\/wp\/v2\/types\/post"}],"author":[{"embeddable":true,"href":"https:\/\/blog.zeit.de\/stoerungsmelder\/wp-json\/wp\/v2\/users\/229"}],"replies":[{"embeddable":true,"href":"https:\/\/blog.zeit.de\/stoerungsmelder\/wp-json\/wp\/v2\/comments?post=26146"}],"version-history":[{"count":4,"href":"https:\/\/blog.zeit.de\/stoerungsmelder\/wp-json\/wp\/v2\/posts\/26146\/revisions"}],"predecessor-version":[{"id":26151,"href":"https:\/\/blog.zeit.de\/stoerungsmelder\/wp-json\/wp\/v2\/posts\/26146\/revisions\/26151"}],"wp:featuredmedia":[{"embeddable":true,"href":"https:\/\/blog.zeit.de\/stoerungsmelder\/wp-json\/wp\/v2\/media\/26147"}],"wp:attachment":[{"href":"https:\/\/blog.zeit.de\/stoerungsmelder\/wp-json\/wp\/v2\/media?parent=26146"}],"wp:term":[{"taxonomy":"category","embeddable":true,"href":"https:\/\/blog.zeit.de\/stoerungsmelder\/wp-json\/wp\/v2\/categories?post=26146"},{"taxonomy":"post_tag","embeddable":true,"href":"https:\/\/blog.zeit.de\/stoerungsmelder\/wp-json\/wp\/v2\/tags?post=26146"}],"curies":[{"name":"wp","href":"https:\/\/api.w.org\/{rel}","templated":true}]}}