{"id":2635,"date":"2010-02-11T11:19:40","date_gmt":"2010-02-11T09:19:40","guid":{"rendered":"http:\/\/blog.zeit.de\/stoerungsmelder\/?p=2635"},"modified":"2010-02-11T11:19:40","modified_gmt":"2010-02-11T09:19:40","slug":"die-toten-hosen-unterstutzen-dresden-nazifrei","status":"publish","type":"post","link":"https:\/\/blog.zeit.de\/stoerungsmelder\/2010\/02\/11\/die-toten-hosen-unterstutzen-dresden-nazifrei_2635","title":{"rendered":"Die Toten Hosen unterst\u00fctzen &#8222;Dresden Nazifrei!&#8220;"},"content":{"rendered":"<p><a href=\"http:\/\/www.dresden-nazifrei.com\/wp-content\/uploads\/totenhosen.jpg\"><img loading=\"lazy\" decoding=\"async\" class=\"alignnone\" src=\"http:\/\/www.dresden-nazifrei.com\/wp-content\/uploads\/totenhosen.jpg\" alt=\"\" width=\"410\" height=\"270\" \/><\/a><\/p>\n<p>Am 13. Februar wollen erneut Tausende Neonazis durch Dresden marschieren, um ihr revisionistisches Geschichtsbild zu verbreiten und ihren &#8222;Kampf um die Stra\u00dfe&#8220; fortzuf\u00fchren. Dagegen stellt sich ein breites B\u00fcndnis mit dem Namen &#8222;Dresden Nazifrei&#8220;. Dieser Zusammenschluss wird auch von den Toten Hosen unterst\u00fctzt, die auf der Seite &#8222;<a href=\"http:\/\/www.dresden-nazifrei.com\/?p=1177\" target=\"_blank\">Dresden Nazifrei<\/a>&#8220; interviewt werden. Die Hosen betonen:\u00a0 Meinungs- oder Religionsfreiheit sind alles andere als selbstverst\u00e4ndlich, sondern hart erk\u00e4mpfte Errungenschaften, die immer wieder verteidigt werden m\u00fcssen. Gitarrist Breiti beantwortete die Fragen.<!--more--><\/p>\n<p><figure id=\"attachment_4671\" aria-describedby=\"caption-attachment-4671\" style=\"width: 300px\" class=\"wp-caption alignleft\"><a href=\"http:\/\/npd-blog.info\/wp-content\/uploads\/2009\/09\/dresdengaza_marekp.jpg\"><img loading=\"lazy\" decoding=\"async\" class=\"size-medium wp-image-4671\" src=\"http:\/\/npd-blog.info\/wp-content\/uploads\/2009\/09\/dresdengaza_marekp-300x200.jpg\" alt=\"dresdengaza_marekp\" width=\"300\" height=\"200\" \/><\/a><figcaption id=\"caption-attachment-4671\" class=\"wp-caption-text\">Tausende Rechtsextremisten fr\u00f6nen in Dresden ihren Opferkult. (Foto: Marek Peters)<\/figcaption><\/figure><\/p>\n<p style=\"justify;\">Dresden-Nazifrei: Am 13. Februar droht der gr\u00f6\u00dfte Naziaufmarsch Europas in Dresden. Ein breites B\u00fcndnis plant nach dem Vorbild von Heiligendamm, Jena und K\u00f6ln Massenblockaden. Glaubst Du es k\u00f6nnte klappen so den Naziaufmarsch dieses Jahr erstmals zu stoppen?<\/p>\n<p style=\"justify;\">Die Toten Hosen: Wirklich stoppen vielleicht nicht, aber auf jeden Fall wesentlich behindern. Das Wichtigste ist, da\u00df die Nazis nicht ungehindert ihren Aufmarsch abhalten k\u00f6nnen, was ein Erfolg in ihrer Szene und in den Medien w\u00e4re. Wenn statt dessen mehr \u00fcber die Proteste eines breiten B\u00fcndnisses gegen die Nazis berichtet wird, ist das eine klare Niederlage f\u00fcr die Rechten. Deswegen sind die Proteste so wichtig.<\/p>\n<p style=\"justify;\">Sitzblockaden sind im deutschen Gesetzbuch nicht vorgesehen. Das B\u00fcndnis bekam das prompt von der Dresdner Staatsanwaltschaft durch Beschlagnahmung von Plakaten und Flyern und der Sperrung der Internetseite zu sp\u00fcren. Wie stehst Du zu solchen Aktionen des zivilen Ungehorsams? Ihr habt ja selbst mal die Gleise beim Castortransport blockiert.<\/p>\n<p style=\"justify;\">Ich halte Sitzblockaden f\u00fcr eine sehr gute Form des Protests, auch wenn sie per Gesetz vielleicht nicht vorgesehen sind. Es geht bei dem Nazimarsch um die Verbreitung menschenverachtender, antidemokratischer Propaganda, da mu\u00df man auch zu einem Mittel greifen d\u00fcrfen, das strenggenommen vielleicht illegal ist. Sitzblockaden sind eine defensive Form des Widerstands, es werden weder Personen noch Sachen mit Aggression bedroht, es entsteht f\u00fcr niemanden ein Schaden an K\u00f6rper oder Eigentum. Deswegen sind sie f\u00fcr mich in einer Situation wie in Dresden ein gutes und geeignetes Mittel.<\/p>\n<p style=\"justify;\">Einige Politiker in Sachsen f\u00fchlen sich offenbar von den erwarteten Gegendemonstranten fast mehr gest\u00f6rt, als von den 7000 aufmarschierenden Neonazis. Was w\u00fcrdest Du diesen Politikern gerne mal sagen?<\/p>\n<p style=\"justify;\">Ich w\u00fcrde alle demokratischen Politiker auffordern, die Ziele rechter Parteien und Organisationen klar zu benennen und zu bek\u00e4mpfen. Oft ist es aber so, da\u00df Politiker, leider fast aller Parteien, entweder aus eigener \u00dcberzeugung oder um angeblich \u201crechte Parteien in den Parlamenten zu verhindern\u201d, die Ziele rechter Parteien selbst umsetzen. Die De facto \u2013 Abschaffung des Asylrechts ist da ein unr\u00fchmliches Beispiel. Deswegen mu\u00df der Widerstand gegen rechte Ideen und der Kampf f\u00fcr Grundrechte aus allen Teilen der Gesellschaft kommen.<\/p>\n<p style=\"justify;\">Und nach Dresden? Wie geht es weiter im Kampf gegen Rechts? Was glaubt Ihr muss passieren, um den Nazis den Boden langfristig zu entziehen?<\/p>\n<p style=\"justify;\">Vielen Leuten ist gar nicht bewusst, das Dinge wie Meinungs- oder Religionsfreiheit alles andere als selbstverst\u00e4ndlich, sondern hart erk\u00e4mpfte Errungenschaften sind, die immer wieder verteidigt werden m\u00fcssen. Bei Gro\u00dfereignissen wie in Dresden genauso wie jeden Tag in der Schule, in der Kneipe, im Sportverein oder am Arbeitsplatz. Zum Gl\u00fcck ist es so, da\u00df es sehr viele Vereine, Organisationen und Initiativen gibt, denen man sich im Kampf gegen rechte Ideen anschlie\u00dfen kann, denn alleine erreicht man nichts, mit vielen zusammen erstaunlich viel. Vor allem, wenn man sich nicht entmutigen l\u00e4sst und geduldig immer weiter macht.<\/p>\n<p>Siehe auch: <a rel=\"bookmark\" href=\"..\/2010\/02\/08\/neonazi-aufmarsche-100\/\">\u201cKampf um die Stra\u00dfe\u201d: Neonazis marschieren weiter<\/a>, <a rel=\"bookmark\" href=\"..\/2010\/02\/05\/neonazi-aufmarsch-dresden-100\/\">Neonazis d\u00fcrfen marschieren \u2013 Dresden k\u00fcndigt Rechtsmittel an<\/a>, <a rel=\"bookmark\" href=\"..\/2010\/02\/05\/2010\/01\/30\/extremismus-100\/\">Gibt es Extremismus? Anmerkungen aus politischer Perspektive<\/a>, <a rel=\"bookmark\" href=\"..\/2010\/02\/05\/2010\/01\/28\/neonazis-dresden-11marschieren\/\">Neonazis d\u00fcrfen nicht durch Dresden marschieren, <\/a><a href=\"..\/2010\/02\/05\/2010\/01\/25\/lex-dresden-100\/\">\u201cLex Dresden gegen Extremisten-Schwemme\u201d<\/a>, <a href=\"..\/2010\/02\/05\/2010\/01\/26\/npd-dresden-nazifrei-10\/\">NPD stellt Anzeige gegen dresden-nazifrei<\/a>, <a rel=\"bookmark\" href=\"..\/2010\/02\/05\/2010\/01\/24\/dresden-nazifrei-104\/\">Staatsanwaltschaft legt dresden-nazifrei.de still,<\/a> <a rel=\"bookmark\" href=\"..\/2010\/02\/05\/2010\/01\/24\/2010\/01\/22\/dresden-plakat-200\/\">Dresden-Plakat: Politikerin der Linkspartei festgenommen<\/a>, <a rel=\"bookmark\" href=\"..\/2010\/02\/05\/2010\/01\/24\/2010\/01\/22\/2010\/01\/20\/starker-staat-als-strategie\/\">Starker Staat als Strategie, <\/a><a href=\"..\/2010\/02\/05\/2010\/01\/24\/2010\/01\/22\/2010\/01\/19\/kommentar-extremismus122\/\">Kommentar: Mutwillige Vereinfachung, <\/a><a rel=\"bookmark\" href=\"..\/2010\/02\/05\/2010\/01\/24\/2010\/01\/22\/2010\/01\/20\/2010\/01\/19\/polizei-geht-gegen-dresden-plakat-vor\/\">Hintergrund: Polizei geht gegen Dresden-Plakat vor<\/a><\/p>\n","protected":false},"excerpt":{"rendered":"<p>Am 13. Februar wollen erneut Tausende Neonazis durch Dresden marschieren, um ihr revisionistisches Geschichtsbild zu verbreiten und ihren &#8222;Kampf um die Stra\u00dfe&#8220; fortzuf\u00fchren. Dagegen stellt sich ein breites B\u00fcndnis mit dem Namen &#8222;Dresden Nazifrei&#8220;. Dieser Zusammenschluss wird auch von den Toten Hosen unterst\u00fctzt, die auf der Seite &#8222;Dresden Nazifrei&#8220; interviewt werden. Die Hosen betonen:\u00a0 Meinungs- [&hellip;]<\/p>\n","protected":false},"author":227,"featured_media":0,"comment_status":"open","ping_status":"open","sticky":false,"template":"","format":"standard","meta":{"_jetpack_memberships_contains_paid_content":false,"footnotes":""},"categories":[1456],"tags":[1707,1795,1825,1858],"class_list":["post-2635","post","type-post","status-publish","format-standard","hentry","category-sachsen","tag-naziaufmarsch","tag-sitzblockade","tag-toten-hosen","tag-zivilcourage"],"yoast_head":"<!-- This site is optimized with the Yoast SEO plugin v21.0 - https:\/\/yoast.com\/wordpress\/plugins\/seo\/ -->\n<title>Die Toten Hosen unterst\u00fctzen &quot;Dresden Nazifrei!&quot; - St\u00f6rungsmelder<\/title>\n<meta name=\"robots\" content=\"index, follow, max-snippet:-1, max-image-preview:large, max-video-preview:-1\" \/>\n<link rel=\"canonical\" href=\"https:\/\/blog.zeit.de\/stoerungsmelder\/2010\/02\/11\/die-toten-hosen-unterstutzen-dresden-nazifrei_2635\" \/>\n<meta property=\"og:locale\" content=\"de_DE\" \/>\n<meta property=\"og:type\" content=\"article\" \/>\n<meta property=\"og:title\" content=\"Die Toten Hosen unterst\u00fctzen &quot;Dresden Nazifrei!&quot; - St\u00f6rungsmelder\" \/>\n<meta property=\"og:description\" content=\"Am 13. Februar wollen erneut Tausende Neonazis durch Dresden marschieren, um ihr revisionistisches Geschichtsbild zu verbreiten und ihren &#8222;Kampf um die Stra\u00dfe&#8220; fortzuf\u00fchren. Dagegen stellt sich ein breites B\u00fcndnis mit dem Namen &#8222;Dresden Nazifrei&#8220;. Dieser Zusammenschluss wird auch von den Toten Hosen unterst\u00fctzt, die auf der Seite &#8222;Dresden Nazifrei&#8220; interviewt werden. Die Hosen betonen:\u00a0 Meinungs- [&hellip;]\" \/>\n<meta property=\"og:url\" content=\"https:\/\/blog.zeit.de\/stoerungsmelder\/2010\/02\/11\/die-toten-hosen-unterstutzen-dresden-nazifrei_2635\" \/>\n<meta property=\"og:site_name\" content=\"St\u00f6rungsmelder\" \/>\n<meta property=\"article:published_time\" content=\"2010-02-11T09:19:40+00:00\" \/>\n<meta property=\"og:image\" content=\"http:\/\/www.dresden-nazifrei.com\/wp-content\/uploads\/totenhosen.jpg\" \/>\n<meta name=\"author\" content=\"Patrick Gensing\" \/>\n<meta name=\"twitter:card\" content=\"summary_large_image\" \/>\n<meta name=\"twitter:label1\" content=\"Geschrieben von\" \/>\n\t<meta name=\"twitter:data1\" content=\"Patrick Gensing\" \/>\n\t<meta name=\"twitter:label2\" content=\"Gesch\u00e4tzte Lesezeit\" \/>\n\t<meta name=\"twitter:data2\" content=\"3\u00a0Minuten\" \/>\n<script type=\"application\/ld+json\" class=\"yoast-schema-graph\">{\"@context\":\"https:\/\/schema.org\",\"@graph\":[{\"@type\":\"WebPage\",\"@id\":\"https:\/\/blog.zeit.de\/stoerungsmelder\/2010\/02\/11\/die-toten-hosen-unterstutzen-dresden-nazifrei_2635\",\"url\":\"https:\/\/blog.zeit.de\/stoerungsmelder\/2010\/02\/11\/die-toten-hosen-unterstutzen-dresden-nazifrei_2635\",\"name\":\"Die Toten Hosen unterst\u00fctzen \\\"Dresden Nazifrei!\\\" - St\u00f6rungsmelder\",\"isPartOf\":{\"@id\":\"https:\/\/blog.zeit.de\/stoerungsmelder\/#website\"},\"datePublished\":\"2010-02-11T09:19:40+00:00\",\"dateModified\":\"2010-02-11T09:19:40+00:00\",\"author\":{\"@id\":\"https:\/\/blog.zeit.de\/stoerungsmelder\/#\/schema\/person\/1898e9a6d47b4737da2c4fca74a10552\"},\"breadcrumb\":{\"@id\":\"https:\/\/blog.zeit.de\/stoerungsmelder\/2010\/02\/11\/die-toten-hosen-unterstutzen-dresden-nazifrei_2635#breadcrumb\"},\"inLanguage\":\"de\",\"potentialAction\":[{\"@type\":\"ReadAction\",\"target\":[\"https:\/\/blog.zeit.de\/stoerungsmelder\/2010\/02\/11\/die-toten-hosen-unterstutzen-dresden-nazifrei_2635\"]}]},{\"@type\":\"BreadcrumbList\",\"@id\":\"https:\/\/blog.zeit.de\/stoerungsmelder\/2010\/02\/11\/die-toten-hosen-unterstutzen-dresden-nazifrei_2635#breadcrumb\",\"itemListElement\":[{\"@type\":\"ListItem\",\"position\":1,\"name\":\"Startseite\",\"item\":\"https:\/\/blog.zeit.de\/stoerungsmelder\"},{\"@type\":\"ListItem\",\"position\":2,\"name\":\"Die Toten Hosen unterst\u00fctzen &#8222;Dresden Nazifrei!&#8220;\"}]},{\"@type\":\"WebSite\",\"@id\":\"https:\/\/blog.zeit.de\/stoerungsmelder\/#website\",\"url\":\"https:\/\/blog.zeit.de\/stoerungsmelder\/\",\"name\":\"St\u00f6rungsmelder\",\"description\":\"Recherchen und Analysen \u00fcber die extreme Rechte\",\"potentialAction\":[{\"@type\":\"SearchAction\",\"target\":{\"@type\":\"EntryPoint\",\"urlTemplate\":\"https:\/\/blog.zeit.de\/stoerungsmelder\/?s={search_term_string}\"},\"query-input\":\"required name=search_term_string\"}],\"inLanguage\":\"de\"},{\"@type\":\"Person\",\"@id\":\"https:\/\/blog.zeit.de\/stoerungsmelder\/#\/schema\/person\/1898e9a6d47b4737da2c4fca74a10552\",\"name\":\"Patrick Gensing\",\"image\":{\"@type\":\"ImageObject\",\"inLanguage\":\"de\",\"@id\":\"https:\/\/blog.zeit.de\/stoerungsmelder\/#\/schema\/person\/image\/\",\"url\":\"https:\/\/secure.gravatar.com\/avatar\/a7a6fc628ed4dd7517525b944e2a8b13f64804f428d399d781f8dd0c4651643a?s=96&d=mm&r=pg\",\"contentUrl\":\"https:\/\/secure.gravatar.com\/avatar\/a7a6fc628ed4dd7517525b944e2a8b13f64804f428d399d781f8dd0c4651643a?s=96&d=mm&r=pg\",\"caption\":\"Patrick Gensing\"},\"description\":\"Journalist, Blogger, Buchautor - Patrick Gensing besch\u00e4ftigt sich seit seiner Jugend Ende der 1980er Jahre mit den Themen Neonazis, Rassismus und Antisemitismus. Seit rund zehn Jahren schreibt er als Journalist \u00fcber diese Themen, unter anderem bei tagesschau.de, bei Zeit-Online, in der taz - oder in dem Buch \\\"Terror von rechts\\\", das am 14. September 2012 erscheint.\",\"sameAs\":[\"http:\/\/publikative.org\"],\"url\":\"https:\/\/blog.zeit.de\/stoerungsmelder\/author\/patrick-gensing\"}]}<\/script>\n<!-- \/ Yoast SEO plugin. -->","yoast_head_json":{"title":"Die Toten Hosen unterst\u00fctzen \"Dresden Nazifrei!\" - St\u00f6rungsmelder","robots":{"index":"index","follow":"follow","max-snippet":"max-snippet:-1","max-image-preview":"max-image-preview:large","max-video-preview":"max-video-preview:-1"},"canonical":"https:\/\/blog.zeit.de\/stoerungsmelder\/2010\/02\/11\/die-toten-hosen-unterstutzen-dresden-nazifrei_2635","og_locale":"de_DE","og_type":"article","og_title":"Die Toten Hosen unterst\u00fctzen \"Dresden Nazifrei!\" - St\u00f6rungsmelder","og_description":"Am 13. Februar wollen erneut Tausende Neonazis durch Dresden marschieren, um ihr revisionistisches Geschichtsbild zu verbreiten und ihren &#8222;Kampf um die Stra\u00dfe&#8220; fortzuf\u00fchren. Dagegen stellt sich ein breites B\u00fcndnis mit dem Namen &#8222;Dresden Nazifrei&#8220;. Dieser Zusammenschluss wird auch von den Toten Hosen unterst\u00fctzt, die auf der Seite &#8222;Dresden Nazifrei&#8220; interviewt werden. Die Hosen betonen:\u00a0 Meinungs- [&hellip;]","og_url":"https:\/\/blog.zeit.de\/stoerungsmelder\/2010\/02\/11\/die-toten-hosen-unterstutzen-dresden-nazifrei_2635","og_site_name":"St\u00f6rungsmelder","article_published_time":"2010-02-11T09:19:40+00:00","og_image":[{"url":"http:\/\/www.dresden-nazifrei.com\/wp-content\/uploads\/totenhosen.jpg"}],"author":"Patrick Gensing","twitter_card":"summary_large_image","twitter_misc":{"Geschrieben von":"Patrick Gensing","Gesch\u00e4tzte Lesezeit":"3\u00a0Minuten"},"schema":{"@context":"https:\/\/schema.org","@graph":[{"@type":"WebPage","@id":"https:\/\/blog.zeit.de\/stoerungsmelder\/2010\/02\/11\/die-toten-hosen-unterstutzen-dresden-nazifrei_2635","url":"https:\/\/blog.zeit.de\/stoerungsmelder\/2010\/02\/11\/die-toten-hosen-unterstutzen-dresden-nazifrei_2635","name":"Die Toten Hosen unterst\u00fctzen \"Dresden Nazifrei!\" - St\u00f6rungsmelder","isPartOf":{"@id":"https:\/\/blog.zeit.de\/stoerungsmelder\/#website"},"datePublished":"2010-02-11T09:19:40+00:00","dateModified":"2010-02-11T09:19:40+00:00","author":{"@id":"https:\/\/blog.zeit.de\/stoerungsmelder\/#\/schema\/person\/1898e9a6d47b4737da2c4fca74a10552"},"breadcrumb":{"@id":"https:\/\/blog.zeit.de\/stoerungsmelder\/2010\/02\/11\/die-toten-hosen-unterstutzen-dresden-nazifrei_2635#breadcrumb"},"inLanguage":"de","potentialAction":[{"@type":"ReadAction","target":["https:\/\/blog.zeit.de\/stoerungsmelder\/2010\/02\/11\/die-toten-hosen-unterstutzen-dresden-nazifrei_2635"]}]},{"@type":"BreadcrumbList","@id":"https:\/\/blog.zeit.de\/stoerungsmelder\/2010\/02\/11\/die-toten-hosen-unterstutzen-dresden-nazifrei_2635#breadcrumb","itemListElement":[{"@type":"ListItem","position":1,"name":"Startseite","item":"https:\/\/blog.zeit.de\/stoerungsmelder"},{"@type":"ListItem","position":2,"name":"Die Toten Hosen unterst\u00fctzen &#8222;Dresden Nazifrei!&#8220;"}]},{"@type":"WebSite","@id":"https:\/\/blog.zeit.de\/stoerungsmelder\/#website","url":"https:\/\/blog.zeit.de\/stoerungsmelder\/","name":"St\u00f6rungsmelder","description":"Recherchen und Analysen \u00fcber die extreme Rechte","potentialAction":[{"@type":"SearchAction","target":{"@type":"EntryPoint","urlTemplate":"https:\/\/blog.zeit.de\/stoerungsmelder\/?s={search_term_string}"},"query-input":"required name=search_term_string"}],"inLanguage":"de"},{"@type":"Person","@id":"https:\/\/blog.zeit.de\/stoerungsmelder\/#\/schema\/person\/1898e9a6d47b4737da2c4fca74a10552","name":"Patrick Gensing","image":{"@type":"ImageObject","inLanguage":"de","@id":"https:\/\/blog.zeit.de\/stoerungsmelder\/#\/schema\/person\/image\/","url":"https:\/\/secure.gravatar.com\/avatar\/a7a6fc628ed4dd7517525b944e2a8b13f64804f428d399d781f8dd0c4651643a?s=96&d=mm&r=pg","contentUrl":"https:\/\/secure.gravatar.com\/avatar\/a7a6fc628ed4dd7517525b944e2a8b13f64804f428d399d781f8dd0c4651643a?s=96&d=mm&r=pg","caption":"Patrick Gensing"},"description":"Journalist, Blogger, Buchautor - Patrick Gensing besch\u00e4ftigt sich seit seiner Jugend Ende der 1980er Jahre mit den Themen Neonazis, Rassismus und Antisemitismus. Seit rund zehn Jahren schreibt er als Journalist \u00fcber diese Themen, unter anderem bei tagesschau.de, bei Zeit-Online, in der taz - oder in dem Buch \"Terror von rechts\", das am 14. September 2012 erscheint.","sameAs":["http:\/\/publikative.org"],"url":"https:\/\/blog.zeit.de\/stoerungsmelder\/author\/patrick-gensing"}]}},"jetpack_featured_media_url":"","jetpack_sharing_enabled":true,"_links":{"self":[{"href":"https:\/\/blog.zeit.de\/stoerungsmelder\/wp-json\/wp\/v2\/posts\/2635","targetHints":{"allow":["GET"]}}],"collection":[{"href":"https:\/\/blog.zeit.de\/stoerungsmelder\/wp-json\/wp\/v2\/posts"}],"about":[{"href":"https:\/\/blog.zeit.de\/stoerungsmelder\/wp-json\/wp\/v2\/types\/post"}],"author":[{"embeddable":true,"href":"https:\/\/blog.zeit.de\/stoerungsmelder\/wp-json\/wp\/v2\/users\/227"}],"replies":[{"embeddable":true,"href":"https:\/\/blog.zeit.de\/stoerungsmelder\/wp-json\/wp\/v2\/comments?post=2635"}],"version-history":[{"count":0,"href":"https:\/\/blog.zeit.de\/stoerungsmelder\/wp-json\/wp\/v2\/posts\/2635\/revisions"}],"wp:attachment":[{"href":"https:\/\/blog.zeit.de\/stoerungsmelder\/wp-json\/wp\/v2\/media?parent=2635"}],"wp:term":[{"taxonomy":"category","embeddable":true,"href":"https:\/\/blog.zeit.de\/stoerungsmelder\/wp-json\/wp\/v2\/categories?post=2635"},{"taxonomy":"post_tag","embeddable":true,"href":"https:\/\/blog.zeit.de\/stoerungsmelder\/wp-json\/wp\/v2\/tags?post=2635"}],"curies":[{"name":"wp","href":"https:\/\/api.w.org\/{rel}","templated":true}]}}