{"id":264,"date":"2008-03-16T09:05:13","date_gmt":"2008-03-16T08:05:13","guid":{"rendered":"http:\/\/blog.zeit.de\/stoerungsmelder\/2008\/03\/16\/wenn-der-kampf-gegen-rechts-zur-selbstzerfleischung-fuhrt_264"},"modified":"2008-03-16T09:05:13","modified_gmt":"2008-03-16T08:05:13","slug":"wenn-der-kampf-gegen-rechts-zur-selbstzerfleischung-fuhrt","status":"publish","type":"post","link":"https:\/\/blog.zeit.de\/stoerungsmelder\/2008\/03\/16\/wenn-der-kampf-gegen-rechts-zur-selbstzerfleischung-fuhrt_264","title":{"rendered":"Wenn der &#8222;Kampf gegen Rechts&#8220; in der SPD zur Selbstzerfleischung f\u00fchrt"},"content":{"rendered":"<p>Eigentlich mag ich ja meine alte Tante SPD. Aber manchmal macht die wirklich komische Sachen. So z.B. geschehen auf ihrem Bundesparteitag vom 26. bis 28. Oktober 2007 in Hamburg mit dem Antrag \u201eDemokratie st\u00e4rken. Gewalt bek\u00e4mpfen. Wirksam handeln gegen Rechtsextremismus.\u201c Da hat sie doch ernsthaft beschlossen, ihre eigenen Mitglieder zu &#8222;\u00e4chten&#8220; &#8211; u.a. die, die gegen Rechtsextremismus k\u00e4mpfen.<!--more--><\/p>\n<p>Gut. Es wei\u00df jeder, dass ein Parteitag kein Poetenfestival ist. Aber auch einer gro\u00dfen Volkspartei sollte nicht entgangen sein, dass bei Schriftst\u00fccken Anfang und Ende von gro\u00dfer symbolischer Bedeutung sind. Literarischer Ein- und Ausstieg jedenfalls sollten unangreifbar sein und vor allem Sinn ergeben.<\/p>\n<p>Fangen wir also am Anfang an. Zitiert wird dort ein Ausspruch des alten Haudegen Willy Brandt aus dem legend\u00e4ren Jahr 1968: \u201eNazismus, alter Nazismus, aufgew\u00e4rmter Nazismus, Neonazismus ist Verrat an Land und Volk.\u201c Ich kann mir vorstellen, dass das jetzt schon einigen Kritikastern tiefe Falten auf die Stirn treiben wird. \u201eVerrat an Land und Volk\u201c? Na, das h\u00f6rt sich aber verdammt nach \u201eNation\u201c an.<\/p>\n<p>Ein wirklicher Rausschmei\u00dfer ist aber der letzte Satz des Antrages, der sich im 5. Kapitel mit der \u00dcberschrift \u201eNPD verbieten und den Kampf gegen Rechtsextremismus entschieden f\u00fchren\u201c befindet: \u201eGleichzeitig \u00e4chten wir eventuelle vorhandene Kontakte zwischen SPD-Mitgliedern zu zweifelhaften rechten Gruppierungen und Initiativen sowie zu rechten Presseorganen wie der \u201aJungen Freiheit\u2019.\u201c Dass \u201eNPD und Rechtsextremismus\u201c die eine Sache, \u201erechts sein\u201c jedoch bisweilen eine etwas andere ist, sei nur zu Zwecken der Vollst\u00e4ndigkeit erw\u00e4hnt. Gott bewahre, ich will gar nicht dr\u00fcber diskutieren!<\/p>\n<p>Sehen wir uns diesen Satz einmal genauer an. Die SPD \u00e4chtet also ihre eigenen Mitglieder, wenn diese \u201eKontakte\u201c zu \u201ezweifelhaften Gruppierungen und Initiativen\u201c unterhalten. Es stellen sich dem aufmerksamen Leser nur zwei Fragen. Was genau sind eigentlich \u201eKontakte\u201c und wann ist eine rechte Gruppierung nicht mehr \u201ezweifelhaft\u201c? Daf\u00fcr gibt der SPD-Bundesparteitag leider keine Gebrauchsanweisung mit auf den Weg.<\/p>\n<p>Aber nehmen wir ruhig einen eindeutigen Fall: z.B. die NPD oder eine neonazistische Kameradschaft. Wenn SPD-Mitglieder zu diesen \u201eKontakte\u201c unterhalten, werden sie also von der Mutterpartei ge\u00e4chtet. Was jetzt aber, wenn man als Journalist Mitglied der SPD ist und sich mit dem Thema Rechtsextremismus besch\u00e4ftigen will? Zu einer anst\u00e4ndigen Arbeit w\u00fcrde selbstverst\u00e4ndlich geh\u00f6ren, dass sich dieser Journalist auch mit Leuten von der NPD unterhielte. Wie wollte er sonst seri\u00f6s \u00fcber diese Partei schreiben? N\u00e4chster Fall: Was ist eigentlich mit Wissenschaftlern, die sich mit Rechtsextremismus besch\u00e4ftigen? D\u00fcrfen die ihr Untersuchungsobjekt nicht selbst in Augenschein nehmen und gleichzeitig Mitglied der SPD sein? Journalisten und Wissenschaftler m\u00fcssten sich also entscheiden: seri\u00f6s ihre Arbeit machen oder der SPD angeh\u00f6ren. Eine wirklich komische Alternative.<\/p>\n<p>Aber anderen Berufsgruppen geht es gar nicht besser. Nehmen wir einfach Mandy. Mandy ist 37 Jahre alt, SPD-Mitglied und \u201eStreetworkerin\u201c. Sie wurde in einer Kleinstadt genau deshalb angestellt, um sich den \u201ezweifelhaften rechten Gruppierungen und Initiativen\u201c in ihrem Ort zu widmen. Sie soll die Jungs und M\u00e4dels wieder von ihrem Irrweg abbringen. In dieser Kleinstadt ist man stolz. Nicht auf die \u00f6rtliche Kameradschaft, sondern darauf, dass man dagegen etwas tut. Nur eine hat ein Problem: Mandy, denn die wird ab jetzt von ihrer Mutterpartei \u201ege\u00e4chtet\u201c.<\/p>\n<p>Und nun zu einem letzten Berufsstand. Ich kann sie nicht z\u00e4hlen, die demokratischen Politiker, die in Mecklenburg-Vorpommern \u201eKontakte\u201c zur NPD pflegen. In einem weiten Sinne geht es auch mir so. Warum? Weil die NPD in Mecklenburg-Vorpommern Realit\u00e4t ist. Im Schweriner Landtag \u201ekontaktieren\u201c wir die NPD permanent. In Ausschusssitzungen, in Landtagssitzungen etc. Man kann nicht gleichzeitig die offene, argumentative Auseinandersetzung mit Rechtsextremisten einfordern und gleichzeitig jene \u201e\u00e4chten\u201c, die genau dem nachkommen.<\/p>\n<p>Man mag es auch f\u00fcr strategisch falsch halten, dass Leute wie Egon Bahr, Peter Glotz oder Sebastian Jobelius (ehemals Juso-Chef von NRW) dem rechtskonservativen Wochenblatt &#8222;Junge Freiheit&#8220; einst Interviews gegeben haben und sie daf\u00fcr gesittet kritisieren. Aber ein Grund, mit Parteitagsbeschl\u00fcssen durch &#8222;\u00c4chtung&#8220; individuelle Freiheitsrechte zumindest moralisch einschr\u00e4nken zu wollen, ist das wahrlich nicht. Schon deshalb, wenn man einmal bei wikipedia nachschaut, was das eigentlich ist, eine &#8222;\u00c4chtung&#8220;: &#8222;<strong>\u00c4chtung<\/strong>, die Verh\u00e4ngung der \u201eAcht\u201c, ist eine schwere Strafe des nordgermanischen und des alten deutschen Rechts (<em>vgl.<\/em> Reichsacht). Sie verlangt die Aussto\u00dfung des Ge\u00e4chteten aus der menschlichen Gemeinschaft, das Verbot, ihm beizustehen, und erm\u00e4chtigt jedermann, ihn straflos zu t\u00f6ten.&#8220;<\/p>\n<p>Ein bisschen beschleicht mich daher das Gef\u00fchl, dass besagten Satz in besagtem Antrag ein Wohnstubenantifaschist geschrieben hat. Jemand, der sich nicht t\u00e4glich mit dem auseinandersetzen muss, wor\u00fcber er gro\u00dfe Reden f\u00fchrt. Jemand, der seine Informationen im Wesentlichen aus B\u00fcchern und Zeitungen bezieht und dem vielleicht auch deshalb eine Differenzierung zwischen \u201erechts\u201c und \u201erechtsextrem\u201c schwer f\u00e4llt. Das k\u00f6nnte sich \u00e4ndern, wenn unser Wohnstubenantifaschist einmal nachts in einer entlegenen Gasse <a href=\"http:\/\/www.endstation-rechts.de\/index.php?option=com_content&amp;task=view&amp;id=1120&amp;Itemid=241\">Dieter Stein<\/a> und <a href=\"http:\/\/www.endstation-rechts.de\/index.php?option=com_content&amp;task=view&amp;id=1058&amp;Itemid=243\">Thorsten de Vries<\/a> pers\u00f6nlich begegnete. Sp\u00e4testens dann lernte er wohl, k\u00fcnftig etwas besser zu differenzieren.<\/p>\n<p>Aber ich bin ganz optimistisch, dass die alte Tante SPD auf ihrem n\u00e4chsten Parteitag den beschlossenen Unfug wieder einkassieren wird. Und Sie ahnen es schon? Bis es endlich soweit ist, werde ich zumindest diesen Teil des genannten Antrages gepflegt ignorieren.<\/p>\n<p><a href=\"http:\/\/www.endstation-rechts.de\/\"><img decoding=\"async\" src=\"http:\/\/www.endstation-rechts.de\/er-logo.gif\" alt=\"michael-schaefer\" align=\"left\" border=\"0\" hspace=\"10\" vspace=\"5\" width=\"50\" \/><\/a><br \/>\nweitere Informationen: <a href=\"http:\/\/www.endstation-rechts.de\/\">http:\/\/www.endstation-rechts.de<\/a><\/p>\n","protected":false},"excerpt":{"rendered":"<p>Eigentlich mag ich ja meine alte Tante SPD. Aber manchmal macht die wirklich komische Sachen. So z.B. geschehen auf ihrem Bundesparteitag vom 26. bis 28. Oktober 2007 in Hamburg mit dem Antrag \u201eDemokratie st\u00e4rken. Gewalt bek\u00e4mpfen. Wirksam handeln gegen Rechtsextremismus.\u201c Da hat sie doch ernsthaft beschlossen, ihre eigenen Mitglieder zu &#8222;\u00e4chten&#8220; &#8211; u.a. die, die [&hellip;]<\/p>\n","protected":false},"author":239,"featured_media":0,"comment_status":"open","ping_status":"open","sticky":false,"template":"","format":"standard","meta":{"_jetpack_memberships_contains_paid_content":false,"footnotes":""},"categories":[1515],"tags":[1578,1635,1642,1716,916],"class_list":["post-264","post","type-post","status-publish","format-standard","hentry","category-bundesweit","tag-gegenstrategien","tag-junge-freiheit","tag-kameradschaften","tag-npd","tag-spd"],"yoast_head":"<!-- This site is optimized with the Yoast SEO plugin v21.0 - https:\/\/yoast.com\/wordpress\/plugins\/seo\/ -->\n<title>Wenn der &quot;Kampf gegen Rechts&quot; in der SPD zur Selbstzerfleischung f\u00fchrt - St\u00f6rungsmelder<\/title>\n<meta name=\"robots\" content=\"index, follow, max-snippet:-1, max-image-preview:large, max-video-preview:-1\" \/>\n<link rel=\"canonical\" href=\"https:\/\/blog.zeit.de\/stoerungsmelder\/2008\/03\/16\/wenn-der-kampf-gegen-rechts-zur-selbstzerfleischung-fuhrt_264\" \/>\n<meta property=\"og:locale\" content=\"de_DE\" \/>\n<meta property=\"og:type\" content=\"article\" \/>\n<meta property=\"og:title\" content=\"Wenn der &quot;Kampf gegen Rechts&quot; in der SPD zur Selbstzerfleischung f\u00fchrt - St\u00f6rungsmelder\" \/>\n<meta property=\"og:description\" content=\"Eigentlich mag ich ja meine alte Tante SPD. Aber manchmal macht die wirklich komische Sachen. So z.B. geschehen auf ihrem Bundesparteitag vom 26. bis 28. Oktober 2007 in Hamburg mit dem Antrag \u201eDemokratie st\u00e4rken. Gewalt bek\u00e4mpfen. Wirksam handeln gegen Rechtsextremismus.\u201c Da hat sie doch ernsthaft beschlossen, ihre eigenen Mitglieder zu &#8222;\u00e4chten&#8220; &#8211; u.a. die, die [&hellip;]\" \/>\n<meta property=\"og:url\" content=\"https:\/\/blog.zeit.de\/stoerungsmelder\/2008\/03\/16\/wenn-der-kampf-gegen-rechts-zur-selbstzerfleischung-fuhrt_264\" \/>\n<meta property=\"og:site_name\" content=\"St\u00f6rungsmelder\" \/>\n<meta property=\"article:published_time\" content=\"2008-03-16T08:05:13+00:00\" \/>\n<meta property=\"og:image\" content=\"http:\/\/www.endstation-rechts.de\/er-logo.gif\" \/>\n<meta name=\"author\" content=\"Mathias Brodkorb\" \/>\n<meta name=\"twitter:card\" content=\"summary_large_image\" \/>\n<meta name=\"twitter:label1\" content=\"Geschrieben von\" \/>\n\t<meta name=\"twitter:data1\" content=\"Mathias Brodkorb\" \/>\n\t<meta name=\"twitter:label2\" content=\"Gesch\u00e4tzte Lesezeit\" \/>\n\t<meta name=\"twitter:data2\" content=\"4\u00a0Minuten\" \/>\n<script type=\"application\/ld+json\" class=\"yoast-schema-graph\">{\"@context\":\"https:\/\/schema.org\",\"@graph\":[{\"@type\":\"WebPage\",\"@id\":\"https:\/\/blog.zeit.de\/stoerungsmelder\/2008\/03\/16\/wenn-der-kampf-gegen-rechts-zur-selbstzerfleischung-fuhrt_264\",\"url\":\"https:\/\/blog.zeit.de\/stoerungsmelder\/2008\/03\/16\/wenn-der-kampf-gegen-rechts-zur-selbstzerfleischung-fuhrt_264\",\"name\":\"Wenn der \\\"Kampf gegen Rechts\\\" in der SPD zur Selbstzerfleischung f\u00fchrt - St\u00f6rungsmelder\",\"isPartOf\":{\"@id\":\"https:\/\/blog.zeit.de\/stoerungsmelder\/#website\"},\"datePublished\":\"2008-03-16T08:05:13+00:00\",\"dateModified\":\"2008-03-16T08:05:13+00:00\",\"author\":{\"@id\":\"https:\/\/blog.zeit.de\/stoerungsmelder\/#\/schema\/person\/dfe941804ae69466e49dbc5cd6f1beca\"},\"breadcrumb\":{\"@id\":\"https:\/\/blog.zeit.de\/stoerungsmelder\/2008\/03\/16\/wenn-der-kampf-gegen-rechts-zur-selbstzerfleischung-fuhrt_264#breadcrumb\"},\"inLanguage\":\"de\",\"potentialAction\":[{\"@type\":\"ReadAction\",\"target\":[\"https:\/\/blog.zeit.de\/stoerungsmelder\/2008\/03\/16\/wenn-der-kampf-gegen-rechts-zur-selbstzerfleischung-fuhrt_264\"]}]},{\"@type\":\"BreadcrumbList\",\"@id\":\"https:\/\/blog.zeit.de\/stoerungsmelder\/2008\/03\/16\/wenn-der-kampf-gegen-rechts-zur-selbstzerfleischung-fuhrt_264#breadcrumb\",\"itemListElement\":[{\"@type\":\"ListItem\",\"position\":1,\"name\":\"Startseite\",\"item\":\"https:\/\/blog.zeit.de\/stoerungsmelder\"},{\"@type\":\"ListItem\",\"position\":2,\"name\":\"Wenn der &#8222;Kampf gegen Rechts&#8220; in der SPD zur Selbstzerfleischung f\u00fchrt\"}]},{\"@type\":\"WebSite\",\"@id\":\"https:\/\/blog.zeit.de\/stoerungsmelder\/#website\",\"url\":\"https:\/\/blog.zeit.de\/stoerungsmelder\/\",\"name\":\"St\u00f6rungsmelder\",\"description\":\"Recherchen und Analysen \u00fcber die extreme Rechte\",\"potentialAction\":[{\"@type\":\"SearchAction\",\"target\":{\"@type\":\"EntryPoint\",\"urlTemplate\":\"https:\/\/blog.zeit.de\/stoerungsmelder\/?s={search_term_string}\"},\"query-input\":\"required name=search_term_string\"}],\"inLanguage\":\"de\"},{\"@type\":\"Person\",\"@id\":\"https:\/\/blog.zeit.de\/stoerungsmelder\/#\/schema\/person\/dfe941804ae69466e49dbc5cd6f1beca\",\"name\":\"Mathias Brodkorb\",\"image\":{\"@type\":\"ImageObject\",\"inLanguage\":\"de\",\"@id\":\"https:\/\/blog.zeit.de\/stoerungsmelder\/#\/schema\/person\/image\/\",\"url\":\"https:\/\/secure.gravatar.com\/avatar\/3b19999ee4389202766a7fbbf21812f28592ca91b09b4b11ad962b1f3e8f7e25?s=96&d=mm&r=pg\",\"contentUrl\":\"https:\/\/secure.gravatar.com\/avatar\/3b19999ee4389202766a7fbbf21812f28592ca91b09b4b11ad962b1f3e8f7e25?s=96&d=mm&r=pg\",\"caption\":\"Mathias Brodkorb\"},\"url\":\"https:\/\/blog.zeit.de\/stoerungsmelder\/author\/mathias-brodkorb\"}]}<\/script>\n<!-- \/ Yoast SEO plugin. -->","yoast_head_json":{"title":"Wenn der \"Kampf gegen Rechts\" in der SPD zur Selbstzerfleischung f\u00fchrt - St\u00f6rungsmelder","robots":{"index":"index","follow":"follow","max-snippet":"max-snippet:-1","max-image-preview":"max-image-preview:large","max-video-preview":"max-video-preview:-1"},"canonical":"https:\/\/blog.zeit.de\/stoerungsmelder\/2008\/03\/16\/wenn-der-kampf-gegen-rechts-zur-selbstzerfleischung-fuhrt_264","og_locale":"de_DE","og_type":"article","og_title":"Wenn der \"Kampf gegen Rechts\" in der SPD zur Selbstzerfleischung f\u00fchrt - St\u00f6rungsmelder","og_description":"Eigentlich mag ich ja meine alte Tante SPD. Aber manchmal macht die wirklich komische Sachen. So z.B. geschehen auf ihrem Bundesparteitag vom 26. bis 28. Oktober 2007 in Hamburg mit dem Antrag \u201eDemokratie st\u00e4rken. Gewalt bek\u00e4mpfen. Wirksam handeln gegen Rechtsextremismus.\u201c Da hat sie doch ernsthaft beschlossen, ihre eigenen Mitglieder zu &#8222;\u00e4chten&#8220; &#8211; u.a. die, die [&hellip;]","og_url":"https:\/\/blog.zeit.de\/stoerungsmelder\/2008\/03\/16\/wenn-der-kampf-gegen-rechts-zur-selbstzerfleischung-fuhrt_264","og_site_name":"St\u00f6rungsmelder","article_published_time":"2008-03-16T08:05:13+00:00","og_image":[{"url":"http:\/\/www.endstation-rechts.de\/er-logo.gif"}],"author":"Mathias Brodkorb","twitter_card":"summary_large_image","twitter_misc":{"Geschrieben von":"Mathias Brodkorb","Gesch\u00e4tzte Lesezeit":"4\u00a0Minuten"},"schema":{"@context":"https:\/\/schema.org","@graph":[{"@type":"WebPage","@id":"https:\/\/blog.zeit.de\/stoerungsmelder\/2008\/03\/16\/wenn-der-kampf-gegen-rechts-zur-selbstzerfleischung-fuhrt_264","url":"https:\/\/blog.zeit.de\/stoerungsmelder\/2008\/03\/16\/wenn-der-kampf-gegen-rechts-zur-selbstzerfleischung-fuhrt_264","name":"Wenn der \"Kampf gegen Rechts\" in der SPD zur Selbstzerfleischung f\u00fchrt - St\u00f6rungsmelder","isPartOf":{"@id":"https:\/\/blog.zeit.de\/stoerungsmelder\/#website"},"datePublished":"2008-03-16T08:05:13+00:00","dateModified":"2008-03-16T08:05:13+00:00","author":{"@id":"https:\/\/blog.zeit.de\/stoerungsmelder\/#\/schema\/person\/dfe941804ae69466e49dbc5cd6f1beca"},"breadcrumb":{"@id":"https:\/\/blog.zeit.de\/stoerungsmelder\/2008\/03\/16\/wenn-der-kampf-gegen-rechts-zur-selbstzerfleischung-fuhrt_264#breadcrumb"},"inLanguage":"de","potentialAction":[{"@type":"ReadAction","target":["https:\/\/blog.zeit.de\/stoerungsmelder\/2008\/03\/16\/wenn-der-kampf-gegen-rechts-zur-selbstzerfleischung-fuhrt_264"]}]},{"@type":"BreadcrumbList","@id":"https:\/\/blog.zeit.de\/stoerungsmelder\/2008\/03\/16\/wenn-der-kampf-gegen-rechts-zur-selbstzerfleischung-fuhrt_264#breadcrumb","itemListElement":[{"@type":"ListItem","position":1,"name":"Startseite","item":"https:\/\/blog.zeit.de\/stoerungsmelder"},{"@type":"ListItem","position":2,"name":"Wenn der &#8222;Kampf gegen Rechts&#8220; in der SPD zur Selbstzerfleischung f\u00fchrt"}]},{"@type":"WebSite","@id":"https:\/\/blog.zeit.de\/stoerungsmelder\/#website","url":"https:\/\/blog.zeit.de\/stoerungsmelder\/","name":"St\u00f6rungsmelder","description":"Recherchen und Analysen \u00fcber die extreme Rechte","potentialAction":[{"@type":"SearchAction","target":{"@type":"EntryPoint","urlTemplate":"https:\/\/blog.zeit.de\/stoerungsmelder\/?s={search_term_string}"},"query-input":"required name=search_term_string"}],"inLanguage":"de"},{"@type":"Person","@id":"https:\/\/blog.zeit.de\/stoerungsmelder\/#\/schema\/person\/dfe941804ae69466e49dbc5cd6f1beca","name":"Mathias Brodkorb","image":{"@type":"ImageObject","inLanguage":"de","@id":"https:\/\/blog.zeit.de\/stoerungsmelder\/#\/schema\/person\/image\/","url":"https:\/\/secure.gravatar.com\/avatar\/3b19999ee4389202766a7fbbf21812f28592ca91b09b4b11ad962b1f3e8f7e25?s=96&d=mm&r=pg","contentUrl":"https:\/\/secure.gravatar.com\/avatar\/3b19999ee4389202766a7fbbf21812f28592ca91b09b4b11ad962b1f3e8f7e25?s=96&d=mm&r=pg","caption":"Mathias Brodkorb"},"url":"https:\/\/blog.zeit.de\/stoerungsmelder\/author\/mathias-brodkorb"}]}},"jetpack_featured_media_url":"","jetpack_sharing_enabled":true,"_links":{"self":[{"href":"https:\/\/blog.zeit.de\/stoerungsmelder\/wp-json\/wp\/v2\/posts\/264","targetHints":{"allow":["GET"]}}],"collection":[{"href":"https:\/\/blog.zeit.de\/stoerungsmelder\/wp-json\/wp\/v2\/posts"}],"about":[{"href":"https:\/\/blog.zeit.de\/stoerungsmelder\/wp-json\/wp\/v2\/types\/post"}],"author":[{"embeddable":true,"href":"https:\/\/blog.zeit.de\/stoerungsmelder\/wp-json\/wp\/v2\/users\/239"}],"replies":[{"embeddable":true,"href":"https:\/\/blog.zeit.de\/stoerungsmelder\/wp-json\/wp\/v2\/comments?post=264"}],"version-history":[{"count":0,"href":"https:\/\/blog.zeit.de\/stoerungsmelder\/wp-json\/wp\/v2\/posts\/264\/revisions"}],"wp:attachment":[{"href":"https:\/\/blog.zeit.de\/stoerungsmelder\/wp-json\/wp\/v2\/media?parent=264"}],"wp:term":[{"taxonomy":"category","embeddable":true,"href":"https:\/\/blog.zeit.de\/stoerungsmelder\/wp-json\/wp\/v2\/categories?post=264"},{"taxonomy":"post_tag","embeddable":true,"href":"https:\/\/blog.zeit.de\/stoerungsmelder\/wp-json\/wp\/v2\/tags?post=264"}],"curies":[{"name":"wp","href":"https:\/\/api.w.org\/{rel}","templated":true}]}}