{"id":26602,"date":"2018-07-06T09:02:23","date_gmt":"2018-07-06T07:02:23","guid":{"rendered":"https:\/\/blog.zeit.de\/stoerungsmelder\/?p=26602"},"modified":"2018-07-05T08:43:24","modified_gmt":"2018-07-05T06:43:24","slug":"rechtsextremismus-trolle-nordhausen-netzguerilla-internet-diskurs","status":"publish","type":"post","link":"https:\/\/blog.zeit.de\/stoerungsmelder\/2018\/07\/06\/rechtsextremismus-trolle-nordhausen-netzguerilla-internet-diskurs_26602","title":{"rendered":"Die Netzguerilla von Nordhausen"},"content":{"rendered":"<p><strong>Es braucht nicht &#8222;Reconquista Internet&#8220;, um gegen Rechtsextremismus im Netz vorzugehen. In der Th\u00fcringer Provinz f\u00fchrt eine kleine Gruppe den Kampf gegen p\u00f6belnde Trolle.<\/strong><\/p>\n<p><em>Ein Gastbeitrag von Susanne Blau<\/em><\/p>\n<p><figure id=\"attachment_26603\" aria-describedby=\"caption-attachment-26603\" style=\"width: 620px\" class=\"wp-caption aligncenter\"><img loading=\"lazy\" decoding=\"async\" class=\"wp-image-26603 size-full\" src=\"https:\/\/blog.zeit.de\/stoerungsmelder\/files\/2018\/06\/101843110-1.jpg\" alt=\"Rechtsextremismus im Netz: Die Netzguerilla von Nordhausen\" width=\"620\" height=\"428\" \/><figcaption id=\"caption-attachment-26603\" class=\"wp-caption-text\">Was tun gegen Hass im Netz? (Symbolfoto) \u00a9 Ted S. Waren\/AP\/dpa<\/figcaption><\/figure><\/p>\n<p>Am Anfang war eine Meldung \u00fcber die Neuer\u00f6ffnung eines kleinen pakistanischen Streetfood-Lokals. In der Innenstadt von Nordhausen, unserer Heimatstadt im Norden Th\u00fcringens, hatte sich eine Gastronomin selbstst\u00e4ndig gemacht. Die Tatsache, dass eine Pakistanerin diesen Schritt wagt, f\u00fchrte auf einem kleinen regionalen Nachrichtenportal zu einem Shitstorm aus fremdenfeindlichen Leserkommentaren.<\/p>\n<p><!--more--><\/p>\n<p>Die st\u00e4dtische Wohnungsbaugesellschaft &#8222;schreckt ja vor nix zur\u00fcck, wenn es um das Integrieren ihrer geliebten Fl\u00fcchtlinge und damit die Verdr\u00e4ngung des deutschen Gastgewerbes geht&#8220;, schrieb jemand emp\u00f6rt. Dort werde doch garantiert Fleisch von gesch\u00e4chteten Tieren verkauft, war er sich sicher: &#8222;F\u00fcr Fl\u00fcchtlinge gilt das Verbot nicht, die d\u00fcrfen mehr als wir ungl\u00e4ubigen Deutschen.&#8220; Ein anderer fragte, ob man einen Muslim &#8222;\u00fcberhaupt zwischen 0:00 Uhr bis zum Sonnenaufgang f\u00fcttern&#8220; darf.<\/p>\n<p>Niemand widersprach. Kein Kommentar wurde gel\u00f6scht. Wir waren geschockt. Denken alle so in unserer Stadt? Was war da passiert?<\/p>\n<h2>Ungefilterter Hass in der Kommentarspalte<\/h2>\n<p>Ende April dieses Jahres rief der Moderator Jan B\u00f6hmermann <a href=\"https:\/\/www.zeit.de\/2018\/20\/reconquista-internet-jan-boehmermann-hass-facebook-twitter-twitch-diskurs-bewegung\">zu seiner Aktion &#8222;Reconquista Internet&#8220;<\/a> auf. Deren Ziel ist die \u201eZivilisierung des gesellschaftlichen Diskurses\u201c im Internet \u2013 eine Art gesittete Antwort auf rechte Trolle. Wir waren ein bisschen fr\u00fcher dran, als wir begannen, uns zu wehren: Anfang M\u00e4rz haben wir, eine Gruppe aus f\u00fcnf jungen Nordh\u00e4usern, uns zusammengetan. Die Mission: Wir wollen auf lokaler Ebene gegen Hass im Netz vorgehen. Daf\u00fcr nutzen wir unter anderem den Tarnnamen Susanne Blau.<\/p>\n<p>Die Internetseite, auf der wir aktiv sind, ist eine kleine Onlinezeitung f\u00fcr Nordth\u00fcringen. Sie berichtet \u00fcber die \u00dcbergabe eines neuen M\u00fcllautos oder das Jubil\u00e4um des \u00f6rtlichen Supermarkts. Viele Besucher klicken sie an, weil sie von jedem Verein die Veranstaltungsank\u00fcndigungen und Pressemitteilungen ver\u00f6ffentlicht. Portale dieser Art gibt es praktisch \u00fcberall in Deutschland.<\/p>\n<p>Leser k\u00f6nnen kommentieren \u2013 und zwar praktisch ungefiltert: Obwohl alle Kommentare vor Ver\u00f6ffentlichung freigegeben werden m\u00fcssen, ist der Diskussionsbereich gespickt mit Provokationen und wilden Verschw\u00f6rungstheorien. Wir sind \u00fcberzeugt: Das hat System. Wo sich rechte P\u00f6bler wohlf\u00fchlen, dahin kehren sie gern zur\u00fcck. Das verspricht Klicks. Und Klicks bringen Werbeeinnahmen.<\/p>\n<h2>Denken alle so?<\/h2>\n<p>Unter einem Artikel \u00fcber neue Stolpersteine, mit denen Opfern des Holocaust gedacht wird, schreibt jemand: &#8222;Wenn nur Juden Recht auf Erinnerungskultur in diesem Lande haben, dann bin ich strikt gegen Stolpersteine.&#8220; Zu einem Beitrag \u00fcber das Gedenken an die Opfer der Bombenangriffe aus dem Zweiten Weltkrieg schimpft ein anderer \u00fcber &#8222;das typisch links-gr\u00fcn versiffte Milieu und deren &#8218;Propagandah\u00f6hlen'&#8220;.<\/p>\n<p>Der Kommentarbereich hat sich so zu einem <a href=\"https:\/\/blog.zeit.de\/stoerungsmelder\/2017\/01\/10\/die-rechte-hassbewegung-und-ihre-facebook-armee_22952\">rechten Resonanzraum<\/a> entwickelt, in dem alles knapp unterhalb der Volksverhetzung gesagt werden darf. Das Hauptproblem sind allerdings nicht die hinreichend unappetitlichen Kommentare, sondern dass h\u00e4ufig keiner etwas dagegen sagt. So entsteht ein Klima, in dem die normalen Leser, die blo\u00df ihre Vereinsnachrichten suchen, den Eindruck bekommen, alle w\u00fcrden so denken.<\/p>\n<h2>Was tun, wenn man das nicht mehr hinnehmen m\u00f6chte?<\/h2>\n<p>Dort setzen wir an: Der Bericht \u00fcber die neuen Stolpersteine in Nordhausen bekommt gleich einen lobenden Kommentar f\u00fcr diese Form der Erinnerungsarbeit. In einer aufsch\u00e4umenden Diskussion zu einem Bericht \u00fcber eine Sitzung des Nordh\u00e4user Integrationsbeirates setzen wir ein &#8222;wir sind stolz auf dieses Deutschland&#8220; entgegen.<\/p>\n<p>Ein Bericht \u00fcber eine Gruppe deutscher Halbstarker, die auf einem Spielplatz syrische Kleinkinder drangsalierte, rief sofort Kommentare hervor, in denen die syrischen Eltern gefragt werden, ob sie nicht &#8222;in ihrer Heimat beim Wiederaufbau gebraucht werden&#8220;. Hier sprechen wir die rechten Hetzer dann direkt an: &#8222;In einem solchen von Euch vergifteten Klima wachsen Eure Kinder zu keinen sch\u00f6nen geraden jungen Menschen heran&#8220;.<\/p>\n<p>Was uns heute klarer ist denn je: Mit rechten Trollen kann man nicht diskutieren. Sie begegnen jedem Argument mit einem &#8222;aber was ist mit Putin\/Trump\/Buxtehude?&#8220;. Wenn jemand offensichtliche Unwahrheiten verbreitet, weisen wir offensiv darauf hin. In den aggressiven Reaktionen gibt es dann regelm\u00e4\u00dfig kein Halten mehr hinsichtlich Rechtschreibung und Satzbau. Hier hilft der liebevolle Hinweis, dass man doch bitte auf gut Deutsch beleidigt werden m\u00f6chte und welche der angef\u00fchrten Attribute zwingend den Dativ nach sich ziehen.<\/p>\n<h2>Das Online-Pendant zur Dorfkneipe<\/h2>\n<p>Was wir dagegen tun, wirkt. Der Tenor des Kommentarbereichs hat sich in den letzten Wochen merklich ver\u00e4ndert. Die \u00c4u\u00dferung anderer Meinungen in dem rechten Wohlf\u00fchlbereich der Diskussionsfunktion provoziert immer wieder entlarvende \u00dcberreaktionen. Andere Nutzer begr\u00fc\u00dfen unsere Beitr\u00e4ge ausdr\u00fccklich \u2013 im Sinne von \u201eendlich sagt mal jemand was gegen die Rechten\u201c. Sie sind ermutigt, selbst gegen rassistische und menschenverachtende Kommentare vorzugehen.<\/p>\n<p>So eine kleine Onlinezeitung ist wie die eigene Dorfkneipe: Wenn\u2019s am Stammtisch mal wieder hoch hergeht, sollte jemand aufstehen und sagen \u201egut jetzt!\u201c Die Aktion zeigt, dass Widerspruch einfach m\u00f6glich ist und die rechte Selbstgewissheit des Stammtischs nicht f\u00fcr das ganze Dorf gilt. Ob das schon langt? \u2013 sicherlich nicht. Aber es ist ein Anfang. Wenn man es beim Widerspruch bel\u00e4sst und nicht versucht, Trolle zu \u00fcberzeugen, dann ist der t\u00e4gliche Aufwand nur wenige Minuten.<\/p>\n<p>Derzeit h\u00f6rt man \u00fcbrigens, die kleine Netzzeitung sei zu verkaufen. Wer wei\u00df \u2013 vielleicht \u00fcbernehmen wir den Laden ja ganz?<\/p>\n<p><em>Susanne Blau ist das kollektive Pseudonym einer Gruppe junger Menschen aus Nordhausen. Die Identit\u00e4t des Autors dieses Beitrags ist der Redaktion bekannt.<\/em><\/p>\n","protected":false},"excerpt":{"rendered":"<p>Diese kleine Gruppe aus Th\u00fcringen k\u00e4mpft gegen rechte Trolle im Netz<\/p>\n","protected":false},"author":229,"featured_media":26603,"comment_status":"open","ping_status":"closed","sticky":false,"template":"","format":"standard","meta":{"_jetpack_memberships_contains_paid_content":false,"footnotes":""},"categories":[978],"tags":[82,2603,39402],"class_list":["post-26602","post","type-post","status-publish","format-standard","has-post-thumbnail","hentry","category-thuringen","tag-internet","tag-kommentare","tag-thuringen"],"yoast_head":"<!-- This site is optimized with the Yoast SEO plugin v21.0 - https:\/\/yoast.com\/wordpress\/plugins\/seo\/ -->\n<title>Rechtsextremismus im Netz: Die Netzguerilla von Nordhausen<\/title>\n<meta name=\"description\" content=\"Es braucht nicht &quot;Reconquista Internet&quot;, um gegen Rechtsextremismus im Netz vorzugehen. In der Th\u00fcringer Provinz f\u00fchrt eine kleine Gruppe den Kampf gegen p\u00f6belnde Trolle.\" \/>\n<meta name=\"robots\" content=\"index, follow, max-snippet:-1, max-image-preview:large, max-video-preview:-1\" \/>\n<link rel=\"canonical\" href=\"https:\/\/blog.zeit.de\/stoerungsmelder\/2018\/07\/06\/rechtsextremismus-trolle-nordhausen-netzguerilla-internet-diskurs_26602\" \/>\n<meta property=\"og:locale\" content=\"de_DE\" \/>\n<meta property=\"og:type\" content=\"article\" \/>\n<meta property=\"og:title\" content=\"Rechtsextremismus im Netz: Die Netzguerilla von Nordhausen\" \/>\n<meta property=\"og:description\" content=\"Es braucht nicht &quot;Reconquista Internet&quot;, um gegen Rechtsextremismus im Netz vorzugehen. In der Th\u00fcringer Provinz f\u00fchrt eine kleine Gruppe den Kampf gegen p\u00f6belnde Trolle.\" \/>\n<meta property=\"og:url\" content=\"https:\/\/blog.zeit.de\/stoerungsmelder\/2018\/07\/06\/rechtsextremismus-trolle-nordhausen-netzguerilla-internet-diskurs_26602\" \/>\n<meta property=\"og:site_name\" content=\"St\u00f6rungsmelder\" \/>\n<meta property=\"article:published_time\" content=\"2018-07-06T07:02:23+00:00\" \/>\n<meta property=\"article:modified_time\" content=\"2018-07-05T06:43:24+00:00\" \/>\n<meta property=\"og:image\" content=\"https:\/\/blog.zeit.de\/stoerungsmelder\/files\/2018\/06\/101843110-1.jpg\" \/>\n\t<meta property=\"og:image:width\" content=\"620\" \/>\n\t<meta property=\"og:image:height\" content=\"428\" \/>\n\t<meta property=\"og:image:type\" content=\"image\/jpeg\" \/>\n<meta name=\"author\" content=\"St\u00f6rungsmelder\" \/>\n<meta name=\"twitter:card\" content=\"summary_large_image\" \/>\n<meta name=\"twitter:label1\" content=\"Geschrieben von\" \/>\n\t<meta name=\"twitter:data1\" content=\"St\u00f6rungsmelder\" \/>\n\t<meta name=\"twitter:label2\" content=\"Gesch\u00e4tzte Lesezeit\" \/>\n\t<meta name=\"twitter:data2\" content=\"5\u00a0Minuten\" \/>\n<script type=\"application\/ld+json\" class=\"yoast-schema-graph\">{\"@context\":\"https:\/\/schema.org\",\"@graph\":[{\"@type\":\"WebPage\",\"@id\":\"https:\/\/blog.zeit.de\/stoerungsmelder\/2018\/07\/06\/rechtsextremismus-trolle-nordhausen-netzguerilla-internet-diskurs_26602\",\"url\":\"https:\/\/blog.zeit.de\/stoerungsmelder\/2018\/07\/06\/rechtsextremismus-trolle-nordhausen-netzguerilla-internet-diskurs_26602\",\"name\":\"Rechtsextremismus im Netz: Die Netzguerilla von Nordhausen\",\"isPartOf\":{\"@id\":\"https:\/\/blog.zeit.de\/stoerungsmelder\/#website\"},\"datePublished\":\"2018-07-06T07:02:23+00:00\",\"dateModified\":\"2018-07-05T06:43:24+00:00\",\"author\":{\"@id\":\"https:\/\/blog.zeit.de\/stoerungsmelder\/#\/schema\/person\/fdd0b9818f65738672810b6d6f037f71\"},\"description\":\"Es braucht nicht \\\"Reconquista Internet\\\", um gegen Rechtsextremismus im Netz vorzugehen. In der Th\u00fcringer Provinz f\u00fchrt eine kleine Gruppe den Kampf gegen p\u00f6belnde Trolle.\",\"breadcrumb\":{\"@id\":\"https:\/\/blog.zeit.de\/stoerungsmelder\/2018\/07\/06\/rechtsextremismus-trolle-nordhausen-netzguerilla-internet-diskurs_26602#breadcrumb\"},\"inLanguage\":\"de\",\"potentialAction\":[{\"@type\":\"ReadAction\",\"target\":[\"https:\/\/blog.zeit.de\/stoerungsmelder\/2018\/07\/06\/rechtsextremismus-trolle-nordhausen-netzguerilla-internet-diskurs_26602\"]}]},{\"@type\":\"BreadcrumbList\",\"@id\":\"https:\/\/blog.zeit.de\/stoerungsmelder\/2018\/07\/06\/rechtsextremismus-trolle-nordhausen-netzguerilla-internet-diskurs_26602#breadcrumb\",\"itemListElement\":[{\"@type\":\"ListItem\",\"position\":1,\"name\":\"Startseite\",\"item\":\"https:\/\/blog.zeit.de\/stoerungsmelder\"},{\"@type\":\"ListItem\",\"position\":2,\"name\":\"Die Netzguerilla von Nordhausen\"}]},{\"@type\":\"WebSite\",\"@id\":\"https:\/\/blog.zeit.de\/stoerungsmelder\/#website\",\"url\":\"https:\/\/blog.zeit.de\/stoerungsmelder\/\",\"name\":\"St\u00f6rungsmelder\",\"description\":\"Recherchen und Analysen \u00fcber die extreme Rechte\",\"potentialAction\":[{\"@type\":\"SearchAction\",\"target\":{\"@type\":\"EntryPoint\",\"urlTemplate\":\"https:\/\/blog.zeit.de\/stoerungsmelder\/?s={search_term_string}\"},\"query-input\":\"required name=search_term_string\"}],\"inLanguage\":\"de\"},{\"@type\":\"Person\",\"@id\":\"https:\/\/blog.zeit.de\/stoerungsmelder\/#\/schema\/person\/fdd0b9818f65738672810b6d6f037f71\",\"name\":\"St\u00f6rungsmelder\",\"image\":{\"@type\":\"ImageObject\",\"inLanguage\":\"de\",\"@id\":\"https:\/\/blog.zeit.de\/stoerungsmelder\/#\/schema\/person\/image\/\",\"url\":\"https:\/\/secure.gravatar.com\/avatar\/dfa4be514c3e82a71e4f9a0020035d38192d080ccaa5e4e6d7a1472c763535c5?s=96&d=mm&r=pg\",\"contentUrl\":\"https:\/\/secure.gravatar.com\/avatar\/dfa4be514c3e82a71e4f9a0020035d38192d080ccaa5e4e6d7a1472c763535c5?s=96&d=mm&r=pg\",\"caption\":\"St\u00f6rungsmelder\"},\"url\":\"https:\/\/blog.zeit.de\/stoerungsmelder\/author\/stoerungsmelder\"}]}<\/script>\n<!-- \/ Yoast SEO plugin. -->","yoast_head_json":{"title":"Rechtsextremismus im Netz: Die Netzguerilla von Nordhausen","description":"Es braucht nicht \"Reconquista Internet\", um gegen Rechtsextremismus im Netz vorzugehen. In der Th\u00fcringer Provinz f\u00fchrt eine kleine Gruppe den Kampf gegen p\u00f6belnde Trolle.","robots":{"index":"index","follow":"follow","max-snippet":"max-snippet:-1","max-image-preview":"max-image-preview:large","max-video-preview":"max-video-preview:-1"},"canonical":"https:\/\/blog.zeit.de\/stoerungsmelder\/2018\/07\/06\/rechtsextremismus-trolle-nordhausen-netzguerilla-internet-diskurs_26602","og_locale":"de_DE","og_type":"article","og_title":"Rechtsextremismus im Netz: Die Netzguerilla von Nordhausen","og_description":"Es braucht nicht \"Reconquista Internet\", um gegen Rechtsextremismus im Netz vorzugehen. In der Th\u00fcringer Provinz f\u00fchrt eine kleine Gruppe den Kampf gegen p\u00f6belnde Trolle.","og_url":"https:\/\/blog.zeit.de\/stoerungsmelder\/2018\/07\/06\/rechtsextremismus-trolle-nordhausen-netzguerilla-internet-diskurs_26602","og_site_name":"St\u00f6rungsmelder","article_published_time":"2018-07-06T07:02:23+00:00","article_modified_time":"2018-07-05T06:43:24+00:00","og_image":[{"width":620,"height":428,"url":"https:\/\/blog.zeit.de\/stoerungsmelder\/files\/2018\/06\/101843110-1.jpg","type":"image\/jpeg"}],"author":"St\u00f6rungsmelder","twitter_card":"summary_large_image","twitter_misc":{"Geschrieben von":"St\u00f6rungsmelder","Gesch\u00e4tzte Lesezeit":"5\u00a0Minuten"},"schema":{"@context":"https:\/\/schema.org","@graph":[{"@type":"WebPage","@id":"https:\/\/blog.zeit.de\/stoerungsmelder\/2018\/07\/06\/rechtsextremismus-trolle-nordhausen-netzguerilla-internet-diskurs_26602","url":"https:\/\/blog.zeit.de\/stoerungsmelder\/2018\/07\/06\/rechtsextremismus-trolle-nordhausen-netzguerilla-internet-diskurs_26602","name":"Rechtsextremismus im Netz: Die Netzguerilla von Nordhausen","isPartOf":{"@id":"https:\/\/blog.zeit.de\/stoerungsmelder\/#website"},"datePublished":"2018-07-06T07:02:23+00:00","dateModified":"2018-07-05T06:43:24+00:00","author":{"@id":"https:\/\/blog.zeit.de\/stoerungsmelder\/#\/schema\/person\/fdd0b9818f65738672810b6d6f037f71"},"description":"Es braucht nicht \"Reconquista Internet\", um gegen Rechtsextremismus im Netz vorzugehen. In der Th\u00fcringer Provinz f\u00fchrt eine kleine Gruppe den Kampf gegen p\u00f6belnde Trolle.","breadcrumb":{"@id":"https:\/\/blog.zeit.de\/stoerungsmelder\/2018\/07\/06\/rechtsextremismus-trolle-nordhausen-netzguerilla-internet-diskurs_26602#breadcrumb"},"inLanguage":"de","potentialAction":[{"@type":"ReadAction","target":["https:\/\/blog.zeit.de\/stoerungsmelder\/2018\/07\/06\/rechtsextremismus-trolle-nordhausen-netzguerilla-internet-diskurs_26602"]}]},{"@type":"BreadcrumbList","@id":"https:\/\/blog.zeit.de\/stoerungsmelder\/2018\/07\/06\/rechtsextremismus-trolle-nordhausen-netzguerilla-internet-diskurs_26602#breadcrumb","itemListElement":[{"@type":"ListItem","position":1,"name":"Startseite","item":"https:\/\/blog.zeit.de\/stoerungsmelder"},{"@type":"ListItem","position":2,"name":"Die Netzguerilla von Nordhausen"}]},{"@type":"WebSite","@id":"https:\/\/blog.zeit.de\/stoerungsmelder\/#website","url":"https:\/\/blog.zeit.de\/stoerungsmelder\/","name":"St\u00f6rungsmelder","description":"Recherchen und Analysen \u00fcber die extreme Rechte","potentialAction":[{"@type":"SearchAction","target":{"@type":"EntryPoint","urlTemplate":"https:\/\/blog.zeit.de\/stoerungsmelder\/?s={search_term_string}"},"query-input":"required name=search_term_string"}],"inLanguage":"de"},{"@type":"Person","@id":"https:\/\/blog.zeit.de\/stoerungsmelder\/#\/schema\/person\/fdd0b9818f65738672810b6d6f037f71","name":"St\u00f6rungsmelder","image":{"@type":"ImageObject","inLanguage":"de","@id":"https:\/\/blog.zeit.de\/stoerungsmelder\/#\/schema\/person\/image\/","url":"https:\/\/secure.gravatar.com\/avatar\/dfa4be514c3e82a71e4f9a0020035d38192d080ccaa5e4e6d7a1472c763535c5?s=96&d=mm&r=pg","contentUrl":"https:\/\/secure.gravatar.com\/avatar\/dfa4be514c3e82a71e4f9a0020035d38192d080ccaa5e4e6d7a1472c763535c5?s=96&d=mm&r=pg","caption":"St\u00f6rungsmelder"},"url":"https:\/\/blog.zeit.de\/stoerungsmelder\/author\/stoerungsmelder"}]}},"jetpack_featured_media_url":"https:\/\/blog.zeit.de\/stoerungsmelder\/files\/2018\/06\/101843110-1.jpg","jetpack_sharing_enabled":true,"_links":{"self":[{"href":"https:\/\/blog.zeit.de\/stoerungsmelder\/wp-json\/wp\/v2\/posts\/26602","targetHints":{"allow":["GET"]}}],"collection":[{"href":"https:\/\/blog.zeit.de\/stoerungsmelder\/wp-json\/wp\/v2\/posts"}],"about":[{"href":"https:\/\/blog.zeit.de\/stoerungsmelder\/wp-json\/wp\/v2\/types\/post"}],"author":[{"embeddable":true,"href":"https:\/\/blog.zeit.de\/stoerungsmelder\/wp-json\/wp\/v2\/users\/229"}],"replies":[{"embeddable":true,"href":"https:\/\/blog.zeit.de\/stoerungsmelder\/wp-json\/wp\/v2\/comments?post=26602"}],"version-history":[{"count":7,"href":"https:\/\/blog.zeit.de\/stoerungsmelder\/wp-json\/wp\/v2\/posts\/26602\/revisions"}],"predecessor-version":[{"id":26793,"href":"https:\/\/blog.zeit.de\/stoerungsmelder\/wp-json\/wp\/v2\/posts\/26602\/revisions\/26793"}],"wp:featuredmedia":[{"embeddable":true,"href":"https:\/\/blog.zeit.de\/stoerungsmelder\/wp-json\/wp\/v2\/media\/26603"}],"wp:attachment":[{"href":"https:\/\/blog.zeit.de\/stoerungsmelder\/wp-json\/wp\/v2\/media?parent=26602"}],"wp:term":[{"taxonomy":"category","embeddable":true,"href":"https:\/\/blog.zeit.de\/stoerungsmelder\/wp-json\/wp\/v2\/categories?post=26602"},{"taxonomy":"post_tag","embeddable":true,"href":"https:\/\/blog.zeit.de\/stoerungsmelder\/wp-json\/wp\/v2\/tags?post=26602"}],"curies":[{"name":"wp","href":"https:\/\/api.w.org\/{rel}","templated":true}]}}