{"id":26623,"date":"2018-06-10T15:50:30","date_gmt":"2018-06-10T13:50:30","guid":{"rendered":"https:\/\/blog.zeit.de\/stoerungsmelder\/?p=26623"},"modified":"2018-11-22T21:24:49","modified_gmt":"2018-11-22T20:24:49","slug":"2-200-neonazis-feiern-ungestoert-in-themar","status":"publish","type":"post","link":"https:\/\/blog.zeit.de\/stoerungsmelder\/2018\/06\/10\/2-200-neonazis-feiern-ungestoert-in-themar_26623","title":{"rendered":"2.200 Neonazis feiern fast ungest\u00f6rt in Themar"},"content":{"rendered":"<p><strong>Die Tage der nationalen Bewegung in der Rechtsrockzentrum Themar sollten eine Politveranstaltung der NPD sein. 2.200 Neonazis kamen aber vor allem, um Spa\u00df zu haben \u2013 der Gegenprotest blieb klein.<\/strong><\/p>\n<p><em>Von Jonas Miller<\/em><\/p>\n<p><figure id=\"attachment_26618\" aria-describedby=\"caption-attachment-26618\" style=\"width: 620px\" class=\"wp-caption aligncenter\"><img loading=\"lazy\" decoding=\"async\" class=\"size-medium wp-image-26618\" src=\"https:\/\/blog.zeit.de\/stoerungsmelder\/files\/2018\/06\/RG4_6438-620x413.jpg\" alt=\"Neonazis beim Einlass \" width=\"620\" height=\"413\" srcset=\"https:\/\/blog.zeit.de\/stoerungsmelder\/files\/2018\/06\/RG4_6438-620x413.jpg 620w, https:\/\/blog.zeit.de\/stoerungsmelder\/files\/2018\/06\/RG4_6438-768x511.jpg 768w, https:\/\/blog.zeit.de\/stoerungsmelder\/files\/2018\/06\/RG4_6438-1024x682.jpg 1024w\" sizes=\"auto, (max-width: 620px) 100vw, 620px\" \/><figcaption id=\"caption-attachment-26618\" class=\"wp-caption-text\">Neonazis beim Einlass<\/figcaption><\/figure><\/p>\n<p>Themar, eine Landstadt mit 3.000 Einwohnern in S\u00fcdth\u00fcringen, ist seit dem <a href=\"https:\/\/blog.zeit.de\/stoerungsmelder\/2017\/07\/16\/6-000-neonazis-feiern-ungestoert-in-thueringen_24365\">Rechtsrockkonzert mit 6.000 Besuchern im vergangenen Jahr bundesweit bekannt<\/a>. Eine Wiese im Besitz eines Neonazis dient als Veranstaltungsfl\u00e4che, auf der Neonazis seit Monaten ungest\u00f6rt Konzerte und Aktionen abhalten k\u00f6nnen.<\/p>\n<p><!--more--><\/p>\n<p>An diesem Wochenende war es wieder so weit: Die NPD veranstaltete das zweit\u00e4tige Musikfestival Tage der nationalen Bewegung. Nach Polizeiangaben kamen am Freitagabend rund 900 und am Samstag 2.200 Teilnehmer. Nach dem <a href=\"https:\/\/blog.zeit.de\/stoerungsmelder\/2018\/04\/22\/ostritz-die-propaganda-show-der-npd_26165\">Schild-und-Schwert-Festival im s\u00e4chsischen Ostritz<\/a> war es die zweite Musikgro\u00dfveranstaltung unter NPD-Regie innerhalb weniger Wochen in Ostdeutschland.<\/p>\n<p>Am Eingang hingen NPD-Plakate, f\u00fcr die Veranstaltung verantwortlich war der Bundesorganisationsleiter der Partei, Sebastian Schmidtke. Dennoch betonte die NPD, dass nicht nur Parteianh\u00e4nger, sondern &#8222;alle Nationalisten und Patrioten&#8220; willkommen seien, &#8222;die wollen, dass eine starke Gemeinschaft an die Stelle von Gruppenegoismen gestellt wird&#8220;. Auf der<br \/>\nRednerliste standen haupts\u00e4chlich NPD-Funktion\u00e4re wie der Vorsitzende Frank Franz und\u00a0sein Stellvertreter Thorsten Heise, Unterst\u00fctzung kam von der neonazistisch ausgepr\u00e4gten Kleinstpartei Die Rechte, deren Chefs ebenfalls als Redner fungierten.<\/p>\n<p>Ebenfalls vor Ort: Kathrin Oertel, ehemalige Frontfrau von Pegida. Nach ihrem wirren Auftritt in der Talk-Sendung von Maybrit Illner war sie 2015 weitgehend von der Bildfl\u00e4che verschwunden, verbreitete Verschw\u00f6rungstheorien.<\/p>\n<p><strong>Alkoholverbot sorgte f\u00fcr Schlangen an der Tankstelle<\/strong><\/p>\n<p><figure id=\"attachment_26612\" aria-describedby=\"caption-attachment-26612\" style=\"width: 220px\" class=\"wp-caption alignleft\"><a href=\"https:\/\/blog.zeit.de\/stoerungsmelder\/files\/2018\/06\/RG4_6161.jpg\"><img loading=\"lazy\" decoding=\"async\" class=\"wp-image-26612 size-thumbnail\" src=\"https:\/\/blog.zeit.de\/stoerungsmelder\/files\/2018\/06\/RG4_6161-220x220.jpg\" alt=\"Konzertbesucher an der Tankstelle\" width=\"220\" height=\"220\" \/><\/a><figcaption id=\"caption-attachment-26612\" class=\"wp-caption-text\">Konzertbesucher an der Tankstelle<\/figcaption><\/figure><\/p>\n<p>Die Veranstalter sprachen von einer &#8222;nationalen Gro\u00dfveranstaltung, bei der neben Musik und Kultur auch Politik eine gro\u00dfe Rolle spielen wird&#8220;. Wegen Politik waren die meisten Besucher aber wohl nicht angereist: Den ganzen Tag \u00fcber pilgerten G\u00e4ste zu einer Tankstelle, um sich mit Alkohol einzudecken \u2013 das zust\u00e4ndige Verwaltungsgericht hatte vorab den Ausschank bis 20 Uhr auf dem Festgel\u00e4nde verboten. Dort stieg eher ein extrem rechtes Festival als eine politische Kundgebung. Polizisten schrieben 80 Anzeigen, meist wegen Tragens und Verwendens verfassungsfeindlicher Symbole. Ermittelt wird auch wegen K\u00f6rperverletzung untereinander und gegen einen Journalisten, wie Polizeisprecher Patrick Martin dem <em>St\u00f6rungsmelder<\/em> mitteilte.<\/p>\n<p><strong>Mindestumsatz 60.000 Euro<\/strong><\/p>\n<p>Finanziell waren die Tage der nationalen Bewegung ein Erfolg: Die Veranstalter erwirtschafteten alleine mit den Eintrittskarten einen Umsatz von mindestens 60.000 Euro. Das Geld d\u00fcrfte die Neonaziszene nutzen, um Immobilien zu finanzieren oder Aufm\u00e4rsche zu veranstalten. Mit den Bands wollten die Veranstalter eine breite Zielgruppe aus jungen Sympathisanten, aktiven Neonaziaktivisten und altgedienten Rechtsrockfans anziehen. So traten neben neonazistischen Liedermachern auch Gruppen aus der extrem rechten Hip-Hop- und Hardcoreszene auf. Trotzdem kamen gr\u00f6\u00dftenteils die altbekannten rechtsextremen Skinheads \u2013 Aktivisten und Kader der th\u00fcringischen, bayerischen oder s\u00e4chsischen Kameradschaftsszenen blieben dem Festival gr\u00f6\u00dftenteils fern.<\/p>\n<p>Die meisten d\u00fcrften wegen der klassischen Rechtsrockbands wie Kategorie C, Die Lunikoff Verschw\u00f6rung oder Sleipnir angereist sein. Beim Auftritt der britischen Band Brutal Attack musste die Polizei wegen eines verbotenen Lieds einschreiten. Der Auftritt der Band verdeutlicht, dass die NPD keine Ber\u00fchrungs\u00e4ngste mit <a href=\"https:\/\/www.zeit.de\/gesellschaft\/2011-03\/blood-honor-urteil\">Blood and Honour<\/a> hat, einer in Deutschland verbotenen Organisation. Brutal Attack gilt als Gr\u00fcndungsmitglied von Blood and Honour in England.<\/p>\n<p><strong>Rechtsrockzentrum Th\u00fcringen<\/strong><\/p>\n<p><figure id=\"attachment_26622\" aria-describedby=\"caption-attachment-26622\" style=\"width: 220px\" class=\"wp-caption alignright\"><a href=\"https:\/\/blog.zeit.de\/stoerungsmelder\/files\/2018\/06\/RG4_6605.jpg\"><img loading=\"lazy\" decoding=\"async\" class=\"size-thumbnail wp-image-26622\" src=\"https:\/\/blog.zeit.de\/stoerungsmelder\/files\/2018\/06\/RG4_6605-220x220.jpg\" alt=\"Besucher des Festivals\" width=\"220\" height=\"220\" \/><\/a><figcaption id=\"caption-attachment-26622\" class=\"wp-caption-text\">Besucher des Festivals<\/figcaption><\/figure><\/p>\n<p>Die Teilnehmerzahl \u00fcberstieg mit 2.200 Besuchern die Erwartungen der Organisatoren und Sicherheitsbeh\u00f6rden, blieb dennoch deutlich unter der H\u00f6chstmarke von 6.000 Besuchern im vergangenen Jahr. Grund ist wohl vor allem die Schirmherrschaft der NPD. Viele parteifreie Neonazis wollen mit ihr nichts zu tun haben.<\/p>\n<p>Dennoch wird Th\u00fcringen weiter der zentrale Anlaufpunkt der rechten Musikszene in Deutschland bleiben. Die Mobile Beratung Th\u00fcringen gegen Rechtsextremismus (Mobit) analysiert seit 2014 ein stetiges Wachsen der rechten Konzerte und Festivals. <a href=\"https:\/\/mobit.org\/Material\/Mobit-HeftRechtsRock18-G-web.pdf\" rel=\"noopener\" target=\"_blank\">Im Jahr 2016 bezifferte die Organisation die Zahl der Veranstaltungen demnach mit 300.<\/a> Ein Spitzenwert im bundesweiten Vergleich.<\/p>\n<p>Die Landtagsabgeordnete Katharina K\u00f6nig-Preuss von Der Linken macht daf\u00fcr mehrere Faktoren verantwortlich: &#8222;Th\u00fcringen liegt zum einen geografisch sehr gut in Deutschland, entscheidend sind aber die eigenen Immobilien der Neonazis, die sie unproblematisch nutzen k\u00f6nnen, und eine seit Jahrzehnten aktive Szene, die sehr gut bundesweit und innerhalb Europas vernetzt ist.&#8220; Rechtsrock ist nach wie vor ein wichtiger Bestandteil der Neonazikultur und gilt als &#8222;Einstiegsdroge&#8220; vor allem f\u00fcr Jugendliche und junge Erwachsene.<\/p>\n<p><strong>Holzkreuze erinnern an Todesopfer rechter Gewalt<\/strong><\/p>\n<p><figure id=\"attachment_26621\" aria-describedby=\"caption-attachment-26621\" style=\"width: 220px\" class=\"wp-caption alignleft\"><a href=\"https:\/\/blog.zeit.de\/stoerungsmelder\/files\/2018\/06\/RG4_6595.jpg\"><img loading=\"lazy\" decoding=\"async\" class=\"size-thumbnail wp-image-26621\" src=\"https:\/\/blog.zeit.de\/stoerungsmelder\/files\/2018\/06\/RG4_6595-220x220.jpg\" alt=\"Holzkreuze erinnern an die Todesopfer rechter Gewalt\" width=\"220\" height=\"220\" \/><\/a><figcaption id=\"caption-attachment-26621\" class=\"wp-caption-text\">Von Aktivisten aufgestellte Kreuze<\/figcaption><\/figure><\/p>\n<p>Gerade wegen der dicht gekn\u00fcpften rechten Netzwerke in S\u00fcdth\u00fcringen und der Anwerbeversuche von Jugendlichen hat sich in Themar eine Protestorganisation gegen die Rechtsrockkonzerte gegr\u00fcndet. Das B\u00fcndnis f\u00fcr Demokratie und Weltoffenheit Kloster Ve\u00dfra und Themar installierte nahe dem Konzertort 195 wei\u00dfe Holzkreuze mit den Namen der Todesopfer rechter Gewalt seit 1990. In der Region herrsche teilweise die Meinung \u201eAch, lasst sie doch machen, ist doch alles nicht so schlimm&#8220;, sagt Sabine Jakob vom B\u00fcndnis. &#8222;Wir wollen damit zeigen: Es ist nichts harmlos, die Ideologie der Neonazis t\u00f6tet!\u201c<\/p>\n<p>Die anreisenden Neonazis beobachteten das Spektakel aus der Ferne, skandierten: &#8222;Ihr seid so l\u00e4cherlich!&#8220;, und beschimpften die Kreuzaufsteller w\u00fcst. Davon will sich das B\u00fcndnis aber nicht einsch\u00fcchtern lassen. Zur Gegenkundgebung im kamen 300 Menschen. &#8222;Zwar immer noch viel zu wenig, aber es tut sich langsam was&#8220;, meint eine Teilnehmerin. F\u00fcr die n\u00e4chsten Konzerte und Veranstaltungen hoffen sie auch auf Unterst\u00fctzung von au\u00dferhalb.<\/p>\n","protected":false},"excerpt":{"rendered":"<p>Die Tage der nationalen Bewegung in der Rechtsrockzentrum Themar sollten eine Politveranstaltung der NPD sein. 2.200 Neonazis kamen aber vor allem, um Spa\u00df zu haben \u2013 der Gegenprotest blieb klein. Von Jonas Miller Themar, eine Landstadt mit 3.000 Einwohnern in S\u00fcdth\u00fcringen, ist seit dem Rechtsrockkonzert mit 6.000 Besuchern im vergangenen Jahr bundesweit bekannt. Eine Wiese [&hellip;]<\/p>\n","protected":false},"author":363,"featured_media":26614,"comment_status":"open","ping_status":"closed","sticky":false,"template":"","format":"standard","meta":{"_jetpack_memberships_contains_paid_content":false,"footnotes":""},"categories":[978],"tags":[1508,11409,41400,11360,39472,32069,41401,11415,32161,1716,1765,6390,39576,1791,11414,31999,32204,41399,39585,1819,39402,2478,1830],"class_list":["post-26623","post","type-post","status-publish","format-standard","has-post-thumbnail","hentry","category-thuringen","tag-blood-and-honour","tag-brutal-attack","tag-die-lunikoff-verschwoerung","tag-dieter-riefling","tag-flak","tag-frank-franz","tag-kategorie-c-nahkampf","tag-kraftschlag","tag-michael-brueck","tag-npd","tag-rechtsrock","tag-ronny-zasowk","tag-sascha-krolzig","tag-sebastian-schmidtke","tag-sleipnir","tag-sturmwehr","tag-sven-skoda","tag-tage-der-nationalen-bewegung","tag-themar","tag-thorsten-heise","tag-thuringen","tag-tommy-frenck","tag-udo-voigt"],"yoast_head":"<!-- This site is optimized with the Yoast SEO plugin v21.0 - https:\/\/yoast.com\/wordpress\/plugins\/seo\/ -->\n<title>Neonazis feiern ungest\u00f6rt in Themar bei einem Rechtsrockfestival<\/title>\n<meta name=\"description\" content=\"Am Wochenende besuchten rund 2.200 Neonazis ein Rechtsrockfestival im th\u00fcringischen Themar. Seit Jahren ist der Ort ein beliebtes Ziel f\u00fcr Veranstaltungen aus der rechtsextremen Szene. Die Proteste der Gegner sind noch relativ klein, aber sie wachsen.\" \/>\n<meta name=\"robots\" content=\"index, follow, max-snippet:-1, max-image-preview:large, max-video-preview:-1\" \/>\n<link rel=\"canonical\" href=\"https:\/\/blog.zeit.de\/stoerungsmelder\/2018\/06\/10\/2-200-neonazis-feiern-ungestoert-in-themar_26623\" \/>\n<meta property=\"og:locale\" content=\"de_DE\" \/>\n<meta property=\"og:type\" content=\"article\" \/>\n<meta property=\"og:title\" content=\"Neonazis feiern ungest\u00f6rt in Themar bei einem Rechtsrockfestival\" \/>\n<meta property=\"og:description\" content=\"Am Wochenende besuchten rund 2.200 Neonazis ein Rechtsrockfestival im th\u00fcringischen Themar. Seit Jahren ist der Ort ein beliebtes Ziel f\u00fcr Veranstaltungen aus der rechtsextremen Szene. Die Proteste der Gegner sind noch relativ klein, aber sie wachsen.\" \/>\n<meta property=\"og:url\" content=\"https:\/\/blog.zeit.de\/stoerungsmelder\/2018\/06\/10\/2-200-neonazis-feiern-ungestoert-in-themar_26623\" \/>\n<meta property=\"og:site_name\" content=\"St\u00f6rungsmelder\" \/>\n<meta property=\"article:published_time\" content=\"2018-06-10T13:50:30+00:00\" \/>\n<meta property=\"article:modified_time\" content=\"2018-11-22T20:24:49+00:00\" \/>\n<meta property=\"og:image\" content=\"https:\/\/blog.zeit.de\/stoerungsmelder\/files\/2018\/06\/RG4_6275.jpg\" \/>\n\t<meta property=\"og:image:width\" content=\"4928\" \/>\n\t<meta property=\"og:image:height\" content=\"3280\" \/>\n\t<meta property=\"og:image:type\" content=\"image\/jpeg\" \/>\n<meta name=\"author\" content=\"Jonas Miller\" \/>\n<meta name=\"twitter:card\" content=\"summary_large_image\" \/>\n<meta name=\"twitter:label1\" content=\"Geschrieben von\" \/>\n\t<meta name=\"twitter:data1\" content=\"Jonas Miller\" \/>\n\t<meta name=\"twitter:label2\" content=\"Gesch\u00e4tzte Lesezeit\" \/>\n\t<meta name=\"twitter:data2\" content=\"4\u00a0Minuten\" \/>\n<script type=\"application\/ld+json\" class=\"yoast-schema-graph\">{\"@context\":\"https:\/\/schema.org\",\"@graph\":[{\"@type\":\"WebPage\",\"@id\":\"https:\/\/blog.zeit.de\/stoerungsmelder\/2018\/06\/10\/2-200-neonazis-feiern-ungestoert-in-themar_26623\",\"url\":\"https:\/\/blog.zeit.de\/stoerungsmelder\/2018\/06\/10\/2-200-neonazis-feiern-ungestoert-in-themar_26623\",\"name\":\"Neonazis feiern ungest\u00f6rt in Themar bei einem Rechtsrockfestival\",\"isPartOf\":{\"@id\":\"https:\/\/blog.zeit.de\/stoerungsmelder\/#website\"},\"datePublished\":\"2018-06-10T13:50:30+00:00\",\"dateModified\":\"2018-11-22T20:24:49+00:00\",\"author\":{\"@id\":\"https:\/\/blog.zeit.de\/stoerungsmelder\/#\/schema\/person\/abb0b5e2ae04ea00291f461511cf0e6b\"},\"description\":\"Am Wochenende besuchten rund 2.200 Neonazis ein Rechtsrockfestival im th\u00fcringischen Themar. Seit Jahren ist der Ort ein beliebtes Ziel f\u00fcr Veranstaltungen aus der rechtsextremen Szene. Die Proteste der Gegner sind noch relativ klein, aber sie wachsen.\",\"breadcrumb\":{\"@id\":\"https:\/\/blog.zeit.de\/stoerungsmelder\/2018\/06\/10\/2-200-neonazis-feiern-ungestoert-in-themar_26623#breadcrumb\"},\"inLanguage\":\"de\",\"potentialAction\":[{\"@type\":\"ReadAction\",\"target\":[\"https:\/\/blog.zeit.de\/stoerungsmelder\/2018\/06\/10\/2-200-neonazis-feiern-ungestoert-in-themar_26623\"]}]},{\"@type\":\"BreadcrumbList\",\"@id\":\"https:\/\/blog.zeit.de\/stoerungsmelder\/2018\/06\/10\/2-200-neonazis-feiern-ungestoert-in-themar_26623#breadcrumb\",\"itemListElement\":[{\"@type\":\"ListItem\",\"position\":1,\"name\":\"Startseite\",\"item\":\"https:\/\/blog.zeit.de\/stoerungsmelder\"},{\"@type\":\"ListItem\",\"position\":2,\"name\":\"2.200 Neonazis feiern fast ungest\u00f6rt in Themar\"}]},{\"@type\":\"WebSite\",\"@id\":\"https:\/\/blog.zeit.de\/stoerungsmelder\/#website\",\"url\":\"https:\/\/blog.zeit.de\/stoerungsmelder\/\",\"name\":\"St\u00f6rungsmelder\",\"description\":\"Recherchen und Analysen \u00fcber die extreme Rechte\",\"potentialAction\":[{\"@type\":\"SearchAction\",\"target\":{\"@type\":\"EntryPoint\",\"urlTemplate\":\"https:\/\/blog.zeit.de\/stoerungsmelder\/?s={search_term_string}\"},\"query-input\":\"required name=search_term_string\"}],\"inLanguage\":\"de\"},{\"@type\":\"Person\",\"@id\":\"https:\/\/blog.zeit.de\/stoerungsmelder\/#\/schema\/person\/abb0b5e2ae04ea00291f461511cf0e6b\",\"name\":\"Jonas Miller\",\"image\":{\"@type\":\"ImageObject\",\"inLanguage\":\"de\",\"@id\":\"https:\/\/blog.zeit.de\/stoerungsmelder\/#\/schema\/person\/image\/\",\"url\":\"https:\/\/secure.gravatar.com\/avatar\/c86a48d8af5f6cb474e5792b625c0051659345670c87ad1d34ce5dc50fecf79f?s=96&d=mm&r=pg\",\"contentUrl\":\"https:\/\/secure.gravatar.com\/avatar\/c86a48d8af5f6cb474e5792b625c0051659345670c87ad1d34ce5dc50fecf79f?s=96&d=mm&r=pg\",\"caption\":\"Jonas Miller\"},\"url\":\"https:\/\/blog.zeit.de\/stoerungsmelder\/author\/timomueller\"}]}<\/script>\n<!-- \/ Yoast SEO plugin. -->","yoast_head_json":{"title":"Neonazis feiern ungest\u00f6rt in Themar bei einem Rechtsrockfestival","description":"Am Wochenende besuchten rund 2.200 Neonazis ein Rechtsrockfestival im th\u00fcringischen Themar. Seit Jahren ist der Ort ein beliebtes Ziel f\u00fcr Veranstaltungen aus der rechtsextremen Szene. Die Proteste der Gegner sind noch relativ klein, aber sie wachsen.","robots":{"index":"index","follow":"follow","max-snippet":"max-snippet:-1","max-image-preview":"max-image-preview:large","max-video-preview":"max-video-preview:-1"},"canonical":"https:\/\/blog.zeit.de\/stoerungsmelder\/2018\/06\/10\/2-200-neonazis-feiern-ungestoert-in-themar_26623","og_locale":"de_DE","og_type":"article","og_title":"Neonazis feiern ungest\u00f6rt in Themar bei einem Rechtsrockfestival","og_description":"Am Wochenende besuchten rund 2.200 Neonazis ein Rechtsrockfestival im th\u00fcringischen Themar. Seit Jahren ist der Ort ein beliebtes Ziel f\u00fcr Veranstaltungen aus der rechtsextremen Szene. Die Proteste der Gegner sind noch relativ klein, aber sie wachsen.","og_url":"https:\/\/blog.zeit.de\/stoerungsmelder\/2018\/06\/10\/2-200-neonazis-feiern-ungestoert-in-themar_26623","og_site_name":"St\u00f6rungsmelder","article_published_time":"2018-06-10T13:50:30+00:00","article_modified_time":"2018-11-22T20:24:49+00:00","og_image":[{"width":4928,"height":3280,"url":"https:\/\/blog.zeit.de\/stoerungsmelder\/files\/2018\/06\/RG4_6275.jpg","type":"image\/jpeg"}],"author":"Jonas Miller","twitter_card":"summary_large_image","twitter_misc":{"Geschrieben von":"Jonas Miller","Gesch\u00e4tzte Lesezeit":"4\u00a0Minuten"},"schema":{"@context":"https:\/\/schema.org","@graph":[{"@type":"WebPage","@id":"https:\/\/blog.zeit.de\/stoerungsmelder\/2018\/06\/10\/2-200-neonazis-feiern-ungestoert-in-themar_26623","url":"https:\/\/blog.zeit.de\/stoerungsmelder\/2018\/06\/10\/2-200-neonazis-feiern-ungestoert-in-themar_26623","name":"Neonazis feiern ungest\u00f6rt in Themar bei einem Rechtsrockfestival","isPartOf":{"@id":"https:\/\/blog.zeit.de\/stoerungsmelder\/#website"},"datePublished":"2018-06-10T13:50:30+00:00","dateModified":"2018-11-22T20:24:49+00:00","author":{"@id":"https:\/\/blog.zeit.de\/stoerungsmelder\/#\/schema\/person\/abb0b5e2ae04ea00291f461511cf0e6b"},"description":"Am Wochenende besuchten rund 2.200 Neonazis ein Rechtsrockfestival im th\u00fcringischen Themar. Seit Jahren ist der Ort ein beliebtes Ziel f\u00fcr Veranstaltungen aus der rechtsextremen Szene. Die Proteste der Gegner sind noch relativ klein, aber sie wachsen.","breadcrumb":{"@id":"https:\/\/blog.zeit.de\/stoerungsmelder\/2018\/06\/10\/2-200-neonazis-feiern-ungestoert-in-themar_26623#breadcrumb"},"inLanguage":"de","potentialAction":[{"@type":"ReadAction","target":["https:\/\/blog.zeit.de\/stoerungsmelder\/2018\/06\/10\/2-200-neonazis-feiern-ungestoert-in-themar_26623"]}]},{"@type":"BreadcrumbList","@id":"https:\/\/blog.zeit.de\/stoerungsmelder\/2018\/06\/10\/2-200-neonazis-feiern-ungestoert-in-themar_26623#breadcrumb","itemListElement":[{"@type":"ListItem","position":1,"name":"Startseite","item":"https:\/\/blog.zeit.de\/stoerungsmelder"},{"@type":"ListItem","position":2,"name":"2.200 Neonazis feiern fast ungest\u00f6rt in Themar"}]},{"@type":"WebSite","@id":"https:\/\/blog.zeit.de\/stoerungsmelder\/#website","url":"https:\/\/blog.zeit.de\/stoerungsmelder\/","name":"St\u00f6rungsmelder","description":"Recherchen und Analysen \u00fcber die extreme Rechte","potentialAction":[{"@type":"SearchAction","target":{"@type":"EntryPoint","urlTemplate":"https:\/\/blog.zeit.de\/stoerungsmelder\/?s={search_term_string}"},"query-input":"required name=search_term_string"}],"inLanguage":"de"},{"@type":"Person","@id":"https:\/\/blog.zeit.de\/stoerungsmelder\/#\/schema\/person\/abb0b5e2ae04ea00291f461511cf0e6b","name":"Jonas Miller","image":{"@type":"ImageObject","inLanguage":"de","@id":"https:\/\/blog.zeit.de\/stoerungsmelder\/#\/schema\/person\/image\/","url":"https:\/\/secure.gravatar.com\/avatar\/c86a48d8af5f6cb474e5792b625c0051659345670c87ad1d34ce5dc50fecf79f?s=96&d=mm&r=pg","contentUrl":"https:\/\/secure.gravatar.com\/avatar\/c86a48d8af5f6cb474e5792b625c0051659345670c87ad1d34ce5dc50fecf79f?s=96&d=mm&r=pg","caption":"Jonas Miller"},"url":"https:\/\/blog.zeit.de\/stoerungsmelder\/author\/timomueller"}]}},"jetpack_featured_media_url":"https:\/\/blog.zeit.de\/stoerungsmelder\/files\/2018\/06\/RG4_6275.jpg","jetpack_sharing_enabled":true,"_links":{"self":[{"href":"https:\/\/blog.zeit.de\/stoerungsmelder\/wp-json\/wp\/v2\/posts\/26623","targetHints":{"allow":["GET"]}}],"collection":[{"href":"https:\/\/blog.zeit.de\/stoerungsmelder\/wp-json\/wp\/v2\/posts"}],"about":[{"href":"https:\/\/blog.zeit.de\/stoerungsmelder\/wp-json\/wp\/v2\/types\/post"}],"author":[{"embeddable":true,"href":"https:\/\/blog.zeit.de\/stoerungsmelder\/wp-json\/wp\/v2\/users\/363"}],"replies":[{"embeddable":true,"href":"https:\/\/blog.zeit.de\/stoerungsmelder\/wp-json\/wp\/v2\/comments?post=26623"}],"version-history":[{"count":8,"href":"https:\/\/blog.zeit.de\/stoerungsmelder\/wp-json\/wp\/v2\/posts\/26623\/revisions"}],"predecessor-version":[{"id":27712,"href":"https:\/\/blog.zeit.de\/stoerungsmelder\/wp-json\/wp\/v2\/posts\/26623\/revisions\/27712"}],"wp:featuredmedia":[{"embeddable":true,"href":"https:\/\/blog.zeit.de\/stoerungsmelder\/wp-json\/wp\/v2\/media\/26614"}],"wp:attachment":[{"href":"https:\/\/blog.zeit.de\/stoerungsmelder\/wp-json\/wp\/v2\/media?parent=26623"}],"wp:term":[{"taxonomy":"category","embeddable":true,"href":"https:\/\/blog.zeit.de\/stoerungsmelder\/wp-json\/wp\/v2\/categories?post=26623"},{"taxonomy":"post_tag","embeddable":true,"href":"https:\/\/blog.zeit.de\/stoerungsmelder\/wp-json\/wp\/v2\/tags?post=26623"}],"curies":[{"name":"wp","href":"https:\/\/api.w.org\/{rel}","templated":true}]}}