{"id":26728,"date":"2018-07-02T08:15:35","date_gmt":"2018-07-02T06:15:35","guid":{"rendered":"https:\/\/blog.zeit.de\/stoerungsmelder\/?p=26728"},"modified":"2018-07-06T14:26:29","modified_gmt":"2018-07-06T12:26:29","slug":"im-erzgebirge-traeumen-neonazis-vom-eigenen-staat","status":"publish","type":"post","link":"https:\/\/blog.zeit.de\/stoerungsmelder\/2018\/07\/02\/im-erzgebirge-traeumen-neonazis-vom-eigenen-staat_26728","title":{"rendered":"Im Erzgebirge tr\u00e4umen Neonazis vom eigenen Staat"},"content":{"rendered":"<p><strong>Mit Unterst\u00fctzung von AfD-Personal fantasiert die NPD im Erzgebirge \u00fcber eine Abspaltung von Deutschland. F\u00fcr Demokraten ist die Region gef\u00e4hrlich geworden.<\/strong><\/p>\n<p><em>Von Henrik Merker<\/em><\/p>\n<p><figure id=\"attachment_26758\" aria-describedby=\"caption-attachment-26758\" style=\"width: 620px\" class=\"wp-caption aligncenter\"><img loading=\"lazy\" decoding=\"async\" class=\"wp-image-26758 size-medium\" src=\"https:\/\/blog.zeit.de\/stoerungsmelder\/files\/2018\/07\/IMG_1174-620x414.jpg\" alt=\"NPD im Erzgebirge: Neonazis tr\u00e4umen vom eigenen Staat\" width=\"620\" height=\"414\" srcset=\"https:\/\/blog.zeit.de\/stoerungsmelder\/files\/2018\/07\/IMG_1174-620x414.jpg 620w, https:\/\/blog.zeit.de\/stoerungsmelder\/files\/2018\/07\/IMG_1174-768x512.jpg 768w, https:\/\/blog.zeit.de\/stoerungsmelder\/files\/2018\/07\/IMG_1174-1024x683.jpg 1024w, https:\/\/blog.zeit.de\/stoerungsmelder\/files\/2018\/07\/IMG_1174.jpg 1619w\" sizes=\"auto, (max-width: 620px) 100vw, 620px\" \/><figcaption id=\"caption-attachment-26758\" class=\"wp-caption-text\">Besucher des Neonazi-Fests im Erzgebirge \u00a9 Henrik Merker<\/figcaption><\/figure><\/p>\n<p>Seit 2013 hat die NPD auf den Stra\u00dfen von Schwarzenberg im Erzgebirge das Sagen. Im nahen Schneeberg sollten Fl\u00fcchtlinge untergebracht werden, der damalige NPD-Kreisvorsitzende Stefan Hartung <a href=\"https:\/\/blog.zeit.de\/stoerungsmelder\/2013\/10\/21\/burger-und-npd_14197\">organisierte Demonstrationen<\/a>. Zu H\u00f6chstzeiten liefen 1.800 Erzgebirger bei martialischen Fackelm\u00e4rschen mit, Kinder trugen Lampions. Hartung nutzte die fremdenfeindliche Stimmung vor Ort, verzichtete auf NPD-Logos und maskierte seine Aktionen als b\u00fcrgerlichen Protest.<\/p>\n<p><!--more--><\/p>\n<p>\u00dcber der s\u00e4chsischen Stadt thront eine wei\u00dfe Burg, Hochzeitspaare lassen sich vor der malerischen Bergkulisse fotografieren. Auf dem Parkplatz am Fu\u00df der Burg bauen an diesem Wochenende bullige M\u00e4nner eine B\u00fchne auf, gegen\u00fcber grillen t\u00e4towierte Frauen mit rosa-schwarz gef\u00e4rbten Haaren Bratw\u00fcrste. Auf vielen T-Shirts steht \u201eDeitsch un frei wolln mer sei!\u201c, auf einem der Schriftzug \u201eWhite Power\u201c. 250 ganz \u00e4hnliche G\u00e4ste tummeln sich zwischen Bierb\u00e4nken. Kinder toben auf einer gr\u00fcnen H\u00fcpfburg, w\u00e4hrend es auf der B\u00fchne pl\u00f6tzlich laut wird. Was hier geschieht, ist der Beweis, dass es im Jahr 2018 in Schwarzenberg nicht besser geworden ist. Eher schlimmer.<\/p>\n<h2><strong>Judenwitz zum Abschied<\/strong><\/h2>\n<p>Der rechtsextreme Liedermacher Frank Rennicke br\u00fcllt ins Mikrofon: \u201eWenn ich alt genug bin und meine Aufgabe als Vater erf\u00fcllt habe \u2013 dann nehm ich einen von den Halunken mit und ich freu mich drauf!\u201c Dann sagt er: \u201eIch sehe bereits von Herrn Maas und Co die Konzentrationslager f\u00fcr die Patrioten.\u201c Zwischendurch spielt er v\u00f6lkische Ges\u00e4nge, Volksweisen und Milit\u00e4rlieder. Mit einem judenfeindlichen Witz verabschiedet er sich und verschwindet zum Bratwurststand.<\/p>\n<p>Was da passiert, hat NPD-Mann Hartung zu verantworten. Als 2014 niemand mehr zu seinen Fackelm\u00e4rschen kam und alle zu Pegida fuhren, passte er seine Strategie an. Er gr\u00fcndete den Freigeist-Verein, der sich dauerhaft in der Region etablieren soll. Unter dem Dach des Vereins l\u00e4dt er regelm\u00e4\u00dfig zu Treffen mit Geschichtsrevisionisten und zu v\u00f6lkischen Festen wie dem am vergangenen Wochenende. Der Facebook-Auftritt von Freigeist ist gespickt mit rassistischen Pamphleten und Hass auf Juden, der Verfassungsschutz hat ein Auge drauf. Auch bei Pegida mischt das Vereinspersonal mit. Der Vereinsvize Jens D\u00f6bel fuhr mit einem Galgen f\u00fcr Politiker zur Demo nach Dresden und l\u00f6ste einen Skandal aus.<\/p>\n<p><figure id=\"attachment_26751\" aria-describedby=\"caption-attachment-26751\" style=\"width: 620px\" class=\"wp-caption aligncenter\"><img loading=\"lazy\" decoding=\"async\" class=\"wp-image-26751 size-medium\" src=\"https:\/\/blog.zeit.de\/stoerungsmelder\/files\/2018\/07\/IMG_0951-620x413.jpg\" alt=\"NPD im Erzgebirge: Neonazis tr\u00e4umen vom eigenen Staat\" width=\"620\" height=\"413\" srcset=\"https:\/\/blog.zeit.de\/stoerungsmelder\/files\/2018\/07\/IMG_0951-620x413.jpg 620w, https:\/\/blog.zeit.de\/stoerungsmelder\/files\/2018\/07\/IMG_0951-768x512.jpg 768w, https:\/\/blog.zeit.de\/stoerungsmelder\/files\/2018\/07\/IMG_0951-1024x683.jpg 1024w, https:\/\/blog.zeit.de\/stoerungsmelder\/files\/2018\/07\/IMG_0951.jpg 1620w\" sizes=\"auto, (max-width: 620px) 100vw, 620px\" \/><figcaption id=\"caption-attachment-26751\" class=\"wp-caption-text\">Stefan Hartung (links) spricht mit Ordner \u00a9 Henrik Merker<\/figcaption><\/figure><\/p>\n<h2><strong>Neonazis drohen mit \u201eHausbesuchen\u201c<\/strong><\/h2>\n<p>Oben an der Burg lehnen sich Touristen \u00fcber Mauern und Stahlgel\u00e4nder. Ein Vater dreht sich fassungslos weg: \u201eIch hab noch nie so viel Schwachsinn auf einmal geh\u00f6rt in so kurzer Zeit.\u201c Ins Erzgebirge f\u00e4hrt seine Familie so schnell nicht mehr, sagt er: \u201eWir sind aus dem Westen, das ist hier der Osten \u2013 bei solchen Reden muss sich niemand wundern, wenn\u2019s Geschrei gibt und niemand mehr herkommt.\u201c<\/p>\n<p>Drei Lokaljournalisten beobachten das Treiben auf dem Festplatz, von der B\u00fchne aus werden sie von Stefan Hartung angefeindet. Aber das kenne man hier, sagt einer von ihnen. Auch aus Schwarzenberg ist David S., der eigentlich anders hei\u00dft. Er engagiert sich gegen die rechte Szene und wei\u00df, wie unangenehm die Neonazis werden k\u00f6nnen: \u201eAdressen von Gegnern wurden hier schon im Internet verbreitet, auch Fotos von Autos. Und dann wird zu Hausbesuchen aufgerufen.\u201c<\/p>\n<p><div id='gallery-1' class='gallery galleryid-26728 gallery-columns-3 gallery-size-thumbnail'><figure class='gallery-item'>\n\t\t\t<div class='gallery-icon landscape'>\n\t\t\t\t<a href='https:\/\/blog.zeit.de\/stoerungsmelder\/2018\/07\/02\/im-erzgebirge-traeumen-neonazis-vom-eigenen-staat_26728\/img_1163'><img loading=\"lazy\" decoding=\"async\" width=\"220\" height=\"220\" src=\"https:\/\/blog.zeit.de\/stoerungsmelder\/files\/2018\/07\/IMG_1163-220x220.jpg\" class=\"attachment-thumbnail size-thumbnail\" alt=\"\" aria-describedby=\"gallery-1-26757\" \/><\/a>\n\t\t\t<\/div>\n\t\t\t\t<figcaption class='wp-caption-text gallery-caption' id='gallery-1-26757'>\n\t\t\t\tAlle Neonazi-Marken sind vertreten \u00a9 Henrik Merker\n\t\t\t\t<\/figcaption><\/figure><figure class='gallery-item'>\n\t\t\t<div class='gallery-icon landscape'>\n\t\t\t\t<a href='https:\/\/blog.zeit.de\/stoerungsmelder\/img_1158'><img loading=\"lazy\" decoding=\"async\" width=\"220\" height=\"220\" src=\"https:\/\/blog.zeit.de\/stoerungsmelder\/files\/2018\/07\/IMG_1158-220x220.jpg\" class=\"attachment-thumbnail size-thumbnail\" alt=\"\" aria-describedby=\"gallery-1-26756\" \/><\/a>\n\t\t\t<\/div>\n\t\t\t\t<figcaption class='wp-caption-text gallery-caption' id='gallery-1-26756'>\n\t\t\t\tStiefel mit wei\u00dfen Schn\u00fcrsenkeln waren \u00fcbrigens auch vertreten \u00a9 Henrik Merker\n\t\t\t\t<\/figcaption><\/figure><figure class='gallery-item'>\n\t\t\t<div class='gallery-icon landscape'>\n\t\t\t\t<a href='https:\/\/blog.zeit.de\/stoerungsmelder\/img_1147-2'><img loading=\"lazy\" decoding=\"async\" width=\"220\" height=\"220\" src=\"https:\/\/blog.zeit.de\/stoerungsmelder\/files\/2018\/07\/IMG_1147-220x220.jpg\" class=\"attachment-thumbnail size-thumbnail\" alt=\"\" aria-describedby=\"gallery-1-26755\" \/><\/a>\n\t\t\t<\/div>\n\t\t\t\t<figcaption class='wp-caption-text gallery-caption' id='gallery-1-26755'>\n\t\t\t\tMaria Schneider vom Frauenb\u00fcndnis Kandel  \u00a9 Henrik Merker\n\t\t\t\t<\/figcaption><\/figure><figure class='gallery-item'>\n\t\t\t<div class='gallery-icon landscape'>\n\t\t\t\t<a href='https:\/\/blog.zeit.de\/stoerungsmelder\/2018\/07\/02\/im-erzgebirge-traeumen-neonazis-vom-eigenen-staat_26728\/img_1040'><img loading=\"lazy\" decoding=\"async\" width=\"220\" height=\"220\" src=\"https:\/\/blog.zeit.de\/stoerungsmelder\/files\/2018\/07\/IMG_1040-220x220.jpg\" class=\"attachment-thumbnail size-thumbnail\" alt=\"\" aria-describedby=\"gallery-1-26754\" \/><\/a>\n\t\t\t<\/div>\n\t\t\t\t<figcaption class='wp-caption-text gallery-caption' id='gallery-1-26754'>\n\t\t\t\tFeuchter Traum mancher Erzgebirger \u00a9 Henrik Merker\n\t\t\t\t<\/figcaption><\/figure><figure class='gallery-item'>\n\t\t\t<div class='gallery-icon landscape'>\n\t\t\t\t<a href='https:\/\/blog.zeit.de\/stoerungsmelder\/2018\/07\/02\/im-erzgebirge-traeumen-neonazis-vom-eigenen-staat_26728\/img_1033'><img loading=\"lazy\" decoding=\"async\" width=\"220\" height=\"220\" src=\"https:\/\/blog.zeit.de\/stoerungsmelder\/files\/2018\/07\/IMG_1033-220x220.jpg\" class=\"attachment-thumbnail size-thumbnail\" alt=\"\" aria-describedby=\"gallery-1-26753\" \/><\/a>\n\t\t\t<\/div>\n\t\t\t\t<figcaption class='wp-caption-text gallery-caption' id='gallery-1-26753'>\n\t\t\t\tRechte Kalauer \u00a9 Henrik Merker\n\t\t\t\t<\/figcaption><\/figure><figure class='gallery-item'>\n\t\t\t<div class='gallery-icon landscape'>\n\t\t\t\t<a href='https:\/\/blog.zeit.de\/stoerungsmelder\/img_0986'><img loading=\"lazy\" decoding=\"async\" width=\"220\" height=\"220\" src=\"https:\/\/blog.zeit.de\/stoerungsmelder\/files\/2018\/07\/IMG_0986-220x220.jpg\" class=\"attachment-thumbnail size-thumbnail\" alt=\"\" aria-describedby=\"gallery-1-26752\" \/><\/a>\n\t\t\t<\/div>\n\t\t\t\t<figcaption class='wp-caption-text gallery-caption' id='gallery-1-26752'>\n\t\t\t\tH\u00fcpfburg f\u00fcr den b\u00fcrgerlichen Anstrich \u00a9 Henrik Merker\n\t\t\t\t<\/figcaption><\/figure><figure class='gallery-item'>\n\t\t\t<div class='gallery-icon landscape'>\n\t\t\t\t<a href='https:\/\/blog.zeit.de\/stoerungsmelder\/img_0947'><img loading=\"lazy\" decoding=\"async\" width=\"220\" height=\"220\" src=\"https:\/\/blog.zeit.de\/stoerungsmelder\/files\/2018\/07\/IMG_0947-220x220.jpg\" class=\"attachment-thumbnail size-thumbnail\" alt=\"\" aria-describedby=\"gallery-1-26750\" \/><\/a>\n\t\t\t<\/div>\n\t\t\t\t<figcaption class='wp-caption-text gallery-caption' id='gallery-1-26750'>\n\t\t\t\tRennicke kurz vor seinen Hetztiraden \u00a9 Henrik Merker\n\t\t\t\t<\/figcaption><\/figure>\n\t\t<\/div>\n<\/p>\n<p>Auf der B\u00fchne sollte eigentlich auch Karsten Teubner eine Rede halten. Der parteilose Politiker sitzt f\u00fcr die AfD-Fraktion im Kreistag des Erzgebirgskreises. Wegen \u201eDruck von oben\u201c habe er abgesagt, erkl\u00e4rt er auf Facebook. Weil Teubner nicht sprechen darf, hat er seine Rede ins Netz gestellt.<\/p>\n<p>Die zentrale Forderung erinnert an Reichsb\u00fcrgerfantasien: Schwarzenberg soll ein eigenst\u00e4ndiger Kleinstaat werden. Das Vorbild liefert die Geschichte \u2013 1945 verga\u00dfen die Alliierten die Region um Schwarzenberg zu besetzen, woraufhin sich die Stadt f\u00fcr 42 Tage <a href=\"https:\/\/de.wikipedia.org\/wiki\/Freie_Republik_Schwarzenberg\">zur Freien Republik erkl\u00e4rte<\/a>. Teubner will \u201ein kleineren Einheiten nach Souver\u00e4nit\u00e4t streben und (\u2026) Recht und bew\u00e4hrte Ordnung durchsetzen\u201c. Auf dem Freigeist-Fest wird ein Volksentscheid \u00fcber die Abspaltung von der Bundesrepublik verlangt, die Organisatoren haben Schilder mit der Aufschrift \u201eFreie Republik\u201c aufgestellt.<\/p>\n<p>David S. kennt solche Bestrebungen: \u201eIm Erzgebirge f\u00fchlen sich viele als was kulturell Besonderes, da gibt es schon l\u00e4nger Gruppen, die sich von der Bundesrepublik lossagen wollen.\u201c<\/p>\n<h2><strong>\u201eNational befreite Zone\u201c<\/strong><\/h2>\n<p>Die Region kommt seit Jahren nicht zur Ruhe. 2013 setzten die Antifl\u00fcchtlingsm\u00e4rsche ein Fanal, von dem sich das Erzgebirge bis heute nicht erholt hat. \u201eDie westlich von der Stadt gelegenen D\u00f6rfer sind praktisch national befreite Zone\u201c, sagt David S. Die Wenigsten w\u00fcrden die Positionen der Neonazis teilen, \u201eaber es gibt keine aktive Zivilgesellschaft, die ihnen widerspricht\u201c, sagt er. In der Dorfjugend breiten sich <a href=\"https:\/\/www.radiochemnitz.de\/beitrag\/verfassungsschutz-beobachtet-identitaere-bewegung-230435\/\">die v\u00f6lkischen Identit\u00e4ren aus<\/a> und selbst die normalen Volksfeste seien jetzt gef\u00e4hrlicher: \u201eAb zehn kannst du hier beim Feuerwehrfest nur noch die Beine in die Hand nehmen.\u201c<\/p>\n<p>Und so k\u00f6nnen Leute wie der AfD-Abgeordnete Teubner mit seinen Tr\u00e4umen vom unabh\u00e4ngigen Staat Erzgebirge praktisch ungest\u00f6rt weitermachen. Eine eigene W\u00e4hrung hat Teubner in Schwarzenberg schon eingef\u00fchrt. Seine Firma pr\u00e4gt den silbernen Altstadtthaler, der bei vielen Gesch\u00e4ften als 25-Euro-Gutschein anerkannt ist. Seit Teubner eiserne Kreuze auf die R\u00fcckseite pr\u00e4gen will, schl\u00e4gt ihm Kritik entgegen. Das <a href=\"https:\/\/www.freiepresse.de\/LOKALES\/ERZGEBIRGE\/SCHWARZENBERG\/Eisernes-Kreuz-zerschlaegt-Marketingkonzept-artikel10229862.php\">hielt die AfD nicht davon ab<\/a>, bei ihm einen Satz Sonderm\u00fcnzen zu bestellen.<\/p>\n<p><em>Update: In einer Pressemitteilung hat die Oberb\u00fcrgermeisterin von Schwarzenberg, Heidrun Hiemer, darauf hingewiesen, dass die Stadt erfolglos ein Veto gegen die Genehmigung der Veranstaltung eingelegt habe. Sie schreibt w\u00f6rtlich: \u201cInwieweit diese Art der Veranstaltung, die zumal noch vom Veranstalter selbst als \u2018Freigeistlicher Sommerabend\u2019 deklariert wird, vom hohen Rechtsgut des Grundgesetzes, Art. 8 der Versammlungsfreiheit gedeckt ist, wird von uns angezweifelt.\u201d Die zust\u00e4ndige Versammlungsbeh\u00f6rde beim Landratsamt Erzgebirgskreis habe die Veranstaltung genehmigt.<\/em><\/p>\n","protected":false},"excerpt":{"rendered":"<p>Bedr\u00fcckende Szenen aus dem Erzgebirge: Dort will die NPD die Region allen Ernstes von Deutschland abspalten. Unterst\u00fctzung kommt von einem AfD-Abgeordneten.<\/p>\n","protected":false},"author":703,"featured_media":26758,"comment_status":"open","ping_status":"closed","sticky":false,"template":"","format":"standard","meta":{"_jetpack_memberships_contains_paid_content":false,"footnotes":""},"categories":[1456],"tags":[28267,41407,11413,1716,39411],"class_list":["post-26728","post","type-post","status-publish","format-standard","has-post-thumbnail","hentry","category-sachsen","tag-afd","tag-erzgebirge","tag-frank-rennicke","tag-npd","tag-sachsen"],"yoast_head":"<!-- This site is optimized with the Yoast SEO plugin v21.0 - https:\/\/yoast.com\/wordpress\/plugins\/seo\/ -->\n<title>NPD im Erzgebirge: Neonazis tr\u00e4umen vom eigenen Staat<\/title>\n<meta name=\"description\" content=\"Mit Unterst\u00fctzung von AfD-Personal fantasiert die NPD im Erzgebirge \u00fcber eine Abspaltung von Deutschland. F\u00fcr Demokraten ist die Region gef\u00e4hrlich geworden.\" \/>\n<meta name=\"robots\" content=\"index, follow, max-snippet:-1, max-image-preview:large, max-video-preview:-1\" \/>\n<link rel=\"canonical\" href=\"https:\/\/blog.zeit.de\/stoerungsmelder\/2018\/07\/02\/im-erzgebirge-traeumen-neonazis-vom-eigenen-staat_26728\" \/>\n<meta property=\"og:locale\" content=\"de_DE\" \/>\n<meta property=\"og:type\" content=\"article\" \/>\n<meta property=\"og:title\" content=\"NPD im Erzgebirge: Neonazis tr\u00e4umen vom eigenen Staat\" \/>\n<meta property=\"og:description\" content=\"Mit Unterst\u00fctzung von AfD-Personal fantasiert die NPD im Erzgebirge \u00fcber eine Abspaltung von Deutschland. F\u00fcr Demokraten ist die Region gef\u00e4hrlich geworden.\" \/>\n<meta property=\"og:url\" content=\"https:\/\/blog.zeit.de\/stoerungsmelder\/2018\/07\/02\/im-erzgebirge-traeumen-neonazis-vom-eigenen-staat_26728\" \/>\n<meta property=\"og:site_name\" content=\"St\u00f6rungsmelder\" \/>\n<meta property=\"article:published_time\" content=\"2018-07-02T06:15:35+00:00\" \/>\n<meta property=\"article:modified_time\" content=\"2018-07-06T12:26:29+00:00\" \/>\n<meta property=\"og:image\" content=\"https:\/\/blog.zeit.de\/stoerungsmelder\/files\/2018\/07\/IMG_1174.jpg\" \/>\n\t<meta property=\"og:image:width\" content=\"1619\" \/>\n\t<meta property=\"og:image:height\" content=\"1080\" \/>\n\t<meta property=\"og:image:type\" content=\"image\/jpeg\" \/>\n<meta name=\"author\" content=\"Henrik Merker\" \/>\n<meta name=\"twitter:card\" content=\"summary_large_image\" \/>\n<meta name=\"twitter:creator\" content=\"@HRMRKR\" \/>\n<meta name=\"twitter:label1\" content=\"Geschrieben von\" \/>\n\t<meta name=\"twitter:data1\" content=\"Henrik Merker\" \/>\n\t<meta name=\"twitter:label2\" content=\"Gesch\u00e4tzte Lesezeit\" \/>\n\t<meta name=\"twitter:data2\" content=\"5\u00a0Minuten\" \/>\n<script type=\"application\/ld+json\" class=\"yoast-schema-graph\">{\"@context\":\"https:\/\/schema.org\",\"@graph\":[{\"@type\":\"WebPage\",\"@id\":\"https:\/\/blog.zeit.de\/stoerungsmelder\/2018\/07\/02\/im-erzgebirge-traeumen-neonazis-vom-eigenen-staat_26728\",\"url\":\"https:\/\/blog.zeit.de\/stoerungsmelder\/2018\/07\/02\/im-erzgebirge-traeumen-neonazis-vom-eigenen-staat_26728\",\"name\":\"NPD im Erzgebirge: Neonazis tr\u00e4umen vom eigenen Staat\",\"isPartOf\":{\"@id\":\"https:\/\/blog.zeit.de\/stoerungsmelder\/#website\"},\"datePublished\":\"2018-07-02T06:15:35+00:00\",\"dateModified\":\"2018-07-06T12:26:29+00:00\",\"author\":{\"@id\":\"https:\/\/blog.zeit.de\/stoerungsmelder\/#\/schema\/person\/75338b13df89ce2bcc9b98a76590fcbf\"},\"description\":\"Mit Unterst\u00fctzung von AfD-Personal fantasiert die NPD im Erzgebirge \u00fcber eine Abspaltung von Deutschland. F\u00fcr Demokraten ist die Region gef\u00e4hrlich geworden.\",\"breadcrumb\":{\"@id\":\"https:\/\/blog.zeit.de\/stoerungsmelder\/2018\/07\/02\/im-erzgebirge-traeumen-neonazis-vom-eigenen-staat_26728#breadcrumb\"},\"inLanguage\":\"de\",\"potentialAction\":[{\"@type\":\"ReadAction\",\"target\":[\"https:\/\/blog.zeit.de\/stoerungsmelder\/2018\/07\/02\/im-erzgebirge-traeumen-neonazis-vom-eigenen-staat_26728\"]}]},{\"@type\":\"BreadcrumbList\",\"@id\":\"https:\/\/blog.zeit.de\/stoerungsmelder\/2018\/07\/02\/im-erzgebirge-traeumen-neonazis-vom-eigenen-staat_26728#breadcrumb\",\"itemListElement\":[{\"@type\":\"ListItem\",\"position\":1,\"name\":\"Startseite\",\"item\":\"https:\/\/blog.zeit.de\/stoerungsmelder\"},{\"@type\":\"ListItem\",\"position\":2,\"name\":\"Im Erzgebirge tr\u00e4umen Neonazis vom eigenen Staat\"}]},{\"@type\":\"WebSite\",\"@id\":\"https:\/\/blog.zeit.de\/stoerungsmelder\/#website\",\"url\":\"https:\/\/blog.zeit.de\/stoerungsmelder\/\",\"name\":\"St\u00f6rungsmelder\",\"description\":\"Recherchen und Analysen \u00fcber die extreme Rechte\",\"potentialAction\":[{\"@type\":\"SearchAction\",\"target\":{\"@type\":\"EntryPoint\",\"urlTemplate\":\"https:\/\/blog.zeit.de\/stoerungsmelder\/?s={search_term_string}\"},\"query-input\":\"required name=search_term_string\"}],\"inLanguage\":\"de\"},{\"@type\":\"Person\",\"@id\":\"https:\/\/blog.zeit.de\/stoerungsmelder\/#\/schema\/person\/75338b13df89ce2bcc9b98a76590fcbf\",\"name\":\"Henrik Merker\",\"image\":{\"@type\":\"ImageObject\",\"inLanguage\":\"de\",\"@id\":\"https:\/\/blog.zeit.de\/stoerungsmelder\/#\/schema\/person\/image\/\",\"url\":\"https:\/\/secure.gravatar.com\/avatar\/a881955e7dc03f4202c4c8e4fd5c4005ec3715376bd9a9ec246141f698e7e4ba?s=96&d=mm&r=pg\",\"contentUrl\":\"https:\/\/secure.gravatar.com\/avatar\/a881955e7dc03f4202c4c8e4fd5c4005ec3715376bd9a9ec246141f698e7e4ba?s=96&d=mm&r=pg\",\"caption\":\"Henrik Merker\"},\"sameAs\":[\"https:\/\/twitter.com\/HRMRKR\"],\"url\":\"https:\/\/blog.zeit.de\/stoerungsmelder\/author\/thomasschade\"}]}<\/script>\n<!-- \/ Yoast SEO plugin. -->","yoast_head_json":{"title":"NPD im Erzgebirge: Neonazis tr\u00e4umen vom eigenen Staat","description":"Mit Unterst\u00fctzung von AfD-Personal fantasiert die NPD im Erzgebirge \u00fcber eine Abspaltung von Deutschland. F\u00fcr Demokraten ist die Region gef\u00e4hrlich geworden.","robots":{"index":"index","follow":"follow","max-snippet":"max-snippet:-1","max-image-preview":"max-image-preview:large","max-video-preview":"max-video-preview:-1"},"canonical":"https:\/\/blog.zeit.de\/stoerungsmelder\/2018\/07\/02\/im-erzgebirge-traeumen-neonazis-vom-eigenen-staat_26728","og_locale":"de_DE","og_type":"article","og_title":"NPD im Erzgebirge: Neonazis tr\u00e4umen vom eigenen Staat","og_description":"Mit Unterst\u00fctzung von AfD-Personal fantasiert die NPD im Erzgebirge \u00fcber eine Abspaltung von Deutschland. F\u00fcr Demokraten ist die Region gef\u00e4hrlich geworden.","og_url":"https:\/\/blog.zeit.de\/stoerungsmelder\/2018\/07\/02\/im-erzgebirge-traeumen-neonazis-vom-eigenen-staat_26728","og_site_name":"St\u00f6rungsmelder","article_published_time":"2018-07-02T06:15:35+00:00","article_modified_time":"2018-07-06T12:26:29+00:00","og_image":[{"width":1619,"height":1080,"url":"https:\/\/blog.zeit.de\/stoerungsmelder\/files\/2018\/07\/IMG_1174.jpg","type":"image\/jpeg"}],"author":"Henrik Merker","twitter_card":"summary_large_image","twitter_creator":"@HRMRKR","twitter_misc":{"Geschrieben von":"Henrik Merker","Gesch\u00e4tzte Lesezeit":"5\u00a0Minuten"},"schema":{"@context":"https:\/\/schema.org","@graph":[{"@type":"WebPage","@id":"https:\/\/blog.zeit.de\/stoerungsmelder\/2018\/07\/02\/im-erzgebirge-traeumen-neonazis-vom-eigenen-staat_26728","url":"https:\/\/blog.zeit.de\/stoerungsmelder\/2018\/07\/02\/im-erzgebirge-traeumen-neonazis-vom-eigenen-staat_26728","name":"NPD im Erzgebirge: Neonazis tr\u00e4umen vom eigenen Staat","isPartOf":{"@id":"https:\/\/blog.zeit.de\/stoerungsmelder\/#website"},"datePublished":"2018-07-02T06:15:35+00:00","dateModified":"2018-07-06T12:26:29+00:00","author":{"@id":"https:\/\/blog.zeit.de\/stoerungsmelder\/#\/schema\/person\/75338b13df89ce2bcc9b98a76590fcbf"},"description":"Mit Unterst\u00fctzung von AfD-Personal fantasiert die NPD im Erzgebirge \u00fcber eine Abspaltung von Deutschland. F\u00fcr Demokraten ist die Region gef\u00e4hrlich geworden.","breadcrumb":{"@id":"https:\/\/blog.zeit.de\/stoerungsmelder\/2018\/07\/02\/im-erzgebirge-traeumen-neonazis-vom-eigenen-staat_26728#breadcrumb"},"inLanguage":"de","potentialAction":[{"@type":"ReadAction","target":["https:\/\/blog.zeit.de\/stoerungsmelder\/2018\/07\/02\/im-erzgebirge-traeumen-neonazis-vom-eigenen-staat_26728"]}]},{"@type":"BreadcrumbList","@id":"https:\/\/blog.zeit.de\/stoerungsmelder\/2018\/07\/02\/im-erzgebirge-traeumen-neonazis-vom-eigenen-staat_26728#breadcrumb","itemListElement":[{"@type":"ListItem","position":1,"name":"Startseite","item":"https:\/\/blog.zeit.de\/stoerungsmelder"},{"@type":"ListItem","position":2,"name":"Im Erzgebirge tr\u00e4umen Neonazis vom eigenen Staat"}]},{"@type":"WebSite","@id":"https:\/\/blog.zeit.de\/stoerungsmelder\/#website","url":"https:\/\/blog.zeit.de\/stoerungsmelder\/","name":"St\u00f6rungsmelder","description":"Recherchen und Analysen \u00fcber die extreme Rechte","potentialAction":[{"@type":"SearchAction","target":{"@type":"EntryPoint","urlTemplate":"https:\/\/blog.zeit.de\/stoerungsmelder\/?s={search_term_string}"},"query-input":"required name=search_term_string"}],"inLanguage":"de"},{"@type":"Person","@id":"https:\/\/blog.zeit.de\/stoerungsmelder\/#\/schema\/person\/75338b13df89ce2bcc9b98a76590fcbf","name":"Henrik Merker","image":{"@type":"ImageObject","inLanguage":"de","@id":"https:\/\/blog.zeit.de\/stoerungsmelder\/#\/schema\/person\/image\/","url":"https:\/\/secure.gravatar.com\/avatar\/a881955e7dc03f4202c4c8e4fd5c4005ec3715376bd9a9ec246141f698e7e4ba?s=96&d=mm&r=pg","contentUrl":"https:\/\/secure.gravatar.com\/avatar\/a881955e7dc03f4202c4c8e4fd5c4005ec3715376bd9a9ec246141f698e7e4ba?s=96&d=mm&r=pg","caption":"Henrik Merker"},"sameAs":["https:\/\/twitter.com\/HRMRKR"],"url":"https:\/\/blog.zeit.de\/stoerungsmelder\/author\/thomasschade"}]}},"jetpack_featured_media_url":"https:\/\/blog.zeit.de\/stoerungsmelder\/files\/2018\/07\/IMG_1174.jpg","jetpack_sharing_enabled":true,"_links":{"self":[{"href":"https:\/\/blog.zeit.de\/stoerungsmelder\/wp-json\/wp\/v2\/posts\/26728","targetHints":{"allow":["GET"]}}],"collection":[{"href":"https:\/\/blog.zeit.de\/stoerungsmelder\/wp-json\/wp\/v2\/posts"}],"about":[{"href":"https:\/\/blog.zeit.de\/stoerungsmelder\/wp-json\/wp\/v2\/types\/post"}],"author":[{"embeddable":true,"href":"https:\/\/blog.zeit.de\/stoerungsmelder\/wp-json\/wp\/v2\/users\/703"}],"replies":[{"embeddable":true,"href":"https:\/\/blog.zeit.de\/stoerungsmelder\/wp-json\/wp\/v2\/comments?post=26728"}],"version-history":[{"count":7,"href":"https:\/\/blog.zeit.de\/stoerungsmelder\/wp-json\/wp\/v2\/posts\/26728\/revisions"}],"predecessor-version":[{"id":26800,"href":"https:\/\/blog.zeit.de\/stoerungsmelder\/wp-json\/wp\/v2\/posts\/26728\/revisions\/26800"}],"wp:featuredmedia":[{"embeddable":true,"href":"https:\/\/blog.zeit.de\/stoerungsmelder\/wp-json\/wp\/v2\/media\/26758"}],"wp:attachment":[{"href":"https:\/\/blog.zeit.de\/stoerungsmelder\/wp-json\/wp\/v2\/media?parent=26728"}],"wp:term":[{"taxonomy":"category","embeddable":true,"href":"https:\/\/blog.zeit.de\/stoerungsmelder\/wp-json\/wp\/v2\/categories?post=26728"},{"taxonomy":"post_tag","embeddable":true,"href":"https:\/\/blog.zeit.de\/stoerungsmelder\/wp-json\/wp\/v2\/tags?post=26728"}],"curies":[{"name":"wp","href":"https:\/\/api.w.org\/{rel}","templated":true}]}}