{"id":2677,"date":"2010-02-14T18:07:15","date_gmt":"2010-02-14T16:07:15","guid":{"rendered":"http:\/\/blog.zeit.de\/stoerungsmelder\/?p=2677"},"modified":"2017-07-08T16:45:59","modified_gmt":"2017-07-08T14:45:59","slug":"blockadebundnis-bricht-den-nazi-mythos-dresden","status":"publish","type":"post","link":"https:\/\/blog.zeit.de\/stoerungsmelder\/2010\/02\/14\/blockadebundnis-bricht-den-nazi-mythos-dresden_2677","title":{"rendered":"Blockadeb\u00fcndnis bricht den Nazi-Mythos Dresden"},"content":{"rendered":"<p><figure id=\"attachment_2678\" aria-describedby=\"caption-attachment-2678\" style=\"width: 410px\" class=\"wp-caption alignnone\"><a href=\"https:\/\/blog.zeit.de\/stoerungsmelder\/files\/2010\/02\/blockade.jpg\"><img loading=\"lazy\" decoding=\"async\" class=\"size-full wp-image-2678\" src=\"https:\/\/blog.zeit.de\/stoerungsmelder\/files\/2010\/02\/blockade.jpg\" alt=\"Stundenlang wurden die Stra\u00dfen blockiert - die Polizei schaffte es nicht zu r\u00e4umen   Foto: dpa\" width=\"410\" height=\"230\" srcset=\"https:\/\/blog.zeit.de\/stoerungsmelder\/files\/2010\/02\/blockade.jpg 540w, https:\/\/blog.zeit.de\/stoerungsmelder\/files\/2010\/02\/blockade-300x168.jpg 300w\" sizes=\"auto, (max-width: 410px) 100vw, 410px\" \/><\/a><figcaption id=\"caption-attachment-2678\" class=\"wp-caption-text\">Stundenlang wurden die Stra\u00dfen blockiert - die Polizei schaffte es nicht zu r\u00e4umen      Foto: dpa<\/figcaption><\/figure><\/p>\n<p>Ein Jahr gezielte Vorbereitung und stundenlanges Sitzen bei Minusgeraden auf der Stra\u00dfe \u2013 das B\u00fcndnis \u201eDresden Nazifrei\u201c hat das geschafft, was bislang kaum jemand f\u00fcr m\u00f6glich gehalten hat: Der allj\u00e4hrlich gr\u00f6\u00dfte Naziaufmarsch in Europa am Jahrestag der Bombardierung Dresdens wurde erstmals erfolgreiche blockiert. Das schreckliche Ritual der Rechtsextremisten, diesen Gedenktag mit ihren braunen Parolen zu missbrauchen, wurde durchbrochen. Vielleicht auf Dauer.<!--more--><\/p>\n<p>Kaum sind die T\u00fcren der 32 Busse aufgegangen, eilen die rund 1500 Berliner Nazigegner am Samstagmorgen auf die Stra\u00dfe. Viele k\u00f6nnen es gar nicht glauben, dass der riesige Konvoi ohne Kontrollen bis in die Dresdner Neustadt, dem angek\u00fcndigten Aufmarschgebiet der Nazis, fahren konnte. \u201eWir hatten eigentlich bef\u00fcrchtet, dass wir auf der Autobahn f\u00fcr Stunden festgesetzt werden\u201c, sagt ein junger Mann mit einer Ver.di-Fahne. Jetzt muss alles ganz schnell gehen. So wurde es auf der Fahrt erkl\u00e4rt: Z\u00fcgig und vor allem friedlich zum Blockadepunkt laufen. Der ist rund 1,5 Kilometer entfernt.\u2028\u2028Blitzschnell teilen sich die 1500 Menschen in zwei Gruppen auf. Die einen laufen schnellen Schrittes geradeaus, die anderen biegen in eine Seitenstra\u00dfe ab. Die Polizei ist v\u00f6llig \u00fcberfordert. Beamte in Kampfmontur bilden eilig eine Kette, versuchen, die Nazigegner mit Schlagst\u00f6cken aufzuhalten. Doch immer mehr Menschen gelingt es, durch die L\u00fccken zu rennen. Nach zehn Minuten gibt die Polizei auf und l\u00e4sst alle \u00dcbrigen ebenfalls durch.<\/p>\n<p>Es ist kurz vor 10 Uhr. Die erste der insgesamt f\u00fcnf Blockaden um den Neust\u00e4dter Bahnhof steht. Sieben Stunden lang werden die Menschen hier auf der Stra\u00dfe sitzen, bis der geplante Marsch der Neonazis endg\u00fcltig verhindert ist, ohne dass dies sich auch nur einen Meter in Bewegung setzen konnten. Als am sp\u00e4ten Nachmittag die Nachricht \u00fcber den Lautsprecher durchgesagt wird, dass die Polizei die Nazis nach Hause schickt, bricht Jubel aus. Hunderte tanzen und singen. \u201eIch bin unglaublich m\u00fcde, kaputt und durchgefroren\u201c, sagt eine Frau, die auf einer Isomatte im Schnee sitzt. \u201eAber daf\u00fcr, dass die Rassisten nicht laufen konnten, hat es sich gelohnt.\u201c<\/p>\n<p>\u201eEs ist ein gro\u00dfer Erfolg f\u00fcr alle, die sich aktiv den Neonazis in den Weg gestellt haben\u201c, sagt Lena Roth, Sprecherin des B\u00fcndnisses \u201eDresden-Nazifrei\u201c. Ein Jahr haben hunderte Initiativen gegen Rechts, Antifagruppen und Einzelpersonen das ausgekl\u00fcgelte Blockadekonzept organisiert. Unterst\u00fctzt wurde das B\u00fcndnis auch von Politikern von SPD ,Gr\u00fcnen und Linke und K\u00fcnstlern wie Konstantin Wecker und den Toten Hosen. Rund 15.000 Menschen folgten dem Aufruf und beteiligen sich an den Sitzblockaden. Mit mehr als 120 Bussen aus ganz Deutschland waren die Aktivisten angereist.<\/p>\n<p>Erfolgreich war das B\u00fcndnis nicht nur, weil der Aufmarsch tats\u00e4chlich zum ersten Mal gestoppt wurde, sondern auch weil die verabredete Gewaltfreiheit bei allen Blockadepunkten eingehalten wurde. Au\u00dfer einigen Schneeb\u00e4lle, die in Richtung Polizei flogen, blieb es den ganzen Tag weitgehend friedlich. Diejenigen Linkradikalen, die brennende Barrikaden bauten und Autos von Neonazis umkippten, konnten dies nur weit ab von den friedlichen Protesten tun. Dabei wurden nach Angaben der Polizei 27 Menschen verletzt, darunter 15 Beamte. 29 Demonstranten kamen vor\u00fcbergehend in Gewahrsam. Acht Personen wurden wegen Sachbesch\u00e4digung festgenommen.<\/p>\n<p>Dass B\u00fcrgermeisterin Helma Orosz und Ministerpr\u00e4sident Stanislav Tillich (beide CDU) die Niederlage der aus halb Europa angereisten Rechtsextremisten als Erfolg der von der Stadt organisierten Menschenkette mit 10.000 Teilnehmern in der Altstadt zuschrieben, \u00e4rgert an diesem Tag viele der linken Demonstranten. \u201eEs ist doch absurd: die Menschenkette war auf der anderen Seite der Elbe. Die haben nicht einen einzigen Nazis zu Gesicht bekommen\u201c, sagt ein Blockierer. \u201eH\u00e4tten wir hier nicht stundenlang in der K\u00e4lte gesessen, w\u00e4ren die Nazis ganz normal losgelaufen\u201c, f\u00fcgt ein \u00e4lterer Mann aus Potsdam hinzu.<\/p>\n<p>Gegen Abend ziehen dann rund 10.000 Menschen auf die andere Seite der Elbe, um mit ihren Reisebussen nach Hause zu fahren. Weil im Dunkeln \u00dcbergriffe w\u00fctender Neonazis bef\u00fcrchtet werden, hat man allen eingesch\u00e4rft nur in gro\u00dfen Gruppen durch die Stadt zu gehen. Auf der Kundgebung der Rechtsextremisten hatte Thomas Wulff, einer ihrer Anf\u00fchrer, zuvor gedroht: \u201eUm 18 Uhr fahren unsere Busse ab. Wenn man uns nicht zu ihnen durchl\u00e4sst, werden unsere Kameraden ausschw\u00e4rmen und daf\u00fcr sorgen, dass die Polizei hier in Dresden heute Nacht keine Ruhe hat.\u201c<\/p>\n<p>Auf der Heimreise sorgen Neonazis dann andernorts f\u00fcr Krawalle. In Gera unterband die Polizei einen spontanen Aufmarsch von Rechtsextremen. Dabei \u00fcberrannten die Polizeibeamte, zerbeulten Polizeifahrzeuge und besch\u00e4digten eine Skulptur vor dem Stadtmuseum. 183 Randalierer wurden wegen Landfriedensbruchs vorl\u00e4ufig festgenommen. Im s\u00e4chsischen Pirna versammelten sich etwa 400 Rechtsextreme. Dabei sei es ebenfalls zu Sachbesch\u00e4digungen gekommen, teilte die Polizei am Sonntag mit. Bereits im Vorjahr hatten Neonazis auf der R\u00fcckfahrt einen Bus mit Gegendemonstranten \u00fcberfallen und f\u00fcnf Insassen verletzt.<\/p>\n<p>&#8222;Wir kommen wieder&#8220;, skandiderten die Gegendemonstranten, bevor sie nach Hause fuhren. Einige Anwohner stehen an den Fenstern und winken. Sie wissen, dass die Nazis auch im n\u00e4chsten Jahr wieder versuchen werden, ihren Aufmarsch durchzuf\u00fchren. Aber ob es wieder so viele werden und vor allem, ob die Stadt nach den Gewaltausbr\u00fcchen aus dem Zug der Nazis heraus die Veranstaltung \u00fcberhaupt erlauben wird, ist jetzt fraglich.<\/p>\n","protected":false},"excerpt":{"rendered":"<p>Ein Jahr gezielte Vorbereitung und stundenlanges Sitzen bei Minusgeraden auf der Stra\u00dfe \u2013 das B\u00fcndnis \u201eDresden Nazifrei\u201c hat das geschafft, was bislang kaum jemand f\u00fcr m\u00f6glich gehalten hat: Der allj\u00e4hrlich gr\u00f6\u00dfte Naziaufmarsch in Europa am Jahrestag der Bombardierung Dresdens wurde erstmals erfolgreiche blockiert. Das schreckliche Ritual der Rechtsextremisten, diesen Gedenktag mit ihren braunen Parolen zu [&hellip;]<\/p>\n","protected":false},"author":229,"featured_media":0,"comment_status":"open","ping_status":"open","sticky":false,"template":"","format":"standard","meta":{"_jetpack_memberships_contains_paid_content":false,"footnotes":""},"categories":[1456],"tags":[1795,1817,1825,1858],"class_list":["post-2677","post","type-post","status-publish","format-standard","hentry","category-sachsen","tag-sitzblockade","tag-thomas-wulff","tag-toten-hosen","tag-zivilcourage"],"yoast_head":"<!-- This site is optimized with the Yoast SEO plugin v21.0 - https:\/\/yoast.com\/wordpress\/plugins\/seo\/ -->\n<title>Blockadeb\u00fcndnis bricht den Nazi-Mythos Dresden - St\u00f6rungsmelder<\/title>\n<meta name=\"robots\" content=\"index, follow, max-snippet:-1, max-image-preview:large, max-video-preview:-1\" \/>\n<link rel=\"canonical\" href=\"https:\/\/blog.zeit.de\/stoerungsmelder\/2010\/02\/14\/blockadebundnis-bricht-den-nazi-mythos-dresden_2677\" \/>\n<meta property=\"og:locale\" content=\"de_DE\" \/>\n<meta property=\"og:type\" content=\"article\" \/>\n<meta property=\"og:title\" content=\"Blockadeb\u00fcndnis bricht den Nazi-Mythos Dresden - St\u00f6rungsmelder\" \/>\n<meta property=\"og:description\" content=\"Ein Jahr gezielte Vorbereitung und stundenlanges Sitzen bei Minusgeraden auf der Stra\u00dfe \u2013 das B\u00fcndnis \u201eDresden Nazifrei\u201c hat das geschafft, was bislang kaum jemand f\u00fcr m\u00f6glich gehalten hat: Der allj\u00e4hrlich gr\u00f6\u00dfte Naziaufmarsch in Europa am Jahrestag der Bombardierung Dresdens wurde erstmals erfolgreiche blockiert. Das schreckliche Ritual der Rechtsextremisten, diesen Gedenktag mit ihren braunen Parolen zu [&hellip;]\" \/>\n<meta property=\"og:url\" content=\"https:\/\/blog.zeit.de\/stoerungsmelder\/2010\/02\/14\/blockadebundnis-bricht-den-nazi-mythos-dresden_2677\" \/>\n<meta property=\"og:site_name\" content=\"St\u00f6rungsmelder\" \/>\n<meta property=\"article:published_time\" content=\"2010-02-14T16:07:15+00:00\" \/>\n<meta property=\"article:modified_time\" content=\"2017-07-08T14:45:59+00:00\" \/>\n<meta property=\"og:image\" content=\"https:\/\/blog.zeit.de\/stoerungsmelder\/files\/2010\/02\/blockade.jpg\" \/>\n<meta name=\"author\" content=\"St\u00f6rungsmelder\" \/>\n<meta name=\"twitter:card\" content=\"summary_large_image\" \/>\n<meta name=\"twitter:label1\" content=\"Geschrieben von\" \/>\n\t<meta name=\"twitter:data1\" content=\"St\u00f6rungsmelder\" \/>\n\t<meta name=\"twitter:label2\" content=\"Gesch\u00e4tzte Lesezeit\" \/>\n\t<meta name=\"twitter:data2\" content=\"4\u00a0Minuten\" \/>\n<script type=\"application\/ld+json\" class=\"yoast-schema-graph\">{\"@context\":\"https:\/\/schema.org\",\"@graph\":[{\"@type\":\"WebPage\",\"@id\":\"https:\/\/blog.zeit.de\/stoerungsmelder\/2010\/02\/14\/blockadebundnis-bricht-den-nazi-mythos-dresden_2677\",\"url\":\"https:\/\/blog.zeit.de\/stoerungsmelder\/2010\/02\/14\/blockadebundnis-bricht-den-nazi-mythos-dresden_2677\",\"name\":\"Blockadeb\u00fcndnis bricht den Nazi-Mythos Dresden - St\u00f6rungsmelder\",\"isPartOf\":{\"@id\":\"https:\/\/blog.zeit.de\/stoerungsmelder\/#website\"},\"datePublished\":\"2010-02-14T16:07:15+00:00\",\"dateModified\":\"2017-07-08T14:45:59+00:00\",\"author\":{\"@id\":\"https:\/\/blog.zeit.de\/stoerungsmelder\/#\/schema\/person\/fdd0b9818f65738672810b6d6f037f71\"},\"breadcrumb\":{\"@id\":\"https:\/\/blog.zeit.de\/stoerungsmelder\/2010\/02\/14\/blockadebundnis-bricht-den-nazi-mythos-dresden_2677#breadcrumb\"},\"inLanguage\":\"de\",\"potentialAction\":[{\"@type\":\"ReadAction\",\"target\":[\"https:\/\/blog.zeit.de\/stoerungsmelder\/2010\/02\/14\/blockadebundnis-bricht-den-nazi-mythos-dresden_2677\"]}]},{\"@type\":\"BreadcrumbList\",\"@id\":\"https:\/\/blog.zeit.de\/stoerungsmelder\/2010\/02\/14\/blockadebundnis-bricht-den-nazi-mythos-dresden_2677#breadcrumb\",\"itemListElement\":[{\"@type\":\"ListItem\",\"position\":1,\"name\":\"Startseite\",\"item\":\"https:\/\/blog.zeit.de\/stoerungsmelder\"},{\"@type\":\"ListItem\",\"position\":2,\"name\":\"Blockadeb\u00fcndnis bricht den Nazi-Mythos Dresden\"}]},{\"@type\":\"WebSite\",\"@id\":\"https:\/\/blog.zeit.de\/stoerungsmelder\/#website\",\"url\":\"https:\/\/blog.zeit.de\/stoerungsmelder\/\",\"name\":\"St\u00f6rungsmelder\",\"description\":\"Recherchen und Analysen \u00fcber die extreme Rechte\",\"potentialAction\":[{\"@type\":\"SearchAction\",\"target\":{\"@type\":\"EntryPoint\",\"urlTemplate\":\"https:\/\/blog.zeit.de\/stoerungsmelder\/?s={search_term_string}\"},\"query-input\":\"required name=search_term_string\"}],\"inLanguage\":\"de\"},{\"@type\":\"Person\",\"@id\":\"https:\/\/blog.zeit.de\/stoerungsmelder\/#\/schema\/person\/fdd0b9818f65738672810b6d6f037f71\",\"name\":\"St\u00f6rungsmelder\",\"image\":{\"@type\":\"ImageObject\",\"inLanguage\":\"de\",\"@id\":\"https:\/\/blog.zeit.de\/stoerungsmelder\/#\/schema\/person\/image\/\",\"url\":\"https:\/\/secure.gravatar.com\/avatar\/dfa4be514c3e82a71e4f9a0020035d38192d080ccaa5e4e6d7a1472c763535c5?s=96&d=mm&r=pg\",\"contentUrl\":\"https:\/\/secure.gravatar.com\/avatar\/dfa4be514c3e82a71e4f9a0020035d38192d080ccaa5e4e6d7a1472c763535c5?s=96&d=mm&r=pg\",\"caption\":\"St\u00f6rungsmelder\"},\"url\":\"https:\/\/blog.zeit.de\/stoerungsmelder\/author\/stoerungsmelder\"}]}<\/script>\n<!-- \/ Yoast SEO plugin. -->","yoast_head_json":{"title":"Blockadeb\u00fcndnis bricht den Nazi-Mythos Dresden - St\u00f6rungsmelder","robots":{"index":"index","follow":"follow","max-snippet":"max-snippet:-1","max-image-preview":"max-image-preview:large","max-video-preview":"max-video-preview:-1"},"canonical":"https:\/\/blog.zeit.de\/stoerungsmelder\/2010\/02\/14\/blockadebundnis-bricht-den-nazi-mythos-dresden_2677","og_locale":"de_DE","og_type":"article","og_title":"Blockadeb\u00fcndnis bricht den Nazi-Mythos Dresden - St\u00f6rungsmelder","og_description":"Ein Jahr gezielte Vorbereitung und stundenlanges Sitzen bei Minusgeraden auf der Stra\u00dfe \u2013 das B\u00fcndnis \u201eDresden Nazifrei\u201c hat das geschafft, was bislang kaum jemand f\u00fcr m\u00f6glich gehalten hat: Der allj\u00e4hrlich gr\u00f6\u00dfte Naziaufmarsch in Europa am Jahrestag der Bombardierung Dresdens wurde erstmals erfolgreiche blockiert. Das schreckliche Ritual der Rechtsextremisten, diesen Gedenktag mit ihren braunen Parolen zu [&hellip;]","og_url":"https:\/\/blog.zeit.de\/stoerungsmelder\/2010\/02\/14\/blockadebundnis-bricht-den-nazi-mythos-dresden_2677","og_site_name":"St\u00f6rungsmelder","article_published_time":"2010-02-14T16:07:15+00:00","article_modified_time":"2017-07-08T14:45:59+00:00","og_image":[{"url":"https:\/\/blog.zeit.de\/stoerungsmelder\/files\/2010\/02\/blockade.jpg"}],"author":"St\u00f6rungsmelder","twitter_card":"summary_large_image","twitter_misc":{"Geschrieben von":"St\u00f6rungsmelder","Gesch\u00e4tzte Lesezeit":"4\u00a0Minuten"},"schema":{"@context":"https:\/\/schema.org","@graph":[{"@type":"WebPage","@id":"https:\/\/blog.zeit.de\/stoerungsmelder\/2010\/02\/14\/blockadebundnis-bricht-den-nazi-mythos-dresden_2677","url":"https:\/\/blog.zeit.de\/stoerungsmelder\/2010\/02\/14\/blockadebundnis-bricht-den-nazi-mythos-dresden_2677","name":"Blockadeb\u00fcndnis bricht den Nazi-Mythos Dresden - St\u00f6rungsmelder","isPartOf":{"@id":"https:\/\/blog.zeit.de\/stoerungsmelder\/#website"},"datePublished":"2010-02-14T16:07:15+00:00","dateModified":"2017-07-08T14:45:59+00:00","author":{"@id":"https:\/\/blog.zeit.de\/stoerungsmelder\/#\/schema\/person\/fdd0b9818f65738672810b6d6f037f71"},"breadcrumb":{"@id":"https:\/\/blog.zeit.de\/stoerungsmelder\/2010\/02\/14\/blockadebundnis-bricht-den-nazi-mythos-dresden_2677#breadcrumb"},"inLanguage":"de","potentialAction":[{"@type":"ReadAction","target":["https:\/\/blog.zeit.de\/stoerungsmelder\/2010\/02\/14\/blockadebundnis-bricht-den-nazi-mythos-dresden_2677"]}]},{"@type":"BreadcrumbList","@id":"https:\/\/blog.zeit.de\/stoerungsmelder\/2010\/02\/14\/blockadebundnis-bricht-den-nazi-mythos-dresden_2677#breadcrumb","itemListElement":[{"@type":"ListItem","position":1,"name":"Startseite","item":"https:\/\/blog.zeit.de\/stoerungsmelder"},{"@type":"ListItem","position":2,"name":"Blockadeb\u00fcndnis bricht den Nazi-Mythos Dresden"}]},{"@type":"WebSite","@id":"https:\/\/blog.zeit.de\/stoerungsmelder\/#website","url":"https:\/\/blog.zeit.de\/stoerungsmelder\/","name":"St\u00f6rungsmelder","description":"Recherchen und Analysen \u00fcber die extreme Rechte","potentialAction":[{"@type":"SearchAction","target":{"@type":"EntryPoint","urlTemplate":"https:\/\/blog.zeit.de\/stoerungsmelder\/?s={search_term_string}"},"query-input":"required name=search_term_string"}],"inLanguage":"de"},{"@type":"Person","@id":"https:\/\/blog.zeit.de\/stoerungsmelder\/#\/schema\/person\/fdd0b9818f65738672810b6d6f037f71","name":"St\u00f6rungsmelder","image":{"@type":"ImageObject","inLanguage":"de","@id":"https:\/\/blog.zeit.de\/stoerungsmelder\/#\/schema\/person\/image\/","url":"https:\/\/secure.gravatar.com\/avatar\/dfa4be514c3e82a71e4f9a0020035d38192d080ccaa5e4e6d7a1472c763535c5?s=96&d=mm&r=pg","contentUrl":"https:\/\/secure.gravatar.com\/avatar\/dfa4be514c3e82a71e4f9a0020035d38192d080ccaa5e4e6d7a1472c763535c5?s=96&d=mm&r=pg","caption":"St\u00f6rungsmelder"},"url":"https:\/\/blog.zeit.de\/stoerungsmelder\/author\/stoerungsmelder"}]}},"jetpack_featured_media_url":"","jetpack_sharing_enabled":true,"_links":{"self":[{"href":"https:\/\/blog.zeit.de\/stoerungsmelder\/wp-json\/wp\/v2\/posts\/2677","targetHints":{"allow":["GET"]}}],"collection":[{"href":"https:\/\/blog.zeit.de\/stoerungsmelder\/wp-json\/wp\/v2\/posts"}],"about":[{"href":"https:\/\/blog.zeit.de\/stoerungsmelder\/wp-json\/wp\/v2\/types\/post"}],"author":[{"embeddable":true,"href":"https:\/\/blog.zeit.de\/stoerungsmelder\/wp-json\/wp\/v2\/users\/229"}],"replies":[{"embeddable":true,"href":"https:\/\/blog.zeit.de\/stoerungsmelder\/wp-json\/wp\/v2\/comments?post=2677"}],"version-history":[{"count":1,"href":"https:\/\/blog.zeit.de\/stoerungsmelder\/wp-json\/wp\/v2\/posts\/2677\/revisions"}],"predecessor-version":[{"id":24234,"href":"https:\/\/blog.zeit.de\/stoerungsmelder\/wp-json\/wp\/v2\/posts\/2677\/revisions\/24234"}],"wp:attachment":[{"href":"https:\/\/blog.zeit.de\/stoerungsmelder\/wp-json\/wp\/v2\/media?parent=2677"}],"wp:term":[{"taxonomy":"category","embeddable":true,"href":"https:\/\/blog.zeit.de\/stoerungsmelder\/wp-json\/wp\/v2\/categories?post=2677"},{"taxonomy":"post_tag","embeddable":true,"href":"https:\/\/blog.zeit.de\/stoerungsmelder\/wp-json\/wp\/v2\/tags?post=2677"}],"curies":[{"name":"wp","href":"https:\/\/api.w.org\/{rel}","templated":true}]}}