{"id":26975,"date":"2018-08-18T22:42:11","date_gmt":"2018-08-18T20:42:11","guid":{"rendered":"https:\/\/blog.zeit.de\/stoerungsmelder\/?p=26975"},"modified":"2019-07-08T12:39:07","modified_gmt":"2019-07-08T10:39:07","slug":"polizei-eskorte-fuer-neonazi","status":"publish","type":"post","link":"https:\/\/blog.zeit.de\/stoerungsmelder\/2018\/08\/18\/polizei-eskorte-fuer-neonazi_26975","title":{"rendered":"Polizeieskorte f\u00fcr Neonazi?"},"content":{"rendered":"<p><strong>Rund 500 Neonazis haben in Berlin des Kriegsverbrechers Rudolf He\u00df gedacht. Auf der Demonstration kam es zu Gewalt. F\u00fcr Irritationen sorgte eine Aktion der Polizei.<\/strong><\/p>\n<p><em>Von Henrik Merker<\/em><\/p>\n<p><figure id=\"attachment_26992\" aria-describedby=\"caption-attachment-26992\" style=\"width: 640px\" class=\"wp-caption aligncenter\"><img loading=\"lazy\" decoding=\"async\" class=\"size-large wp-image-26992\" src=\"https:\/\/blog.zeit.de\/stoerungsmelder\/files\/2018\/08\/20180805_b_00001713_hessmarsch_stm-1024x683.jpg\" alt=\"\" width=\"640\" height=\"427\" srcset=\"https:\/\/blog.zeit.de\/stoerungsmelder\/files\/2018\/08\/20180805_b_00001713_hessmarsch_stm-1024x683.jpg 1024w, https:\/\/blog.zeit.de\/stoerungsmelder\/files\/2018\/08\/20180805_b_00001713_hessmarsch_stm-620x413.jpg 620w, https:\/\/blog.zeit.de\/stoerungsmelder\/files\/2018\/08\/20180805_b_00001713_hessmarsch_stm-768x512.jpg 768w, https:\/\/blog.zeit.de\/stoerungsmelder\/files\/2018\/08\/20180805_b_00001713_hessmarsch_stm.jpg 1080w\" sizes=\"auto, (max-width: 640px) 100vw, 640px\" \/><figcaption id=\"caption-attachment-26992\" class=\"wp-caption-text\">Ein Demonstrationsteilnehmer im Hitler-Look \u00a9 Henrik Merker<\/figcaption><\/figure><\/p>\n<p>In brennender Hitze stehen 50 Herren in wei\u00dfen Hemden im Berliner Randbezirk Spandau. Sie sind einer gro\u00df angek\u00fcndigten Demonstration der NPD gefolgt, die seit Monaten f\u00fcr das unter Rechtsextremen historische Gedenken geworben hatte: den Aufmarsch zum Todestag des Hitler-Stellvertreters Rudolf He\u00df. 500 Neonazis sollten anreisen.<\/p>\n<p><!--more--><\/p>\n<p>Im Spandauer Kriegsverbrechergef\u00e4ngnis hatte sich He\u00df 1987 im Alter von 93 Jahren das Leben genommen. Unter Neonazis gilt er als erfolgloser Friedensstifter, Heldenfigur der Geschichtsklitterung. Und nun das: ein Aufmarsch mit gerade einmal 50 Teilnehmern?<\/p>\n<h2>Hakenkreuze an Fl\u00fcchtlingsunterkunft<\/h2>\n<p><figure id=\"attachment_26987\" aria-describedby=\"caption-attachment-26987\" style=\"width: 220px\" class=\"wp-caption alignleft\"><a href=\"https:\/\/blog.zeit.de\/stoerungsmelder\/20180805_b_00001708_hessmarsch_stm\"><img loading=\"lazy\" decoding=\"async\" class=\"size-thumbnail wp-image-26987\" src=\"https:\/\/blog.zeit.de\/stoerungsmelder\/files\/2018\/08\/20180805_b_00001708_hessmarsch_stm-220x220.jpg\" alt=\"\" width=\"220\" height=\"220\" \/><\/a><figcaption id=\"caption-attachment-26987\" class=\"wp-caption-text\">Hakenkreuz an Spandauer Fl\u00fcchtlingsunterkunft \u00a9 Henrik Merker<\/figcaption><\/figure><\/p>\n<p>Das Kriegsverbrechergef\u00e4ngnis wurde nach dem Selbstmord abgerissen, heute steht dort ein Supermarkt. Im vergangenen Jahr legten die Rechten einen Gedenkkranz vor dem Gesch\u00e4ft ab, dieses Jahr d\u00fcrfen sie nicht an dem symboltr\u00e4chtigen Ort vorbeimarschieren \u2013 eine Auflage der Stadt. Auch ihre beliebten Symbole d\u00fcrfen sie nicht zeigen, das Konterfei von He\u00df etwa. Die Ewiggestrigen wissen sich trotzdem bemerkbar zu machen: An die nahe gelegene Fl\u00fcchtlingsunterkunft haben sie zwei Hakenkreuze geschmiert.<\/p>\n<p>Kurz nach Mittag wird klar: Die 50 Demonstranten sind ein T\u00e4uschungsman\u00f6ver. Der Marsch durch Spandau ist l\u00e4ngst abgeblasen, stattdessen hat die NPD schon Tage zuvor eine zweite Route angemeldet. Quer durch den alternativ gepr\u00e4gten Stadtteil Friedrichshain soll die Demo gehen, bis an den \u00f6stlichen Rand von Berlin.<\/p>\n<p><div id='gallery-1' class='gallery galleryid-26975 gallery-columns-3 gallery-size-thumbnail'><figure class='gallery-item'>\n\t\t\t<div class='gallery-icon landscape'>\n\t\t\t\t<a href='https:\/\/blog.zeit.de\/stoerungsmelder\/2018\/08\/18\/polizei-eskorte-fuer-neonazi_26975\/20180805_b_00001719_hessmarsch_stm'><img loading=\"lazy\" decoding=\"async\" width=\"220\" height=\"220\" src=\"https:\/\/blog.zeit.de\/stoerungsmelder\/files\/2018\/08\/20180805_b_00001719_hessmarsch_stm-220x220.jpg\" class=\"attachment-thumbnail size-thumbnail\" alt=\"\" aria-describedby=\"gallery-1-26998\" \/><\/a>\n\t\t\t<\/div>\n\t\t\t\t<figcaption class='wp-caption-text gallery-caption' id='gallery-1-26998'>\n\t\t\t\tFronttransparent der Neonazi-Demo \u00a9 Henrik Merker\n\t\t\t\t<\/figcaption><\/figure><figure class='gallery-item'>\n\t\t\t<div class='gallery-icon landscape'>\n\t\t\t\t<a href='https:\/\/blog.zeit.de\/stoerungsmelder\/20180805_b_00001711_hessmarsch_stm'><img loading=\"lazy\" decoding=\"async\" width=\"220\" height=\"220\" src=\"https:\/\/blog.zeit.de\/stoerungsmelder\/files\/2018\/08\/20180805_b_00001711_hessmarsch_stm-220x220.jpg\" class=\"attachment-thumbnail size-thumbnail\" alt=\"\" aria-describedby=\"gallery-1-26990\" \/><\/a>\n\t\t\t<\/div>\n\t\t\t\t<figcaption class='wp-caption-text gallery-caption' id='gallery-1-26990'>\n\t\t\t\tThorsten Heise (m) \u00a9 Henrik Merker\n\t\t\t\t<\/figcaption><\/figure><figure class='gallery-item'>\n\t\t\t<div class='gallery-icon landscape'>\n\t\t\t\t<a href='https:\/\/blog.zeit.de\/stoerungsmelder\/20180805_b_00001712_hessmarsch_stm'><img loading=\"lazy\" decoding=\"async\" width=\"220\" height=\"220\" src=\"https:\/\/blog.zeit.de\/stoerungsmelder\/files\/2018\/08\/20180805_b_00001712_hessmarsch_stm-220x220.jpg\" class=\"attachment-thumbnail size-thumbnail\" alt=\"\" aria-describedby=\"gallery-1-26985\" \/><\/a>\n\t\t\t<\/div>\n\t\t\t\t<figcaption class='wp-caption-text gallery-caption' id='gallery-1-26985'>\n\t\t\t\tDortmunder Neonazi Siegfried Borchert, mittlerweile am Stock \u00a9 Henrik Merker\n\t\t\t\t<\/figcaption><\/figure><figure class='gallery-item'>\n\t\t\t<div class='gallery-icon landscape'>\n\t\t\t\t<a href='https:\/\/blog.zeit.de\/stoerungsmelder\/20180805_b_00001707_hessmarsch_stm'><img loading=\"lazy\" decoding=\"async\" width=\"220\" height=\"220\" src=\"https:\/\/blog.zeit.de\/stoerungsmelder\/files\/2018\/08\/20180805_b_00001707_hessmarsch_stm-220x220.jpg\" class=\"attachment-thumbnail size-thumbnail\" alt=\"\" aria-describedby=\"gallery-1-26986\" \/><\/a>\n\t\t\t<\/div>\n\t\t\t\t<figcaption class='wp-caption-text gallery-caption' id='gallery-1-26986'>\n\t\t\t\tNPD kommt nicht gut an in Spandau \u00a9 Henrik Merker\n\t\t\t\t<\/figcaption><\/figure><figure class='gallery-item'>\n\t\t\t<div class='gallery-icon landscape'>\n\t\t\t\t<a href='https:\/\/blog.zeit.de\/stoerungsmelder\/20180805_b_00001722_hessmarsch_stm'><img loading=\"lazy\" decoding=\"async\" width=\"220\" height=\"220\" src=\"https:\/\/blog.zeit.de\/stoerungsmelder\/files\/2018\/08\/20180805_b_00001722_hessmarsch_stm-220x220.jpg\" class=\"attachment-thumbnail size-thumbnail\" alt=\"\" aria-describedby=\"gallery-1-27001\" \/><\/a>\n\t\t\t<\/div>\n\t\t\t\t<figcaption class='wp-caption-text gallery-caption' id='gallery-1-27001'>\n\t\t\t\tWei\u00dfe Hemden waren Pflicht, in Anlehnung an die SA \u00a9 Henrik Merker\n\t\t\t\t<\/figcaption><\/figure><figure class='gallery-item'>\n\t\t\t<div class='gallery-icon landscape'>\n\t\t\t\t<a href='https:\/\/blog.zeit.de\/stoerungsmelder\/20180805_b_00001727_hessmarsch_stm'><img loading=\"lazy\" decoding=\"async\" width=\"220\" height=\"220\" src=\"https:\/\/blog.zeit.de\/stoerungsmelder\/files\/2018\/08\/20180805_b_00001727_hessmarsch_stm-220x220.jpg\" class=\"attachment-thumbnail size-thumbnail\" alt=\"\" aria-describedby=\"gallery-1-27006\" \/><\/a>\n\t\t\t<\/div>\n\t\t\t\t<figcaption class='wp-caption-text gallery-caption' id='gallery-1-27006'>\n\t\t\t\tSchwarze-Sonne-Tattoos hatte gef\u00fchlt jeder Zweite \u00a9 Henrik Merker\n\t\t\t\t<\/figcaption><\/figure>\n\t\t<\/div>\n<\/p>\n<p>Und da sind sie: 500 Rechtsextreme haben sich vom Alexanderplatz auf den Weg zur Landsberger Allee gemacht. Mit ihnen die Polizei, die vorbereitet ist und die Route abgesperrt hat. Mehrere Hundertschaften sind im Einsatz.<\/p>\n<h2>Flaschen und Steine fliegen<\/h2>\n<p>Einige Tausend Berliner stellen sich dem rechten Marsch entgegen, auch sie hatten sich zun\u00e4chst auf den Marsch in Spandau eingestellt. Trotz reichlich Polizeischutz kommt es zu Angriffen. Neonazis brechen aus dem Demonstrationszug aus, schlagen auf Protestierende ein. Aus dem Protest fliegen Flaschen und zwei Pflastersteine \u2013 einer trifft das Dach eines Polizeiwagens, der zweite landet auf der Stra\u00dfe. Polizisten schlagen einen Reporter und bringen ihn zu Boden, weil sie vermuten, er habe eine Flasche geworfen. Ein Fehler. Bis zum Ende der Demonstration kommt es immer wieder zu P\u00f6beleien.<\/p>\n<p><figure id=\"attachment_26989\" aria-describedby=\"caption-attachment-26989\" style=\"width: 220px\" class=\"wp-caption alignleft\"><a href=\"https:\/\/blog.zeit.de\/stoerungsmelder\/files\/2018\/08\/20180805_b_00001710_hessmarsch_stm.jpg\"><img loading=\"lazy\" decoding=\"async\" class=\"size-thumbnail wp-image-26989\" src=\"https:\/\/blog.zeit.de\/stoerungsmelder\/files\/2018\/08\/20180805_b_00001710_hessmarsch_stm-220x220.jpg\" alt=\"\" width=\"220\" height=\"220\" \/><\/a><figcaption id=\"caption-attachment-26989\" class=\"wp-caption-text\">Der Holocaustleugner Dennis Ingo Schulz wird zum Sammelpunkt Spandau gefahren \u00a9 Henrik Merker<\/figcaption><\/figure><\/p>\n<p>F\u00fcr Irritationen sorgt, dass der verurteilte Holocaustleugner Dennis Ingo Schulz in einem Polizeifahrzeug zum Aufmarschort in Spandau gefahren wurde. Wieso wird ein einzelner Teilnehmer chauffiert? Die Polizisten vor Ort verweigern die Auskunft. Auf Twitter schreibt die Berliner Polizei, Schulz sei zur Personalienfeststellung mitgenommen worden \u2013 was dem Reichsb\u00fcrger vorgeworfen wird, ist nicht bekannt. Bis zum Ende nimmt er an der Demonstration teil.<\/p>\n<p>Berliner Politiker zeigen sich ersch\u00fcttert. &#8222;Waschechte Nazis werden von Spandau nach Mitte begleitet und dann durch die halbe Stadt eskortiert. Wie soll man das Opfern von Nazi-Gewalt erkl\u00e4ren?&#8220;, fragt der Linke-Politiker Tim Fleischer auf Twitter.<\/p>\n\n<div class=\"embed-wrapper embed-wrapper--blocked js-embed-consent\" data-method=\"embed\">\n<script class=\"raw__source\" type=\"text\/template\"><div class=\"embed-twitter\"><blockquote class=\"twitter-tweet\" data-width=\"550\" data-dnt=\"true\"><p data-replace lang=\"de\" dir=\"ltr\">Ich musste heute weinen und ich muss immer noch mit den Tr\u00e4nen k\u00e4mpfen. Waschechte Nazis werden von Spandau nach Mitte begleitet und dann durch die halbe Stadt eskortiert. Wie soll man das Opfern von Nazi-Gewalt erkl\u00e4ren? Wie...? <a href=\"https:\/\/twitter.com\/hashtag\/b1808?src=hash&amp;ref_src=twsrc%5Etfw\">#b1808<\/a><\/p>&mdash; Tim Fleischer (@Tiffel) <a href=\"https:\/\/twitter.com\/Tiffel\/status\/1030828716635705344?ref_src=twsrc%5Etfw\">August 18, 2018<\/a><\/blockquote><scr+ipt async src=\"https:\/\/platform.twitter.com\/widgets.js\" charset=\"utf-8\"><\/scr+ipt><\/div><\/script>\n<div class=\"embed-wrapper__inner\">\n<div class=\"embed-wrapper__text\">\n<h3>Empfohlener redaktioneller Inhalt<\/h3>\n<p data-replace=\"no\">An dieser Stelle finden Sie externen Inhalt, der den Artikel erg\u00e4nzt. Sie k\u00f6nnen sich externe Inhalte mit einem Klick anzeigen lassen und wieder ausblenden.<noscript>Bitte aktivieren Sie JavaScript damit Sie diesen Inhalt anzeigen k\u00f6nnen.<\/noscript><\/p>\n<\/div>\n<div class=\"embed-consent\">\n<label class=\"embed-consent__toggle\">\n<input class=\"js-embed-consent__toggle\" type=\"checkbox\" autocomplete=\"off\">\n<span><\/span>\nExterner Inhalt\n<\/label>\n<a href=\"https:\/\/www.zeit.de\/hilfe\/datenschutz\" target=\"_blank\" class=\"embed-consent__datalink-when-active\">Datenschutzerkl\u00e4rung<\/a>\n<\/div>\n<div class=\"embed-wrapper__footer\">\n<p data-replace=\"no\">\nIch bin damit einverstanden, dass mir externe Inhalte angezeigt werden. Damit k\u00f6nnen personenbezogene Daten an Drittplattformen \u00fcbermittelt werden. <a href=\"https:\/\/www.zeit.de\/hilfe\/datenschutz\" target=\"_blank\">Mehr dazu in unserer Datenschutzerkl\u00e4rung.<\/a>\n<\/p>\n<\/div>\n<\/div>\n<\/div>\n<p><img loading=\"lazy\" decoding=\"async\" src=\"https:\/\/vg05.met.vgwort.de\/na\/007f9eee73884a2c8d24ebb969a2a14e\" width=\"1\" height=\"1\" alt=\"\"><\/p>\n","protected":false},"excerpt":{"rendered":"<p>Rudolf-He\u00df-Marsch in Berlin: 500 Nazis marschierten durch die Hauptstadt &#8211; und einer lie\u00df sich von der Polizei chauffieren.<\/p>\n","protected":false},"author":703,"featured_media":26992,"comment_status":"open","ping_status":"closed","sticky":false,"template":"","format":"standard","meta":{"_jetpack_memberships_contains_paid_content":false,"footnotes":""},"categories":[249],"tags":[39401,34229,1584,1716,29342],"class_list":["post-26975","post","type-post","status-publish","format-standard","has-post-thumbnail","hentry","category-berlin","tag-berlin","tag-gedenkmarsch","tag-geschichtsrevisionismus","tag-npd","tag-rudolf-hess"],"yoast_head":"<!-- This site is optimized with the Yoast SEO plugin v21.0 - https:\/\/yoast.com\/wordpress\/plugins\/seo\/ -->\n<title>Polizeieskorte f\u00fcr Neonazi? - St\u00f6rungsmelder<\/title>\n<meta name=\"robots\" content=\"index, follow, max-snippet:-1, max-image-preview:large, max-video-preview:-1\" \/>\n<link rel=\"canonical\" href=\"https:\/\/blog.zeit.de\/stoerungsmelder\/2018\/08\/18\/polizei-eskorte-fuer-neonazi_26975\" \/>\n<meta property=\"og:locale\" content=\"de_DE\" \/>\n<meta property=\"og:type\" content=\"article\" \/>\n<meta property=\"og:title\" content=\"Polizeieskorte f\u00fcr Neonazi? - St\u00f6rungsmelder\" \/>\n<meta property=\"og:description\" content=\"Rudolf-He\u00df-Marsch in Berlin: 500 Nazis marschierten durch die Hauptstadt - und einer lie\u00df sich von der Polizei chauffieren.\" \/>\n<meta property=\"og:url\" content=\"https:\/\/blog.zeit.de\/stoerungsmelder\/2018\/08\/18\/polizei-eskorte-fuer-neonazi_26975\" \/>\n<meta property=\"og:site_name\" content=\"St\u00f6rungsmelder\" \/>\n<meta property=\"article:published_time\" content=\"2018-08-18T20:42:11+00:00\" \/>\n<meta property=\"article:modified_time\" content=\"2019-07-08T10:39:07+00:00\" \/>\n<meta property=\"og:image\" content=\"https:\/\/blog.zeit.de\/stoerungsmelder\/files\/2018\/08\/20180805_b_00001713_hessmarsch_stm.jpg\" \/>\n\t<meta property=\"og:image:width\" content=\"1080\" \/>\n\t<meta property=\"og:image:height\" content=\"720\" \/>\n\t<meta property=\"og:image:type\" content=\"image\/jpeg\" \/>\n<meta name=\"author\" content=\"Henrik Merker\" \/>\n<meta name=\"twitter:card\" content=\"summary_large_image\" \/>\n<meta name=\"twitter:creator\" content=\"@HRMRKR\" \/>\n<meta name=\"twitter:label1\" content=\"Geschrieben von\" \/>\n\t<meta name=\"twitter:data1\" content=\"Henrik Merker\" \/>\n\t<meta name=\"twitter:label2\" content=\"Gesch\u00e4tzte Lesezeit\" \/>\n\t<meta name=\"twitter:data2\" content=\"3\u00a0Minuten\" \/>\n<script type=\"application\/ld+json\" class=\"yoast-schema-graph\">{\"@context\":\"https:\/\/schema.org\",\"@graph\":[{\"@type\":\"WebPage\",\"@id\":\"https:\/\/blog.zeit.de\/stoerungsmelder\/2018\/08\/18\/polizei-eskorte-fuer-neonazi_26975\",\"url\":\"https:\/\/blog.zeit.de\/stoerungsmelder\/2018\/08\/18\/polizei-eskorte-fuer-neonazi_26975\",\"name\":\"Polizeieskorte f\u00fcr Neonazi? - St\u00f6rungsmelder\",\"isPartOf\":{\"@id\":\"https:\/\/blog.zeit.de\/stoerungsmelder\/#website\"},\"datePublished\":\"2018-08-18T20:42:11+00:00\",\"dateModified\":\"2019-07-08T10:39:07+00:00\",\"author\":{\"@id\":\"https:\/\/blog.zeit.de\/stoerungsmelder\/#\/schema\/person\/75338b13df89ce2bcc9b98a76590fcbf\"},\"breadcrumb\":{\"@id\":\"https:\/\/blog.zeit.de\/stoerungsmelder\/2018\/08\/18\/polizei-eskorte-fuer-neonazi_26975#breadcrumb\"},\"inLanguage\":\"de\",\"potentialAction\":[{\"@type\":\"ReadAction\",\"target\":[\"https:\/\/blog.zeit.de\/stoerungsmelder\/2018\/08\/18\/polizei-eskorte-fuer-neonazi_26975\"]}]},{\"@type\":\"BreadcrumbList\",\"@id\":\"https:\/\/blog.zeit.de\/stoerungsmelder\/2018\/08\/18\/polizei-eskorte-fuer-neonazi_26975#breadcrumb\",\"itemListElement\":[{\"@type\":\"ListItem\",\"position\":1,\"name\":\"Startseite\",\"item\":\"https:\/\/blog.zeit.de\/stoerungsmelder\"},{\"@type\":\"ListItem\",\"position\":2,\"name\":\"Polizeieskorte f\u00fcr Neonazi?\"}]},{\"@type\":\"WebSite\",\"@id\":\"https:\/\/blog.zeit.de\/stoerungsmelder\/#website\",\"url\":\"https:\/\/blog.zeit.de\/stoerungsmelder\/\",\"name\":\"St\u00f6rungsmelder\",\"description\":\"Recherchen und Analysen \u00fcber die extreme Rechte\",\"potentialAction\":[{\"@type\":\"SearchAction\",\"target\":{\"@type\":\"EntryPoint\",\"urlTemplate\":\"https:\/\/blog.zeit.de\/stoerungsmelder\/?s={search_term_string}\"},\"query-input\":\"required name=search_term_string\"}],\"inLanguage\":\"de\"},{\"@type\":\"Person\",\"@id\":\"https:\/\/blog.zeit.de\/stoerungsmelder\/#\/schema\/person\/75338b13df89ce2bcc9b98a76590fcbf\",\"name\":\"Henrik Merker\",\"image\":{\"@type\":\"ImageObject\",\"inLanguage\":\"de\",\"@id\":\"https:\/\/blog.zeit.de\/stoerungsmelder\/#\/schema\/person\/image\/\",\"url\":\"https:\/\/secure.gravatar.com\/avatar\/a881955e7dc03f4202c4c8e4fd5c4005ec3715376bd9a9ec246141f698e7e4ba?s=96&d=mm&r=pg\",\"contentUrl\":\"https:\/\/secure.gravatar.com\/avatar\/a881955e7dc03f4202c4c8e4fd5c4005ec3715376bd9a9ec246141f698e7e4ba?s=96&d=mm&r=pg\",\"caption\":\"Henrik Merker\"},\"sameAs\":[\"https:\/\/twitter.com\/HRMRKR\"],\"url\":\"https:\/\/blog.zeit.de\/stoerungsmelder\/author\/thomasschade\"}]}<\/script>\n<!-- \/ Yoast SEO plugin. -->","yoast_head_json":{"title":"Polizeieskorte f\u00fcr Neonazi? - St\u00f6rungsmelder","robots":{"index":"index","follow":"follow","max-snippet":"max-snippet:-1","max-image-preview":"max-image-preview:large","max-video-preview":"max-video-preview:-1"},"canonical":"https:\/\/blog.zeit.de\/stoerungsmelder\/2018\/08\/18\/polizei-eskorte-fuer-neonazi_26975","og_locale":"de_DE","og_type":"article","og_title":"Polizeieskorte f\u00fcr Neonazi? - St\u00f6rungsmelder","og_description":"Rudolf-He\u00df-Marsch in Berlin: 500 Nazis marschierten durch die Hauptstadt - und einer lie\u00df sich von der Polizei chauffieren.","og_url":"https:\/\/blog.zeit.de\/stoerungsmelder\/2018\/08\/18\/polizei-eskorte-fuer-neonazi_26975","og_site_name":"St\u00f6rungsmelder","article_published_time":"2018-08-18T20:42:11+00:00","article_modified_time":"2019-07-08T10:39:07+00:00","og_image":[{"width":1080,"height":720,"url":"https:\/\/blog.zeit.de\/stoerungsmelder\/files\/2018\/08\/20180805_b_00001713_hessmarsch_stm.jpg","type":"image\/jpeg"}],"author":"Henrik Merker","twitter_card":"summary_large_image","twitter_creator":"@HRMRKR","twitter_misc":{"Geschrieben von":"Henrik Merker","Gesch\u00e4tzte Lesezeit":"3\u00a0Minuten"},"schema":{"@context":"https:\/\/schema.org","@graph":[{"@type":"WebPage","@id":"https:\/\/blog.zeit.de\/stoerungsmelder\/2018\/08\/18\/polizei-eskorte-fuer-neonazi_26975","url":"https:\/\/blog.zeit.de\/stoerungsmelder\/2018\/08\/18\/polizei-eskorte-fuer-neonazi_26975","name":"Polizeieskorte f\u00fcr Neonazi? - St\u00f6rungsmelder","isPartOf":{"@id":"https:\/\/blog.zeit.de\/stoerungsmelder\/#website"},"datePublished":"2018-08-18T20:42:11+00:00","dateModified":"2019-07-08T10:39:07+00:00","author":{"@id":"https:\/\/blog.zeit.de\/stoerungsmelder\/#\/schema\/person\/75338b13df89ce2bcc9b98a76590fcbf"},"breadcrumb":{"@id":"https:\/\/blog.zeit.de\/stoerungsmelder\/2018\/08\/18\/polizei-eskorte-fuer-neonazi_26975#breadcrumb"},"inLanguage":"de","potentialAction":[{"@type":"ReadAction","target":["https:\/\/blog.zeit.de\/stoerungsmelder\/2018\/08\/18\/polizei-eskorte-fuer-neonazi_26975"]}]},{"@type":"BreadcrumbList","@id":"https:\/\/blog.zeit.de\/stoerungsmelder\/2018\/08\/18\/polizei-eskorte-fuer-neonazi_26975#breadcrumb","itemListElement":[{"@type":"ListItem","position":1,"name":"Startseite","item":"https:\/\/blog.zeit.de\/stoerungsmelder"},{"@type":"ListItem","position":2,"name":"Polizeieskorte f\u00fcr Neonazi?"}]},{"@type":"WebSite","@id":"https:\/\/blog.zeit.de\/stoerungsmelder\/#website","url":"https:\/\/blog.zeit.de\/stoerungsmelder\/","name":"St\u00f6rungsmelder","description":"Recherchen und Analysen \u00fcber die extreme Rechte","potentialAction":[{"@type":"SearchAction","target":{"@type":"EntryPoint","urlTemplate":"https:\/\/blog.zeit.de\/stoerungsmelder\/?s={search_term_string}"},"query-input":"required name=search_term_string"}],"inLanguage":"de"},{"@type":"Person","@id":"https:\/\/blog.zeit.de\/stoerungsmelder\/#\/schema\/person\/75338b13df89ce2bcc9b98a76590fcbf","name":"Henrik Merker","image":{"@type":"ImageObject","inLanguage":"de","@id":"https:\/\/blog.zeit.de\/stoerungsmelder\/#\/schema\/person\/image\/","url":"https:\/\/secure.gravatar.com\/avatar\/a881955e7dc03f4202c4c8e4fd5c4005ec3715376bd9a9ec246141f698e7e4ba?s=96&d=mm&r=pg","contentUrl":"https:\/\/secure.gravatar.com\/avatar\/a881955e7dc03f4202c4c8e4fd5c4005ec3715376bd9a9ec246141f698e7e4ba?s=96&d=mm&r=pg","caption":"Henrik Merker"},"sameAs":["https:\/\/twitter.com\/HRMRKR"],"url":"https:\/\/blog.zeit.de\/stoerungsmelder\/author\/thomasschade"}]}},"jetpack_featured_media_url":"https:\/\/blog.zeit.de\/stoerungsmelder\/files\/2018\/08\/20180805_b_00001713_hessmarsch_stm.jpg","jetpack_sharing_enabled":true,"_links":{"self":[{"href":"https:\/\/blog.zeit.de\/stoerungsmelder\/wp-json\/wp\/v2\/posts\/26975","targetHints":{"allow":["GET"]}}],"collection":[{"href":"https:\/\/blog.zeit.de\/stoerungsmelder\/wp-json\/wp\/v2\/posts"}],"about":[{"href":"https:\/\/blog.zeit.de\/stoerungsmelder\/wp-json\/wp\/v2\/types\/post"}],"author":[{"embeddable":true,"href":"https:\/\/blog.zeit.de\/stoerungsmelder\/wp-json\/wp\/v2\/users\/703"}],"replies":[{"embeddable":true,"href":"https:\/\/blog.zeit.de\/stoerungsmelder\/wp-json\/wp\/v2\/comments?post=26975"}],"version-history":[{"count":6,"href":"https:\/\/blog.zeit.de\/stoerungsmelder\/wp-json\/wp\/v2\/posts\/26975\/revisions"}],"predecessor-version":[{"id":28754,"href":"https:\/\/blog.zeit.de\/stoerungsmelder\/wp-json\/wp\/v2\/posts\/26975\/revisions\/28754"}],"wp:featuredmedia":[{"embeddable":true,"href":"https:\/\/blog.zeit.de\/stoerungsmelder\/wp-json\/wp\/v2\/media\/26992"}],"wp:attachment":[{"href":"https:\/\/blog.zeit.de\/stoerungsmelder\/wp-json\/wp\/v2\/media?parent=26975"}],"wp:term":[{"taxonomy":"category","embeddable":true,"href":"https:\/\/blog.zeit.de\/stoerungsmelder\/wp-json\/wp\/v2\/categories?post=26975"},{"taxonomy":"post_tag","embeddable":true,"href":"https:\/\/blog.zeit.de\/stoerungsmelder\/wp-json\/wp\/v2\/tags?post=26975"}],"curies":[{"name":"wp","href":"https:\/\/api.w.org\/{rel}","templated":true}]}}