{"id":274,"date":"2008-04-02T19:33:50","date_gmt":"2008-04-02T18:33:50","guid":{"rendered":"http:\/\/blog.zeit.de\/stoerungsmelder\/2008\/04\/02\/auf-dem-rechten-auge-nicht-blind-npd-angeblich-sehr-passiv_274"},"modified":"2008-04-02T19:33:50","modified_gmt":"2008-04-02T18:33:50","slug":"auf-dem-rechten-auge-nicht-blind-npd-angeblich-sehr-passiv","status":"publish","type":"post","link":"https:\/\/blog.zeit.de\/stoerungsmelder\/2008\/04\/02\/auf-dem-rechten-auge-nicht-blind-npd-angeblich-sehr-passiv_274","title":{"rendered":"&#8222;Auf dem rechten Auge nicht blind&#8220;? NPD angeblich &#8222;sehr passiv&#8220;"},"content":{"rendered":"<p>Der baden-w\u00fcrttembergische Innenminister Heribert Rech (CDU) hat sich laut einem <a href=\"http:\/\/www.die-topnews.de\/minister-rech-wehrt-sich-gegen-spd-vorwuerfe-in-npd-debatte-35931\">ddp-Bericht<\/a> gegen Vorw\u00fcrfe aus Reihen der SPD gewehrt, die Mitarbeit an einem neuen NPD-Verbotsverfahren gezielt zu verweigern. <!--more-->Der NPD-Landesverband tritt in Baden-W\u00fcrttemberg &#8222;sehr passiv&#8220; auf und l\u00e4sst &#8222;keine eigenen Verbotsgr\u00fcnde&#8220; erkennen, teilte Rech in Stuttgart mit. Baden-W\u00fcrttemberg habe sich deshalb nicht an der Materialsammlung des Bundesinnenministeriums zur NPD beteiligen k\u00f6nnen. Rech sagte zudem, dass er ein neues NPD-Verbotsverfahren ablehnt. Hierf\u00fcr m\u00fcssten die V-Leute abgezogen werden. Dann gebe es keinen Einblick in das Innenleben der NPD, &#8222;den wir aber brauchen&#8220;.<\/p>\n<p>Die NPD ist also &#8222;sehr passiv&#8220;, aber ohne Einblicke gehe es nicht? Passt nicht recht zusammen. Vielleicht doch: Denn die Beurteilung &#8222;sehr passiv&#8220; wirft einige Fragen auf. Hier Beispiele f\u00fcr NPD-Aktivit\u00e4ten in Baden-W\u00fcrttemberg in den vergangenen zw\u00f6lf Monaten<!--more-->, die auf NPD-BLOG.INFO dokumentiert wurden.<\/p>\n<p><strong>&#8222;So oft wie 2007 waren wir nie in den Schlagzeilen&#8220;<\/strong><\/p>\n<p>Am 02. M\u00e4rz 2008 f\u00fchrten die neonazistischen Jungen Nationaldemokraten Baden-W\u00fcrttemberg im \u201cRaum Karlsruhe\u201d ihren Landesparteitag durch &#8211; \u201cst\u00f6rungsfrei und in harmonischer Atmosph\u00e4re\u201d, wie es auf den Seiten der JN hei\u00dft.  Aus dem Bericht auf den Seiten der JN l\u00e4sst sich die Strategie der Nachwuchs-NPDler teilweise gut ablesen: Der JN-Landesvorsitzende Lars Gold zog folgende Bilanz: \u201c2007 habe man zwar deutlich weniger \u00fcberregionale Demonstrationen durchgef\u00fchrt, daf\u00fcr h\u00e4tten jedoch umso mehr dezentrale und kreative Aktionen stattgefunden, die auch in der Systempresse f\u00fcr regelm\u00e4\u00dfige Pr\u00e4senz und Resonanz sorgten. \u201eSo oft wie im Jahr 2007 waren wir glaube ich noch nie in den Schlagzeilen\u201d, sagte Gold und betonte in diesem Zusammenhang die Wichtigkeit regelm\u00e4\u00dfiger politischer Arbeit vor Ort, die oftmals mehr Wirkung entfalte als eine landesweite Demonstration. Auch die politische Schulungsarbeit innerhalb des Landesverbandes werde im neuen Jahr weiter intensiviert werden, ebenso wie gemeinsame Ausfl\u00fcge, Zeltlager und sonstige Aktivit\u00e4ten, die das Gemeinschaftsgef\u00fchl innerhalb der JN im L\u00e4ndle weiter st\u00e4rken und vertiefen sollen.\u201d (Siehe dazu: <a href=\"http:\/\/npd-blog.info\/?p=1493\" rel=\"bookmark\" title=\"Permanent Link to Baden-W\u00fcrttemberg: JN setzen auf \u201cdezentrale Aktionen\u201d\">Baden-W\u00fcrttemberg: JN setzen auf \u201cdezentrale Aktionen\u201d<\/a>)<\/p>\n<p><strong>&#8222;Volksgemeinschaft und Kriegsschuldl\u00fcge&#8220;<\/strong><\/p>\n<p>Im Februar 2008 f\u00fchrten die Jungen Nationaldemokraten an ihrem \u201cSt\u00fctzpunkt Bodensee\u201d eine Veranstaltung mit zwei Veteranen des 2. Weltkriegs durch. Sie ver\u00f6ffentlichten dazu einen interessanten Bericht. In diesem l\u00e4sst sich ablesen, wie sehr der Nationalsozialismus und die Angriffskriege Deutschlands bei der JN und auch bei der NPD offenbar weiter glorifiziert werden. Die modernen Nazis pr\u00e4sentieren sich einmal mehr offen als Ewiggestrige in neuen Kleidern. Ein kleiner Ausschnitt: &#8222;<em>Die Kriegsschuldl\u00fcge wird unseren Kindern in der Schule ebenso eingetrichtert, wie die perfide Behauptung, Vertreibung, Mord, Folter und Vergewaltigungen der Roten Armee seien lediglich \u201eVergeltungsakte\u201d gewesen f\u00fcr das r\u00fccksichtslose Vorgehen Deutscher Truppen beim Einmarsch in die UdSSR. [\u2026] Der Kontakt mit den Altvorderen unseres Volkes kann nicht hoch genug eingesch\u00e4tzt werden. Begegnungen wie diese schlie\u00dflich sind es, die den von uns vertretenen Volksgemeinschaftsgedanken erst wirklich erlebbar machen.&#8220;<\/em><\/p>\n<p><strong>Link zu \u201cDeath to ZOG\u201d<\/strong><\/p>\n<p>Dieser Bericht wurde auch auf der Seite des \u201cNationalen Beobachter Bodensee\u201d (NBB) ver\u00f6ffentlicht. Diese Seite wird von der NPD-Bodensee verlinkt. Beim NBB finden sich Banner mit der Aufschrift \u201cDeath to Zog\u201d (Tod der zionistisch okkupierten Regierung), als Fav-Icon bietet die Seite einen SS-Totenkopf, verantwortlich f\u00fcr das Angebot zeichnet sich der Schweizer Neonazi und Querfront-Vertreter <a href=\"http:\/\/de.wikipedia.org\/wiki\/Mario_Friso\" title=\"Wiki\">Mario Frisco<\/a>. F\u00fcr die Seite der NPD-Bodensee wird Alexander Neidlein als Verantwortlicher genannt. (Siehe dazu: <a href=\"http:\/\/npd-blog.info\/?p=1412\" rel=\"bookmark\" title=\"Permanent Link to Interne Brosch\u00fcre nicht gelesen? Die NPD und die \u201cKriegsschuldl\u00fcge\u201d\">Interne Brosch\u00fcre nicht gelesen? Die NPD und die \u201cKriegsschuldl\u00fcge\u201d<\/a>)<\/p>\n<p><strong>&#8222;BRD nicht ann\u00e4hernd eine Demokratie&#8220;<\/strong><\/p>\n<p>Die `Partei National Orientierter Schweizer` (PNOS) hielt am 17.\/18. November 2007 ihren Parteitag ab. Mit dabei: Die NPD-Funktion\u00e4rin Edda Schmidt, auch beim `<a href=\"http:\/\/npd-blog.info\/?p=1180\">Ring Nationaler Frauen<\/a>` aktiv, fr\u00fcher laut Wikipedia offenbar bei der mittlerweile verbotenen `Wiking-Jugend`. Vor rund 100 PNOS-Anh\u00e4ngern prangerte Schmidt laut PNOS-Mitteilung die Verfahren gegen Holocaust-Leugner in Deutschland an. In dem PNOS-Bericht hei\u00dft es: `Anhand ihrer eigenen Biografie schilderte Schmidt die politischen Zust\u00e4nde in der BRD, wo sich erneut despotische Kr\u00e4fte die Macht unter die N\u00e4gel gerissen haben. Die Beispiele Ernst Z\u00fcndel und Germar Rudolf verdeutlichen, dass es sich bei der BRD nicht einmal ann\u00e4hernd um eine Demokratie handelt, sondern h\u00f6chstens um einen Lakaienstaat Siegers Gnaden.` Die Hausfrau Edda Schmidt trat laut <a href=\"http:\/\/www.wen-waehlen.de\/kandidaten\/edda-schmidt_1181.html\">wen-w\u00e4hlen.de<\/a> bei der Bundestagswahl 2005 im Wahlkreis T\u00fcbingen f\u00fcr die NPD an &#8211; von Siegers Gnaden sozusagen\u2026  (Siehe dazu: <a href=\"http:\/\/npd-blog.info\/?p=1190\" rel=\"bookmark\" title=\"Permanent Link to NPD-Funktion\u00e4rin: `BRD nicht ann\u00e4hrend eine Demokratie`\">NPD-Funktion\u00e4rin: `BRD nicht ann\u00e4hrend eine Demokratie`)<\/a><\/p>\n<p><strong>Nazi-Aufmarsch in T\u00fcbingen<\/strong><\/p>\n<p>In T\u00fcbingen demonstrierten im Sommer 2007 etwa 10.000 Menschen gegen einen Aufmarsch von etwa 230 Mitgliedern und Anh\u00e4ngern der `Jungen Nationaldemokraten`. (Siehe dazu: <a href=\"http:\/\/npd-blog.info\/?p=963\" rel=\"bookmark\" title=\"Permanent Link to T\u00fcbingen: 10.000 Menschen demonstrieren gegen JN-Aufmarsch\">T\u00fcbingen: 10.000 Menschen demonstrieren gegen JN-Aufmarsch<\/a>.)<\/p>\n<p><strong>Neonazi-Band aus Stuttgart spielt bei NPD-Veranstaltung<\/strong> Am 30. Juni 2007 fand in Saarbr\u00fccken ein von der NPD-Saar veranstaltetes Konzert mit rund 300 Besuchern aus dem gesamten Bundesgebiet und dem Ausland statt. Zuvor war das in Baden-W\u00fcrttemberg geplante Neonazikonzert europ\u00e4ischer Rechtsrock-Bands verboten worden. Die Nazi-Rocker umgingen die Verbotsverf\u00fcgung dem Bericht zufolge, indem sie ihren in Ulm geplanten Auftritt kurzerhand nach Saarbr\u00fccken verlegten, wo ihnen die NPD eine B\u00fchne bereitstellte. Die Antifa Saar\/ Projekt AK machte darauf aufmerksam, dass bei dem Konzert in Saarbr\u00fccken Symbole der verbotenen Neonaziorganisation <em>Blood &amp; Honour<\/em> verwendet worden seien. Die Polizei sei \u00fcber diesen Umstand informiert gewesen, h\u00e4tte sich aber geweigert, einzuschreiten. Saar-NPD-Chef Frank Franz lobte das <em>angenehme Zusammenarbeiten<\/em> mit der Polizei. Unter dem Titel \u2018European Revolution Tour 2007\u2032 traten bei dem Konzert laut Ank\u00fcndigung die Bands <em>Carpe Diem<\/em> (Stuttgart), <em>Brigade M <\/em>(Niederlande), <em>Fraction<\/em> (Frankreich) sowie <em>ZetaZeroAlfa <\/em>(Italien) auf. (Siehe dazu: <a href=\"http:\/\/npd-blog.info\/?p=932\" rel=\"bookmark\" title=\"Permanent Link to Nazi-Konzert nach Verbot kurzerhand ins Saarland verlegt\">Nazi-Konzert nach Verbot kurzerhand ins Saarland verlegt<\/a>)<\/p>\n<p><strong>NPD-Mitglieder aus BW &#8222;\u00fcberrennen&#8220; Polizei in Berlin<\/strong><\/p>\n<p>Nach Verboten von NPD-Demonstrationen Anfang Juni 2007 in Schwerin und Luswigslust war die rechtsextreme Partei in verschiedene norddeutsche St\u00e4dte sowie nach Berlin ausgewichen. Besonders ein Aufmarsch in Berlin durch das Brandenburger Tor sorgte f\u00fcr ein breites Medienecho. Die Berliner Polizei war Medienberichten zufolge von dem Neonazi-Aufmarsch \u00fcberrascht worden, \u2018die wenigen Polizisten vor Ort wurden f\u00f6rmlich \u00fcberrannt\u2019, schreibt die <a href=\"http:\/\/www.morgenpost.de\/desk\/915634.html\">Berliner Morgenpost<\/a>. Mehrere Beamte seien angegriffen worden. \u201cDabei kam es zu Straftaten wie K\u00f6rperverletzung, schwerem Landfriedensbruch und Widerstand gegen  Vollstreckungsbeamte\u201d, sagte eine Polizeisprecherin den Angaben zufolge. Die NPD-Anh\u00e4nger kamen der Polizei zufolge aus Bayern und Baden-W\u00fcrttemberg. (Siehe dazu: <a href=\"http:\/\/npd-blog.info\/?p=866\" rel=\"bookmark\" title=\"Permanent Link to Nach Demo-Verbot: NPD marschiert dezentral auf\">Nach Demo-Verbot: NPD marschiert dezentral auf<\/a>)<\/p>\n<p><strong>&#8222;Aufbruchstimmung im rechtsextremen Lager&#8220;<\/strong><\/p>\n<p>Weiterhin war in Baden-W\u00fcrttemberg in den Jahren 2003 bis 2005 ein stetiger Anstieg von rechtsextrem motivierten Gewalttaten zu verzeichnen gewesen. In dem Zeitraum sei die Zahl der rechtsextremistischen Straftaten von 806 auf 1071 gestiegen, die der Gewalttaten von 56 auf 71. Diese Daten nannte kein geringerer als Baden-W\u00fcrttembergs Innenminister Heribert Rech &#8211; bei der Vorstellung des Verfassungsschutzberichts 2005. Im Bericht sei von einer bundesweiten \u201eAufbruchstimmung im rechtsextremistischen Lager\u201c die Rede. Dazu passe die wachsende Vernetzung von Parteien und Organisationen. Die Unterst\u00fctzung des Nationalen B\u00fcndnisses Heilbronn durch DVU, NPD sowie deren Jugendorganisation DP, ehemalige Republikaner-Mitglieder und die \u201eFreiheitliche Initiative Heilbronn\u201c sei daf\u00fcr ein Beispiel, hei\u00dft es weiter. Fast verdoppelt habe sich zudem die Zahl der Skinhead-Konzerte.<\/p>\n<p><strong>&#8222;Weder auf dem rechten noch auf dem linken Auge blind&#8220;<\/strong><\/p>\n<p>Im M\u00e4rz 2008 stellte Rech den aktuellen Verfassungsschutzbericht vor. Dabei sagte er <a href=\"http:\/\/www.innenministerium.baden-wuerttemberg.de\/de\/Meldungen\/183101.html?referer=83451&amp;template=min_meldung_html&amp;_min=_im\">laut Mitteilung<\/a>: &#8222;Der baden-w\u00fcrttembergische Verfassungsschutz beobachtet nach wie vor mit gro\u00dfer Wachsamkeit und Konsequenz alle Formen von Extremismus, weil wir weder auf dem rechten noch auf dem linken Auge blind sind.&#8220; Diesen Eindruck k\u00f6nnte man allerdings bekommen, schaut man sich die weitere Pressemeldung zu dem Verfassungsschutzbericht an. Darin besch\u00e4ftigt sich Rech zun\u00e4chst ausf\u00fchrlich mit der Partei &#8222;Die Linke&#8220; und bescheinigt dieser eine &#8222;Verfassungsfeindlichkeit&#8220;. W\u00f6rtlich hei\u00dft es: &#8222;Scharf kritisierte Rech die \u00d6ffnung der SPD zur Partei DIE LINKE.. Auch die Vereinigung mit der WASG k\u00f6nne \u00fcber die Verfassungsfeindlichkeit nicht hinwegt\u00e4uschen.&#8220; Und weiter: &#8222;Wir d\u00fcrfen vor der Linkspartei nicht kapitulieren, denn sie sind Feinde unserer Demokratie.&#8220;<\/p>\n<p>Die Abschnitte zu NPD und Neonazis sind viel weiter unten zu finden, zudem weit weniger ausf\u00fchrlich und ersch\u00f6pfen sich in Allgemeinpl\u00e4tzen. Beispiel: &#8222;Im Jahr 2007 war auch in Baden-W\u00fcrttemberg eine verst\u00e4rkte Umsetzung der sogenannten Wortergreifungsstrategie durch Rechtsextremisten zu beobachten.&#8220; Konkrete Beispiele? Fehlanzeige.<\/p>\n<p><strong>Unterst\u00fctzung f\u00fcr Oettingers Trauerrede<\/strong><\/p>\n<p>Zum rechten <a href=\"http:\/\/de.wikipedia.org\/wiki\/Studienzentrum_Weikersheim\">Studienzentrum Weikersheim<\/a> hatte Rech \u00fcbrigens im Zusammenhang mit Verfassungsschutzberichten bislang gar nichts zu sagen. Beim Skandal um die Trauerrede von Ministerpr\u00e4sident Oettinger f\u00fcr den ehemaligen NS-Marinerichter Filbinger schwieg Rech hingegen nicht, sondern verteidigte Oettinger.<br \/>\n<img loading=\"lazy\" decoding=\"async\" src=\"http:\/\/vg02.met.vgwort.de\/na\/1a56fba21f3b5cf55b8f62bad496b5\" height=\"1\" width=\"1\" \/><br \/>\n<a href=\"http:\/\/npd-blog.info\/?cat=14\">NPD-BLOG.INFO \u00fcber Baden-W\u00fcrttemberg.<\/a><\/p>\n","protected":false},"excerpt":{"rendered":"<p>Der baden-w\u00fcrttembergische Innenminister Heribert Rech (CDU) hat sich laut einem ddp-Bericht gegen Vorw\u00fcrfe aus Reihen der SPD gewehrt, die Mitarbeit an einem neuen NPD-Verbotsverfahren gezielt zu verweigern.<\/p>\n","protected":false},"author":227,"featured_media":0,"comment_status":"open","ping_status":"open","sticky":false,"template":"","format":"standard","meta":{"_jetpack_memberships_contains_paid_content":false,"footnotes":""},"categories":[1450],"tags":[1716],"class_list":["post-274","post","type-post","status-publish","format-standard","hentry","category-baden-wurttemberg","tag-npd"],"yoast_head":"<!-- This site is optimized with the Yoast SEO plugin v21.0 - https:\/\/yoast.com\/wordpress\/plugins\/seo\/ -->\n<title>&quot;Auf dem rechten Auge nicht blind&quot;? NPD angeblich &quot;sehr passiv&quot; - St\u00f6rungsmelder<\/title>\n<meta name=\"robots\" content=\"index, follow, max-snippet:-1, max-image-preview:large, max-video-preview:-1\" \/>\n<link rel=\"canonical\" href=\"https:\/\/blog.zeit.de\/stoerungsmelder\/2008\/04\/02\/auf-dem-rechten-auge-nicht-blind-npd-angeblich-sehr-passiv_274\" \/>\n<meta property=\"og:locale\" content=\"de_DE\" \/>\n<meta property=\"og:type\" content=\"article\" \/>\n<meta property=\"og:title\" content=\"&quot;Auf dem rechten Auge nicht blind&quot;? NPD angeblich &quot;sehr passiv&quot; - St\u00f6rungsmelder\" \/>\n<meta property=\"og:description\" content=\"Der baden-w\u00fcrttembergische Innenminister Heribert Rech (CDU) hat sich laut einem ddp-Bericht gegen Vorw\u00fcrfe aus Reihen der SPD gewehrt, die Mitarbeit an einem neuen NPD-Verbotsverfahren gezielt zu verweigern.\" \/>\n<meta property=\"og:url\" content=\"https:\/\/blog.zeit.de\/stoerungsmelder\/2008\/04\/02\/auf-dem-rechten-auge-nicht-blind-npd-angeblich-sehr-passiv_274\" \/>\n<meta property=\"og:site_name\" content=\"St\u00f6rungsmelder\" \/>\n<meta property=\"article:published_time\" content=\"2008-04-02T18:33:50+00:00\" \/>\n<meta property=\"og:image\" content=\"http:\/\/vg02.met.vgwort.de\/na\/1a56fba21f3b5cf55b8f62bad496b5\" \/>\n<meta name=\"author\" content=\"Patrick Gensing\" \/>\n<meta name=\"twitter:card\" content=\"summary_large_image\" \/>\n<meta name=\"twitter:label1\" content=\"Geschrieben von\" \/>\n\t<meta name=\"twitter:data1\" content=\"Patrick Gensing\" \/>\n\t<meta name=\"twitter:label2\" content=\"Gesch\u00e4tzte Lesezeit\" \/>\n\t<meta name=\"twitter:data2\" content=\"7\u00a0Minuten\" \/>\n<script type=\"application\/ld+json\" class=\"yoast-schema-graph\">{\"@context\":\"https:\/\/schema.org\",\"@graph\":[{\"@type\":\"WebPage\",\"@id\":\"https:\/\/blog.zeit.de\/stoerungsmelder\/2008\/04\/02\/auf-dem-rechten-auge-nicht-blind-npd-angeblich-sehr-passiv_274\",\"url\":\"https:\/\/blog.zeit.de\/stoerungsmelder\/2008\/04\/02\/auf-dem-rechten-auge-nicht-blind-npd-angeblich-sehr-passiv_274\",\"name\":\"\\\"Auf dem rechten Auge nicht blind\\\"? NPD angeblich \\\"sehr passiv\\\" - St\u00f6rungsmelder\",\"isPartOf\":{\"@id\":\"https:\/\/blog.zeit.de\/stoerungsmelder\/#website\"},\"datePublished\":\"2008-04-02T18:33:50+00:00\",\"dateModified\":\"2008-04-02T18:33:50+00:00\",\"author\":{\"@id\":\"https:\/\/blog.zeit.de\/stoerungsmelder\/#\/schema\/person\/1898e9a6d47b4737da2c4fca74a10552\"},\"breadcrumb\":{\"@id\":\"https:\/\/blog.zeit.de\/stoerungsmelder\/2008\/04\/02\/auf-dem-rechten-auge-nicht-blind-npd-angeblich-sehr-passiv_274#breadcrumb\"},\"inLanguage\":\"de\",\"potentialAction\":[{\"@type\":\"ReadAction\",\"target\":[\"https:\/\/blog.zeit.de\/stoerungsmelder\/2008\/04\/02\/auf-dem-rechten-auge-nicht-blind-npd-angeblich-sehr-passiv_274\"]}]},{\"@type\":\"BreadcrumbList\",\"@id\":\"https:\/\/blog.zeit.de\/stoerungsmelder\/2008\/04\/02\/auf-dem-rechten-auge-nicht-blind-npd-angeblich-sehr-passiv_274#breadcrumb\",\"itemListElement\":[{\"@type\":\"ListItem\",\"position\":1,\"name\":\"Startseite\",\"item\":\"https:\/\/blog.zeit.de\/stoerungsmelder\"},{\"@type\":\"ListItem\",\"position\":2,\"name\":\"&#8222;Auf dem rechten Auge nicht blind&#8220;? NPD angeblich &#8222;sehr passiv&#8220;\"}]},{\"@type\":\"WebSite\",\"@id\":\"https:\/\/blog.zeit.de\/stoerungsmelder\/#website\",\"url\":\"https:\/\/blog.zeit.de\/stoerungsmelder\/\",\"name\":\"St\u00f6rungsmelder\",\"description\":\"Recherchen und Analysen \u00fcber die extreme Rechte\",\"potentialAction\":[{\"@type\":\"SearchAction\",\"target\":{\"@type\":\"EntryPoint\",\"urlTemplate\":\"https:\/\/blog.zeit.de\/stoerungsmelder\/?s={search_term_string}\"},\"query-input\":\"required name=search_term_string\"}],\"inLanguage\":\"de\"},{\"@type\":\"Person\",\"@id\":\"https:\/\/blog.zeit.de\/stoerungsmelder\/#\/schema\/person\/1898e9a6d47b4737da2c4fca74a10552\",\"name\":\"Patrick Gensing\",\"image\":{\"@type\":\"ImageObject\",\"inLanguage\":\"de\",\"@id\":\"https:\/\/blog.zeit.de\/stoerungsmelder\/#\/schema\/person\/image\/\",\"url\":\"https:\/\/secure.gravatar.com\/avatar\/a7a6fc628ed4dd7517525b944e2a8b13f64804f428d399d781f8dd0c4651643a?s=96&d=mm&r=pg\",\"contentUrl\":\"https:\/\/secure.gravatar.com\/avatar\/a7a6fc628ed4dd7517525b944e2a8b13f64804f428d399d781f8dd0c4651643a?s=96&d=mm&r=pg\",\"caption\":\"Patrick Gensing\"},\"description\":\"Journalist, Blogger, Buchautor - Patrick Gensing besch\u00e4ftigt sich seit seiner Jugend Ende der 1980er Jahre mit den Themen Neonazis, Rassismus und Antisemitismus. Seit rund zehn Jahren schreibt er als Journalist \u00fcber diese Themen, unter anderem bei tagesschau.de, bei Zeit-Online, in der taz - oder in dem Buch \\\"Terror von rechts\\\", das am 14. September 2012 erscheint.\",\"sameAs\":[\"http:\/\/publikative.org\"],\"url\":\"https:\/\/blog.zeit.de\/stoerungsmelder\/author\/patrick-gensing\"}]}<\/script>\n<!-- \/ Yoast SEO plugin. -->","yoast_head_json":{"title":"\"Auf dem rechten Auge nicht blind\"? NPD angeblich \"sehr passiv\" - St\u00f6rungsmelder","robots":{"index":"index","follow":"follow","max-snippet":"max-snippet:-1","max-image-preview":"max-image-preview:large","max-video-preview":"max-video-preview:-1"},"canonical":"https:\/\/blog.zeit.de\/stoerungsmelder\/2008\/04\/02\/auf-dem-rechten-auge-nicht-blind-npd-angeblich-sehr-passiv_274","og_locale":"de_DE","og_type":"article","og_title":"\"Auf dem rechten Auge nicht blind\"? NPD angeblich \"sehr passiv\" - St\u00f6rungsmelder","og_description":"Der baden-w\u00fcrttembergische Innenminister Heribert Rech (CDU) hat sich laut einem ddp-Bericht gegen Vorw\u00fcrfe aus Reihen der SPD gewehrt, die Mitarbeit an einem neuen NPD-Verbotsverfahren gezielt zu verweigern.","og_url":"https:\/\/blog.zeit.de\/stoerungsmelder\/2008\/04\/02\/auf-dem-rechten-auge-nicht-blind-npd-angeblich-sehr-passiv_274","og_site_name":"St\u00f6rungsmelder","article_published_time":"2008-04-02T18:33:50+00:00","og_image":[{"url":"http:\/\/vg02.met.vgwort.de\/na\/1a56fba21f3b5cf55b8f62bad496b5"}],"author":"Patrick Gensing","twitter_card":"summary_large_image","twitter_misc":{"Geschrieben von":"Patrick Gensing","Gesch\u00e4tzte Lesezeit":"7\u00a0Minuten"},"schema":{"@context":"https:\/\/schema.org","@graph":[{"@type":"WebPage","@id":"https:\/\/blog.zeit.de\/stoerungsmelder\/2008\/04\/02\/auf-dem-rechten-auge-nicht-blind-npd-angeblich-sehr-passiv_274","url":"https:\/\/blog.zeit.de\/stoerungsmelder\/2008\/04\/02\/auf-dem-rechten-auge-nicht-blind-npd-angeblich-sehr-passiv_274","name":"\"Auf dem rechten Auge nicht blind\"? NPD angeblich \"sehr passiv\" - St\u00f6rungsmelder","isPartOf":{"@id":"https:\/\/blog.zeit.de\/stoerungsmelder\/#website"},"datePublished":"2008-04-02T18:33:50+00:00","dateModified":"2008-04-02T18:33:50+00:00","author":{"@id":"https:\/\/blog.zeit.de\/stoerungsmelder\/#\/schema\/person\/1898e9a6d47b4737da2c4fca74a10552"},"breadcrumb":{"@id":"https:\/\/blog.zeit.de\/stoerungsmelder\/2008\/04\/02\/auf-dem-rechten-auge-nicht-blind-npd-angeblich-sehr-passiv_274#breadcrumb"},"inLanguage":"de","potentialAction":[{"@type":"ReadAction","target":["https:\/\/blog.zeit.de\/stoerungsmelder\/2008\/04\/02\/auf-dem-rechten-auge-nicht-blind-npd-angeblich-sehr-passiv_274"]}]},{"@type":"BreadcrumbList","@id":"https:\/\/blog.zeit.de\/stoerungsmelder\/2008\/04\/02\/auf-dem-rechten-auge-nicht-blind-npd-angeblich-sehr-passiv_274#breadcrumb","itemListElement":[{"@type":"ListItem","position":1,"name":"Startseite","item":"https:\/\/blog.zeit.de\/stoerungsmelder"},{"@type":"ListItem","position":2,"name":"&#8222;Auf dem rechten Auge nicht blind&#8220;? NPD angeblich &#8222;sehr passiv&#8220;"}]},{"@type":"WebSite","@id":"https:\/\/blog.zeit.de\/stoerungsmelder\/#website","url":"https:\/\/blog.zeit.de\/stoerungsmelder\/","name":"St\u00f6rungsmelder","description":"Recherchen und Analysen \u00fcber die extreme Rechte","potentialAction":[{"@type":"SearchAction","target":{"@type":"EntryPoint","urlTemplate":"https:\/\/blog.zeit.de\/stoerungsmelder\/?s={search_term_string}"},"query-input":"required name=search_term_string"}],"inLanguage":"de"},{"@type":"Person","@id":"https:\/\/blog.zeit.de\/stoerungsmelder\/#\/schema\/person\/1898e9a6d47b4737da2c4fca74a10552","name":"Patrick Gensing","image":{"@type":"ImageObject","inLanguage":"de","@id":"https:\/\/blog.zeit.de\/stoerungsmelder\/#\/schema\/person\/image\/","url":"https:\/\/secure.gravatar.com\/avatar\/a7a6fc628ed4dd7517525b944e2a8b13f64804f428d399d781f8dd0c4651643a?s=96&d=mm&r=pg","contentUrl":"https:\/\/secure.gravatar.com\/avatar\/a7a6fc628ed4dd7517525b944e2a8b13f64804f428d399d781f8dd0c4651643a?s=96&d=mm&r=pg","caption":"Patrick Gensing"},"description":"Journalist, Blogger, Buchautor - Patrick Gensing besch\u00e4ftigt sich seit seiner Jugend Ende der 1980er Jahre mit den Themen Neonazis, Rassismus und Antisemitismus. Seit rund zehn Jahren schreibt er als Journalist \u00fcber diese Themen, unter anderem bei tagesschau.de, bei Zeit-Online, in der taz - oder in dem Buch \"Terror von rechts\", das am 14. September 2012 erscheint.","sameAs":["http:\/\/publikative.org"],"url":"https:\/\/blog.zeit.de\/stoerungsmelder\/author\/patrick-gensing"}]}},"jetpack_featured_media_url":"","jetpack_sharing_enabled":true,"_links":{"self":[{"href":"https:\/\/blog.zeit.de\/stoerungsmelder\/wp-json\/wp\/v2\/posts\/274","targetHints":{"allow":["GET"]}}],"collection":[{"href":"https:\/\/blog.zeit.de\/stoerungsmelder\/wp-json\/wp\/v2\/posts"}],"about":[{"href":"https:\/\/blog.zeit.de\/stoerungsmelder\/wp-json\/wp\/v2\/types\/post"}],"author":[{"embeddable":true,"href":"https:\/\/blog.zeit.de\/stoerungsmelder\/wp-json\/wp\/v2\/users\/227"}],"replies":[{"embeddable":true,"href":"https:\/\/blog.zeit.de\/stoerungsmelder\/wp-json\/wp\/v2\/comments?post=274"}],"version-history":[{"count":0,"href":"https:\/\/blog.zeit.de\/stoerungsmelder\/wp-json\/wp\/v2\/posts\/274\/revisions"}],"wp:attachment":[{"href":"https:\/\/blog.zeit.de\/stoerungsmelder\/wp-json\/wp\/v2\/media?parent=274"}],"wp:term":[{"taxonomy":"category","embeddable":true,"href":"https:\/\/blog.zeit.de\/stoerungsmelder\/wp-json\/wp\/v2\/categories?post=274"},{"taxonomy":"post_tag","embeddable":true,"href":"https:\/\/blog.zeit.de\/stoerungsmelder\/wp-json\/wp\/v2\/tags?post=274"}],"curies":[{"name":"wp","href":"https:\/\/api.w.org\/{rel}","templated":true}]}}