{"id":27424,"date":"2018-10-17T08:02:41","date_gmt":"2018-10-17T06:02:41","guid":{"rendered":"https:\/\/blog.zeit.de\/stoerungsmelder\/?p=27424"},"modified":"2019-06-23T20:57:38","modified_gmt":"2019-06-23T18:57:38","slug":"npd-schutzzone-salzgitter-rechtsextremismus","status":"publish","type":"post","link":"https:\/\/blog.zeit.de\/stoerungsmelder\/2018\/10\/17\/npd-schutzzone-salzgitter-rechtsextremismus_27424","title":{"rendered":"Wenn Rechte nach dem Rechten sehen"},"content":{"rendered":"<p><strong>Bei der Aktion Schafft Schutzzonen l\u00e4sst die NPD ihre Anh\u00e4nger als B\u00fcrgerwehr durch die Stadt laufen. Im nieders\u00e4chsischen Salzgitter kommt der braune Spuk bei Gleichgesinnten gut an.<\/strong><\/p>\n<p><em>Von Bela Mittelst\u00e4dt<\/em><\/p>\n<p><figure id=\"attachment_27430\" aria-describedby=\"caption-attachment-27430\" style=\"width: 620px\" class=\"wp-caption aligncenter\"><img loading=\"lazy\" decoding=\"async\" class=\"wp-image-27430 size-medium\" src=\"https:\/\/blog.zeit.de\/stoerungsmelder\/files\/2018\/10\/87240414-1-620x402.jpg\" alt=\"NPD \u2013 Wenn Rechte nach dem Rechten sehen\" width=\"620\" height=\"402\" \/><figcaption id=\"caption-attachment-27430\" class=\"wp-caption-text\">Bei der Schutzzonen-Kampagne zeigen NPD-Anh\u00e4nger Pr\u00e4senz auf den Stra\u00dfen (Symbolfoto).<br \/>\u00a9 Matthias Balk\/dpa<\/figcaption><\/figure><\/p>\n<p>Ihre Haare sind kurz geschoren, die Gesichter nicht erkennbar. Ihre Uniform sind schwarze und rote T-Shirts, auf denen ein zum Schild geformtes S prangt. Die breitschultrigen M\u00e4nner, die auf einer Facebook-Seite der NPD posieren, haben eine Mission: &#8222;Katastrophale Sicherheitslage beenden &#8211; Salzgitter zur Schutzzone machen!&#8220;, steht dort.<\/p>\n<p>Glaubt man ihren Worten, sind Kriminalit\u00e4t und Gewalt Alltag auf den Stra\u00dfen der nieders\u00e4chsischen Stadt Salzgitter. &#8222;Wo die Polizei die Sicherheit nicht mehr vollumf\u00e4nglich sicherstellen kann, sind wir wieder selber gefragt, den Zusammenhalt unter den Deutschen zu st\u00e4rken&#8220;, hei\u00dft es d\u00fcster.<\/p>\n<p><!--more--><\/p>\n<p>Zusammenhalt und Sicherheit \u2013 das sind die Schlagworte, mit denen die NPD dieser Tage ihren aussichtslosen Kampf aus dem politischen Abseits bestreitet. Dazu geh\u00f6rt die bundesweite Kampagne Schafft Schutzzonen. Dabei ruft die Partei dazu auf, Gruppen nach Art einer B\u00fcrgerwehr zu gr\u00fcnden, wo &#8222;der Staat nicht f\u00e4hig oder willens ist, seine B\u00fcrger zu sch\u00fctzen&#8220;, wie es auf der Homepage der Aktion hei\u00dft. Mitstreiter des Projekts sind unter anderem in Bochum, Berlin und N\u00fcrnberg gesichtet worden; die Aktivit\u00e4ten einer Truppe aus Cottbus hatte der <em>St\u00f6rungsmelder<\/em> bereits <a href=\"https:\/\/blog.zeit.de\/stoerungsmelder\/2018\/10\/10\/spaziergaenge-fuers-vaterland_27354\">in der vergangenen Woche beleuchtet<\/a>.<\/p>\n<h2>Bei Sympathisanten kommt die Patrouille gut an<\/h2>\n<p>Salzgitter geh\u00f6rt dabei zu den fruchtbarsten Feldern f\u00fcr die Rechtsextremisten. W\u00e4hrend die NPD niedersachsenweit faktisch keine Rolle mehr spielt, kann sie im November wohl mit zahlreichen Teilnehmern bei einer geplanten Demonstration rechnen. Auch die AfD kommt in der 100.000-Einwohner-Stadt gut an \u2013 im Stadtteil Lebenstedt erreichte sie bei der Landtagswahl im vergangenen Jahr 18,5 Prozent der Stimmen, w\u00e4hrend es landesweit nur 6,2 Prozent waren.<\/p>\n<p>Mitglieder der Schutzzone Salzgitter waren Mitte August zum ersten Mal an verschiedenen belebten Orten in und um die Stadt unterwegs. Ihr Auftreten ist immer dasselbe: Eine Gruppe M\u00e4nner inszeniert sich als wachsame B\u00fcrger, die ansprechbar sein wollen. Die Eins\u00e4tze dokumentieren sie auf Facebook, in den Kommentaren werben sie, die Schutzzone sei &#8222;ein Projekt zum Mitmachen&#8220;. Ihre Gesichter zeigen sie so gut wie nie. In Videos betonen sie, nur &#8222;die Augen offen zu halten&#8220;. Eine B\u00fcrgerwehr seien sie keineswegs und sie w\u00fcrden auch keine Selbstjustiz \u00fcben. Den Posts zufolge sind sie bisher mindestens ein halbes Dutzend Mal zu Rundg\u00e4ngen aufgebrochen.<\/p>\n<p>\u00dcber den politischen Hintergrund gibt es indes keine Zweifel: Ende August k\u00fcndigte die Gruppe an, sich an den <a href=\"https:\/\/blog.zeit.de\/stoerungsmelder\/2018\/08\/31\/traum-von-der-rechten-revolution_27120\">Protesten in Chemnitz<\/a> zu beteiligen.<\/p>\n<h2>&#8222;Nur geringe Aufmerksamkeit&#8220;<\/h2>\n<p>Schon 850 Nutzer haben der Facebook-Gruppe ein Like gegeben. Viele loben sie in Kommentaren f\u00fcr ihr &#8222;Engagement&#8220;. Die Schutzzonen-G\u00e4nger wiederum prahlen, dass bei einem angek\u00fcndigten &#8222;Stammtisch&#8220; keine Pl\u00e4tze mehr vergeben werden k\u00f6nnten.<\/p>\n<p>Salzgitter \u2013 ein voller Erfolg also? Das Innenministerium in Hannover sieht das anders. &#8222;Allgemein l\u00e4sst sich feststellen, dass die NPD mit ihren Aktionen nur geringe Aufmerksamkeit auf sich zieht und nicht in der Lage ist, den Diskurs in der rechtsextremistischen Szene zu bestimmen&#8220;, teilt es auf Anfrage mit. Auch das B\u00fcndnis gegen Rechts in Braunschweig misst der Schutzzone Salzgitter eher eine &#8222;propagandistische&#8220; Funktion f\u00fcr NPD und Junge Nationalisten in Niedersachsen bei. Das Mobilisierungspotenzial der Aktion sei gering.<\/p>\n<p>Die Polizei hat die Aktivit\u00e4ten trotzdem auf dem Schirm. Dort werden die Organisatoren dem NPD-Unterbezirk Braunschweig und der Nachwuchsorganisation Junge Nationalisten zugeordnet. Einige Mitglieder seien zudem aus dem fr\u00fcheren Kollektiv Nordharz bekannt. In dieser Gruppe hatten sich rund ein Dutzend Neonazis zusammengeschlossen. Anfang Januar <a href=\"https:\/\/blog.zeit.de\/stoerungsmelder\/2018\/01\/14\/kollektiv-nordharz-loest-sich-zugunsten-der-partei-die-rechte-auf_25330\">l\u00f6ste sie sich auf<\/a> \u2013 vermutlich, um einem Verbot zu entgehen.<\/p>\n<h2>Wichtige Wirkung auf die Szene<\/h2>\n<p>Um ihr Gewaltmonopol nicht zu gef\u00e4hrden, hat die Polizei unterdessen angek\u00fcndigt, mehr Streifen in die Stadt zu schicken \u2013 schlie\u00dflich habe niemand das Recht, &#8222;willk\u00fcrlich eine sogenannte Schutzzone einzurichten&#8220;, hei\u00dft es <a href=\"https:\/\/www.presseportal.de\/blaulicht\/pm\/56519\/4052430\" target=\"_blank\" rel=\"noopener noreferrer\">in einer Pressemitteilung<\/a>. Ob die militanten Auftritte damit einged\u00e4mmt werden, ist fraglich. Kristin Harney von der Mobilen Beratung gegen Rechtsextremismus Niedersachsen meint dazu: &#8222;Wenn Personen der rechtsextremen Szene, uniform gekleidet, als Gruppe durch Stadtteile ziehen, um selbsternannt f\u00fcr &#8218;Sicherheit zu sorgen&#8216;, kann das eine sehr abschreckende Wirkung haben. Insbesondere, wenn dieses Verhalten in der \u00d6ffentlichkeit weitestgehend unkommentiert bleibt.&#8220;<\/p>\n<p><figure id=\"attachment_27428\" aria-describedby=\"caption-attachment-27428\" style=\"width: 560px\" class=\"wp-caption aligncenter\"><img loading=\"lazy\" decoding=\"async\" class=\"wp-image-27428 size-full\" src=\"https:\/\/blog.zeit.de\/stoerungsmelder\/files\/2018\/10\/Post-26.09.-Patrouillie-am-Salzgittersee.jpg\" alt=\"NPD \u2013 Wenn Rechte nach dem Rechten sehen\" width=\"560\" height=\"539\" \/><figcaption id=\"caption-attachment-27428\" class=\"wp-caption-text\">In einem Facebook-Post berichten die Teilnehmer \u00fcber ihren Rundgang.<br \/>Screenshot: St\u00f6rungsmelder<\/figcaption><\/figure><\/p>\n<p>Szeneintern habe der Auftritt in Gruppen eine wichtige Funktion. Dadurch werde der Zusammenhalt gest\u00e4rkt und ein gemeinsames &#8222;Aktionsmoment&#8220; geschaffen. Auch in anderen St\u00e4dten in Niedersachsen scheint die Idee Interesse bei Rechten zu wecken. Sowohl in Oldenburg als auch in Braunschweig sind Sticker mit der Aufschrift &#8222;Schafft rechte Schutzzonen&#8220; vor Schulen und auf Autos aufgetaucht.<\/p>\n<p>Und die selbst ernannten Aufpasser in Salzgitter machen weiter. Auf einem Foto von Ende September blicken vier breitschultrige M\u00e4nner in Rot und Schwarz auf den abendlichen Salzgittersee. F\u00fcr diesen Abend soll er Schutzzone f\u00fcr &#8222;Jogger und Fahrradfahrer&#8220; sein. Deutsche nat\u00fcrlich.<\/p>\n","protected":false},"excerpt":{"rendered":"<p>Mit ihrer &#8222;Schutzzonen&#8220;-B\u00fcrgerwehr will die schwache NPD endlich wieder Anh\u00e4nger zusammenbringen. Im nieders\u00e4chsischen Salzgitter gelingt ihr das &#8211; zumindest ein bisschen.<\/p>\n","protected":false},"author":1105,"featured_media":27430,"comment_status":"open","ping_status":"closed","sticky":false,"template":"","format":"standard","meta":{"_jetpack_memberships_contains_paid_content":false,"footnotes":""},"categories":[1454],"tags":[34266,41371,1716,35387,41428],"class_list":["post-27424","post","type-post","status-publish","format-standard","has-post-thumbnail","hentry","category-niedersachsen","tag-burgerwehr","tag-kollektiv-nordharz","tag-npd","tag-salzgitter","tag-schafft-schutzzonen"],"yoast_head":"<!-- This site is optimized with the Yoast SEO plugin v21.0 - https:\/\/yoast.com\/wordpress\/plugins\/seo\/ -->\n<title>NPD: Wenn Rechte nach dem Rechten sehen<\/title>\n<meta name=\"description\" content=\"Bei der Aktion Schafft Schutzzonen l\u00e4sst die NPD ihre Anh\u00e4nger als B\u00fcrgerwehr durch das nieders\u00e4chsische Salzgitter laufen.\" \/>\n<meta name=\"robots\" content=\"index, follow, max-snippet:-1, max-image-preview:large, max-video-preview:-1\" \/>\n<link rel=\"canonical\" href=\"https:\/\/blog.zeit.de\/stoerungsmelder\/2018\/10\/17\/npd-schutzzone-salzgitter-rechtsextremismus_27424\" \/>\n<meta property=\"og:locale\" content=\"de_DE\" \/>\n<meta property=\"og:type\" content=\"article\" \/>\n<meta property=\"og:title\" content=\"NPD: Wenn Rechte nach dem Rechten sehen\" \/>\n<meta property=\"og:description\" content=\"Bei der Aktion Schafft Schutzzonen l\u00e4sst die NPD ihre Anh\u00e4nger als B\u00fcrgerwehr durch das nieders\u00e4chsische Salzgitter laufen.\" \/>\n<meta property=\"og:url\" content=\"https:\/\/blog.zeit.de\/stoerungsmelder\/2018\/10\/17\/npd-schutzzone-salzgitter-rechtsextremismus_27424\" \/>\n<meta property=\"og:site_name\" content=\"St\u00f6rungsmelder\" \/>\n<meta property=\"article:published_time\" content=\"2018-10-17T06:02:41+00:00\" \/>\n<meta property=\"article:modified_time\" content=\"2019-06-23T18:57:38+00:00\" \/>\n<meta property=\"og:image\" content=\"https:\/\/blog.zeit.de\/stoerungsmelder\/files\/2018\/10\/87240414-1.jpg\" \/>\n\t<meta property=\"og:image:width\" content=\"620\" \/>\n\t<meta property=\"og:image:height\" content=\"402\" \/>\n\t<meta property=\"og:image:type\" content=\"image\/jpeg\" \/>\n<meta name=\"author\" content=\"Bela Mittelst\u00e4dt\" \/>\n<meta name=\"twitter:card\" content=\"summary_large_image\" \/>\n<meta name=\"twitter:description\" content=\"Mit ihrer #Schutzzonen-B\u00fcrgerwehr will die schwache #NPD endlich wieder Anh\u00e4nger zusammenbringen. Im nieders\u00e4chsischen #Salzgitter gelingt ihr das - zumindest ein bisschen.\" \/>\n<meta name=\"twitter:label1\" content=\"Geschrieben von\" \/>\n\t<meta name=\"twitter:data1\" content=\"Bela Mittelst\u00e4dt\" \/>\n\t<meta name=\"twitter:label2\" content=\"Gesch\u00e4tzte Lesezeit\" \/>\n\t<meta name=\"twitter:data2\" content=\"4\u00a0Minuten\" \/>\n<script type=\"application\/ld+json\" class=\"yoast-schema-graph\">{\"@context\":\"https:\/\/schema.org\",\"@graph\":[{\"@type\":\"WebPage\",\"@id\":\"https:\/\/blog.zeit.de\/stoerungsmelder\/2018\/10\/17\/npd-schutzzone-salzgitter-rechtsextremismus_27424\",\"url\":\"https:\/\/blog.zeit.de\/stoerungsmelder\/2018\/10\/17\/npd-schutzzone-salzgitter-rechtsextremismus_27424\",\"name\":\"NPD: Wenn Rechte nach dem Rechten sehen\",\"isPartOf\":{\"@id\":\"https:\/\/blog.zeit.de\/stoerungsmelder\/#website\"},\"datePublished\":\"2018-10-17T06:02:41+00:00\",\"dateModified\":\"2019-06-23T18:57:38+00:00\",\"author\":{\"@id\":\"https:\/\/blog.zeit.de\/stoerungsmelder\/#\/schema\/person\/32edf7fc62dcf70484f8176c95b7d644\"},\"description\":\"Bei der Aktion Schafft Schutzzonen l\u00e4sst die NPD ihre Anh\u00e4nger als B\u00fcrgerwehr durch das nieders\u00e4chsische Salzgitter laufen.\",\"breadcrumb\":{\"@id\":\"https:\/\/blog.zeit.de\/stoerungsmelder\/2018\/10\/17\/npd-schutzzone-salzgitter-rechtsextremismus_27424#breadcrumb\"},\"inLanguage\":\"de\",\"potentialAction\":[{\"@type\":\"ReadAction\",\"target\":[\"https:\/\/blog.zeit.de\/stoerungsmelder\/2018\/10\/17\/npd-schutzzone-salzgitter-rechtsextremismus_27424\"]}]},{\"@type\":\"BreadcrumbList\",\"@id\":\"https:\/\/blog.zeit.de\/stoerungsmelder\/2018\/10\/17\/npd-schutzzone-salzgitter-rechtsextremismus_27424#breadcrumb\",\"itemListElement\":[{\"@type\":\"ListItem\",\"position\":1,\"name\":\"Startseite\",\"item\":\"https:\/\/blog.zeit.de\/stoerungsmelder\"},{\"@type\":\"ListItem\",\"position\":2,\"name\":\"Wenn Rechte nach dem Rechten sehen\"}]},{\"@type\":\"WebSite\",\"@id\":\"https:\/\/blog.zeit.de\/stoerungsmelder\/#website\",\"url\":\"https:\/\/blog.zeit.de\/stoerungsmelder\/\",\"name\":\"St\u00f6rungsmelder\",\"description\":\"Recherchen und Analysen \u00fcber die extreme Rechte\",\"potentialAction\":[{\"@type\":\"SearchAction\",\"target\":{\"@type\":\"EntryPoint\",\"urlTemplate\":\"https:\/\/blog.zeit.de\/stoerungsmelder\/?s={search_term_string}\"},\"query-input\":\"required name=search_term_string\"}],\"inLanguage\":\"de\"},{\"@type\":\"Person\",\"@id\":\"https:\/\/blog.zeit.de\/stoerungsmelder\/#\/schema\/person\/32edf7fc62dcf70484f8176c95b7d644\",\"name\":\"Bela Mittelst\u00e4dt\",\"image\":{\"@type\":\"ImageObject\",\"inLanguage\":\"de\",\"@id\":\"https:\/\/blog.zeit.de\/stoerungsmelder\/#\/schema\/person\/image\/\",\"url\":\"https:\/\/secure.gravatar.com\/avatar\/d347af56e94c515bbacd9b6dc675101386b75a9c457dee9f0f52f1165c23c42f?s=96&d=mm&r=pg\",\"contentUrl\":\"https:\/\/secure.gravatar.com\/avatar\/d347af56e94c515bbacd9b6dc675101386b75a9c457dee9f0f52f1165c23c42f?s=96&d=mm&r=pg\",\"caption\":\"Bela Mittelst\u00e4dt\"},\"url\":\"https:\/\/blog.zeit.de\/stoerungsmelder\/author\/belamittelstaedt\"}]}<\/script>\n<!-- \/ Yoast SEO plugin. -->","yoast_head_json":{"title":"NPD: Wenn Rechte nach dem Rechten sehen","description":"Bei der Aktion Schafft Schutzzonen l\u00e4sst die NPD ihre Anh\u00e4nger als B\u00fcrgerwehr durch das nieders\u00e4chsische Salzgitter laufen.","robots":{"index":"index","follow":"follow","max-snippet":"max-snippet:-1","max-image-preview":"max-image-preview:large","max-video-preview":"max-video-preview:-1"},"canonical":"https:\/\/blog.zeit.de\/stoerungsmelder\/2018\/10\/17\/npd-schutzzone-salzgitter-rechtsextremismus_27424","og_locale":"de_DE","og_type":"article","og_title":"NPD: Wenn Rechte nach dem Rechten sehen","og_description":"Bei der Aktion Schafft Schutzzonen l\u00e4sst die NPD ihre Anh\u00e4nger als B\u00fcrgerwehr durch das nieders\u00e4chsische Salzgitter laufen.","og_url":"https:\/\/blog.zeit.de\/stoerungsmelder\/2018\/10\/17\/npd-schutzzone-salzgitter-rechtsextremismus_27424","og_site_name":"St\u00f6rungsmelder","article_published_time":"2018-10-17T06:02:41+00:00","article_modified_time":"2019-06-23T18:57:38+00:00","og_image":[{"width":620,"height":402,"url":"https:\/\/blog.zeit.de\/stoerungsmelder\/files\/2018\/10\/87240414-1.jpg","type":"image\/jpeg"}],"author":"Bela Mittelst\u00e4dt","twitter_card":"summary_large_image","twitter_description":"Mit ihrer #Schutzzonen-B\u00fcrgerwehr will die schwache #NPD endlich wieder Anh\u00e4nger zusammenbringen. Im nieders\u00e4chsischen #Salzgitter gelingt ihr das - zumindest ein bisschen.","twitter_misc":{"Geschrieben von":"Bela Mittelst\u00e4dt","Gesch\u00e4tzte Lesezeit":"4\u00a0Minuten"},"schema":{"@context":"https:\/\/schema.org","@graph":[{"@type":"WebPage","@id":"https:\/\/blog.zeit.de\/stoerungsmelder\/2018\/10\/17\/npd-schutzzone-salzgitter-rechtsextremismus_27424","url":"https:\/\/blog.zeit.de\/stoerungsmelder\/2018\/10\/17\/npd-schutzzone-salzgitter-rechtsextremismus_27424","name":"NPD: Wenn Rechte nach dem Rechten sehen","isPartOf":{"@id":"https:\/\/blog.zeit.de\/stoerungsmelder\/#website"},"datePublished":"2018-10-17T06:02:41+00:00","dateModified":"2019-06-23T18:57:38+00:00","author":{"@id":"https:\/\/blog.zeit.de\/stoerungsmelder\/#\/schema\/person\/32edf7fc62dcf70484f8176c95b7d644"},"description":"Bei der Aktion Schafft Schutzzonen l\u00e4sst die NPD ihre Anh\u00e4nger als B\u00fcrgerwehr durch das nieders\u00e4chsische Salzgitter laufen.","breadcrumb":{"@id":"https:\/\/blog.zeit.de\/stoerungsmelder\/2018\/10\/17\/npd-schutzzone-salzgitter-rechtsextremismus_27424#breadcrumb"},"inLanguage":"de","potentialAction":[{"@type":"ReadAction","target":["https:\/\/blog.zeit.de\/stoerungsmelder\/2018\/10\/17\/npd-schutzzone-salzgitter-rechtsextremismus_27424"]}]},{"@type":"BreadcrumbList","@id":"https:\/\/blog.zeit.de\/stoerungsmelder\/2018\/10\/17\/npd-schutzzone-salzgitter-rechtsextremismus_27424#breadcrumb","itemListElement":[{"@type":"ListItem","position":1,"name":"Startseite","item":"https:\/\/blog.zeit.de\/stoerungsmelder"},{"@type":"ListItem","position":2,"name":"Wenn Rechte nach dem Rechten sehen"}]},{"@type":"WebSite","@id":"https:\/\/blog.zeit.de\/stoerungsmelder\/#website","url":"https:\/\/blog.zeit.de\/stoerungsmelder\/","name":"St\u00f6rungsmelder","description":"Recherchen und Analysen \u00fcber die extreme Rechte","potentialAction":[{"@type":"SearchAction","target":{"@type":"EntryPoint","urlTemplate":"https:\/\/blog.zeit.de\/stoerungsmelder\/?s={search_term_string}"},"query-input":"required name=search_term_string"}],"inLanguage":"de"},{"@type":"Person","@id":"https:\/\/blog.zeit.de\/stoerungsmelder\/#\/schema\/person\/32edf7fc62dcf70484f8176c95b7d644","name":"Bela Mittelst\u00e4dt","image":{"@type":"ImageObject","inLanguage":"de","@id":"https:\/\/blog.zeit.de\/stoerungsmelder\/#\/schema\/person\/image\/","url":"https:\/\/secure.gravatar.com\/avatar\/d347af56e94c515bbacd9b6dc675101386b75a9c457dee9f0f52f1165c23c42f?s=96&d=mm&r=pg","contentUrl":"https:\/\/secure.gravatar.com\/avatar\/d347af56e94c515bbacd9b6dc675101386b75a9c457dee9f0f52f1165c23c42f?s=96&d=mm&r=pg","caption":"Bela Mittelst\u00e4dt"},"url":"https:\/\/blog.zeit.de\/stoerungsmelder\/author\/belamittelstaedt"}]}},"jetpack_featured_media_url":"https:\/\/blog.zeit.de\/stoerungsmelder\/files\/2018\/10\/87240414-1.jpg","jetpack_sharing_enabled":true,"_links":{"self":[{"href":"https:\/\/blog.zeit.de\/stoerungsmelder\/wp-json\/wp\/v2\/posts\/27424","targetHints":{"allow":["GET"]}}],"collection":[{"href":"https:\/\/blog.zeit.de\/stoerungsmelder\/wp-json\/wp\/v2\/posts"}],"about":[{"href":"https:\/\/blog.zeit.de\/stoerungsmelder\/wp-json\/wp\/v2\/types\/post"}],"author":[{"embeddable":true,"href":"https:\/\/blog.zeit.de\/stoerungsmelder\/wp-json\/wp\/v2\/users\/1105"}],"replies":[{"embeddable":true,"href":"https:\/\/blog.zeit.de\/stoerungsmelder\/wp-json\/wp\/v2\/comments?post=27424"}],"version-history":[{"count":8,"href":"https:\/\/blog.zeit.de\/stoerungsmelder\/wp-json\/wp\/v2\/posts\/27424\/revisions"}],"predecessor-version":[{"id":28654,"href":"https:\/\/blog.zeit.de\/stoerungsmelder\/wp-json\/wp\/v2\/posts\/27424\/revisions\/28654"}],"wp:featuredmedia":[{"embeddable":true,"href":"https:\/\/blog.zeit.de\/stoerungsmelder\/wp-json\/wp\/v2\/media\/27430"}],"wp:attachment":[{"href":"https:\/\/blog.zeit.de\/stoerungsmelder\/wp-json\/wp\/v2\/media?parent=27424"}],"wp:term":[{"taxonomy":"category","embeddable":true,"href":"https:\/\/blog.zeit.de\/stoerungsmelder\/wp-json\/wp\/v2\/categories?post=27424"},{"taxonomy":"post_tag","embeddable":true,"href":"https:\/\/blog.zeit.de\/stoerungsmelder\/wp-json\/wp\/v2\/tags?post=27424"}],"curies":[{"name":"wp","href":"https:\/\/api.w.org\/{rel}","templated":true}]}}