{"id":275,"date":"2008-04-02T19:56:29","date_gmt":"2008-04-02T18:56:29","guid":{"rendered":"http:\/\/blog.zeit.de\/stoerungsmelder\/2008\/04\/02\/kein-ende-der-verstimmung-npd-kader-streiten-weiter-um-parteivorsitz_275"},"modified":"2008-04-02T19:56:29","modified_gmt":"2008-04-02T18:56:29","slug":"kein-ende-der-verstimmung-npd-kader-streiten-weiter-um-parteivorsitz","status":"publish","type":"post","link":"https:\/\/blog.zeit.de\/stoerungsmelder\/2008\/04\/02\/kein-ende-der-verstimmung-npd-kader-streiten-weiter-um-parteivorsitz_275","title":{"rendered":"Kein Ende der Verstimmung: NPD-Kader streiten weiter um Parteivorsitz"},"content":{"rendered":"<p>Nachdem die F\u00fchrungskr\u00e4fte der NPD nunmehr bereits seit Tagen \u00fcber den neuen Bundesvorsitzenden der rechtsextremistischen Partei streiten, bieten j\u00fcngste \u00c4u\u00dferungen von Udo Voigt, Udo Past\u00f6rs und Andreas Molau gegen\u00fcber der rechtskonservativen Wochenzeitung &#8222;Junge Freiheit&#8220; erneut reichlich Material f\u00fcr Spekulationen. <!--more--><\/p>\n<p>So wird die JF in ihrer Printausgabe vom kommenden Freitag einen Beitrag von Felix Krautkr\u00e4mer ver\u00f6ffentlichen, in der der NPD-Fraktionsvorsitzende von Mecklenburg-Vorpommern, Udo Past\u00f6rs, zwar hinsichtlich seiner Ambitionen etwas zur\u00fcck rudert &#8211; jedoch nicht ohne sich ein Hintert\u00fcrchen offen zu halten. Lediglich wenn sich die Vorw\u00fcrfe gegen\u00fcber NPD-Schatzmeister Kemna als richtig erweisen w\u00fcrden, k\u00f6nnte er sich eine Kandidatur vorstellen. \u201eIn diesem Fall bin auch ich Parteisoldat.\u201c, wird Past\u00f6rs von der JF zitiert. Er fordert au\u00dferdem entgegen der Vorstellungen Udo Voigts eine Aufk\u00fcndigung des Deutschlandpakts mit der DVU.<\/p>\n<p>Molau hingegen scheint deutlichere Lust zu einer Kampfkandidatur zu versp\u00fcren. Wenn Voigt inhaltlich und personell unter den falschen Pr\u00e4missen antrete, k\u00f6nne er sich eine Kandidatur vorstellen: \u201eWenn ich den Eindruck habe, da\u00df er das mit den falschen Pr\u00e4missen tut, werde ich antreten.\u201c, so Molau.<\/p>\n<p>Nach Angaben Krautkr\u00e4mers soll Molau au\u00dferdem Kritik am Demo-Tourismus des amtierenden Vorsitzenden Voigt ge\u00e4u\u00dfert haben. Dies wiederum st\u00f6\u00dft auf Verwunderung. \u201eDas Drei-S\u00e4ulen-Konzept ist nach wie vor richtig. Der Kampf um die Stra\u00dfe ist mindestens so wichtig wie der um die Parlamente. Wenn wir den Kampf um die Stra\u00dfe vergessen, geht es uns irgendwann so wie den Republikanern. Insofern finde ich Herrn Molaus \u00c4u\u00dferungen interessant, da er im Parteivorstand bislang nichts in diese Richtung verlauten lie\u00df\u201c, sagte Voigt demnach gegen\u00fcber der JF.<\/p>\n<p><a href=\"http:\/\/www.endstation-rechts.de\/index.php?option=com_content&amp;task=view&amp;id=1322&amp;Itemid=92\/\"><img decoding=\"async\" src=\"http:\/\/www.endstation-rechts.de\/er-logo.gif\" alt=\"michael-schaefer\" align=\"left\" border=\"0\" hspace=\"10\" vspace=\"5\" width=\"50\" \/><\/a><br \/>\nweitere Informationen: <a href=\"http:\/\/www.endstation-rechts.de\/index.php?option=com_content&amp;task=view&amp;id=1322&amp;Itemid=92\/\">http:\/\/www.endstation-rechts.de<\/a><\/p>\n","protected":false},"excerpt":{"rendered":"<p>Nachdem die F\u00fchrungskr\u00e4fte der NPD nunmehr bereits seit Tagen \u00fcber den neuen Bundesvorsitzenden der rechtsextremistischen Partei streiten, bieten j\u00fcngste \u00c4u\u00dferungen von Udo Voigt, Udo Past\u00f6rs und Andreas Molau gegen\u00fcber der rechtskonservativen Wochenzeitung &#8222;Junge Freiheit&#8220; erneut reichlich Material f\u00fcr Spekulationen.<\/p>\n","protected":false},"author":239,"featured_media":0,"comment_status":"open","ping_status":"open","sticky":false,"template":"","format":"standard","meta":{"_jetpack_memberships_contains_paid_content":false,"footnotes":""},"categories":[1515,90],"tags":[1635,1716],"class_list":["post-275","post","type-post","status-publish","format-standard","hentry","category-bundesweit","category-mecklenburg-vorpommern","tag-junge-freiheit","tag-npd"],"yoast_head":"<!-- This site is optimized with the Yoast SEO plugin v21.0 - https:\/\/yoast.com\/wordpress\/plugins\/seo\/ -->\n<title>Kein Ende der Verstimmung: NPD-Kader streiten weiter um Parteivorsitz - St\u00f6rungsmelder<\/title>\n<meta name=\"robots\" content=\"index, follow, max-snippet:-1, max-image-preview:large, max-video-preview:-1\" \/>\n<link rel=\"canonical\" href=\"https:\/\/blog.zeit.de\/stoerungsmelder\/2008\/04\/02\/kein-ende-der-verstimmung-npd-kader-streiten-weiter-um-parteivorsitz_275\" \/>\n<meta property=\"og:locale\" content=\"de_DE\" \/>\n<meta property=\"og:type\" content=\"article\" \/>\n<meta property=\"og:title\" content=\"Kein Ende der Verstimmung: NPD-Kader streiten weiter um Parteivorsitz - St\u00f6rungsmelder\" \/>\n<meta property=\"og:description\" content=\"Nachdem die F\u00fchrungskr\u00e4fte der NPD nunmehr bereits seit Tagen \u00fcber den neuen Bundesvorsitzenden der rechtsextremistischen Partei streiten, bieten j\u00fcngste \u00c4u\u00dferungen von Udo Voigt, Udo Past\u00f6rs und Andreas Molau gegen\u00fcber der rechtskonservativen Wochenzeitung &#8222;Junge Freiheit&#8220; erneut reichlich Material f\u00fcr Spekulationen.\" \/>\n<meta property=\"og:url\" content=\"https:\/\/blog.zeit.de\/stoerungsmelder\/2008\/04\/02\/kein-ende-der-verstimmung-npd-kader-streiten-weiter-um-parteivorsitz_275\" \/>\n<meta property=\"og:site_name\" content=\"St\u00f6rungsmelder\" \/>\n<meta property=\"article:published_time\" content=\"2008-04-02T18:56:29+00:00\" \/>\n<meta property=\"og:image\" content=\"http:\/\/www.endstation-rechts.de\/er-logo.gif\" \/>\n<meta name=\"author\" content=\"Mathias Brodkorb\" \/>\n<meta name=\"twitter:card\" content=\"summary_large_image\" \/>\n<meta name=\"twitter:label1\" content=\"Geschrieben von\" \/>\n\t<meta name=\"twitter:data1\" content=\"Mathias Brodkorb\" \/>\n\t<meta name=\"twitter:label2\" content=\"Gesch\u00e4tzte Lesezeit\" \/>\n\t<meta name=\"twitter:data2\" content=\"1\u00a0Minute\" \/>\n<script type=\"application\/ld+json\" class=\"yoast-schema-graph\">{\"@context\":\"https:\/\/schema.org\",\"@graph\":[{\"@type\":\"WebPage\",\"@id\":\"https:\/\/blog.zeit.de\/stoerungsmelder\/2008\/04\/02\/kein-ende-der-verstimmung-npd-kader-streiten-weiter-um-parteivorsitz_275\",\"url\":\"https:\/\/blog.zeit.de\/stoerungsmelder\/2008\/04\/02\/kein-ende-der-verstimmung-npd-kader-streiten-weiter-um-parteivorsitz_275\",\"name\":\"Kein Ende der Verstimmung: NPD-Kader streiten weiter um Parteivorsitz - St\u00f6rungsmelder\",\"isPartOf\":{\"@id\":\"https:\/\/blog.zeit.de\/stoerungsmelder\/#website\"},\"datePublished\":\"2008-04-02T18:56:29+00:00\",\"dateModified\":\"2008-04-02T18:56:29+00:00\",\"author\":{\"@id\":\"https:\/\/blog.zeit.de\/stoerungsmelder\/#\/schema\/person\/dfe941804ae69466e49dbc5cd6f1beca\"},\"breadcrumb\":{\"@id\":\"https:\/\/blog.zeit.de\/stoerungsmelder\/2008\/04\/02\/kein-ende-der-verstimmung-npd-kader-streiten-weiter-um-parteivorsitz_275#breadcrumb\"},\"inLanguage\":\"de\",\"potentialAction\":[{\"@type\":\"ReadAction\",\"target\":[\"https:\/\/blog.zeit.de\/stoerungsmelder\/2008\/04\/02\/kein-ende-der-verstimmung-npd-kader-streiten-weiter-um-parteivorsitz_275\"]}]},{\"@type\":\"BreadcrumbList\",\"@id\":\"https:\/\/blog.zeit.de\/stoerungsmelder\/2008\/04\/02\/kein-ende-der-verstimmung-npd-kader-streiten-weiter-um-parteivorsitz_275#breadcrumb\",\"itemListElement\":[{\"@type\":\"ListItem\",\"position\":1,\"name\":\"Startseite\",\"item\":\"https:\/\/blog.zeit.de\/stoerungsmelder\"},{\"@type\":\"ListItem\",\"position\":2,\"name\":\"Kein Ende der Verstimmung: NPD-Kader streiten weiter um Parteivorsitz\"}]},{\"@type\":\"WebSite\",\"@id\":\"https:\/\/blog.zeit.de\/stoerungsmelder\/#website\",\"url\":\"https:\/\/blog.zeit.de\/stoerungsmelder\/\",\"name\":\"St\u00f6rungsmelder\",\"description\":\"Recherchen und Analysen \u00fcber die extreme Rechte\",\"potentialAction\":[{\"@type\":\"SearchAction\",\"target\":{\"@type\":\"EntryPoint\",\"urlTemplate\":\"https:\/\/blog.zeit.de\/stoerungsmelder\/?s={search_term_string}\"},\"query-input\":\"required name=search_term_string\"}],\"inLanguage\":\"de\"},{\"@type\":\"Person\",\"@id\":\"https:\/\/blog.zeit.de\/stoerungsmelder\/#\/schema\/person\/dfe941804ae69466e49dbc5cd6f1beca\",\"name\":\"Mathias Brodkorb\",\"image\":{\"@type\":\"ImageObject\",\"inLanguage\":\"de\",\"@id\":\"https:\/\/blog.zeit.de\/stoerungsmelder\/#\/schema\/person\/image\/\",\"url\":\"https:\/\/secure.gravatar.com\/avatar\/3b19999ee4389202766a7fbbf21812f28592ca91b09b4b11ad962b1f3e8f7e25?s=96&d=mm&r=pg\",\"contentUrl\":\"https:\/\/secure.gravatar.com\/avatar\/3b19999ee4389202766a7fbbf21812f28592ca91b09b4b11ad962b1f3e8f7e25?s=96&d=mm&r=pg\",\"caption\":\"Mathias Brodkorb\"},\"url\":\"https:\/\/blog.zeit.de\/stoerungsmelder\/author\/mathias-brodkorb\"}]}<\/script>\n<!-- \/ Yoast SEO plugin. -->","yoast_head_json":{"title":"Kein Ende der Verstimmung: NPD-Kader streiten weiter um Parteivorsitz - St\u00f6rungsmelder","robots":{"index":"index","follow":"follow","max-snippet":"max-snippet:-1","max-image-preview":"max-image-preview:large","max-video-preview":"max-video-preview:-1"},"canonical":"https:\/\/blog.zeit.de\/stoerungsmelder\/2008\/04\/02\/kein-ende-der-verstimmung-npd-kader-streiten-weiter-um-parteivorsitz_275","og_locale":"de_DE","og_type":"article","og_title":"Kein Ende der Verstimmung: NPD-Kader streiten weiter um Parteivorsitz - St\u00f6rungsmelder","og_description":"Nachdem die F\u00fchrungskr\u00e4fte der NPD nunmehr bereits seit Tagen \u00fcber den neuen Bundesvorsitzenden der rechtsextremistischen Partei streiten, bieten j\u00fcngste \u00c4u\u00dferungen von Udo Voigt, Udo Past\u00f6rs und Andreas Molau gegen\u00fcber der rechtskonservativen Wochenzeitung &#8222;Junge Freiheit&#8220; erneut reichlich Material f\u00fcr Spekulationen.","og_url":"https:\/\/blog.zeit.de\/stoerungsmelder\/2008\/04\/02\/kein-ende-der-verstimmung-npd-kader-streiten-weiter-um-parteivorsitz_275","og_site_name":"St\u00f6rungsmelder","article_published_time":"2008-04-02T18:56:29+00:00","og_image":[{"url":"http:\/\/www.endstation-rechts.de\/er-logo.gif"}],"author":"Mathias Brodkorb","twitter_card":"summary_large_image","twitter_misc":{"Geschrieben von":"Mathias Brodkorb","Gesch\u00e4tzte Lesezeit":"1\u00a0Minute"},"schema":{"@context":"https:\/\/schema.org","@graph":[{"@type":"WebPage","@id":"https:\/\/blog.zeit.de\/stoerungsmelder\/2008\/04\/02\/kein-ende-der-verstimmung-npd-kader-streiten-weiter-um-parteivorsitz_275","url":"https:\/\/blog.zeit.de\/stoerungsmelder\/2008\/04\/02\/kein-ende-der-verstimmung-npd-kader-streiten-weiter-um-parteivorsitz_275","name":"Kein Ende der Verstimmung: NPD-Kader streiten weiter um Parteivorsitz - St\u00f6rungsmelder","isPartOf":{"@id":"https:\/\/blog.zeit.de\/stoerungsmelder\/#website"},"datePublished":"2008-04-02T18:56:29+00:00","dateModified":"2008-04-02T18:56:29+00:00","author":{"@id":"https:\/\/blog.zeit.de\/stoerungsmelder\/#\/schema\/person\/dfe941804ae69466e49dbc5cd6f1beca"},"breadcrumb":{"@id":"https:\/\/blog.zeit.de\/stoerungsmelder\/2008\/04\/02\/kein-ende-der-verstimmung-npd-kader-streiten-weiter-um-parteivorsitz_275#breadcrumb"},"inLanguage":"de","potentialAction":[{"@type":"ReadAction","target":["https:\/\/blog.zeit.de\/stoerungsmelder\/2008\/04\/02\/kein-ende-der-verstimmung-npd-kader-streiten-weiter-um-parteivorsitz_275"]}]},{"@type":"BreadcrumbList","@id":"https:\/\/blog.zeit.de\/stoerungsmelder\/2008\/04\/02\/kein-ende-der-verstimmung-npd-kader-streiten-weiter-um-parteivorsitz_275#breadcrumb","itemListElement":[{"@type":"ListItem","position":1,"name":"Startseite","item":"https:\/\/blog.zeit.de\/stoerungsmelder"},{"@type":"ListItem","position":2,"name":"Kein Ende der Verstimmung: NPD-Kader streiten weiter um Parteivorsitz"}]},{"@type":"WebSite","@id":"https:\/\/blog.zeit.de\/stoerungsmelder\/#website","url":"https:\/\/blog.zeit.de\/stoerungsmelder\/","name":"St\u00f6rungsmelder","description":"Recherchen und Analysen \u00fcber die extreme Rechte","potentialAction":[{"@type":"SearchAction","target":{"@type":"EntryPoint","urlTemplate":"https:\/\/blog.zeit.de\/stoerungsmelder\/?s={search_term_string}"},"query-input":"required name=search_term_string"}],"inLanguage":"de"},{"@type":"Person","@id":"https:\/\/blog.zeit.de\/stoerungsmelder\/#\/schema\/person\/dfe941804ae69466e49dbc5cd6f1beca","name":"Mathias Brodkorb","image":{"@type":"ImageObject","inLanguage":"de","@id":"https:\/\/blog.zeit.de\/stoerungsmelder\/#\/schema\/person\/image\/","url":"https:\/\/secure.gravatar.com\/avatar\/3b19999ee4389202766a7fbbf21812f28592ca91b09b4b11ad962b1f3e8f7e25?s=96&d=mm&r=pg","contentUrl":"https:\/\/secure.gravatar.com\/avatar\/3b19999ee4389202766a7fbbf21812f28592ca91b09b4b11ad962b1f3e8f7e25?s=96&d=mm&r=pg","caption":"Mathias Brodkorb"},"url":"https:\/\/blog.zeit.de\/stoerungsmelder\/author\/mathias-brodkorb"}]}},"jetpack_featured_media_url":"","jetpack_sharing_enabled":true,"_links":{"self":[{"href":"https:\/\/blog.zeit.de\/stoerungsmelder\/wp-json\/wp\/v2\/posts\/275","targetHints":{"allow":["GET"]}}],"collection":[{"href":"https:\/\/blog.zeit.de\/stoerungsmelder\/wp-json\/wp\/v2\/posts"}],"about":[{"href":"https:\/\/blog.zeit.de\/stoerungsmelder\/wp-json\/wp\/v2\/types\/post"}],"author":[{"embeddable":true,"href":"https:\/\/blog.zeit.de\/stoerungsmelder\/wp-json\/wp\/v2\/users\/239"}],"replies":[{"embeddable":true,"href":"https:\/\/blog.zeit.de\/stoerungsmelder\/wp-json\/wp\/v2\/comments?post=275"}],"version-history":[{"count":0,"href":"https:\/\/blog.zeit.de\/stoerungsmelder\/wp-json\/wp\/v2\/posts\/275\/revisions"}],"wp:attachment":[{"href":"https:\/\/blog.zeit.de\/stoerungsmelder\/wp-json\/wp\/v2\/media?parent=275"}],"wp:term":[{"taxonomy":"category","embeddable":true,"href":"https:\/\/blog.zeit.de\/stoerungsmelder\/wp-json\/wp\/v2\/categories?post=275"},{"taxonomy":"post_tag","embeddable":true,"href":"https:\/\/blog.zeit.de\/stoerungsmelder\/wp-json\/wp\/v2\/tags?post=275"}],"curies":[{"name":"wp","href":"https:\/\/api.w.org\/{rel}","templated":true}]}}