{"id":2750,"date":"2010-02-22T15:37:16","date_gmt":"2010-02-22T13:37:16","guid":{"rendered":"http:\/\/blog.zeit.de\/stoerungsmelder\/?p=2750"},"modified":"2010-02-22T15:37:16","modified_gmt":"2010-02-22T13:37:16","slug":"verfassungsschutz-warnt-vor-steigender-gewaltbereitschaft-bei-neonazis","status":"publish","type":"post","link":"https:\/\/blog.zeit.de\/stoerungsmelder\/2010\/02\/22\/verfassungsschutz-warnt-vor-steigender-gewaltbereitschaft-bei-neonazis_2750","title":{"rendered":"Verfassungsschutz warnt vor steigender Gewaltbereitschaft bei Neonazis"},"content":{"rendered":"<p><figure id=\"attachment_2753\" aria-describedby=\"caption-attachment-2753\" style=\"width: 410px\" class=\"wp-caption alignnone\"><a href=\"https:\/\/blog.zeit.de\/stoerungsmelder\/files\/2010\/02\/dresden9.jpg\"><img loading=\"lazy\" decoding=\"async\" class=\"size-full wp-image-2753\" title=\"dresden9\" src=\"https:\/\/blog.zeit.de\/stoerungsmelder\/files\/2010\/02\/dresden9.jpg\" alt=\"Neonazis bei der Kranzliederlegung in Dresden Foto: dpa\" width=\"410\" height=\"230\" srcset=\"https:\/\/blog.zeit.de\/stoerungsmelder\/files\/2010\/02\/dresden9.jpg 540w, https:\/\/blog.zeit.de\/stoerungsmelder\/files\/2010\/02\/dresden9-300x168.jpg 300w\" sizes=\"auto, (max-width: 410px) 100vw, 410px\" \/><\/a><figcaption id=\"caption-attachment-2753\" class=\"wp-caption-text\">Neonazis bei der Kranzliederlegung in Dresden Foto: dpa<\/figcaption><\/figure><\/p>\n<p>Die erfolgreichen Proteste gegen den Naziaufmarsch in Dresden hat die Naziszene verunsichert. Der Pr\u00e4sident des Bundesamtes f\u00fcr Verfassungsschutz, Heinz Fromm, erwartet neue Provokationen und warnt vor einer &#8222;eskalierenden Wirkung&#8220; auf den Naziaufmarsch am 1. Mai in Berlin.<!--more--><\/p>\n<p><em>Von <a href=\"http:\/\/www.tagesspiegel.de\/politik\/deutschland\/rechtsextremismus\/Rechtsextremismus-1-Mai-Nazis-Dresden;art2647,3035422\">Tagesspiegel-Autor<\/a> Frank Jansen<\/em><\/p>\n<p>Die Blockade des rechtsextremen Aufmarschs in Dresden hat in der Szene gr\u00f6\u00dfere Irritationen ausgel\u00f6st. Auf einschl\u00e4gigen Seiten im Internet wird heftig \u00fcber die Niederlage vom 13. Februar diskutiert, die Stimmung schwankt zwischen Wut, Rachefantasien und halbwegs rationaler Man\u00f6verkritik. \u201eDie BRD ist offenkundig nur noch die Karikatur eines Rechtsstaats\u201c, giftet der Chef der NPD-Fraktion im s\u00e4chsischen Landtag, Holger Apfel. Sein Pendant Udo Past\u00f6rs, Vorsitzender der NPD-Fraktion im Parlament von Mecklenburg-Vorpommern, orakelt sogar, \u201ees scheint nur noch eine Frage der Zeit zu sein, wann die Polizei das erste Mal auf friedliche nationale Demonstranten schie\u00dfen wird\u201c. Ein anonymer Neonazi schreibt in Gro\u00dfbuchstaben, der Terror von links k\u00f6nne nur durch Terror\u00a0von rechts gebrochen werden. Dagegen sinniert der Szene-Anf\u00fchrer Christian Worch \u00fcber eine \u201eSternmarschl\u00f6sung\u201c, damit sich die Rechten \u201enicht mehr wie eine Hammelherde an einem einzelnen Ort einpferchen lassen\u201c.<\/p>\n<p>Die teilweise w\u00fcsten Debatten machen die Sicherheitsbeh\u00f6rden hellh\u00f6rig. \u201eDie emotionalen Reaktionen k\u00f6nnten dazu f\u00fchren, dass sich in Teilen des Spektrums die Aggressivit\u00e4t erh\u00f6ht\u201c, warnt der Pr\u00e4sident des Bundesamtes f\u00fcr Verfassungsschutz, Heinz Fromm, im Gespr\u00e4ch mit dem Tagesspiegel. Es k\u00f6nne sich eine \u201eJetzt-erst-recht-Stimmung\u201c entwickeln, die eine eskalierende Wirkung auf k\u00fcnftige Veranstaltungen haben w\u00fcrde. Fromm erw\u00e4hnt den kommenden 1.\u00a0Mai, an dem Neonazis in Berlin aufmarschieren wollen. Man k\u00f6nne auch nicht ausschlie\u00dfen, dass die Szene im Februar 2011 zum Jahrestag der alliierten Luftangriffe auf Dresden \u201eeine Kraftprobe sucht\u201c. Einen Verzicht auf die j\u00e4hrliche Demonstration in Dresden h\u00e4lt Fromm f\u00fcr unwahrscheinlich. \u201eDas historische Thema Dresden bleibt wichtig, weil es die Szene an einem Tag zusammenbringt.\u201c Eher sei zu erwarten, dass sich die Anf\u00fchrer neue Aktionen \u00fcberlegen, \u201eauch andere Formen der Provokation\u201c, sagt der Pr\u00e4sident des Bundesamtes f\u00fcr Verfassungsschutz.<\/p>\n<p>\u00dcbereinstimmend betonen Fromm sowie Verfassungssch\u00fctzer und Politiker in Ostdeutschland, die von b\u00fcrgerlichen und linken Nazigegnern inszenierte Blockade der etwa 6000 Rechtsextremisten am Bahnhof Dresden-Neustadt sowie die gro\u00dfe Menschenkette in der Dresdener Altstadt bedeuteten R\u00fcckenwind f\u00fcr die Zivilgesellschaft in den neuen L\u00e4ndern. \u201eIn der Vergangenheit kam noch nie ein so deutliches Signal aus Dresden\u201c, sagt Sachsens Innenminister Markus Ulbig (CDU). Au\u00dferdem habe die Bev\u00f6lkerung kein Verst\u00e4ndnis f\u00fcr den Krawall von Neonazis, die aus Dresden kommend in Pirna Steine warfen. \u201eWir m\u00fcssen nun den Schub von Dresden mitnehmen, um in die Regionen hineinzuwirken\u201c, sagt Ulbig und erw\u00e4hnt die Entwicklung eines neuen Aussteigerprogramms, mit p\u00e4dagogischen Angeboten bis hin zu beruflicher Fortbildung.<\/p>\n<p>Das in Dresden gezeigte Engagement der Nazi-Gegner \u201edarf sich nicht nur auf Demonstrationen der rechtsextremistischen Szene beschr\u00e4nken\u201c, mahnt der Innenminister von Mecklenburg-Vorpommern, Lorenz Caffier (CDU). Als Vorbild nennt er die von ihm ins Leben gerufene \u201eInitiative Wehrhafte Demokratie\u201c. Gemeint ist der per Erlass eingef\u00fchrte Demokratie-Check f\u00fcr Kandidaten, die B\u00fcrgermeister oder Landrat werden wollen. Wer als Verfassungsfeind auff\u00e4llt, kann von der Wahl ausgeschlossen werden.<\/p>\n<p>Indizien f\u00fcr eine erhebliche Schw\u00e4chung der regionalen rechten Szenen durch das Debakel in Dresden sehen Verfassungssch\u00fctzer in Th\u00fcringen, Sachsen-Anhalt und Brandenburg nicht. Der spontane Aufmarsch in Gera nach der Abreise aus Dresden werde von Th\u00fcringer Rechtsextremisten als Erfolg gewertet, berichtet der Nachrichtendienst in Erfurt. Die w\u00fctenden Neonazis hatten in Gera eine Polizeikette \u00fcberrannt, verst\u00e4rkte Einsatzkr\u00e4fte nahmen mehr als 180 Randalierer fest. Und am Montag marschierten in Cottbus etwa 200 Rechtsextremisten, um an die Bombardierung der Stadt 1945 zu \u201eerinnern\u201c. Die Beh\u00f6rden hatten 50 Teilnehmer erwartet, die deutlich gr\u00f6\u00dfere Zahl war offenbar eine Reaktion der Szene auf die Blockade in Dresden. Gerade die Neonazis w\u00fcrden sich jetzt noch st\u00e4rker auf ihr \u00f6rtliches Umfeld konzentrieren, sagt Brandenburgs Verfassungsschutzchefin Winfriede Schreiber und warnt vor \u201eEinsch\u00fcchterungsstrategien\u201c.<\/p>\n","protected":false},"excerpt":{"rendered":"<p>Die erfolgreichen Proteste gegen den Naziaufmarsch in Dresden hat die Naziszene verunsichert. Der Pr\u00e4sident des Bundesamtes f\u00fcr Verfassungsschutz, Heinz Fromm, erwartet neue Provokationen und warnt vor einer &#8222;eskalierenden Wirkung&#8220; auf den Naziaufmarsch am 1. Mai in Berlin.<\/p>\n","protected":false},"author":229,"featured_media":0,"comment_status":"open","ping_status":"open","sticky":false,"template":"","format":"standard","meta":{"_jetpack_memberships_contains_paid_content":false,"footnotes":""},"categories":[1515],"tags":[],"class_list":["post-2750","post","type-post","status-publish","format-standard","hentry","category-bundesweit"],"yoast_head":"<!-- This site is optimized with the Yoast SEO plugin v21.0 - https:\/\/yoast.com\/wordpress\/plugins\/seo\/ -->\n<title>Verfassungsschutz warnt vor steigender Gewaltbereitschaft bei Neonazis - St\u00f6rungsmelder<\/title>\n<meta name=\"robots\" content=\"index, follow, max-snippet:-1, max-image-preview:large, max-video-preview:-1\" \/>\n<link rel=\"canonical\" href=\"https:\/\/blog.zeit.de\/stoerungsmelder\/2010\/02\/22\/verfassungsschutz-warnt-vor-steigender-gewaltbereitschaft-bei-neonazis_2750\" \/>\n<meta property=\"og:locale\" content=\"de_DE\" \/>\n<meta property=\"og:type\" content=\"article\" \/>\n<meta property=\"og:title\" content=\"Verfassungsschutz warnt vor steigender Gewaltbereitschaft bei Neonazis - St\u00f6rungsmelder\" \/>\n<meta property=\"og:description\" content=\"Die erfolgreichen Proteste gegen den Naziaufmarsch in Dresden hat die Naziszene verunsichert. Der Pr\u00e4sident des Bundesamtes f\u00fcr Verfassungsschutz, Heinz Fromm, erwartet neue Provokationen und warnt vor einer &#8222;eskalierenden Wirkung&#8220; auf den Naziaufmarsch am 1. Mai in Berlin.\" \/>\n<meta property=\"og:url\" content=\"https:\/\/blog.zeit.de\/stoerungsmelder\/2010\/02\/22\/verfassungsschutz-warnt-vor-steigender-gewaltbereitschaft-bei-neonazis_2750\" \/>\n<meta property=\"og:site_name\" content=\"St\u00f6rungsmelder\" \/>\n<meta property=\"article:published_time\" content=\"2010-02-22T13:37:16+00:00\" \/>\n<meta property=\"og:image\" content=\"https:\/\/blog.zeit.de\/stoerungsmelder\/files\/2010\/02\/dresden9.jpg\" \/>\n<meta name=\"author\" content=\"St\u00f6rungsmelder\" \/>\n<meta name=\"twitter:card\" content=\"summary_large_image\" \/>\n<meta name=\"twitter:label1\" content=\"Geschrieben von\" \/>\n\t<meta name=\"twitter:data1\" content=\"St\u00f6rungsmelder\" \/>\n\t<meta name=\"twitter:label2\" content=\"Gesch\u00e4tzte Lesezeit\" \/>\n\t<meta name=\"twitter:data2\" content=\"3\u00a0Minuten\" \/>\n<script type=\"application\/ld+json\" class=\"yoast-schema-graph\">{\"@context\":\"https:\/\/schema.org\",\"@graph\":[{\"@type\":\"WebPage\",\"@id\":\"https:\/\/blog.zeit.de\/stoerungsmelder\/2010\/02\/22\/verfassungsschutz-warnt-vor-steigender-gewaltbereitschaft-bei-neonazis_2750\",\"url\":\"https:\/\/blog.zeit.de\/stoerungsmelder\/2010\/02\/22\/verfassungsschutz-warnt-vor-steigender-gewaltbereitschaft-bei-neonazis_2750\",\"name\":\"Verfassungsschutz warnt vor steigender Gewaltbereitschaft bei Neonazis - St\u00f6rungsmelder\",\"isPartOf\":{\"@id\":\"https:\/\/blog.zeit.de\/stoerungsmelder\/#website\"},\"datePublished\":\"2010-02-22T13:37:16+00:00\",\"dateModified\":\"2010-02-22T13:37:16+00:00\",\"author\":{\"@id\":\"https:\/\/blog.zeit.de\/stoerungsmelder\/#\/schema\/person\/fdd0b9818f65738672810b6d6f037f71\"},\"breadcrumb\":{\"@id\":\"https:\/\/blog.zeit.de\/stoerungsmelder\/2010\/02\/22\/verfassungsschutz-warnt-vor-steigender-gewaltbereitschaft-bei-neonazis_2750#breadcrumb\"},\"inLanguage\":\"de\",\"potentialAction\":[{\"@type\":\"ReadAction\",\"target\":[\"https:\/\/blog.zeit.de\/stoerungsmelder\/2010\/02\/22\/verfassungsschutz-warnt-vor-steigender-gewaltbereitschaft-bei-neonazis_2750\"]}]},{\"@type\":\"BreadcrumbList\",\"@id\":\"https:\/\/blog.zeit.de\/stoerungsmelder\/2010\/02\/22\/verfassungsschutz-warnt-vor-steigender-gewaltbereitschaft-bei-neonazis_2750#breadcrumb\",\"itemListElement\":[{\"@type\":\"ListItem\",\"position\":1,\"name\":\"Startseite\",\"item\":\"https:\/\/blog.zeit.de\/stoerungsmelder\"},{\"@type\":\"ListItem\",\"position\":2,\"name\":\"Verfassungsschutz warnt vor steigender Gewaltbereitschaft bei Neonazis\"}]},{\"@type\":\"WebSite\",\"@id\":\"https:\/\/blog.zeit.de\/stoerungsmelder\/#website\",\"url\":\"https:\/\/blog.zeit.de\/stoerungsmelder\/\",\"name\":\"St\u00f6rungsmelder\",\"description\":\"Recherchen und Analysen \u00fcber die extreme Rechte\",\"potentialAction\":[{\"@type\":\"SearchAction\",\"target\":{\"@type\":\"EntryPoint\",\"urlTemplate\":\"https:\/\/blog.zeit.de\/stoerungsmelder\/?s={search_term_string}\"},\"query-input\":\"required name=search_term_string\"}],\"inLanguage\":\"de\"},{\"@type\":\"Person\",\"@id\":\"https:\/\/blog.zeit.de\/stoerungsmelder\/#\/schema\/person\/fdd0b9818f65738672810b6d6f037f71\",\"name\":\"St\u00f6rungsmelder\",\"image\":{\"@type\":\"ImageObject\",\"inLanguage\":\"de\",\"@id\":\"https:\/\/blog.zeit.de\/stoerungsmelder\/#\/schema\/person\/image\/\",\"url\":\"https:\/\/secure.gravatar.com\/avatar\/dfa4be514c3e82a71e4f9a0020035d38192d080ccaa5e4e6d7a1472c763535c5?s=96&d=mm&r=pg\",\"contentUrl\":\"https:\/\/secure.gravatar.com\/avatar\/dfa4be514c3e82a71e4f9a0020035d38192d080ccaa5e4e6d7a1472c763535c5?s=96&d=mm&r=pg\",\"caption\":\"St\u00f6rungsmelder\"},\"url\":\"https:\/\/blog.zeit.de\/stoerungsmelder\/author\/stoerungsmelder\"}]}<\/script>\n<!-- \/ Yoast SEO plugin. -->","yoast_head_json":{"title":"Verfassungsschutz warnt vor steigender Gewaltbereitschaft bei Neonazis - St\u00f6rungsmelder","robots":{"index":"index","follow":"follow","max-snippet":"max-snippet:-1","max-image-preview":"max-image-preview:large","max-video-preview":"max-video-preview:-1"},"canonical":"https:\/\/blog.zeit.de\/stoerungsmelder\/2010\/02\/22\/verfassungsschutz-warnt-vor-steigender-gewaltbereitschaft-bei-neonazis_2750","og_locale":"de_DE","og_type":"article","og_title":"Verfassungsschutz warnt vor steigender Gewaltbereitschaft bei Neonazis - St\u00f6rungsmelder","og_description":"Die erfolgreichen Proteste gegen den Naziaufmarsch in Dresden hat die Naziszene verunsichert. Der Pr\u00e4sident des Bundesamtes f\u00fcr Verfassungsschutz, Heinz Fromm, erwartet neue Provokationen und warnt vor einer &#8222;eskalierenden Wirkung&#8220; auf den Naziaufmarsch am 1. Mai in Berlin.","og_url":"https:\/\/blog.zeit.de\/stoerungsmelder\/2010\/02\/22\/verfassungsschutz-warnt-vor-steigender-gewaltbereitschaft-bei-neonazis_2750","og_site_name":"St\u00f6rungsmelder","article_published_time":"2010-02-22T13:37:16+00:00","og_image":[{"url":"https:\/\/blog.zeit.de\/stoerungsmelder\/files\/2010\/02\/dresden9.jpg"}],"author":"St\u00f6rungsmelder","twitter_card":"summary_large_image","twitter_misc":{"Geschrieben von":"St\u00f6rungsmelder","Gesch\u00e4tzte Lesezeit":"3\u00a0Minuten"},"schema":{"@context":"https:\/\/schema.org","@graph":[{"@type":"WebPage","@id":"https:\/\/blog.zeit.de\/stoerungsmelder\/2010\/02\/22\/verfassungsschutz-warnt-vor-steigender-gewaltbereitschaft-bei-neonazis_2750","url":"https:\/\/blog.zeit.de\/stoerungsmelder\/2010\/02\/22\/verfassungsschutz-warnt-vor-steigender-gewaltbereitschaft-bei-neonazis_2750","name":"Verfassungsschutz warnt vor steigender Gewaltbereitschaft bei Neonazis - St\u00f6rungsmelder","isPartOf":{"@id":"https:\/\/blog.zeit.de\/stoerungsmelder\/#website"},"datePublished":"2010-02-22T13:37:16+00:00","dateModified":"2010-02-22T13:37:16+00:00","author":{"@id":"https:\/\/blog.zeit.de\/stoerungsmelder\/#\/schema\/person\/fdd0b9818f65738672810b6d6f037f71"},"breadcrumb":{"@id":"https:\/\/blog.zeit.de\/stoerungsmelder\/2010\/02\/22\/verfassungsschutz-warnt-vor-steigender-gewaltbereitschaft-bei-neonazis_2750#breadcrumb"},"inLanguage":"de","potentialAction":[{"@type":"ReadAction","target":["https:\/\/blog.zeit.de\/stoerungsmelder\/2010\/02\/22\/verfassungsschutz-warnt-vor-steigender-gewaltbereitschaft-bei-neonazis_2750"]}]},{"@type":"BreadcrumbList","@id":"https:\/\/blog.zeit.de\/stoerungsmelder\/2010\/02\/22\/verfassungsschutz-warnt-vor-steigender-gewaltbereitschaft-bei-neonazis_2750#breadcrumb","itemListElement":[{"@type":"ListItem","position":1,"name":"Startseite","item":"https:\/\/blog.zeit.de\/stoerungsmelder"},{"@type":"ListItem","position":2,"name":"Verfassungsschutz warnt vor steigender Gewaltbereitschaft bei Neonazis"}]},{"@type":"WebSite","@id":"https:\/\/blog.zeit.de\/stoerungsmelder\/#website","url":"https:\/\/blog.zeit.de\/stoerungsmelder\/","name":"St\u00f6rungsmelder","description":"Recherchen und Analysen \u00fcber die extreme Rechte","potentialAction":[{"@type":"SearchAction","target":{"@type":"EntryPoint","urlTemplate":"https:\/\/blog.zeit.de\/stoerungsmelder\/?s={search_term_string}"},"query-input":"required name=search_term_string"}],"inLanguage":"de"},{"@type":"Person","@id":"https:\/\/blog.zeit.de\/stoerungsmelder\/#\/schema\/person\/fdd0b9818f65738672810b6d6f037f71","name":"St\u00f6rungsmelder","image":{"@type":"ImageObject","inLanguage":"de","@id":"https:\/\/blog.zeit.de\/stoerungsmelder\/#\/schema\/person\/image\/","url":"https:\/\/secure.gravatar.com\/avatar\/dfa4be514c3e82a71e4f9a0020035d38192d080ccaa5e4e6d7a1472c763535c5?s=96&d=mm&r=pg","contentUrl":"https:\/\/secure.gravatar.com\/avatar\/dfa4be514c3e82a71e4f9a0020035d38192d080ccaa5e4e6d7a1472c763535c5?s=96&d=mm&r=pg","caption":"St\u00f6rungsmelder"},"url":"https:\/\/blog.zeit.de\/stoerungsmelder\/author\/stoerungsmelder"}]}},"jetpack_featured_media_url":"","jetpack_sharing_enabled":true,"_links":{"self":[{"href":"https:\/\/blog.zeit.de\/stoerungsmelder\/wp-json\/wp\/v2\/posts\/2750","targetHints":{"allow":["GET"]}}],"collection":[{"href":"https:\/\/blog.zeit.de\/stoerungsmelder\/wp-json\/wp\/v2\/posts"}],"about":[{"href":"https:\/\/blog.zeit.de\/stoerungsmelder\/wp-json\/wp\/v2\/types\/post"}],"author":[{"embeddable":true,"href":"https:\/\/blog.zeit.de\/stoerungsmelder\/wp-json\/wp\/v2\/users\/229"}],"replies":[{"embeddable":true,"href":"https:\/\/blog.zeit.de\/stoerungsmelder\/wp-json\/wp\/v2\/comments?post=2750"}],"version-history":[{"count":0,"href":"https:\/\/blog.zeit.de\/stoerungsmelder\/wp-json\/wp\/v2\/posts\/2750\/revisions"}],"wp:attachment":[{"href":"https:\/\/blog.zeit.de\/stoerungsmelder\/wp-json\/wp\/v2\/media?parent=2750"}],"wp:term":[{"taxonomy":"category","embeddable":true,"href":"https:\/\/blog.zeit.de\/stoerungsmelder\/wp-json\/wp\/v2\/categories?post=2750"},{"taxonomy":"post_tag","embeddable":true,"href":"https:\/\/blog.zeit.de\/stoerungsmelder\/wp-json\/wp\/v2\/tags?post=2750"}],"curies":[{"name":"wp","href":"https:\/\/api.w.org\/{rel}","templated":true}]}}