{"id":27810,"date":"2018-12-12T12:58:27","date_gmt":"2018-12-12T11:58:27","guid":{"rendered":"https:\/\/blog.zeit.de\/stoerungsmelder\/?p=27810"},"modified":"2018-12-13T09:56:37","modified_gmt":"2018-12-13T08:56:37","slug":"die-haeuser-werden-brennen","status":"publish","type":"post","link":"https:\/\/blog.zeit.de\/stoerungsmelder\/2018\/12\/12\/die-haeuser-werden-brennen_27810","title":{"rendered":"&#8222;Die H\u00e4user werden brennen&#8220;"},"content":{"rendered":"<p><strong>Mitglieder der rechtsextremen Gruppe Wei\u00dfe W\u00f6lfe Terrorcrew stehen vor Gericht, weil sie einen Anschlag auf ein Fl\u00fcchtlingsheim geplant haben sollen. Diese Woche soll das Urteil verk\u00fcndet werden \u2013 es k\u00f6nnte ziemlich milde ausfallen.<\/strong><\/p>\n<p><em>Von Jonas Miller<\/em><\/p>\n<p><figure id=\"attachment_27814\" aria-describedby=\"caption-attachment-27814\" style=\"width: 620px\" class=\"wp-caption aligncenter\"><img loading=\"lazy\" decoding=\"async\" class=\"size-medium wp-image-27814\" src=\"https:\/\/blog.zeit.de\/stoerungsmelder\/files\/2018\/12\/WWT1-620x413.jpg\" alt=\"\" width=\"620\" height=\"413\" \/><figcaption id=\"caption-attachment-27814\" class=\"wp-caption-text\">Der Angeklagte Marcel D. verbirgt sein Gesicht hinter einer Mappe. Er soll Pyrotechnik f\u00fcr einen Angriff auf das Asylheim bestellt haben. \u00a9 Jonas Miller<\/figcaption><\/figure><\/p>\n<p>In den fr\u00fchen Morgenstunden des 21. Oktober 2015 st\u00fcrmen Spezialkr\u00e4fte der Polizei 15 Wohnungen von Rechtsextremisten in Ober- und Mittelfranken. Sie beschlagnahmen Devotionalien der Hitler-Zeit wie Hakenkreuzfahnen, aber auch eine scharfe Schusswaffe samt Munition sowie Hieb- und Stichwaffen. Zudem haben die Ermittler Pyrotechnik abgefangen, die die Neonazis bestellt hatten. Der Vorwurf: Sie sollen einen Sprengstoffanschlag auf eine Asylbewerberunterkunft geplant haben. Der Einsatz endet mit 13 Festnahmen.<\/p>\n<p><!--more--><\/p>\n<p>Gemeinsam sollen die Verd\u00e4chtigen einen fr\u00e4nkischen Ableger der rechtsextremen Gruppe Wei\u00dfe W\u00f6lfe Terrorcrew (WWT) gebildet haben, deren Mitglieder sich offen zu den Werten des Nationalsozialismus bekennen. Bis vor dem Landgericht Bamberg der Strafprozess beginnt, dauert es drei Jahre \u2013 Personalnot bei der Justiz. In der Zwischenzeit <a href=\"https:\/\/blog.zeit.de\/stoerungsmelder\/2016\/03\/16\/weisse-wolfe-terrorcrew-verboten_21384\">verbietet das Bundesinnenministerium<\/a> bundesweit alle Sektionen der WWT.<\/p>\n<p>Vier der Verd\u00e4chtigen sitzen seit Oktober dieses Jahres auf der Anklagebank. Sie m\u00fcssen sich wegen Bildung einer kriminellen Vereinigung, gef\u00e4hrlicher K\u00f6rperverletzung, Androhung von Straftaten und Umgang mit explosionsgef\u00e4hrdenden Stoffen vor der Staatsschutzkammer verantworten. Am kommenden Freitag k\u00f6nnten die Urteile verlesen werden. Eigentlich war damit erst im Januar gerechnet worden.<\/p>\n<h2>Polizisten verpr\u00fcgelt<\/h2>\n<p><figure id=\"attachment_27815\" aria-describedby=\"caption-attachment-27815\" style=\"width: 220px\" class=\"wp-caption alignleft\"><a href=\"https:\/\/blog.zeit.de\/stoerungsmelder\/files\/2018\/12\/WWT2.jpg\"><img loading=\"lazy\" decoding=\"async\" class=\"size-thumbnail wp-image-27815\" src=\"https:\/\/blog.zeit.de\/stoerungsmelder\/files\/2018\/12\/WWT2-220x220.jpg\" alt=\"\" width=\"220\" height=\"220\" \/><\/a><figcaption id=\"caption-attachment-27815\" class=\"wp-caption-text\">Der Angeklagte Patrick H. zwischen seinen Anw\u00e4lten. Er soll der Anf\u00fchrer der Gruppe gewesen sein. \u00a9 Jonas Miller<\/figcaption><\/figure><\/p>\n<p>Chef der fr\u00e4nkischen WWT-Sektion war laut Anklage der 32-j\u00e4hrige Patrick H., seine Ehefrau Nadine H. (39) dessen Stellvertreterin. Der ebenfalls angeklagte Andreas G. (24) fungierte laut Staatsanwaltschaft als \u201eOrganisationsleiter\u201c, der 26-j\u00e4hrige Marcel D. hatte demnach keinen besonderen Rang.<\/p>\n<p>In Bamberg sorgten die Wei\u00dfen W\u00f6lfe immer wieder f\u00fcr Unruhe. Sie versuchten, einen Vortrag \u00fcber rechte Strukturen in der Studentenkneipe Balthasar zu st\u00f6ren und gerieten immer wieder mit Neonazi-Gegnern aneinander. In Chatgruppen verabredeten sie sich zum gemeinsamen \u201eAntifas jagen\u201c. Bei einer Auseinandersetzung verpr\u00fcgelte die Gruppe zwei Polizisten, weil sie die beiden f\u00fcr Linke hielten. Im unterfr\u00e4nkischen Stammheim entwendeten sie ein Transparent mit der Aufschrift \u201eStammheim ist bunt\u201c und verbrannten es in einem Waldst\u00fcck.<\/p>\n<h2>&#8222;Es wird nicht mehr Rostock 1992 hei\u00dfen, sondern Bamberg 2015&#8220;<\/h2>\n<p>Zum Prozessauftakt gab es \u00dcberraschungen. Der Maschinenbediener Marcel D., der einen Gro\u00dfteil der Pyrotechnik bestellt hatte, gab \u00fcber seinen Verteidiger an, er habe nach der Razzia die rechte Szene verlassen. Bei ihm habe ein Gesinnungswandel stattgefunden, er sei noch am selben Tag aus allen rechtsextremen Gruppen ausgestiegen. Die Vorw\u00fcrfe r\u00e4umte er weitgehend ein. Das Feuerwerk will er aber nur f\u00fcr den privaten Gebrauch bestellt haben, er habe ein Faible daf\u00fcr.<\/p>\n<p>Die Staatsanwaltschaft geht jedoch davon aus, dass das Material bei einem Anschlag auf eine Bamberger Fl\u00fcchtlingsunterkunft zum Einsatz kommen sollte. Den bevorstehenden Angriff sollen die Rechtsextremisten einem Wachmann gegen\u00fcber angek\u00fcndigt haben.<\/p>\n<p>Demnach sollen Patrick H., Andreas G. und die nicht angeklagte Neonaziaktivistin Jessica R. im August 2015 nachts vor den Toren der Asylbewerberunterkunft an den Sicherheitsmann herangetreten sein. Dieser beschrieb vor Gericht, dass die Angeklagten ihn fragten, wie er es mit seinem Gewissen vereinbaren k\u00f6nne, als Deutscher auf Fl\u00fcchtlinge aufzupassen. Au\u00dferdem gebe es in Bamberg ihren Angaben nach \u201e1.500 militante Anh\u00e4nger\u201c, die das Asylheim mit Steinen angreifen w\u00fcrden. Der Wachmann solle sich deshalb entscheiden, auf welcher Seite er stehe. Die H\u00e4user w\u00fcrden danach brennen, sodass es &#8222;nicht mehr Rostock 1992&#8220; hie\u00dfe, sondern &#8222;Bamberg 2015&#8220; \u2013 ein Verweis auf die <a href=\"https:\/\/blog.zeit.de\/stoerungsmelder\/2012\/07\/18\/rassismus-mob-und-flachenbrand-20-jahre-nach-rostock-lichtenhagen_9148\">Ausschreitungen und Brandanschl\u00e4ge auf ein Fl\u00fcchtlingsheim in Rostock-Lichtenhagen<\/a>.<\/p>\n<h2>Gewaltfantasien im Chat<\/h2>\n<p>Von der Polizei sichergestellte Chatverl\u00e4ufe zeugen von extremen Gewaltfantasien der Gruppe. So schrieb Patrick H. in einer Nachricht an Andreas G., er wolle die WWT zu einer \u201emilitanten Gruppe\u201c machen. Da die Neonazis davon ausgingen, von der Polizei \u00fcberwacht zu werden, verabredeten sie sich f\u00fcr Treffen im Wald, bei denen die Handys nicht mitgef\u00fchrt werden sollten. Au\u00dferdem hatten sie sich eine konspirative Wohnung zugelegt.<\/p>\n<p>In weiteren Chatverl\u00e4ufen fabulierte Patrick H. von einer \u201erichtigen Aktion\u201c, die er \u201eallein durchziehen\u201c wolle, und schrieb seiner Ehefrau: \u201eIn Hamburg bringe ich ein paar um\u201c. Er selbst wolle \u201eDeutschland bis aufs Blut\u201c verteidigen und \u201eaufr\u00e4umen\u201c. In anderen Chatverl\u00e4ufen schickten sich Angeklagte Bilder von Hakenkreuzen und begr\u00fc\u00dften einander mit \u201eSieg Heil\u201c und \u201eHeil Hitler\u201c.<\/p>\n<h2>Beh\u00f6rden \u00fcbersehen rechte Umtriebe<\/h2>\n<p>Kurz nach der Festnahme im Oktober 2015 sagte Patrick H. bei der Polizei aus und erkl\u00e4rte, Ziel der WWT sei es gewesen, einen \u201eKampf gegen das System und gegen links\u201c zu f\u00fchren. Vor Gericht will er seine Aussagen nicht wiederholen \u2013 er habe den Beamten nur erz\u00e4hlt, was sie h\u00f6ren wollten, um wieder gehen zu k\u00f6nnen. Derzeit sitzt der gelernte Betonbauer wegen eines anderen Delikts in Haft, bei Gericht wird er in Fu\u00dffesseln vorgef\u00fchrt.<\/p>\n<p><figure id=\"attachment_27816\" aria-describedby=\"caption-attachment-27816\" style=\"width: 620px\" class=\"wp-caption aligncenter\"><img loading=\"lazy\" decoding=\"async\" class=\"size-medium wp-image-27816\" src=\"https:\/\/blog.zeit.de\/stoerungsmelder\/files\/2018\/12\/WWT3-620x465.jpg\" alt=\"\" width=\"620\" height=\"465\" \/><figcaption id=\"caption-attachment-27816\" class=\"wp-caption-text\">Andreas G. nimmt am 1. Mai an einem rechtsextremen Aufmarsch in Chemnitz teil. \u00a9 Jonas Miller<\/figcaption><\/figure><\/p>\n<p>Der Angeklagte Andreas G. verweigerte die Aussage vor Gericht. Gegen\u00fcber der Jugendgerichtshilfe gab er an, er sei politisch traditionell-konservativ eingestellt, aber auf demokratischer Basis. In den vergangenen Monaten bewegte sich G. im Dunstkreis der Neonazipartei Der III. Weg, marschierte beispielsweise am 1. Mai bei einem Aufmarsch in Chemnitz mit. Die Beh\u00f6rden bekamen davon anscheinend nichts mit: Ein Staatssch\u00fctzer der Polizei sagte vor Gericht, der Angeklagte sei seit zwei Jahren nicht mehr in rechten Kreisen aufgetaucht.<\/p>\n<p>Auch in anderen Punkten fallen die Belege auff\u00e4llig d\u00fcrftig aus: Der Vorsitzende Richter befindet gegen Ende der Beweisaufnahme, die Bildung einer kriminellen Vereinigung lasse sich nur schwer nachweisen. Damit kann ein Anklagepunkt als erledigt gelten \u2013 und die Strafe f\u00fcr die mutma\u00dflichen verhinderten Terroristen deutlich geringer ausfallen.<\/p>\n","protected":false},"excerpt":{"rendered":"<p>&#8222;Es wird nicht mehr Rostock 1992 hei\u00dfen, sondern Bamberg 2015&#8220;, drohte die Neonazi-Gruppe Wei\u00dfe W\u00f6lfe Terrorcrew. Ihre Mitglieder sollen einen Anschlag auf ein Asylheim geplant haben. Doch folgt daf\u00fcr eine gerechte Strafe?<\/p>\n","protected":false},"author":363,"featured_media":27814,"comment_status":"open","ping_status":"closed","sticky":false,"template":"","format":"standard","meta":{"_jetpack_memberships_contains_paid_content":false,"footnotes":""},"categories":[59],"tags":[1474,2154,32138,26414,662,11353,15398,28232],"class_list":["post-27810","post","type-post","status-publish","format-standard","has-post-thumbnail","hentry","category-bayern","tag-anschlag","tag-asyl","tag-bamberg","tag-fluchtlingsheim","tag-franken","tag-sprengstoff","tag-terrorismus","tag-weisse-wolfe-terrorcrew"],"yoast_head":"<!-- This site is optimized with the Yoast SEO plugin v21.0 - https:\/\/yoast.com\/wordpress\/plugins\/seo\/ -->\n<title>&quot;Die H\u00e4user werden brennen&quot; - St\u00f6rungsmelder<\/title>\n<meta name=\"robots\" content=\"index, follow, max-snippet:-1, max-image-preview:large, max-video-preview:-1\" \/>\n<link rel=\"canonical\" href=\"https:\/\/blog.zeit.de\/stoerungsmelder\/2018\/12\/12\/die-haeuser-werden-brennen_27810\" \/>\n<meta property=\"og:locale\" content=\"de_DE\" \/>\n<meta property=\"og:type\" content=\"article\" \/>\n<meta property=\"og:title\" content=\"&quot;Die H\u00e4user werden brennen&quot; - St\u00f6rungsmelder\" \/>\n<meta property=\"og:description\" content=\"&quot;Es wird nicht mehr Rostock 1992 hei\u00dfen, sondern Bamberg 2015&quot;, drohte die Neonazi-Gruppe Wei\u00dfe W\u00f6lfe Terrorcrew. Ihre Mitglieder sollen einen Anschlag auf ein Asylheim geplant haben. Doch folgt daf\u00fcr eine gerechte Strafe?\" \/>\n<meta property=\"og:url\" content=\"https:\/\/blog.zeit.de\/stoerungsmelder\/2018\/12\/12\/die-haeuser-werden-brennen_27810\" \/>\n<meta property=\"og:site_name\" content=\"St\u00f6rungsmelder\" \/>\n<meta property=\"article:published_time\" content=\"2018-12-12T11:58:27+00:00\" \/>\n<meta property=\"article:modified_time\" content=\"2018-12-13T08:56:37+00:00\" \/>\n<meta property=\"og:image\" content=\"https:\/\/blog.zeit.de\/stoerungsmelder\/files\/2018\/12\/WWT1.jpg\" \/>\n\t<meta property=\"og:image:width\" content=\"620\" \/>\n\t<meta property=\"og:image:height\" content=\"413\" \/>\n\t<meta property=\"og:image:type\" content=\"image\/jpeg\" \/>\n<meta name=\"author\" content=\"Jonas Miller\" \/>\n<meta name=\"twitter:card\" content=\"summary_large_image\" \/>\n<meta name=\"twitter:description\" content=\"In #Bamberg soll das Urteil gegen die #Neonazi-Gruppe Wei\u00dfe W\u00f6lfe Terrorcrew fallen. Die Strafen k\u00f6nnten gering ausfallen - obwohl die Rechtsextremen ein Fl\u00fcchtlingsheim angreifen wollten.\" \/>\n<meta name=\"twitter:label1\" content=\"Geschrieben von\" \/>\n\t<meta name=\"twitter:data1\" content=\"Jonas Miller\" \/>\n\t<meta name=\"twitter:label2\" content=\"Gesch\u00e4tzte Lesezeit\" \/>\n\t<meta name=\"twitter:data2\" content=\"5\u00a0Minuten\" \/>\n<script type=\"application\/ld+json\" class=\"yoast-schema-graph\">{\"@context\":\"https:\/\/schema.org\",\"@graph\":[{\"@type\":\"WebPage\",\"@id\":\"https:\/\/blog.zeit.de\/stoerungsmelder\/2018\/12\/12\/die-haeuser-werden-brennen_27810\",\"url\":\"https:\/\/blog.zeit.de\/stoerungsmelder\/2018\/12\/12\/die-haeuser-werden-brennen_27810\",\"name\":\"\\\"Die H\u00e4user werden brennen\\\" - St\u00f6rungsmelder\",\"isPartOf\":{\"@id\":\"https:\/\/blog.zeit.de\/stoerungsmelder\/#website\"},\"datePublished\":\"2018-12-12T11:58:27+00:00\",\"dateModified\":\"2018-12-13T08:56:37+00:00\",\"author\":{\"@id\":\"https:\/\/blog.zeit.de\/stoerungsmelder\/#\/schema\/person\/abb0b5e2ae04ea00291f461511cf0e6b\"},\"breadcrumb\":{\"@id\":\"https:\/\/blog.zeit.de\/stoerungsmelder\/2018\/12\/12\/die-haeuser-werden-brennen_27810#breadcrumb\"},\"inLanguage\":\"de\",\"potentialAction\":[{\"@type\":\"ReadAction\",\"target\":[\"https:\/\/blog.zeit.de\/stoerungsmelder\/2018\/12\/12\/die-haeuser-werden-brennen_27810\"]}]},{\"@type\":\"BreadcrumbList\",\"@id\":\"https:\/\/blog.zeit.de\/stoerungsmelder\/2018\/12\/12\/die-haeuser-werden-brennen_27810#breadcrumb\",\"itemListElement\":[{\"@type\":\"ListItem\",\"position\":1,\"name\":\"Startseite\",\"item\":\"https:\/\/blog.zeit.de\/stoerungsmelder\"},{\"@type\":\"ListItem\",\"position\":2,\"name\":\"&#8222;Die H\u00e4user werden brennen&#8220;\"}]},{\"@type\":\"WebSite\",\"@id\":\"https:\/\/blog.zeit.de\/stoerungsmelder\/#website\",\"url\":\"https:\/\/blog.zeit.de\/stoerungsmelder\/\",\"name\":\"St\u00f6rungsmelder\",\"description\":\"Recherchen und Analysen \u00fcber die extreme Rechte\",\"potentialAction\":[{\"@type\":\"SearchAction\",\"target\":{\"@type\":\"EntryPoint\",\"urlTemplate\":\"https:\/\/blog.zeit.de\/stoerungsmelder\/?s={search_term_string}\"},\"query-input\":\"required name=search_term_string\"}],\"inLanguage\":\"de\"},{\"@type\":\"Person\",\"@id\":\"https:\/\/blog.zeit.de\/stoerungsmelder\/#\/schema\/person\/abb0b5e2ae04ea00291f461511cf0e6b\",\"name\":\"Jonas Miller\",\"image\":{\"@type\":\"ImageObject\",\"inLanguage\":\"de\",\"@id\":\"https:\/\/blog.zeit.de\/stoerungsmelder\/#\/schema\/person\/image\/\",\"url\":\"https:\/\/secure.gravatar.com\/avatar\/c86a48d8af5f6cb474e5792b625c0051659345670c87ad1d34ce5dc50fecf79f?s=96&d=mm&r=pg\",\"contentUrl\":\"https:\/\/secure.gravatar.com\/avatar\/c86a48d8af5f6cb474e5792b625c0051659345670c87ad1d34ce5dc50fecf79f?s=96&d=mm&r=pg\",\"caption\":\"Jonas Miller\"},\"url\":\"https:\/\/blog.zeit.de\/stoerungsmelder\/author\/timomueller\"}]}<\/script>\n<!-- \/ Yoast SEO plugin. -->","yoast_head_json":{"title":"\"Die H\u00e4user werden brennen\" - St\u00f6rungsmelder","robots":{"index":"index","follow":"follow","max-snippet":"max-snippet:-1","max-image-preview":"max-image-preview:large","max-video-preview":"max-video-preview:-1"},"canonical":"https:\/\/blog.zeit.de\/stoerungsmelder\/2018\/12\/12\/die-haeuser-werden-brennen_27810","og_locale":"de_DE","og_type":"article","og_title":"\"Die H\u00e4user werden brennen\" - St\u00f6rungsmelder","og_description":"\"Es wird nicht mehr Rostock 1992 hei\u00dfen, sondern Bamberg 2015\", drohte die Neonazi-Gruppe Wei\u00dfe W\u00f6lfe Terrorcrew. Ihre Mitglieder sollen einen Anschlag auf ein Asylheim geplant haben. Doch folgt daf\u00fcr eine gerechte Strafe?","og_url":"https:\/\/blog.zeit.de\/stoerungsmelder\/2018\/12\/12\/die-haeuser-werden-brennen_27810","og_site_name":"St\u00f6rungsmelder","article_published_time":"2018-12-12T11:58:27+00:00","article_modified_time":"2018-12-13T08:56:37+00:00","og_image":[{"width":620,"height":413,"url":"https:\/\/blog.zeit.de\/stoerungsmelder\/files\/2018\/12\/WWT1.jpg","type":"image\/jpeg"}],"author":"Jonas Miller","twitter_card":"summary_large_image","twitter_description":"In #Bamberg soll das Urteil gegen die #Neonazi-Gruppe Wei\u00dfe W\u00f6lfe Terrorcrew fallen. Die Strafen k\u00f6nnten gering ausfallen - obwohl die Rechtsextremen ein Fl\u00fcchtlingsheim angreifen wollten.","twitter_misc":{"Geschrieben von":"Jonas Miller","Gesch\u00e4tzte Lesezeit":"5\u00a0Minuten"},"schema":{"@context":"https:\/\/schema.org","@graph":[{"@type":"WebPage","@id":"https:\/\/blog.zeit.de\/stoerungsmelder\/2018\/12\/12\/die-haeuser-werden-brennen_27810","url":"https:\/\/blog.zeit.de\/stoerungsmelder\/2018\/12\/12\/die-haeuser-werden-brennen_27810","name":"\"Die H\u00e4user werden brennen\" - St\u00f6rungsmelder","isPartOf":{"@id":"https:\/\/blog.zeit.de\/stoerungsmelder\/#website"},"datePublished":"2018-12-12T11:58:27+00:00","dateModified":"2018-12-13T08:56:37+00:00","author":{"@id":"https:\/\/blog.zeit.de\/stoerungsmelder\/#\/schema\/person\/abb0b5e2ae04ea00291f461511cf0e6b"},"breadcrumb":{"@id":"https:\/\/blog.zeit.de\/stoerungsmelder\/2018\/12\/12\/die-haeuser-werden-brennen_27810#breadcrumb"},"inLanguage":"de","potentialAction":[{"@type":"ReadAction","target":["https:\/\/blog.zeit.de\/stoerungsmelder\/2018\/12\/12\/die-haeuser-werden-brennen_27810"]}]},{"@type":"BreadcrumbList","@id":"https:\/\/blog.zeit.de\/stoerungsmelder\/2018\/12\/12\/die-haeuser-werden-brennen_27810#breadcrumb","itemListElement":[{"@type":"ListItem","position":1,"name":"Startseite","item":"https:\/\/blog.zeit.de\/stoerungsmelder"},{"@type":"ListItem","position":2,"name":"&#8222;Die H\u00e4user werden brennen&#8220;"}]},{"@type":"WebSite","@id":"https:\/\/blog.zeit.de\/stoerungsmelder\/#website","url":"https:\/\/blog.zeit.de\/stoerungsmelder\/","name":"St\u00f6rungsmelder","description":"Recherchen und Analysen \u00fcber die extreme Rechte","potentialAction":[{"@type":"SearchAction","target":{"@type":"EntryPoint","urlTemplate":"https:\/\/blog.zeit.de\/stoerungsmelder\/?s={search_term_string}"},"query-input":"required name=search_term_string"}],"inLanguage":"de"},{"@type":"Person","@id":"https:\/\/blog.zeit.de\/stoerungsmelder\/#\/schema\/person\/abb0b5e2ae04ea00291f461511cf0e6b","name":"Jonas Miller","image":{"@type":"ImageObject","inLanguage":"de","@id":"https:\/\/blog.zeit.de\/stoerungsmelder\/#\/schema\/person\/image\/","url":"https:\/\/secure.gravatar.com\/avatar\/c86a48d8af5f6cb474e5792b625c0051659345670c87ad1d34ce5dc50fecf79f?s=96&d=mm&r=pg","contentUrl":"https:\/\/secure.gravatar.com\/avatar\/c86a48d8af5f6cb474e5792b625c0051659345670c87ad1d34ce5dc50fecf79f?s=96&d=mm&r=pg","caption":"Jonas Miller"},"url":"https:\/\/blog.zeit.de\/stoerungsmelder\/author\/timomueller"}]}},"jetpack_featured_media_url":"https:\/\/blog.zeit.de\/stoerungsmelder\/files\/2018\/12\/WWT1.jpg","jetpack_sharing_enabled":true,"_links":{"self":[{"href":"https:\/\/blog.zeit.de\/stoerungsmelder\/wp-json\/wp\/v2\/posts\/27810","targetHints":{"allow":["GET"]}}],"collection":[{"href":"https:\/\/blog.zeit.de\/stoerungsmelder\/wp-json\/wp\/v2\/posts"}],"about":[{"href":"https:\/\/blog.zeit.de\/stoerungsmelder\/wp-json\/wp\/v2\/types\/post"}],"author":[{"embeddable":true,"href":"https:\/\/blog.zeit.de\/stoerungsmelder\/wp-json\/wp\/v2\/users\/363"}],"replies":[{"embeddable":true,"href":"https:\/\/blog.zeit.de\/stoerungsmelder\/wp-json\/wp\/v2\/comments?post=27810"}],"version-history":[{"count":7,"href":"https:\/\/blog.zeit.de\/stoerungsmelder\/wp-json\/wp\/v2\/posts\/27810\/revisions"}],"predecessor-version":[{"id":27827,"href":"https:\/\/blog.zeit.de\/stoerungsmelder\/wp-json\/wp\/v2\/posts\/27810\/revisions\/27827"}],"wp:featuredmedia":[{"embeddable":true,"href":"https:\/\/blog.zeit.de\/stoerungsmelder\/wp-json\/wp\/v2\/media\/27814"}],"wp:attachment":[{"href":"https:\/\/blog.zeit.de\/stoerungsmelder\/wp-json\/wp\/v2\/media?parent=27810"}],"wp:term":[{"taxonomy":"category","embeddable":true,"href":"https:\/\/blog.zeit.de\/stoerungsmelder\/wp-json\/wp\/v2\/categories?post=27810"},{"taxonomy":"post_tag","embeddable":true,"href":"https:\/\/blog.zeit.de\/stoerungsmelder\/wp-json\/wp\/v2\/tags?post=27810"}],"curies":[{"name":"wp","href":"https:\/\/api.w.org\/{rel}","templated":true}]}}