{"id":27858,"date":"2019-01-07T08:28:38","date_gmt":"2019-01-07T07:28:38","guid":{"rendered":"https:\/\/blog.zeit.de\/stoerungsmelder\/?p=27858"},"modified":"2019-01-10T13:44:19","modified_gmt":"2019-01-10T12:44:19","slug":"terror-in-der-dorfidylle","status":"publish","type":"post","link":"https:\/\/blog.zeit.de\/stoerungsmelder\/2019\/01\/07\/terror-in-der-dorfidylle_27858","title":{"rendered":"Terror in der Dorfidylle"},"content":{"rendered":"<p><strong>Zwei Neonazis greifen ein Asylbewerberheim mit Brands\u00e4tzen an. In Chats tauschen sie T\u00f6tungsfantasien aus und verherrlichen die Hitlerzeit. Was ist passiert im oberbayerischen Nu\u00dfdorf?<\/strong><\/p>\n<p><em>Von Sebastian Lipp<br \/>\n<\/em><\/p>\n<p><figure id=\"attachment_27872\" aria-describedby=\"caption-attachment-27872\" style=\"width: 620px\" class=\"wp-caption aligncenter\"><img loading=\"lazy\" decoding=\"async\" class=\"wp-image-27872 size-medium\" src=\"https:\/\/blog.zeit.de\/stoerungsmelder\/files\/2019\/01\/101385732-620x413.jpg\" alt=\"Rechtsextremismus: Terror in der Dorfidylle - St\u00f6rungsmelder \" width=\"620\" height=\"413\" \/><figcaption id=\"caption-attachment-27872\" class=\"wp-caption-text\">Vor dem Landgericht Traunstein wurden die Neonazis zu mehrj\u00e4hrigen Haftstrafen verurteilt (Archivfoto).<br \/>\u00a9 Uwe Lein\/dpa<\/figcaption><\/figure><\/p>\n<p>Wie eine Panzerfaust schultert Josef B. ein langes Metallrohr und richtet es auf das verhasste Asylheim. In der Zielvorrichtung steckt ein Sprengsatz, den der damals 20-J\u00e4hrige fr\u00fcher am Abend aus verschiedenen pyrotechnischen Gegenst\u00e4nden in seiner nahen Werkstatt zusammengebaut hat. Um kurz nach Mitternacht z\u00fcndet sein drei Jahre \u00e4lterer Komplize Alexander Z. die Rakete, die auf dem Gel\u00e4nde der Unterkunft in blauem Feuerschein explodiert und deren mehr als zwei Dutzend Bewohnerinnen und Bewohner in Angst und Schrecken versetzt. Bis heute leiden sie unter den Folgen.<\/p>\n<p><!--more--><\/p>\n<p>Die Aktion ist der H\u00f6hepunkt einer Serie von immer heftigeren Angriffen auf die Unterkunft von Nu\u00dfdorf am Inn im oberbayerischen Landkreis Rosenheim, ver\u00fcbt von zwei Neonazis. Doch erst als die Polizei im Rahmen einer Anwohnerbefragung bei Josef B. klingelt und den Schreiner mit angelegtem Pistoleng\u00fcrtel und aufgebohrter Schreckschusspistole antrifft, kommt sie den T\u00e4tern auf die Spur. Nachdem die Fahnder im Schlafzimmer von Alexander Z. auch noch ein schussf\u00e4higes Repetiergewehr finden, nehmen sie beide noch am selben Tag fest.<\/p>\n<p>Vor Kurzem verurteilte das Landgericht Traunstein das Neonaziduo zu mehrj\u00e4hrigen Haftstrafen. Wegen des Verwendens von Kennzeichen verfassungswidriger Organisationen, Sachbesch\u00e4digung, versuchter schwerer Brandstiftung und dem Umgang mit explosionsgef\u00e4hrlichen Stoffen m\u00fcssen Z. und B. drei Jahre und neun Monate ins Gef\u00e4ngnis. Bei B. kommt noch der unerlaubte Besitz von Schusswaffen dazu. Als Heranwachsender wurde er jedoch milder behandelt.<\/p>\n<h2>N\u00e4hrboden aus T\u00f6tungsfantasien und Nationalsozialismus<\/h2>\n<p>Die Taten und der Prozess haben die scheinbare Idylle des bayerischen Alpenvorlands aufgebrochen. Josef B. und Alexander Z., die zwei Burschen aus dem Ort, Mitglieder der Freiwilligen Feuerwehr \u2013 sie ergingen sich heimlich in rechtsextremen Tr\u00e4umereien. Auf ihren Smartphones stellen Ermittler Nachrichten sicher, die Richter Klaus Weidmann \u201ezynisch und pervers\u201c nennt: T\u00f6tungsfantasien gegen\u00fcber Asylsuchenden und Ausl\u00e4ndern sowie positive Bez\u00fcge auf die Verbrechen des Nationalsozialismus. \u201eAuf diesem N\u00e4hrboden kam es zur Tat\u201c, sagte der Richter in der Urteilsbegr\u00fcndung. Es habe sich um \u201emenschenverachtende, rassistische und ausl\u00e4nderfeindlich motivierte Taten\u201c gehandelt.<\/p>\n<p>Im Laufe des Jahres 2017 lernten sich die geb\u00fcrtigen Rosenheimer bei der Feuerwehr kennen. Schnell entstand eine Freundschaft. Immer wieder h\u00e4tten sich die beiden nach eigener Aussage im Haus des J\u00fcngeren \u201egetroffen und gut gesoffen\u201c. Dabei h\u00e4tten sie sich \u00fcber Straftaten von Ausl\u00e4ndern unterhalten, die nicht verfolgt und bestraft w\u00fcrden. Anfang Februar 2018 seien sie zu dem Schluss gekommen, man m\u00fcsse \u201eein Zeichen setzen\u201c, rekapitulierte Richter Weidmann.<\/p>\n<h2>\u201eDas muss brutaler werden\u201c<\/h2>\n<p>Daf\u00fcr \u00fcbergibt Josef B. am Abend des 2. Februar seinem Gast eine schwarze Spr\u00fchdose, mit der sich beide zur nur 70 Meter entfernten Unterkunft aufmachen. Um nicht gesehen zu werden, nehmen sie einen Umweg. W\u00e4hrend Alexander Z. ein rund einen Quadratmeter gro\u00dfes Hakenkreuz an die Fassade des Geb\u00e4udes mit den unliebsamen Bewohnern spr\u00fcht, bleibt Josef B. wegen einer Fu\u00dfverletzung am Zaun zur\u00fcck.<\/p>\n<p>\u201eJetzt kommt Bewegung in den Negerstall (\u2026) die Gutmenschen sind drumrum unterwegs wie die Wespen\u201c, feixen sie wenig sp\u00e4ter im Chat \u2013 und peitschen sich noch weiter auf: \u201eSollen wir uns steigern?\u201c \u2013 \u201eJa, das muss brutaler werden.\u201c Sie tauschen Bilder von Pyrotechnik und einem Tisch aus, auf dem Fotos ausgebreitet liegen. Sie zeigen das Angriffsziel von verschiedenen Seiten, dazu die Botschaft: \u201eZur besseren Einsatzplanung\u201c. Auf den Richter wirkt die Szene wie die Planung eines milit\u00e4rischen Generalstabs.<\/p>\n<p>Sechs Wochen nach der ersten Tat machen die beiden Neonazis ernst. Sie f\u00fcllen zwei Flaschen mit einem Benzingemisch und versehen sie mit Seenotfackeln als Z\u00fcnder. An einem Abend um 22 Uhr gehen sie zur Unterkunft. Diesmal bleibt Alexander Z. hinter dem Zaun zur\u00fcck, w\u00e4hrend B. das Gel\u00e4nde betritt. Sie z\u00fcnden die Seenotfackeln und werfen die Brands\u00e4tze in Richtung des Eingangsbereichs, wo sie explodieren.<\/p>\n<h2>Bis heute von Angst geplagt<\/h2>\n<p>Einer der Molotowcocktails landet unter dem Balkon eines bewohnten Zimmers im Erdgeschoss. Auch der andere verfehlt die Fassade knapp. W\u00e4hrend die Brandstifter fl\u00fcchten, erlischt das Feuer, ohne auf das Geb\u00e4ude \u00fcberzugreifen. Nur zwei Wochen sp\u00e4ter versuchen sie es erneut, diesmal mit dem Metallrohr, aus dem sie die Brands\u00e4tze abfeuern. Auch diesmal bleibt das Haus verschont. Doch der Schrecken bei den Betroffenen sitzt. Die Bewohnerin des Zimmers, unter dem einer der Molotowcocktails landete, ist wegen des Anschlags bis heute von Angst geplagt.<\/p>\n<p>Vor Gericht haben die beiden Neonazis ihre Taten gestanden und sich reum\u00fctig gegeben. Sie h\u00e4tten aber niemanden verletzen oder gar t\u00f6ten wollen, beteuerten sie. Doch nach der Aktion mit den Molotowcocktails hatten sie gezeigt, wie abgebr\u00fcht sie sind: Sie gingen zum Feuerwehrhaus \u2013 und fuhren auf dem Einsatzwagen zum L\u00f6scheinsatz am Asylheim.<img loading=\"lazy\" decoding=\"async\" src=\"https:\/\/vg06.met.vgwort.de\/na\/5c7d32012f1541b3bf5ddcee0353123b\" alt=\"\" width=\"1\" height=\"1\" \/><\/p>\n","protected":false},"excerpt":{"rendered":"<p>Die Brandanschl\u00e4ge auf ein Asylheim in Oberbayern haben tiefe Spuren bei den Bewohnern hinterlassen. Was trieb die T\u00e4ter an?<\/p>\n","protected":false},"author":518,"featured_media":27872,"comment_status":"open","ping_status":"closed","sticky":false,"template":"","format":"standard","meta":{"_jetpack_memberships_contains_paid_content":false,"footnotes":""},"categories":[59],"tags":[1474,1511,2158,26414,479],"class_list":["post-27858","post","type-post","status-publish","format-standard","has-post-thumbnail","hentry","category-bayern","tag-anschlag","tag-brandanschlag","tag-fluchtlinge","tag-fluchtlingsheim","tag-prozess"],"yoast_head":"<!-- This site is optimized with the Yoast SEO plugin v21.0 - https:\/\/yoast.com\/wordpress\/plugins\/seo\/ -->\n<title>Rechtsextremismus: Terror in der Dorfidylle - St\u00f6rungsmelder<\/title>\n<meta name=\"description\" content=\"Ein Nazi-Duo aus Nu\u00dfdorf am Inn greift wiederholt ein Asylbewerberheim mit Brands\u00e4tzen an. Im Chat schmieden sie brutale Pl\u00e4ne gegen Ausl\u00e4nder.\" \/>\n<meta name=\"robots\" content=\"index, follow, max-snippet:-1, max-image-preview:large, max-video-preview:-1\" \/>\n<link rel=\"canonical\" href=\"https:\/\/blog.zeit.de\/stoerungsmelder\/2019\/01\/07\/terror-in-der-dorfidylle_27858\" \/>\n<meta property=\"og:locale\" content=\"de_DE\" \/>\n<meta property=\"og:type\" content=\"article\" \/>\n<meta property=\"og:title\" content=\"Rechtsextremismus: Terror in der Dorfidylle - St\u00f6rungsmelder\" \/>\n<meta property=\"og:description\" content=\"Ein Nazi-Duo aus Nu\u00dfdorf am Inn greift wiederholt ein Asylbewerberheim mit Brands\u00e4tzen an. Im Chat schmieden sie brutale Pl\u00e4ne gegen Ausl\u00e4nder.\" \/>\n<meta property=\"og:url\" content=\"https:\/\/blog.zeit.de\/stoerungsmelder\/2019\/01\/07\/terror-in-der-dorfidylle_27858\" \/>\n<meta property=\"og:site_name\" content=\"St\u00f6rungsmelder\" \/>\n<meta property=\"article:published_time\" content=\"2019-01-07T07:28:38+00:00\" \/>\n<meta property=\"article:modified_time\" content=\"2019-01-10T12:44:19+00:00\" \/>\n<meta property=\"og:image\" content=\"https:\/\/blog.zeit.de\/stoerungsmelder\/files\/2019\/01\/101385732.jpg\" \/>\n\t<meta property=\"og:image:width\" content=\"620\" \/>\n\t<meta property=\"og:image:height\" content=\"413\" \/>\n\t<meta property=\"og:image:type\" content=\"image\/jpeg\" \/>\n<meta name=\"author\" content=\"Sebastian Lipp\" \/>\n<meta name=\"twitter:card\" content=\"summary_large_image\" \/>\n<meta name=\"twitter:description\" content=\"Mehrere Brandanschl\u00e4ge auf ein #Fl\u00fcchtlingsheim in #Bayern versetzten dessen Bewohner vergangenes Jahr in Angst und Schrecken. Die T\u00e4ter verherrlichten die Verbrechen des Nationalsozialismus. Was geschah dort in #Nu\u00dfdorf?\" \/>\n<meta name=\"twitter:creator\" content=\"@SebastianLipp\" \/>\n<meta name=\"twitter:label1\" content=\"Geschrieben von\" \/>\n\t<meta name=\"twitter:data1\" content=\"Sebastian Lipp\" \/>\n\t<meta name=\"twitter:label2\" content=\"Gesch\u00e4tzte Lesezeit\" \/>\n\t<meta name=\"twitter:data2\" content=\"4\u00a0Minuten\" \/>\n<script type=\"application\/ld+json\" class=\"yoast-schema-graph\">{\"@context\":\"https:\/\/schema.org\",\"@graph\":[{\"@type\":\"WebPage\",\"@id\":\"https:\/\/blog.zeit.de\/stoerungsmelder\/2019\/01\/07\/terror-in-der-dorfidylle_27858\",\"url\":\"https:\/\/blog.zeit.de\/stoerungsmelder\/2019\/01\/07\/terror-in-der-dorfidylle_27858\",\"name\":\"Rechtsextremismus: Terror in der Dorfidylle - St\u00f6rungsmelder\",\"isPartOf\":{\"@id\":\"https:\/\/blog.zeit.de\/stoerungsmelder\/#website\"},\"datePublished\":\"2019-01-07T07:28:38+00:00\",\"dateModified\":\"2019-01-10T12:44:19+00:00\",\"author\":{\"@id\":\"https:\/\/blog.zeit.de\/stoerungsmelder\/#\/schema\/person\/abf36269039573fecb7c7f814e987c29\"},\"description\":\"Ein Nazi-Duo aus Nu\u00dfdorf am Inn greift wiederholt ein Asylbewerberheim mit Brands\u00e4tzen an. Im Chat schmieden sie brutale Pl\u00e4ne gegen Ausl\u00e4nder.\",\"breadcrumb\":{\"@id\":\"https:\/\/blog.zeit.de\/stoerungsmelder\/2019\/01\/07\/terror-in-der-dorfidylle_27858#breadcrumb\"},\"inLanguage\":\"de\",\"potentialAction\":[{\"@type\":\"ReadAction\",\"target\":[\"https:\/\/blog.zeit.de\/stoerungsmelder\/2019\/01\/07\/terror-in-der-dorfidylle_27858\"]}]},{\"@type\":\"BreadcrumbList\",\"@id\":\"https:\/\/blog.zeit.de\/stoerungsmelder\/2019\/01\/07\/terror-in-der-dorfidylle_27858#breadcrumb\",\"itemListElement\":[{\"@type\":\"ListItem\",\"position\":1,\"name\":\"Startseite\",\"item\":\"https:\/\/blog.zeit.de\/stoerungsmelder\"},{\"@type\":\"ListItem\",\"position\":2,\"name\":\"Terror in der Dorfidylle\"}]},{\"@type\":\"WebSite\",\"@id\":\"https:\/\/blog.zeit.de\/stoerungsmelder\/#website\",\"url\":\"https:\/\/blog.zeit.de\/stoerungsmelder\/\",\"name\":\"St\u00f6rungsmelder\",\"description\":\"Recherchen und Analysen \u00fcber die extreme Rechte\",\"potentialAction\":[{\"@type\":\"SearchAction\",\"target\":{\"@type\":\"EntryPoint\",\"urlTemplate\":\"https:\/\/blog.zeit.de\/stoerungsmelder\/?s={search_term_string}\"},\"query-input\":\"required name=search_term_string\"}],\"inLanguage\":\"de\"},{\"@type\":\"Person\",\"@id\":\"https:\/\/blog.zeit.de\/stoerungsmelder\/#\/schema\/person\/abf36269039573fecb7c7f814e987c29\",\"name\":\"Sebastian Lipp\",\"image\":{\"@type\":\"ImageObject\",\"inLanguage\":\"de\",\"@id\":\"https:\/\/blog.zeit.de\/stoerungsmelder\/#\/schema\/person\/image\/\",\"url\":\"https:\/\/secure.gravatar.com\/avatar\/88a90014e1f1a5d93b03b4fd9a7643da248cc2335f5433c5b6e8ead7c24de4b8?s=96&d=mm&r=pg\",\"contentUrl\":\"https:\/\/secure.gravatar.com\/avatar\/88a90014e1f1a5d93b03b4fd9a7643da248cc2335f5433c5b6e8ead7c24de4b8?s=96&d=mm&r=pg\",\"caption\":\"Sebastian Lipp\"},\"sameAs\":[\"http:\/\/twitter.com\/SebastianLipp\",\"https:\/\/twitter.com\/SebastianLipp\"],\"url\":\"https:\/\/blog.zeit.de\/stoerungsmelder\/author\/sebastianl\"}]}<\/script>\n<!-- \/ Yoast SEO plugin. -->","yoast_head_json":{"title":"Rechtsextremismus: Terror in der Dorfidylle - St\u00f6rungsmelder","description":"Ein Nazi-Duo aus Nu\u00dfdorf am Inn greift wiederholt ein Asylbewerberheim mit Brands\u00e4tzen an. Im Chat schmieden sie brutale Pl\u00e4ne gegen Ausl\u00e4nder.","robots":{"index":"index","follow":"follow","max-snippet":"max-snippet:-1","max-image-preview":"max-image-preview:large","max-video-preview":"max-video-preview:-1"},"canonical":"https:\/\/blog.zeit.de\/stoerungsmelder\/2019\/01\/07\/terror-in-der-dorfidylle_27858","og_locale":"de_DE","og_type":"article","og_title":"Rechtsextremismus: Terror in der Dorfidylle - St\u00f6rungsmelder","og_description":"Ein Nazi-Duo aus Nu\u00dfdorf am Inn greift wiederholt ein Asylbewerberheim mit Brands\u00e4tzen an. Im Chat schmieden sie brutale Pl\u00e4ne gegen Ausl\u00e4nder.","og_url":"https:\/\/blog.zeit.de\/stoerungsmelder\/2019\/01\/07\/terror-in-der-dorfidylle_27858","og_site_name":"St\u00f6rungsmelder","article_published_time":"2019-01-07T07:28:38+00:00","article_modified_time":"2019-01-10T12:44:19+00:00","og_image":[{"width":620,"height":413,"url":"https:\/\/blog.zeit.de\/stoerungsmelder\/files\/2019\/01\/101385732.jpg","type":"image\/jpeg"}],"author":"Sebastian Lipp","twitter_card":"summary_large_image","twitter_description":"Mehrere Brandanschl\u00e4ge auf ein #Fl\u00fcchtlingsheim in #Bayern versetzten dessen Bewohner vergangenes Jahr in Angst und Schrecken. Die T\u00e4ter verherrlichten die Verbrechen des Nationalsozialismus. Was geschah dort in #Nu\u00dfdorf?","twitter_creator":"@SebastianLipp","twitter_misc":{"Geschrieben von":"Sebastian Lipp","Gesch\u00e4tzte Lesezeit":"4\u00a0Minuten"},"schema":{"@context":"https:\/\/schema.org","@graph":[{"@type":"WebPage","@id":"https:\/\/blog.zeit.de\/stoerungsmelder\/2019\/01\/07\/terror-in-der-dorfidylle_27858","url":"https:\/\/blog.zeit.de\/stoerungsmelder\/2019\/01\/07\/terror-in-der-dorfidylle_27858","name":"Rechtsextremismus: Terror in der Dorfidylle - St\u00f6rungsmelder","isPartOf":{"@id":"https:\/\/blog.zeit.de\/stoerungsmelder\/#website"},"datePublished":"2019-01-07T07:28:38+00:00","dateModified":"2019-01-10T12:44:19+00:00","author":{"@id":"https:\/\/blog.zeit.de\/stoerungsmelder\/#\/schema\/person\/abf36269039573fecb7c7f814e987c29"},"description":"Ein Nazi-Duo aus Nu\u00dfdorf am Inn greift wiederholt ein Asylbewerberheim mit Brands\u00e4tzen an. Im Chat schmieden sie brutale Pl\u00e4ne gegen Ausl\u00e4nder.","breadcrumb":{"@id":"https:\/\/blog.zeit.de\/stoerungsmelder\/2019\/01\/07\/terror-in-der-dorfidylle_27858#breadcrumb"},"inLanguage":"de","potentialAction":[{"@type":"ReadAction","target":["https:\/\/blog.zeit.de\/stoerungsmelder\/2019\/01\/07\/terror-in-der-dorfidylle_27858"]}]},{"@type":"BreadcrumbList","@id":"https:\/\/blog.zeit.de\/stoerungsmelder\/2019\/01\/07\/terror-in-der-dorfidylle_27858#breadcrumb","itemListElement":[{"@type":"ListItem","position":1,"name":"Startseite","item":"https:\/\/blog.zeit.de\/stoerungsmelder"},{"@type":"ListItem","position":2,"name":"Terror in der Dorfidylle"}]},{"@type":"WebSite","@id":"https:\/\/blog.zeit.de\/stoerungsmelder\/#website","url":"https:\/\/blog.zeit.de\/stoerungsmelder\/","name":"St\u00f6rungsmelder","description":"Recherchen und Analysen \u00fcber die extreme Rechte","potentialAction":[{"@type":"SearchAction","target":{"@type":"EntryPoint","urlTemplate":"https:\/\/blog.zeit.de\/stoerungsmelder\/?s={search_term_string}"},"query-input":"required name=search_term_string"}],"inLanguage":"de"},{"@type":"Person","@id":"https:\/\/blog.zeit.de\/stoerungsmelder\/#\/schema\/person\/abf36269039573fecb7c7f814e987c29","name":"Sebastian Lipp","image":{"@type":"ImageObject","inLanguage":"de","@id":"https:\/\/blog.zeit.de\/stoerungsmelder\/#\/schema\/person\/image\/","url":"https:\/\/secure.gravatar.com\/avatar\/88a90014e1f1a5d93b03b4fd9a7643da248cc2335f5433c5b6e8ead7c24de4b8?s=96&d=mm&r=pg","contentUrl":"https:\/\/secure.gravatar.com\/avatar\/88a90014e1f1a5d93b03b4fd9a7643da248cc2335f5433c5b6e8ead7c24de4b8?s=96&d=mm&r=pg","caption":"Sebastian Lipp"},"sameAs":["http:\/\/twitter.com\/SebastianLipp","https:\/\/twitter.com\/SebastianLipp"],"url":"https:\/\/blog.zeit.de\/stoerungsmelder\/author\/sebastianl"}]}},"jetpack_featured_media_url":"https:\/\/blog.zeit.de\/stoerungsmelder\/files\/2019\/01\/101385732.jpg","jetpack_sharing_enabled":true,"_links":{"self":[{"href":"https:\/\/blog.zeit.de\/stoerungsmelder\/wp-json\/wp\/v2\/posts\/27858","targetHints":{"allow":["GET"]}}],"collection":[{"href":"https:\/\/blog.zeit.de\/stoerungsmelder\/wp-json\/wp\/v2\/posts"}],"about":[{"href":"https:\/\/blog.zeit.de\/stoerungsmelder\/wp-json\/wp\/v2\/types\/post"}],"author":[{"embeddable":true,"href":"https:\/\/blog.zeit.de\/stoerungsmelder\/wp-json\/wp\/v2\/users\/518"}],"replies":[{"embeddable":true,"href":"https:\/\/blog.zeit.de\/stoerungsmelder\/wp-json\/wp\/v2\/comments?post=27858"}],"version-history":[{"count":7,"href":"https:\/\/blog.zeit.de\/stoerungsmelder\/wp-json\/wp\/v2\/posts\/27858\/revisions"}],"predecessor-version":[{"id":27899,"href":"https:\/\/blog.zeit.de\/stoerungsmelder\/wp-json\/wp\/v2\/posts\/27858\/revisions\/27899"}],"wp:featuredmedia":[{"embeddable":true,"href":"https:\/\/blog.zeit.de\/stoerungsmelder\/wp-json\/wp\/v2\/media\/27872"}],"wp:attachment":[{"href":"https:\/\/blog.zeit.de\/stoerungsmelder\/wp-json\/wp\/v2\/media?parent=27858"}],"wp:term":[{"taxonomy":"category","embeddable":true,"href":"https:\/\/blog.zeit.de\/stoerungsmelder\/wp-json\/wp\/v2\/categories?post=27858"},{"taxonomy":"post_tag","embeddable":true,"href":"https:\/\/blog.zeit.de\/stoerungsmelder\/wp-json\/wp\/v2\/tags?post=27858"}],"curies":[{"name":"wp","href":"https:\/\/api.w.org\/{rel}","templated":true}]}}