{"id":27974,"date":"2019-01-25T16:41:37","date_gmt":"2019-01-25T15:41:37","guid":{"rendered":"https:\/\/blog.zeit.de\/stoerungsmelder\/?p=27974"},"modified":"2019-01-25T18:04:30","modified_gmt":"2019-01-25T17:04:30","slug":"mindestens-85-tote-durch-rechte-gewalt-seit-1990","status":"publish","type":"post","link":"https:\/\/blog.zeit.de\/stoerungsmelder\/2019\/01\/25\/mindestens-85-tote-durch-rechte-gewalt-seit-1990_27974","title":{"rendered":"Mindestens 85 Tote durch rechte Gewalt seit 1990"},"content":{"rendered":"<p><strong>Die offiziellen Zahlen der Todesopfer rechter Gewalt steigen immer weiter. Doch die wahre Zahl liegt offenkundig sogar noch viel h\u00f6her.<\/strong><\/p>\n<p><a href=\"https:\/\/www.tagesspiegel.de\/politik\/zahlen-der-bundesregierung-mindestens-85-tote-durch-rechte-gewalt-seit-1990\/23910356.html\" target=\"_blank\" rel=\"noopener\"><em>Von &#8222;Tagesspiegel&#8220;-Autor Frank Jansen<\/em><\/a><\/p>\n<p><figure id=\"attachment_27976\" aria-describedby=\"caption-attachment-27976\" style=\"width: 620px\" class=\"wp-caption aligncenter\"><img loading=\"lazy\" decoding=\"async\" class=\"wp-image-27976 size-full\" src=\"https:\/\/blog.zeit.de\/stoerungsmelder\/files\/2019\/01\/59545304.jpg\" alt=\"Rechtsextremismus: Rechtsextreme - die man \u00fcbrigens nur noch selten mit Glatze oder gar Springerstiefeln antrifft - sind nach offiziellen Zahlen f\u00fcr 85 Todesf\u00e4lle seit der Wiedervereinigung verantwortlich (Symbolfoto). \u00a9 Patrick Pleul\/dpa\" width=\"620\" height=\"417\" \/><figcaption id=\"caption-attachment-27976\" class=\"wp-caption-text\">Rechtsextreme \u2013 die man \u00fcbrigens nur noch selten mit Glatze oder gar Springerstiefeln antrifft \u2013 sind nach offiziellen Zahlen f\u00fcr 85 Todesf\u00e4lle seit der Wiedervereinigung verantwortlich. \u00a9 Patrick Pleul\/dpa<\/figcaption><\/figure><\/p>\n<p>Die Tat ist offenbar ein Beispiel f\u00fcr exzessive homophobe Gewalt. Mehrere junge M\u00e4nner pr\u00fcgeln in der Nacht zum 18. April 2018 im s\u00e4chsischen Aue auf einen Schwulen ein. Der 27-j\u00e4hrige Christopher W. wird in einem Abrissgeb\u00e4ude getreten und mit F\u00e4usten geschlagen, mit einer R\u00f6hrenlampe und einer T\u00fcr. Dann sto\u00dfen die T\u00e4ter das Opfer in einen Schacht. Christopher W. stirbt noch am Tatort. Die Schl\u00e4ger sind stolz auf ihr Verbrechen. Sie fotografieren den zertr\u00fcmmerten Kopf des Mannes und stellen die Bilder ins Internet.<\/p>\n<p><!--more--><\/p>\n<p>Die drei mutma\u00dflichen T\u00e4ter, auch wegen rechter Delikte polizeibekannt, m\u00fcssen sich seit Dezember vor dem Landgericht Chemnitz verantworten. Die Staatsanwaltschaft spricht in der Anklage von Mord. Auch wenn der Fall juristisch noch nicht abschlie\u00dfend bewertet ist, steht er jetzt <a href=\"https:\/\/www.tagesspiegel.de\/politik\/rechtsextremismus-in-deutschland-von-169-todesopfern-rechter-gewalt-werden-nur-83-offiziell-genannt\/23117380.html\" target=\"_blank\" rel=\"noopener\">in einer Statistik der Bundesregierung<\/a> zu rechts motivierten T\u00f6tungsdelikten. Als vollendeter Totschlag, so sieht es die Polizei.<\/p>\n<h2>Zahlen gehen aus Anfrage der Linken hervor<\/h2>\n<p>Das geht aus der Antwort der Bundesregierung auf eine Kleine Anfrage der Bundestagsabgeordneten Martina Renner (Linke) und ihrer Fraktion zu rechten T\u00f6tungsdelikten 2017 und 2018 hervor. Das Papier liegt dem <em>Tagesspiegel<\/em> vor. Renner kritisiert, die Beh\u00f6rden h\u00e4tten die \u00d6ffentlichkeit im Fall Christopher W. \u201e\u00fcber das offenkundig rechte Motiv bislang im Unklaren gelassen\u201c.<\/p>\n<p>Ein weiterer Fall wird von der Regierung nun auch als rechts motiviert genannt. Im M\u00e4rz 2017 legt eine 70-j\u00e4hrige Frau in einem Mehrfamilienhaus im s\u00e4chsischen D\u00f6beln Feuer \u2013 aus Hass auf einen hier lebenden Iraner. Im verqualmten Treppenhaus schafft es eine 85 Jahre alte Mieterin nicht mehr in ihre Wohnung.<\/p>\n<p><a href=\"https:\/\/www.tagesspiegel.de\/politik\/rechtsextremismus-die-stille-nach-dem-brand\/23139172.html\" target=\"_blank\" rel=\"noopener\">Ruth K. stirbt eineinhalb Monate sp\u00e4ter an den Folgen der Rauchgasvergiftung.<\/a> Im M\u00e4rz 2018 verurteilt das Landgericht Chemnitz die T\u00e4terin zu neun Jahren Haft, auch wegen weiterer rassistischer Brandanschl\u00e4ge. Der Antwort der Regierung auf Renners Anfrage ist zu entnehmen, dass die s\u00e4chsische Polizei den Fall dem Bundeskriminalamt als rechts motivierte Brandstiftung mit Todesfolge nachgemeldet hat. Damit steigt die offizielle Zahl der Todesopfer rechter Gewalt seit der Wiedervereinigung auf 85.<\/p>\n<h2>Wahre Opferzahl seit Wiedervereinigung d\u00fcrfte h\u00f6her liegen<\/h2>\n<p>Die wahre Zahl der Menschen, die seit dem 3. Oktober 1990 bei rechten Attacken ums Leben kamen, ist offenkundig erheblich h\u00f6her. <a href=\"https:\/\/www.tagesspiegel.de\/politik\/interaktive-karte-todesopfer-rechter-gewalt-in-deutschland-seit-der-wiedervereinigung\/23117414.html\" target=\"_blank\" rel=\"noopener\">Der<em> Tagesspiegel<\/em> kommt in einer Langzeitrecherche seit dem Jahr 2000, derzeit gemeinsam mit ZEIT ONLINE, auf mindestens 169 Todesopfer.<\/a> Der Fall D\u00f6beln steht in dieser Liste.<\/p>\n<p>Im Papier der Regierung sind zudem sechs versuchte T\u00f6tungsdelikte mit rechtem Hintergrund aus dem Jahr 2018 aufgelistet. Es handelt sich um Mordversuche in Bremen, Heilbronn, Geislingen (Baden-W\u00fcrttemberg) und Bad \u00dcberkingen (auch Baden-W\u00fcrttemberg). Hinzu kommen F\u00e4lle versuchten Totschlags in Wetter (Nordrhein-Westfalen) und Mosbach (Baden-W\u00fcrttemberg).<\/p>\n<h2>Kriminalit\u00e4t von Neonazis geht offenbar leicht zur\u00fcck<\/h2>\n<p>Unterdessen scheint die Kriminalit\u00e4t von Neonazis und anderen Rechten etwas nachzulassen. Die Polizei stellte von Januar bis November 2018 bundesweit 16.252 Straftaten fest, darunter 909 Gewaltdelikte. Die Zahl steht in einer Antwort der Regierung auf eine Kleine Anfrage von Bundestagsvizepr\u00e4sidentin Petra Pau (Linke) und der Fraktion. In der Bilanz sind Nachmeldungen der Polizei aus mehreren Monaten enthalten.<\/p>\n<p>Auch wenn weitere Altf\u00e4lle zu erwarten sind und der Dezember 2018 noch fehlt, zeichnet sich in der Tendenz ein R\u00fcckgang gegen\u00fcber dem Vorjahr ab. Das Bundesinnenministerium hatte f\u00fcr 2017 insgesamt 20.520 rechts motivierte Delikte gemeldet, mit 1.130 Gewalttaten. Das war gegen\u00fcber 2016 (23.555 Delikte, 1.698 Gewalttaten) eine Abnahme um mehr als zehn Prozent.<\/p>\n","protected":false},"excerpt":{"rendered":"<p>Die offiziellen Zahlen der Todesopfer rechter Gewalt steigen immer weiter. Doch die wahre Zahl liegt offenkundig sogar noch viel h\u00f6her. Von &#8222;Tagesspiegel&#8220;-Autor Frank Jansen Die Tat ist offenbar ein Beispiel f\u00fcr exzessive homophobe Gewalt. Mehrere junge M\u00e4nner pr\u00fcgeln in der Nacht zum 18. April 2018 im s\u00e4chsischen Aue auf einen Schwulen ein. Der 27-j\u00e4hrige Christopher [&hellip;]<\/p>\n","protected":false},"author":229,"featured_media":27976,"comment_status":"open","ping_status":"closed","sticky":false,"template":"","format":"standard","meta":{"_jetpack_memberships_contains_paid_content":false,"footnotes":""},"categories":[1],"tags":[1071,1587,6377],"class_list":["post-27974","post","type-post","status-publish","format-standard","has-post-thumbnail","hentry","category-allgemein","tag-bundesregierung","tag-gewalt","tag-todesopfer"],"yoast_head":"<!-- This site is optimized with the Yoast SEO plugin v21.0 - https:\/\/yoast.com\/wordpress\/plugins\/seo\/ -->\n<title>Rechtsextremismus: Mindestens 85 Tote durch rechte Gewalt seit 1990<\/title>\n<meta name=\"description\" content=\"Die offiziellen Zahlen der Todesopfer rechter Gewalt steigen immer weiter. Doch die wahre Zahl liegt offenkundig sogar noch viel h\u00f6her.\" \/>\n<meta name=\"robots\" content=\"index, follow, max-snippet:-1, max-image-preview:large, max-video-preview:-1\" \/>\n<link rel=\"canonical\" href=\"https:\/\/blog.zeit.de\/stoerungsmelder\/2019\/01\/25\/mindestens-85-tote-durch-rechte-gewalt-seit-1990_27974\" \/>\n<meta property=\"og:locale\" content=\"de_DE\" \/>\n<meta property=\"og:type\" content=\"article\" \/>\n<meta property=\"og:title\" content=\"Rechtsextremismus: Mindestens 85 Tote durch rechte Gewalt seit 1990\" \/>\n<meta property=\"og:description\" content=\"Die offiziellen Zahlen der Todesopfer rechter Gewalt steigen immer weiter. Doch die wahre Zahl liegt offenkundig sogar noch viel h\u00f6her.\" \/>\n<meta property=\"og:url\" content=\"https:\/\/blog.zeit.de\/stoerungsmelder\/2019\/01\/25\/mindestens-85-tote-durch-rechte-gewalt-seit-1990_27974\" \/>\n<meta property=\"og:site_name\" content=\"St\u00f6rungsmelder\" \/>\n<meta property=\"article:published_time\" content=\"2019-01-25T15:41:37+00:00\" \/>\n<meta property=\"article:modified_time\" content=\"2019-01-25T17:04:30+00:00\" \/>\n<meta property=\"og:image\" content=\"https:\/\/blog.zeit.de\/stoerungsmelder\/files\/2019\/01\/59545304.jpg\" \/>\n\t<meta property=\"og:image:width\" content=\"620\" \/>\n\t<meta property=\"og:image:height\" content=\"417\" \/>\n\t<meta property=\"og:image:type\" content=\"image\/jpeg\" \/>\n<meta name=\"author\" content=\"St\u00f6rungsmelder\" \/>\n<meta name=\"twitter:card\" content=\"summary_large_image\" \/>\n<meta name=\"twitter:label1\" content=\"Geschrieben von\" \/>\n\t<meta name=\"twitter:data1\" content=\"St\u00f6rungsmelder\" \/>\n\t<meta name=\"twitter:label2\" content=\"Gesch\u00e4tzte Lesezeit\" \/>\n\t<meta name=\"twitter:data2\" content=\"3\u00a0Minuten\" \/>\n<script type=\"application\/ld+json\" class=\"yoast-schema-graph\">{\"@context\":\"https:\/\/schema.org\",\"@graph\":[{\"@type\":\"WebPage\",\"@id\":\"https:\/\/blog.zeit.de\/stoerungsmelder\/2019\/01\/25\/mindestens-85-tote-durch-rechte-gewalt-seit-1990_27974\",\"url\":\"https:\/\/blog.zeit.de\/stoerungsmelder\/2019\/01\/25\/mindestens-85-tote-durch-rechte-gewalt-seit-1990_27974\",\"name\":\"Rechtsextremismus: Mindestens 85 Tote durch rechte Gewalt seit 1990\",\"isPartOf\":{\"@id\":\"https:\/\/blog.zeit.de\/stoerungsmelder\/#website\"},\"datePublished\":\"2019-01-25T15:41:37+00:00\",\"dateModified\":\"2019-01-25T17:04:30+00:00\",\"author\":{\"@id\":\"https:\/\/blog.zeit.de\/stoerungsmelder\/#\/schema\/person\/fdd0b9818f65738672810b6d6f037f71\"},\"description\":\"Die offiziellen Zahlen der Todesopfer rechter Gewalt steigen immer weiter. Doch die wahre Zahl liegt offenkundig sogar noch viel h\u00f6her.\",\"breadcrumb\":{\"@id\":\"https:\/\/blog.zeit.de\/stoerungsmelder\/2019\/01\/25\/mindestens-85-tote-durch-rechte-gewalt-seit-1990_27974#breadcrumb\"},\"inLanguage\":\"de\",\"potentialAction\":[{\"@type\":\"ReadAction\",\"target\":[\"https:\/\/blog.zeit.de\/stoerungsmelder\/2019\/01\/25\/mindestens-85-tote-durch-rechte-gewalt-seit-1990_27974\"]}]},{\"@type\":\"BreadcrumbList\",\"@id\":\"https:\/\/blog.zeit.de\/stoerungsmelder\/2019\/01\/25\/mindestens-85-tote-durch-rechte-gewalt-seit-1990_27974#breadcrumb\",\"itemListElement\":[{\"@type\":\"ListItem\",\"position\":1,\"name\":\"Startseite\",\"item\":\"https:\/\/blog.zeit.de\/stoerungsmelder\"},{\"@type\":\"ListItem\",\"position\":2,\"name\":\"Mindestens 85 Tote durch rechte Gewalt seit 1990\"}]},{\"@type\":\"WebSite\",\"@id\":\"https:\/\/blog.zeit.de\/stoerungsmelder\/#website\",\"url\":\"https:\/\/blog.zeit.de\/stoerungsmelder\/\",\"name\":\"St\u00f6rungsmelder\",\"description\":\"Recherchen und Analysen \u00fcber die extreme Rechte\",\"potentialAction\":[{\"@type\":\"SearchAction\",\"target\":{\"@type\":\"EntryPoint\",\"urlTemplate\":\"https:\/\/blog.zeit.de\/stoerungsmelder\/?s={search_term_string}\"},\"query-input\":\"required name=search_term_string\"}],\"inLanguage\":\"de\"},{\"@type\":\"Person\",\"@id\":\"https:\/\/blog.zeit.de\/stoerungsmelder\/#\/schema\/person\/fdd0b9818f65738672810b6d6f037f71\",\"name\":\"St\u00f6rungsmelder\",\"image\":{\"@type\":\"ImageObject\",\"inLanguage\":\"de\",\"@id\":\"https:\/\/blog.zeit.de\/stoerungsmelder\/#\/schema\/person\/image\/\",\"url\":\"https:\/\/secure.gravatar.com\/avatar\/dfa4be514c3e82a71e4f9a0020035d38192d080ccaa5e4e6d7a1472c763535c5?s=96&d=mm&r=pg\",\"contentUrl\":\"https:\/\/secure.gravatar.com\/avatar\/dfa4be514c3e82a71e4f9a0020035d38192d080ccaa5e4e6d7a1472c763535c5?s=96&d=mm&r=pg\",\"caption\":\"St\u00f6rungsmelder\"},\"url\":\"https:\/\/blog.zeit.de\/stoerungsmelder\/author\/stoerungsmelder\"}]}<\/script>\n<!-- \/ Yoast SEO plugin. -->","yoast_head_json":{"title":"Rechtsextremismus: Mindestens 85 Tote durch rechte Gewalt seit 1990","description":"Die offiziellen Zahlen der Todesopfer rechter Gewalt steigen immer weiter. Doch die wahre Zahl liegt offenkundig sogar noch viel h\u00f6her.","robots":{"index":"index","follow":"follow","max-snippet":"max-snippet:-1","max-image-preview":"max-image-preview:large","max-video-preview":"max-video-preview:-1"},"canonical":"https:\/\/blog.zeit.de\/stoerungsmelder\/2019\/01\/25\/mindestens-85-tote-durch-rechte-gewalt-seit-1990_27974","og_locale":"de_DE","og_type":"article","og_title":"Rechtsextremismus: Mindestens 85 Tote durch rechte Gewalt seit 1990","og_description":"Die offiziellen Zahlen der Todesopfer rechter Gewalt steigen immer weiter. Doch die wahre Zahl liegt offenkundig sogar noch viel h\u00f6her.","og_url":"https:\/\/blog.zeit.de\/stoerungsmelder\/2019\/01\/25\/mindestens-85-tote-durch-rechte-gewalt-seit-1990_27974","og_site_name":"St\u00f6rungsmelder","article_published_time":"2019-01-25T15:41:37+00:00","article_modified_time":"2019-01-25T17:04:30+00:00","og_image":[{"width":620,"height":417,"url":"https:\/\/blog.zeit.de\/stoerungsmelder\/files\/2019\/01\/59545304.jpg","type":"image\/jpeg"}],"author":"St\u00f6rungsmelder","twitter_card":"summary_large_image","twitter_misc":{"Geschrieben von":"St\u00f6rungsmelder","Gesch\u00e4tzte Lesezeit":"3\u00a0Minuten"},"schema":{"@context":"https:\/\/schema.org","@graph":[{"@type":"WebPage","@id":"https:\/\/blog.zeit.de\/stoerungsmelder\/2019\/01\/25\/mindestens-85-tote-durch-rechte-gewalt-seit-1990_27974","url":"https:\/\/blog.zeit.de\/stoerungsmelder\/2019\/01\/25\/mindestens-85-tote-durch-rechte-gewalt-seit-1990_27974","name":"Rechtsextremismus: Mindestens 85 Tote durch rechte Gewalt seit 1990","isPartOf":{"@id":"https:\/\/blog.zeit.de\/stoerungsmelder\/#website"},"datePublished":"2019-01-25T15:41:37+00:00","dateModified":"2019-01-25T17:04:30+00:00","author":{"@id":"https:\/\/blog.zeit.de\/stoerungsmelder\/#\/schema\/person\/fdd0b9818f65738672810b6d6f037f71"},"description":"Die offiziellen Zahlen der Todesopfer rechter Gewalt steigen immer weiter. Doch die wahre Zahl liegt offenkundig sogar noch viel h\u00f6her.","breadcrumb":{"@id":"https:\/\/blog.zeit.de\/stoerungsmelder\/2019\/01\/25\/mindestens-85-tote-durch-rechte-gewalt-seit-1990_27974#breadcrumb"},"inLanguage":"de","potentialAction":[{"@type":"ReadAction","target":["https:\/\/blog.zeit.de\/stoerungsmelder\/2019\/01\/25\/mindestens-85-tote-durch-rechte-gewalt-seit-1990_27974"]}]},{"@type":"BreadcrumbList","@id":"https:\/\/blog.zeit.de\/stoerungsmelder\/2019\/01\/25\/mindestens-85-tote-durch-rechte-gewalt-seit-1990_27974#breadcrumb","itemListElement":[{"@type":"ListItem","position":1,"name":"Startseite","item":"https:\/\/blog.zeit.de\/stoerungsmelder"},{"@type":"ListItem","position":2,"name":"Mindestens 85 Tote durch rechte Gewalt seit 1990"}]},{"@type":"WebSite","@id":"https:\/\/blog.zeit.de\/stoerungsmelder\/#website","url":"https:\/\/blog.zeit.de\/stoerungsmelder\/","name":"St\u00f6rungsmelder","description":"Recherchen und Analysen \u00fcber die extreme Rechte","potentialAction":[{"@type":"SearchAction","target":{"@type":"EntryPoint","urlTemplate":"https:\/\/blog.zeit.de\/stoerungsmelder\/?s={search_term_string}"},"query-input":"required name=search_term_string"}],"inLanguage":"de"},{"@type":"Person","@id":"https:\/\/blog.zeit.de\/stoerungsmelder\/#\/schema\/person\/fdd0b9818f65738672810b6d6f037f71","name":"St\u00f6rungsmelder","image":{"@type":"ImageObject","inLanguage":"de","@id":"https:\/\/blog.zeit.de\/stoerungsmelder\/#\/schema\/person\/image\/","url":"https:\/\/secure.gravatar.com\/avatar\/dfa4be514c3e82a71e4f9a0020035d38192d080ccaa5e4e6d7a1472c763535c5?s=96&d=mm&r=pg","contentUrl":"https:\/\/secure.gravatar.com\/avatar\/dfa4be514c3e82a71e4f9a0020035d38192d080ccaa5e4e6d7a1472c763535c5?s=96&d=mm&r=pg","caption":"St\u00f6rungsmelder"},"url":"https:\/\/blog.zeit.de\/stoerungsmelder\/author\/stoerungsmelder"}]}},"jetpack_featured_media_url":"https:\/\/blog.zeit.de\/stoerungsmelder\/files\/2019\/01\/59545304.jpg","jetpack_sharing_enabled":true,"_links":{"self":[{"href":"https:\/\/blog.zeit.de\/stoerungsmelder\/wp-json\/wp\/v2\/posts\/27974","targetHints":{"allow":["GET"]}}],"collection":[{"href":"https:\/\/blog.zeit.de\/stoerungsmelder\/wp-json\/wp\/v2\/posts"}],"about":[{"href":"https:\/\/blog.zeit.de\/stoerungsmelder\/wp-json\/wp\/v2\/types\/post"}],"author":[{"embeddable":true,"href":"https:\/\/blog.zeit.de\/stoerungsmelder\/wp-json\/wp\/v2\/users\/229"}],"replies":[{"embeddable":true,"href":"https:\/\/blog.zeit.de\/stoerungsmelder\/wp-json\/wp\/v2\/comments?post=27974"}],"version-history":[{"count":5,"href":"https:\/\/blog.zeit.de\/stoerungsmelder\/wp-json\/wp\/v2\/posts\/27974\/revisions"}],"predecessor-version":[{"id":27981,"href":"https:\/\/blog.zeit.de\/stoerungsmelder\/wp-json\/wp\/v2\/posts\/27974\/revisions\/27981"}],"wp:featuredmedia":[{"embeddable":true,"href":"https:\/\/blog.zeit.de\/stoerungsmelder\/wp-json\/wp\/v2\/media\/27976"}],"wp:attachment":[{"href":"https:\/\/blog.zeit.de\/stoerungsmelder\/wp-json\/wp\/v2\/media?parent=27974"}],"wp:term":[{"taxonomy":"category","embeddable":true,"href":"https:\/\/blog.zeit.de\/stoerungsmelder\/wp-json\/wp\/v2\/categories?post=27974"},{"taxonomy":"post_tag","embeddable":true,"href":"https:\/\/blog.zeit.de\/stoerungsmelder\/wp-json\/wp\/v2\/tags?post=27974"}],"curies":[{"name":"wp","href":"https:\/\/api.w.org\/{rel}","templated":true}]}}