{"id":28014,"date":"2019-02-05T06:00:08","date_gmt":"2019-02-05T05:00:08","guid":{"rendered":"https:\/\/blog.zeit.de\/stoerungsmelder\/?p=28014"},"modified":"2019-11-01T15:07:01","modified_gmt":"2019-11-01T14:07:01","slug":"afd-rechtsextreme-mitarbeiter-brandenburg-thueringen-verfassungsschutz","status":"publish","type":"post","link":"https:\/\/blog.zeit.de\/stoerungsmelder\/2019\/02\/05\/afd-rechtsextreme-mitarbeiter-brandenburg-thueringen-verfassungsschutz_28014","title":{"rendered":"AfD-Mitarbeiter am rechten Rand"},"content":{"rendered":"<p><strong>Wegen enger Kontakte zu Rechtsextremen muss die AfD eine Beobachtung durch den Verfassungsschutz f\u00fcrchten. ZEIT-ONLINE-Recherchen zeigen weitere Verstrickungen in das Milieu.<\/strong><\/p>\n<p><em>Von Henrik Merker<\/em><\/p>\n<p><figure id=\"attachment_28018\" aria-describedby=\"caption-attachment-28018\" style=\"width: 620px\" class=\"wp-caption aligncenter\"><img loading=\"lazy\" decoding=\"async\" class=\"wp-image-28018 size-medium\" src=\"https:\/\/blog.zeit.de\/stoerungsmelder\/files\/2019\/02\/91048709-620x416.jpg\" alt=\"Rechtsextremismus: NPD-Jugend, Identit\u00e4re und AfD haben personelle \u00dcberschneidungen. \u00a9 Paul Zinken\/dpa, Ronny Hartmann\/Getty, Alexander Koerner\/Getty\" width=\"620\" height=\"416\" srcset=\"https:\/\/blog.zeit.de\/stoerungsmelder\/files\/2019\/02\/91048709-620x416.jpg 620w, https:\/\/blog.zeit.de\/stoerungsmelder\/files\/2019\/02\/91048709-768x516.jpg 768w, https:\/\/blog.zeit.de\/stoerungsmelder\/files\/2019\/02\/91048709-1024x688.jpg 1024w, https:\/\/blog.zeit.de\/stoerungsmelder\/files\/2019\/02\/91048709.jpg 1078w\" sizes=\"auto, (max-width: 620px) 100vw, 620px\" \/><figcaption id=\"caption-attachment-28018\" class=\"wp-caption-text\">NPD-Jugend, Identit\u00e4re und AfD haben personelle \u00dcberschneidungen.\u00a0\u00a9 Paul Zinken\/dpa, Ronny Hartmann\/Getty, Alexander Koerner\/Getty<\/figcaption><\/figure><\/p>\n<p>Ende Januar 2019 gelangte <a href=\"https:\/\/www.zeit.de\/politik\/deutschland\/2019-01\/verfassungsschutz-gauland-afd-gutachten\">ein geheimes Gutachten<\/a> an die \u00d6ffentlichkeit, verfasst im Auftrag des Bundesverfassungsschutzes. <a href=\"https:\/\/netzpolitik.org\/2019\/wir-veroeffentlichen-das-verfassungsschutz-gutachten-zur-afd\/\" target=\"_blank\" rel=\"noopener noreferrer\">Auf 436 Seiten<\/a> werden darin <a href=\"https:\/\/www.zeit.de\/politik\/deutschland\/2019-01\/bayerischer-landtag-afd-gedenkfeier-opfer-nationalsozialismus\">verfassungsfeindliche Umtriebe<\/a> in der AfD beleuchtet: Von Holocaustleugnung und Kontakten hoher Funktion\u00e4re in die rechtsextreme Szene ist die Rede. Der Partei droht eine Beobachtung durch den Geheimdienst.<\/p>\n<p>Offiziell grenzt sie sich deshalb von rechtsextremen Gruppen ab. Doch die Zusammenarbeit mit der neu-rechten <a href=\"https:\/\/blog.zeit.de\/stoerungsmelder\/2019\/01\/14\/identitaere-bewegung-greift-zeitungen-und-parteibueros-an_27911\">Identit\u00e4ren Bewegung<\/a> und fr\u00fcheren Mitgliedern der NPD-Jugend ist ungebrochen. ZEIT ONLINE hat zwei weitere Verbindungen in Brandenburg und Th\u00fcringen aufgedeckt.<\/p>\n<p><!--more--><\/p>\n<h2>Erst NPD-Jugend, dann Identit\u00e4rer, jetzt AfD-Mitarbeiter<\/h2>\n<p>Das rechtsextreme Magazin <em>Arcadi<\/em> zeigt bevorzugt junge Frauen auf dem Titelblatt, begleitet von \u00dcberschriften wie &#8222;Jung. Sch\u00f6n. Rechts.&#8220; Das Heft ist eine Selbstdarstellungsb\u00fchne f\u00fcr Kader der Identit\u00e4ren, es steht ideologisch der Neuen Rechten nahe. Einer der Autoren hei\u00dft Paul Meyer. Laut eigenen Angaben schreibt er dort seit M\u00e4rz 2018. Wie nun bekannt wurde, hat Meyer allerdings noch einen weiteren Job: Er ist Mitarbeiter in der Pressestelle der Brandenburger AfD-Fraktion, wie deren Sprecher Andreas Horst best\u00e4tigt. Seit wann er f\u00fcr die Fraktion arbeitet, will Horst nicht sagen. Sein Stellvertreter teilt mit, man \u00e4u\u00dfere sich generell nicht zu Personalangelegenheiten. Doch Meyer ist nicht irgendwer, er kann f\u00fcr die Partei zum Problem werden.<\/p>\n<p>Seine politische Karriere begann Paul Meyer als Kameramann bei Veranstaltungen der NPD-Jugendorganisation Junge Nationalisten (JN). Am 5. Oktober 2013 filmte er eine JN-Demonstration in D\u00f6beln. 2014 trat <a href=\"https:\/\/www.niederlausitz-aktuell.de\/elbe-elster\/elsterwerda\/item\/50822-matthias-pohl-und-paul-meyer-sind-die-besten-des-landes.html\" target=\"_blank\" rel=\"noopener noreferrer\">der ambitionierte Sportkegler<\/a> beim Europakongress des Jugendverbands auf, <a href=\"https:\/\/thueringenrechtsaussen.wordpress.com\/2015\/02\/24\/unscheinbar-umtriebig-tobias-winter-alias-bienenmann-unterwegs-im-europaweiten-blood-honour-netzwerk\/\" target=\"_blank\" rel=\"noopener noreferrer\">gemeinsam mit dem Neonazi und Burschenschafter Tobias Winter<\/a>. Beide sa\u00dfen auf der B\u00fchne und spielten Gitarre.<\/p>\n<h2>Karriere in der rechtsextremen Str\u00f6mung<\/h2>\n<p>Auf Instagram und YouTube pr\u00e4sentiert sich der Fraktionsmitarbeiter derzeit als seri\u00f6ser Barkeeper, mischt vor laufender Kamera Mojitos. Neben den unpolitischen Barvideos verbreitet er rechte und heimatt\u00fcmliche Musik, bebildert mit Illustrationen des Identit\u00e4ren-Grafikers Wolf PMS. Noch im M\u00e4rz 2018 sprach Meyer in einem Video des Identit\u00e4ren-Kaders Alexander &#8222;Malenki&#8220; Kleine, das bei einem IB-Kongress im ober\u00f6sterreichischen Aistersheim aufgenommen wurde. Zwei Monate sp\u00e4ter trat der Musiker im Abendprogramm eines Aktivistentreffens der schw\u00e4bischen Identit\u00e4ren auf.<\/p>\n<p>Innerhalb kurzer Zeit machte er Karriere in der rechtsextremen Str\u00f6mung. Nun ist er bei der AfD f\u00fcr die Medienarbeit zust\u00e4ndig. Wie brisant seine Verbindungen sind, war ihm offenbar bewusst: Er l\u00f6schte seine Konten in sozialen Netzwerken mit der Abk\u00fcrzung &#8222;IB&#8220; im Namen. Doch ganz absch\u00fctteln konnte er die Vergangenheit nicht: Meyers Auftritte f\u00fcr NPD-Jugend und Identit\u00e4re sind auf deren Plattformen weiterhin abrufbar.<\/p>\n<p>Meyer ist nicht der Erste, der mit Verbindungen zum <em>Arcadi<\/em>-Magazin auff\u00e4llt. Erst vor Kurzem hatte der Brandenburger <a href=\"https:\/\/www.lr-online.de\/lausitz\/cottbus\/lausitzer-afd-funktionaer-taucht-ab_aid-36003969\" target=\"_blank\" rel=\"noopener noreferrer\">AfD-Politiker Jean-Pascal Hohm seine Parteit\u00e4tigkeiten niedergelegt<\/a>, nachdem das Verfassungsschutzgutachten seine engen Verbindungen zur Identit\u00e4ren Bewegung enth\u00fcllt hatte. Hohm soll auch Neonazimusik und Inhalte von <em>Arcadi<\/em> verbreitet haben.<\/p>\n<h2>Auftritt im Deutschlandkost\u00fcm<\/h2>\n<p>Auch ein anderer AfD-Mann pflegt offenbar beste Verbindungen zur Identit\u00e4ren Bewegung: Konrad Kohlhas aus Th\u00fcringen. Seit 2015 sind seine Aktivit\u00e4ten dokumentiert. Im nordth\u00fcringischen Gro\u00dfmehlra war er dabei, als die Rechtsextremen Flugbl\u00e4tter verteilten. Seitdem geht Kohlhas regelm\u00e4\u00dfig auf Demonstrationen der westth\u00fcringischen Identit\u00e4ren, verbringt Abende bei ihren Stammtischen und ist bei Stra\u00dfenaktionen dabei. Wie bei der Bewegung \u00fcblich landen Videos von den Aktionen im Internet und sollen unter rechten Jugendlichen verbreitet werden. In den Filmchen tritt er h\u00e4ufig als einer der Hauptdarsteller auf.<\/p>\n<p>Seinen letzten dokumentierten Auftritt hatte Kohlhas im Dezember 2018. In Gera mimte er ein von der Europ\u00e4ischen Union geknechtetes Deutschland und lie\u00df sich mit Farbe beschmieren. Die Identit\u00e4ren wollten damit gegen den <a href=\"https:\/\/www.zeit.de\/politik\/ausland\/2018-12\/marrakesch-marroko-migrationspakt-un-gipfel-verabschiedung\">UN-Migrationspakt<\/a> werben, der wenig sp\u00e4ter in Marrakesch beschlossen wurde.<\/p>\n<p><figure id=\"attachment_28029\" aria-describedby=\"caption-attachment-28029\" style=\"width: 620px\" class=\"wp-caption aligncenter\"><img loading=\"lazy\" decoding=\"async\" class=\"wp-image-28029 size-medium\" src=\"https:\/\/blog.zeit.de\/stoerungsmelder\/files\/2019\/02\/kohlhas_ib_gera_2018-620x349.jpg\" alt=\"Rechtsextremismus: Kohlhas im Dezember 2018 bei einer Identit\u00e4ren-Aktion in Gera \u00a9 Screenshot St\u00f6rungsmelder\" width=\"620\" height=\"349\" srcset=\"https:\/\/blog.zeit.de\/stoerungsmelder\/files\/2019\/02\/kohlhas_ib_gera_2018-620x349.jpg 620w, https:\/\/blog.zeit.de\/stoerungsmelder\/files\/2019\/02\/kohlhas_ib_gera_2018-768x432.jpg 768w, https:\/\/blog.zeit.de\/stoerungsmelder\/files\/2019\/02\/kohlhas_ib_gera_2018-1024x576.jpg 1024w, https:\/\/blog.zeit.de\/stoerungsmelder\/files\/2019\/02\/kohlhas_ib_gera_2018.jpg 1366w\" sizes=\"auto, (max-width: 620px) 100vw, 620px\" \/><figcaption id=\"caption-attachment-28029\" class=\"wp-caption-text\">Kohlhas im Dezember 2018 bei einer Identit\u00e4ren-Aktion in Gera \u00a9 Screenshot St\u00f6rungsmelder<\/figcaption><\/figure><\/p>\n<p>Ende Februar 2016 wurde Kohlhas zum stellvertretenden Kreisvorsitzenden der AfD Westth\u00fcringen gew\u00e4hlt, teilt Landessprecher Torben Braga mit. Sechs Monate sp\u00e4ter sei Kohlhas zur\u00fcckgetreten \u2013 seitdem habe er keine \u00c4mter mehr innegehabt oder f\u00fcr die Partei gearbeitet. Doch Anfang Januar 2019 stand Kohlhas wieder f\u00fcr die Partei auf der B\u00fchne. In einem Video vom Neujahrsempfang der AfD Westth\u00fcringen begleitet der Gitarrist einen Vortrag \u00fcber preu\u00dfische Geschichte.<\/p>\n<p>Die Aktivit\u00e4ten des umtriebigen Identit\u00e4ren-Kaders Kohlhas seien der AfD nicht bekannt, sagt Sprecher Braga auf Nachfrage und verweist auf die Unvereinbarkeitsliste der Partei. Darin hat die AfD festgelegt, dass ihre Mitglieder nicht gleichzeitig f\u00fcr die Identit\u00e4ren t\u00e4tig sein d\u00fcrfen. Laut Braga w\u00fcrden Hinweise auf m\u00f6gliche Kontakte von den zust\u00e4ndigen Parteigremien &#8222;intensiv gepr\u00fcft&#8220;.<\/p>\n","protected":false},"excerpt":{"rendered":"<p>Eigentlich sind Kontakte zu Rechtsextremen f\u00fcr AfD-Mitarbeiter und -Politiker tabu. Neue St\u00f6rungsmelder-Recherchen belegen wieder einmal: In Wahrheit sieht das ganz anders aus.<\/p>\n","protected":false},"author":703,"featured_media":28018,"comment_status":"open","ping_status":"closed","sticky":false,"template":"","format":"standard","meta":{"_jetpack_memberships_contains_paid_content":false,"footnotes":""},"categories":[1451,978],"tags":[28267,24509,1636,1716,1836],"class_list":["post-28014","post","type-post","status-publish","format-standard","has-post-thumbnail","hentry","category-brandenburg","category-thuringen","tag-afd","tag-identitare-bewegung","tag-junge-nationaldemokraten","tag-npd","tag-verfassungsschutz"],"yoast_head":"<!-- This site is optimized with the Yoast SEO plugin v21.0 - https:\/\/yoast.com\/wordpress\/plugins\/seo\/ -->\n<title>Rechtsextremismus: AfD-Mitarbeiter am rechten Rand<\/title>\n<meta name=\"description\" content=\"Wegen ihrer engen Kontakte zu Rechtsextremen muss die AfD den Verfassungsschutz f\u00fcrchten. ZEIT-ONLINE-Recherchen zeigen weitere Verstrickungen in die Szene.\" \/>\n<meta name=\"robots\" content=\"index, follow, max-snippet:-1, max-image-preview:large, max-video-preview:-1\" \/>\n<link rel=\"canonical\" href=\"https:\/\/blog.zeit.de\/stoerungsmelder\/2019\/02\/05\/afd-rechtsextreme-mitarbeiter-brandenburg-thueringen-verfassungsschutz_28014\" \/>\n<meta property=\"og:locale\" content=\"de_DE\" \/>\n<meta property=\"og:type\" content=\"article\" \/>\n<meta property=\"og:title\" content=\"Rechtsextremismus: AfD-Mitarbeiter am rechten Rand\" \/>\n<meta property=\"og:description\" content=\"Wegen ihrer engen Kontakte zu Rechtsextremen muss die AfD den Verfassungsschutz f\u00fcrchten. ZEIT-ONLINE-Recherchen zeigen weitere Verstrickungen in die Szene.\" \/>\n<meta property=\"og:url\" content=\"https:\/\/blog.zeit.de\/stoerungsmelder\/2019\/02\/05\/afd-rechtsextreme-mitarbeiter-brandenburg-thueringen-verfassungsschutz_28014\" \/>\n<meta property=\"og:site_name\" content=\"St\u00f6rungsmelder\" \/>\n<meta property=\"article:published_time\" content=\"2019-02-05T05:00:08+00:00\" \/>\n<meta property=\"article:modified_time\" content=\"2019-11-01T14:07:01+00:00\" \/>\n<meta property=\"og:image\" content=\"https:\/\/blog.zeit.de\/stoerungsmelder\/files\/2019\/02\/91048709.jpg\" \/>\n\t<meta property=\"og:image:width\" content=\"1078\" \/>\n\t<meta property=\"og:image:height\" content=\"724\" \/>\n\t<meta property=\"og:image:type\" content=\"image\/jpeg\" \/>\n<meta name=\"author\" content=\"Henrik Merker\" \/>\n<meta name=\"twitter:card\" content=\"summary_large_image\" \/>\n<meta name=\"twitter:description\" content=\"Sie sind bestens mit der Identit\u00e4ren Bewegung #IB und der #NPD vernetzt - obwohl das gar nicht sein d\u00fcrfte: Zwei #AfD-Kader aus #Brandenburg und #Th\u00fcringen geben erneut Anlass, an der Verfassungstreue der Partei zu zweifeln.\" \/>\n<meta name=\"twitter:creator\" content=\"@HRMRKR\" \/>\n<meta name=\"twitter:label1\" content=\"Geschrieben von\" \/>\n\t<meta name=\"twitter:data1\" content=\"Henrik Merker\" \/>\n\t<meta name=\"twitter:label2\" content=\"Gesch\u00e4tzte Lesezeit\" \/>\n\t<meta name=\"twitter:data2\" content=\"4\u00a0Minuten\" \/>\n<script type=\"application\/ld+json\" class=\"yoast-schema-graph\">{\"@context\":\"https:\/\/schema.org\",\"@graph\":[{\"@type\":\"WebPage\",\"@id\":\"https:\/\/blog.zeit.de\/stoerungsmelder\/2019\/02\/05\/afd-rechtsextreme-mitarbeiter-brandenburg-thueringen-verfassungsschutz_28014\",\"url\":\"https:\/\/blog.zeit.de\/stoerungsmelder\/2019\/02\/05\/afd-rechtsextreme-mitarbeiter-brandenburg-thueringen-verfassungsschutz_28014\",\"name\":\"Rechtsextremismus: AfD-Mitarbeiter am rechten Rand\",\"isPartOf\":{\"@id\":\"https:\/\/blog.zeit.de\/stoerungsmelder\/#website\"},\"datePublished\":\"2019-02-05T05:00:08+00:00\",\"dateModified\":\"2019-11-01T14:07:01+00:00\",\"author\":{\"@id\":\"https:\/\/blog.zeit.de\/stoerungsmelder\/#\/schema\/person\/75338b13df89ce2bcc9b98a76590fcbf\"},\"description\":\"Wegen ihrer engen Kontakte zu Rechtsextremen muss die AfD den Verfassungsschutz f\u00fcrchten. ZEIT-ONLINE-Recherchen zeigen weitere Verstrickungen in die Szene.\",\"breadcrumb\":{\"@id\":\"https:\/\/blog.zeit.de\/stoerungsmelder\/2019\/02\/05\/afd-rechtsextreme-mitarbeiter-brandenburg-thueringen-verfassungsschutz_28014#breadcrumb\"},\"inLanguage\":\"de\",\"potentialAction\":[{\"@type\":\"ReadAction\",\"target\":[\"https:\/\/blog.zeit.de\/stoerungsmelder\/2019\/02\/05\/afd-rechtsextreme-mitarbeiter-brandenburg-thueringen-verfassungsschutz_28014\"]}]},{\"@type\":\"BreadcrumbList\",\"@id\":\"https:\/\/blog.zeit.de\/stoerungsmelder\/2019\/02\/05\/afd-rechtsextreme-mitarbeiter-brandenburg-thueringen-verfassungsschutz_28014#breadcrumb\",\"itemListElement\":[{\"@type\":\"ListItem\",\"position\":1,\"name\":\"Startseite\",\"item\":\"https:\/\/blog.zeit.de\/stoerungsmelder\"},{\"@type\":\"ListItem\",\"position\":2,\"name\":\"AfD-Mitarbeiter am rechten Rand\"}]},{\"@type\":\"WebSite\",\"@id\":\"https:\/\/blog.zeit.de\/stoerungsmelder\/#website\",\"url\":\"https:\/\/blog.zeit.de\/stoerungsmelder\/\",\"name\":\"St\u00f6rungsmelder\",\"description\":\"Recherchen und Analysen \u00fcber die extreme Rechte\",\"potentialAction\":[{\"@type\":\"SearchAction\",\"target\":{\"@type\":\"EntryPoint\",\"urlTemplate\":\"https:\/\/blog.zeit.de\/stoerungsmelder\/?s={search_term_string}\"},\"query-input\":\"required name=search_term_string\"}],\"inLanguage\":\"de\"},{\"@type\":\"Person\",\"@id\":\"https:\/\/blog.zeit.de\/stoerungsmelder\/#\/schema\/person\/75338b13df89ce2bcc9b98a76590fcbf\",\"name\":\"Henrik Merker\",\"image\":{\"@type\":\"ImageObject\",\"inLanguage\":\"de\",\"@id\":\"https:\/\/blog.zeit.de\/stoerungsmelder\/#\/schema\/person\/image\/\",\"url\":\"https:\/\/secure.gravatar.com\/avatar\/a881955e7dc03f4202c4c8e4fd5c4005ec3715376bd9a9ec246141f698e7e4ba?s=96&d=mm&r=pg\",\"contentUrl\":\"https:\/\/secure.gravatar.com\/avatar\/a881955e7dc03f4202c4c8e4fd5c4005ec3715376bd9a9ec246141f698e7e4ba?s=96&d=mm&r=pg\",\"caption\":\"Henrik Merker\"},\"sameAs\":[\"https:\/\/twitter.com\/HRMRKR\"],\"url\":\"https:\/\/blog.zeit.de\/stoerungsmelder\/author\/thomasschade\"}]}<\/script>\n<!-- \/ Yoast SEO plugin. -->","yoast_head_json":{"title":"Rechtsextremismus: AfD-Mitarbeiter am rechten Rand","description":"Wegen ihrer engen Kontakte zu Rechtsextremen muss die AfD den Verfassungsschutz f\u00fcrchten. ZEIT-ONLINE-Recherchen zeigen weitere Verstrickungen in die Szene.","robots":{"index":"index","follow":"follow","max-snippet":"max-snippet:-1","max-image-preview":"max-image-preview:large","max-video-preview":"max-video-preview:-1"},"canonical":"https:\/\/blog.zeit.de\/stoerungsmelder\/2019\/02\/05\/afd-rechtsextreme-mitarbeiter-brandenburg-thueringen-verfassungsschutz_28014","og_locale":"de_DE","og_type":"article","og_title":"Rechtsextremismus: AfD-Mitarbeiter am rechten Rand","og_description":"Wegen ihrer engen Kontakte zu Rechtsextremen muss die AfD den Verfassungsschutz f\u00fcrchten. ZEIT-ONLINE-Recherchen zeigen weitere Verstrickungen in die Szene.","og_url":"https:\/\/blog.zeit.de\/stoerungsmelder\/2019\/02\/05\/afd-rechtsextreme-mitarbeiter-brandenburg-thueringen-verfassungsschutz_28014","og_site_name":"St\u00f6rungsmelder","article_published_time":"2019-02-05T05:00:08+00:00","article_modified_time":"2019-11-01T14:07:01+00:00","og_image":[{"width":1078,"height":724,"url":"https:\/\/blog.zeit.de\/stoerungsmelder\/files\/2019\/02\/91048709.jpg","type":"image\/jpeg"}],"author":"Henrik Merker","twitter_card":"summary_large_image","twitter_description":"Sie sind bestens mit der Identit\u00e4ren Bewegung #IB und der #NPD vernetzt - obwohl das gar nicht sein d\u00fcrfte: Zwei #AfD-Kader aus #Brandenburg und #Th\u00fcringen geben erneut Anlass, an der Verfassungstreue der Partei zu zweifeln.","twitter_creator":"@HRMRKR","twitter_misc":{"Geschrieben von":"Henrik Merker","Gesch\u00e4tzte Lesezeit":"4\u00a0Minuten"},"schema":{"@context":"https:\/\/schema.org","@graph":[{"@type":"WebPage","@id":"https:\/\/blog.zeit.de\/stoerungsmelder\/2019\/02\/05\/afd-rechtsextreme-mitarbeiter-brandenburg-thueringen-verfassungsschutz_28014","url":"https:\/\/blog.zeit.de\/stoerungsmelder\/2019\/02\/05\/afd-rechtsextreme-mitarbeiter-brandenburg-thueringen-verfassungsschutz_28014","name":"Rechtsextremismus: AfD-Mitarbeiter am rechten Rand","isPartOf":{"@id":"https:\/\/blog.zeit.de\/stoerungsmelder\/#website"},"datePublished":"2019-02-05T05:00:08+00:00","dateModified":"2019-11-01T14:07:01+00:00","author":{"@id":"https:\/\/blog.zeit.de\/stoerungsmelder\/#\/schema\/person\/75338b13df89ce2bcc9b98a76590fcbf"},"description":"Wegen ihrer engen Kontakte zu Rechtsextremen muss die AfD den Verfassungsschutz f\u00fcrchten. ZEIT-ONLINE-Recherchen zeigen weitere Verstrickungen in die Szene.","breadcrumb":{"@id":"https:\/\/blog.zeit.de\/stoerungsmelder\/2019\/02\/05\/afd-rechtsextreme-mitarbeiter-brandenburg-thueringen-verfassungsschutz_28014#breadcrumb"},"inLanguage":"de","potentialAction":[{"@type":"ReadAction","target":["https:\/\/blog.zeit.de\/stoerungsmelder\/2019\/02\/05\/afd-rechtsextreme-mitarbeiter-brandenburg-thueringen-verfassungsschutz_28014"]}]},{"@type":"BreadcrumbList","@id":"https:\/\/blog.zeit.de\/stoerungsmelder\/2019\/02\/05\/afd-rechtsextreme-mitarbeiter-brandenburg-thueringen-verfassungsschutz_28014#breadcrumb","itemListElement":[{"@type":"ListItem","position":1,"name":"Startseite","item":"https:\/\/blog.zeit.de\/stoerungsmelder"},{"@type":"ListItem","position":2,"name":"AfD-Mitarbeiter am rechten Rand"}]},{"@type":"WebSite","@id":"https:\/\/blog.zeit.de\/stoerungsmelder\/#website","url":"https:\/\/blog.zeit.de\/stoerungsmelder\/","name":"St\u00f6rungsmelder","description":"Recherchen und Analysen \u00fcber die extreme Rechte","potentialAction":[{"@type":"SearchAction","target":{"@type":"EntryPoint","urlTemplate":"https:\/\/blog.zeit.de\/stoerungsmelder\/?s={search_term_string}"},"query-input":"required name=search_term_string"}],"inLanguage":"de"},{"@type":"Person","@id":"https:\/\/blog.zeit.de\/stoerungsmelder\/#\/schema\/person\/75338b13df89ce2bcc9b98a76590fcbf","name":"Henrik Merker","image":{"@type":"ImageObject","inLanguage":"de","@id":"https:\/\/blog.zeit.de\/stoerungsmelder\/#\/schema\/person\/image\/","url":"https:\/\/secure.gravatar.com\/avatar\/a881955e7dc03f4202c4c8e4fd5c4005ec3715376bd9a9ec246141f698e7e4ba?s=96&d=mm&r=pg","contentUrl":"https:\/\/secure.gravatar.com\/avatar\/a881955e7dc03f4202c4c8e4fd5c4005ec3715376bd9a9ec246141f698e7e4ba?s=96&d=mm&r=pg","caption":"Henrik Merker"},"sameAs":["https:\/\/twitter.com\/HRMRKR"],"url":"https:\/\/blog.zeit.de\/stoerungsmelder\/author\/thomasschade"}]}},"jetpack_featured_media_url":"https:\/\/blog.zeit.de\/stoerungsmelder\/files\/2019\/02\/91048709.jpg","jetpack_sharing_enabled":true,"_links":{"self":[{"href":"https:\/\/blog.zeit.de\/stoerungsmelder\/wp-json\/wp\/v2\/posts\/28014","targetHints":{"allow":["GET"]}}],"collection":[{"href":"https:\/\/blog.zeit.de\/stoerungsmelder\/wp-json\/wp\/v2\/posts"}],"about":[{"href":"https:\/\/blog.zeit.de\/stoerungsmelder\/wp-json\/wp\/v2\/types\/post"}],"author":[{"embeddable":true,"href":"https:\/\/blog.zeit.de\/stoerungsmelder\/wp-json\/wp\/v2\/users\/703"}],"replies":[{"embeddable":true,"href":"https:\/\/blog.zeit.de\/stoerungsmelder\/wp-json\/wp\/v2\/comments?post=28014"}],"version-history":[{"count":6,"href":"https:\/\/blog.zeit.de\/stoerungsmelder\/wp-json\/wp\/v2\/posts\/28014\/revisions"}],"predecessor-version":[{"id":29215,"href":"https:\/\/blog.zeit.de\/stoerungsmelder\/wp-json\/wp\/v2\/posts\/28014\/revisions\/29215"}],"wp:featuredmedia":[{"embeddable":true,"href":"https:\/\/blog.zeit.de\/stoerungsmelder\/wp-json\/wp\/v2\/media\/28018"}],"wp:attachment":[{"href":"https:\/\/blog.zeit.de\/stoerungsmelder\/wp-json\/wp\/v2\/media?parent=28014"}],"wp:term":[{"taxonomy":"category","embeddable":true,"href":"https:\/\/blog.zeit.de\/stoerungsmelder\/wp-json\/wp\/v2\/categories?post=28014"},{"taxonomy":"post_tag","embeddable":true,"href":"https:\/\/blog.zeit.de\/stoerungsmelder\/wp-json\/wp\/v2\/tags?post=28014"}],"curies":[{"name":"wp","href":"https:\/\/api.w.org\/{rel}","templated":true}]}}