{"id":28449,"date":"2019-05-01T19:59:32","date_gmt":"2019-05-01T17:59:32","guid":{"rendered":"https:\/\/blog.zeit.de\/stoerungsmelder\/?p=28449"},"modified":"2019-05-02T08:22:19","modified_gmt":"2019-05-02T06:22:19","slug":"afd-in-erfurt-abschieben-abschieben","status":"publish","type":"post","link":"https:\/\/blog.zeit.de\/stoerungsmelder\/2019\/05\/01\/afd-in-erfurt-abschieben-abschieben_28449","title":{"rendered":"AfD in Erfurt: \u201eAbschieben, abschieben!\u201c"},"content":{"rendered":"<p><strong>Am Tag der Arbeit tarnt die AfD Polemik gegen Einwanderer als Sozialpolitik. Doch eine Machtdemonstration ist die Maikundgebung mit Bj\u00f6rn H\u00f6cke nicht.<\/strong><\/p>\n<p><em>Von Mart\u00edn Steinhagen<\/em><\/p>\n<p><figure id=\"attachment_28450\" aria-describedby=\"caption-attachment-28450\" style=\"width: 620px\" class=\"wp-caption aligncenter\"><img loading=\"lazy\" decoding=\"async\" class=\"size-medium wp-image-28450\" src=\"https:\/\/blog.zeit.de\/stoerungsmelder\/files\/2019\/05\/119832396-620x413.jpg\" alt=\"\" width=\"620\" height=\"413\" \/><figcaption id=\"caption-attachment-28450\" class=\"wp-caption-text\">AfD-Mann Bj\u00f6rn H\u00f6cke spricht auf der Demonstration zum 1. Mai in Erfurt. \u00a9 Bodo Schackow\/dpa<\/figcaption><\/figure><\/p>\n<p>\u201eH\u00f6cke, H\u00f6cke\u201c, rufen seine Anh\u00e4nger in Erfurt dem Th\u00fcringer AfD-Vorsitzenden zur Begr\u00fc\u00dfung entgegen. Der 1. Mai h\u00e4tte ein Heimspiel werden k\u00f6nnen f\u00fcr <a href=\"https:\/\/blog.zeit.de\/stoerungsmelder\/2017\/02\/15\/machtkampf-nicht-richtungsstreit_23113\">Bj\u00f6rn H\u00f6cke<\/a> und seine Getreuen. In der Landeshauptstadt entstand 2015 die \u201eErfurter Resolution\u201c der v\u00f6lkisch-nationalistischen AfD-Str\u00f6mung namens <a href=\"https:\/\/www.zeit.de\/politik\/deutschland\/2017-12\/afd-parteitag-hannover-alexander-gauland-joerg-meuthen-wahl\">Fl\u00fcgel<\/a>. Die Partei ging hier zeitweise w\u00f6chentlich auf die Stra\u00dfe. Aber an diesem Mittwoch kommen weniger Menschen als erwartet: Mit 2.000 Teilnehmern hatte die Polizei am Vortag noch gerechnet, etwa 800 z\u00e4hlt sie sp\u00e4ter. Eine Machtdemonstration ist die Maikundgebung mit dem Motto \u201eBlauer Fr\u00fchling\u201c jedenfalls nicht.<\/p>\n<p><!--more--><\/p>\n<p>Deutschland-Fahnen wehen im Wind. Viele \u00e4ltere Menschen sind dem AfD-Aufruf gefolgt, die M\u00e4nner sind in der Mehrheit. Einzelne Teilnehmer tragen Kleidung von Neonazi-Marken oder <a href=\"https:\/\/blog.zeit.de\/stoerungsmelder\/2018\/08\/14\/streng-geheime-hass-musik_26908\">Rechtsrockbands<\/a>. Au\u00dfer den H\u00f6cke-Rufen und den traditionellen Merkel-muss-weg-Parolen werden Spr\u00fcche skandiert, die auch bei der rechtsextremen Identit\u00e4ren Bewegung und in der rechten Szene beliebt sind.<\/p>\n<h2>H\u00f6cke hat Probleme in der eigenen Partei<\/h2>\n<p>\u201eEs war zu beobachten, dass es zuletzt keine gro\u00dfe Mobilisierung mehr gab\u201c, kommentiert Matthias Quent, Direktor des Instituts f\u00fcr Demokratie und Zivilgesellschaft in Jena, die geringe Zahl der Teilnehmer am Rande der Demonstration. Das liege auch daran, dass die Themen der AfD derzeit nicht den medialen Diskurs beherrschten, \u201eden bestimmt derzeit eher Fridays for Future als \u201aAusl\u00e4nder raus\u2018\u201c. Quent verweist au\u00dferdem auf die Konflikte in der Partei: \u201eDer H\u00f6cke-Fl\u00fcgel ist parteiintern in Schwierigkeiten, der national-sozialistische Kurs kommt im Westen nicht gut an, vor allem der sozialistische Teil nicht.\u201c<\/p>\n<p>Bei seinen Anh\u00e4ngern in Erfurt ist H\u00f6cke ziemlich unumstritten. Er signiert B\u00fccher, posiert eifrig f\u00fcr Fotos, wird gefilmt, bejubelt, beklatscht. Ein \u00e4lterer Mann verteilt Postkarten mit dessen Konterfei. H\u00f6cke will sich am Maifeiertag in Wahlkampfzeiten vor allem sozialpolitisch profilieren. Zeitgleich mit der Europawahl am 26. Mai stehen in Th\u00fcringen auch Kommunalwahlen an, Ende Oktober wird der Landtag neu gew\u00e4hlt. Umfragen sehen die AfD derzeit bei rund 20 Prozent, wie in Brandenburg, wo am 1. September gew\u00e4hlt wird. In Sachsen kann die Partei am selben Tag sogar auf ein Viertel der Stimmen hoffen.<\/p>\n<p><figure id=\"attachment_28452\" aria-describedby=\"caption-attachment-28452\" style=\"width: 620px\" class=\"wp-caption aligncenter\"><img loading=\"lazy\" decoding=\"async\" class=\"size-full wp-image-28452\" src=\"https:\/\/blog.zeit.de\/stoerungsmelder\/files\/2019\/05\/119829359.jpg\" alt=\"\" width=\"620\" height=\"436\" \/><figcaption id=\"caption-attachment-28452\" class=\"wp-caption-text\">AfD-Anh\u00e4nger ziehen beim Demonstrationszug durch die Stadt. \u00a9 Jens Meyer\/dpa<\/figcaption><\/figure><\/p>\n<h2>Wohlstand nur f\u00fcr Deutsche?<\/h2>\n<p>Was sich H\u00f6cke und seine Verb\u00fcndeten unter Sozialpolitik vorstellen, wird in Erfurt schnell deutlich. Asylsuchende solle man nicht in den Arbeitsmarkt, \u201esondern in ein Flugzeug zur eigenen Heimreise integrieren\u201c, ruft Oliver Kirchner, Fraktionsvorsitzender in Sachsen-Anhalt, von der B\u00fchne. \u201eAbschieben, abschieben!\u201c, schallt es zur\u00fcck. Ein moderner Sozialstaat funktioniere nur \u201emit Patriotismus\u201c, die Grenzen m\u00fcsse man f\u00fcr \u201eSozialmigranten\u201c dichtmachen, sagt H\u00f6ckes Co-Landesvorsitzender Stefan M\u00f6ller.<\/p>\n<p>Der th\u00fcringische AfD-Bundestagsabgeordnete und H\u00f6cke-Vertraute J\u00fcrgen Pohl warnt, Ostdeutschland sei \u201edas Armenhaus Deutschlands\u201c. Schon 1989 habe man die \u201eRei\u00dfleine\u201c gezogen, f\u00fcgt er hinzu. \u201eWiderstand, Widerstand\u201c, rufen die Leute vor der B\u00fchne.<\/p>\n<p>H\u00f6cke selbst definiert seine sozialpolitische \u00dcberzeugung so: Es gehe darum, dass der \u201ehier erwirtschaftete Wohlstand in erster Linie den eigenen Landsleuten zugutekommt\u201c. Die Devise \u201eDeutsche zuerst\u201c d\u00fcrfte in der AfD nicht sonderlich umstritten sein, bei Themen wie dem <a href=\"https:\/\/www.zeit.de\/wirtschaft\/2018-12\/mindestlohn-gesetz-einfuehrung-bilanz-armut\">Mindestlohn<\/a> oder der Rentenpolitik sah es in der Vergangenheit anders aus.<\/p>\n<h2>Feindbild Altparteien<\/h2>\n<p>Die sind f\u00fcr H\u00f6cke in Erfurt aber kaum Thema. Stattdessen spricht er sich f\u00fcr einen Untersuchungsausschuss zur Treuhand aus, die die DDR-Betriebe abgewickelt und privatisiert hatte. Die Ostdeutschen seien Opfer eines \u201e\u00f6konomischen Feldzuges gegen das eigene Volk\u201c geworden, sagt er. Damals seien Millionen Industriearbeitspl\u00e4tze vernichtet worden. Ansonsten setzt H\u00f6cke auf Bew\u00e4hrtes: Er polemisiert gegen die EU als \u201eGlobalisierungsagentur\u201c, die das Gedankengut von George Soros \u201eexekutiert\u201c und raunt davon, dass Deutschland aufgel\u00f6st werde, \u201ewie ein St\u00fcck Seife unter einem warmen Wasserstrahl\u201c.<\/p>\n<p><figure id=\"attachment_28451\" aria-describedby=\"caption-attachment-28451\" style=\"width: 220px\" class=\"wp-caption alignleft\"><img loading=\"lazy\" decoding=\"async\" class=\"size-thumbnail wp-image-28451\" src=\"https:\/\/blog.zeit.de\/stoerungsmelder\/files\/2019\/05\/119832611-220x220.jpg\" alt=\"\" width=\"220\" height=\"220\" \/><figcaption id=\"caption-attachment-28451\" class=\"wp-caption-text\">Parteichef Alexander Gauland \u00a9 Bodo Schackow\/dpa<\/figcaption><\/figure><\/p>\n<p>Parteichef <a href=\"https:\/\/blog.zeit.de\/stoerungsmelder\/2018\/06\/08\/bundeskongress-junge-alternative-identitaere-bewegung-afd-joerg-meuthen_26574\">Alexander Gauland<\/a> nimmt sich in seiner Rede vor allem die SPD vor. Konkrete politische Positionierungen vermeidet er, setzt stattdessen auf Identit\u00e4tspolitik: Die Menschen, die das Reihenhaus abstottern, Fleisch essen, Auto fahren und ihre E-Mails nicht gendern, seien eigentlich sozialdemokratische Klientel, der SPD aber heute peinlich, wirft er der Partei vor. Und auch Gauland hebt hervor: \u201eDie Schicksalsfrage unseres Kontinents ist die Migration.\u201c Als Hauptgegner macht er die Gr\u00fcnen aus.<\/p>\n<p>Aus einiger Entfernung werden gegen Mittag die Rufe der Gegendemonstranten an den Absperrgittern um die AfD-Abschlusskundgebung lauter. Rund 4.000 Menschen sind nach Angaben der Polizei zur Demonstration des Deutschen Gewerkschaftsbundes und des linken B\u00fcndnisses &#8222;Alles muss man selber machen&#8220; gekommen. Eine Sitzblockade auf der Route der AfD r\u00e4umt die Polizei am Vormittag.<\/p>\n","protected":false},"excerpt":{"rendered":"<p>Wohlstand nur f\u00fcr Deutsche: Zum Tag der Arbeit will sich die AfD als Partei der Sozialpolitik inszenieren. Dahinter stecken Stimmungsmache gegen Fl\u00fcchtlinge und v\u00f6lkische Thesen.<\/p>\n","protected":false},"author":1100,"featured_media":28450,"comment_status":"open","ping_status":"closed","sticky":false,"template":"","format":"standard","meta":{"_jetpack_memberships_contains_paid_content":false,"footnotes":""},"categories":[978],"tags":[28267,984,17849,2233],"class_list":["post-28449","post","type-post","status-publish","format-standard","has-post-thumbnail","hentry","category-thuringen","tag-afd","tag-demonstration","tag-erfurt","tag-sozialpolitik"],"yoast_head":"<!-- This site is optimized with the Yoast SEO plugin v21.0 - https:\/\/yoast.com\/wordpress\/plugins\/seo\/ -->\n<title>AfD in Erfurt: \u201eAbschieben, abschieben!\u201c<\/title>\n<meta name=\"description\" content=\"Am Tag der Arbeit tarnt die AfD in Erfurt Polemik gegen Einwanderer als Sozialpolitik. Doch eine Machtdemonstration ist die Maikundgebung mit Bj\u00f6rn H\u00f6cke nicht.\" \/>\n<meta name=\"robots\" content=\"index, follow, max-snippet:-1, max-image-preview:large, max-video-preview:-1\" \/>\n<link rel=\"canonical\" href=\"https:\/\/blog.zeit.de\/stoerungsmelder\/2019\/05\/01\/afd-in-erfurt-abschieben-abschieben_28449\" \/>\n<meta property=\"og:locale\" content=\"de_DE\" \/>\n<meta property=\"og:type\" content=\"article\" \/>\n<meta property=\"og:title\" content=\"AfD in Erfurt: \u201eAbschieben, abschieben!\u201c\" \/>\n<meta property=\"og:description\" content=\"Am Tag der Arbeit tarnt die AfD in Erfurt Polemik gegen Einwanderer als Sozialpolitik. Doch eine Machtdemonstration ist die Maikundgebung mit Bj\u00f6rn H\u00f6cke nicht.\" \/>\n<meta property=\"og:url\" content=\"https:\/\/blog.zeit.de\/stoerungsmelder\/2019\/05\/01\/afd-in-erfurt-abschieben-abschieben_28449\" \/>\n<meta property=\"og:site_name\" content=\"St\u00f6rungsmelder\" \/>\n<meta property=\"article:published_time\" content=\"2019-05-01T17:59:32+00:00\" \/>\n<meta property=\"article:modified_time\" content=\"2019-05-02T06:22:19+00:00\" \/>\n<meta property=\"og:image\" content=\"https:\/\/blog.zeit.de\/stoerungsmelder\/files\/2019\/05\/119832396.jpg\" \/>\n\t<meta property=\"og:image:width\" content=\"620\" \/>\n\t<meta property=\"og:image:height\" content=\"413\" \/>\n\t<meta property=\"og:image:type\" content=\"image\/jpeg\" \/>\n<meta name=\"author\" content=\"Mart\u00edn Steinhagen\" \/>\n<meta name=\"twitter:card\" content=\"summary_large_image\" \/>\n<meta name=\"twitter:description\" content=\"Fl\u00fcchtlinge sollte man &quot;in ein Flugzeug zur eigenen Heimreise integrieren&quot;: Zum Tag der Arbeit pr\u00e4sentiert die #AfD in #Erfurt ihre ganz eigene Version von gelungener Sozialpolitik - und findet kaum Zuh\u00f6rer. #ef0105 #H\u00f6cke\" \/>\n<meta name=\"twitter:creator\" content=\"@mstnhgn\" \/>\n<meta name=\"twitter:label1\" content=\"Geschrieben von\" \/>\n\t<meta name=\"twitter:data1\" content=\"Mart\u00edn Steinhagen\" \/>\n\t<meta name=\"twitter:label2\" content=\"Gesch\u00e4tzte Lesezeit\" \/>\n\t<meta name=\"twitter:data2\" content=\"4\u00a0Minuten\" \/>\n<script type=\"application\/ld+json\" class=\"yoast-schema-graph\">{\"@context\":\"https:\/\/schema.org\",\"@graph\":[{\"@type\":\"WebPage\",\"@id\":\"https:\/\/blog.zeit.de\/stoerungsmelder\/2019\/05\/01\/afd-in-erfurt-abschieben-abschieben_28449\",\"url\":\"https:\/\/blog.zeit.de\/stoerungsmelder\/2019\/05\/01\/afd-in-erfurt-abschieben-abschieben_28449\",\"name\":\"AfD in Erfurt: \u201eAbschieben, abschieben!\u201c\",\"isPartOf\":{\"@id\":\"https:\/\/blog.zeit.de\/stoerungsmelder\/#website\"},\"datePublished\":\"2019-05-01T17:59:32+00:00\",\"dateModified\":\"2019-05-02T06:22:19+00:00\",\"author\":{\"@id\":\"https:\/\/blog.zeit.de\/stoerungsmelder\/#\/schema\/person\/2fcc5f2c22866afbee0ac517d6d47fb2\"},\"description\":\"Am Tag der Arbeit tarnt die AfD in Erfurt Polemik gegen Einwanderer als Sozialpolitik. Doch eine Machtdemonstration ist die Maikundgebung mit Bj\u00f6rn H\u00f6cke nicht.\",\"breadcrumb\":{\"@id\":\"https:\/\/blog.zeit.de\/stoerungsmelder\/2019\/05\/01\/afd-in-erfurt-abschieben-abschieben_28449#breadcrumb\"},\"inLanguage\":\"de\",\"potentialAction\":[{\"@type\":\"ReadAction\",\"target\":[\"https:\/\/blog.zeit.de\/stoerungsmelder\/2019\/05\/01\/afd-in-erfurt-abschieben-abschieben_28449\"]}]},{\"@type\":\"BreadcrumbList\",\"@id\":\"https:\/\/blog.zeit.de\/stoerungsmelder\/2019\/05\/01\/afd-in-erfurt-abschieben-abschieben_28449#breadcrumb\",\"itemListElement\":[{\"@type\":\"ListItem\",\"position\":1,\"name\":\"Startseite\",\"item\":\"https:\/\/blog.zeit.de\/stoerungsmelder\"},{\"@type\":\"ListItem\",\"position\":2,\"name\":\"AfD in Erfurt: \u201eAbschieben, abschieben!\u201c\"}]},{\"@type\":\"WebSite\",\"@id\":\"https:\/\/blog.zeit.de\/stoerungsmelder\/#website\",\"url\":\"https:\/\/blog.zeit.de\/stoerungsmelder\/\",\"name\":\"St\u00f6rungsmelder\",\"description\":\"Recherchen und Analysen \u00fcber die extreme Rechte\",\"potentialAction\":[{\"@type\":\"SearchAction\",\"target\":{\"@type\":\"EntryPoint\",\"urlTemplate\":\"https:\/\/blog.zeit.de\/stoerungsmelder\/?s={search_term_string}\"},\"query-input\":\"required name=search_term_string\"}],\"inLanguage\":\"de\"},{\"@type\":\"Person\",\"@id\":\"https:\/\/blog.zeit.de\/stoerungsmelder\/#\/schema\/person\/2fcc5f2c22866afbee0ac517d6d47fb2\",\"name\":\"Mart\u00edn Steinhagen\",\"image\":{\"@type\":\"ImageObject\",\"inLanguage\":\"de\",\"@id\":\"https:\/\/blog.zeit.de\/stoerungsmelder\/#\/schema\/person\/image\/\",\"url\":\"https:\/\/secure.gravatar.com\/avatar\/ca1cc4acd24118395c1747a46b77346c36b5c183e22c058ef9632bc64abc153d?s=96&d=mm&r=pg\",\"contentUrl\":\"https:\/\/secure.gravatar.com\/avatar\/ca1cc4acd24118395c1747a46b77346c36b5c183e22c058ef9632bc64abc153d?s=96&d=mm&r=pg\",\"caption\":\"Mart\u00edn Steinhagen\"},\"sameAs\":[\"https:\/\/twitter.com\/mstnhgn\"],\"url\":\"https:\/\/blog.zeit.de\/stoerungsmelder\/author\/martinsteinhagen\"}]}<\/script>\n<!-- \/ Yoast SEO plugin. -->","yoast_head_json":{"title":"AfD in Erfurt: \u201eAbschieben, abschieben!\u201c","description":"Am Tag der Arbeit tarnt die AfD in Erfurt Polemik gegen Einwanderer als Sozialpolitik. Doch eine Machtdemonstration ist die Maikundgebung mit Bj\u00f6rn H\u00f6cke nicht.","robots":{"index":"index","follow":"follow","max-snippet":"max-snippet:-1","max-image-preview":"max-image-preview:large","max-video-preview":"max-video-preview:-1"},"canonical":"https:\/\/blog.zeit.de\/stoerungsmelder\/2019\/05\/01\/afd-in-erfurt-abschieben-abschieben_28449","og_locale":"de_DE","og_type":"article","og_title":"AfD in Erfurt: \u201eAbschieben, abschieben!\u201c","og_description":"Am Tag der Arbeit tarnt die AfD in Erfurt Polemik gegen Einwanderer als Sozialpolitik. Doch eine Machtdemonstration ist die Maikundgebung mit Bj\u00f6rn H\u00f6cke nicht.","og_url":"https:\/\/blog.zeit.de\/stoerungsmelder\/2019\/05\/01\/afd-in-erfurt-abschieben-abschieben_28449","og_site_name":"St\u00f6rungsmelder","article_published_time":"2019-05-01T17:59:32+00:00","article_modified_time":"2019-05-02T06:22:19+00:00","og_image":[{"width":620,"height":413,"url":"https:\/\/blog.zeit.de\/stoerungsmelder\/files\/2019\/05\/119832396.jpg","type":"image\/jpeg"}],"author":"Mart\u00edn Steinhagen","twitter_card":"summary_large_image","twitter_description":"Fl\u00fcchtlinge sollte man \"in ein Flugzeug zur eigenen Heimreise integrieren\": Zum Tag der Arbeit pr\u00e4sentiert die #AfD in #Erfurt ihre ganz eigene Version von gelungener Sozialpolitik - und findet kaum Zuh\u00f6rer. #ef0105 #H\u00f6cke","twitter_creator":"@mstnhgn","twitter_misc":{"Geschrieben von":"Mart\u00edn Steinhagen","Gesch\u00e4tzte Lesezeit":"4\u00a0Minuten"},"schema":{"@context":"https:\/\/schema.org","@graph":[{"@type":"WebPage","@id":"https:\/\/blog.zeit.de\/stoerungsmelder\/2019\/05\/01\/afd-in-erfurt-abschieben-abschieben_28449","url":"https:\/\/blog.zeit.de\/stoerungsmelder\/2019\/05\/01\/afd-in-erfurt-abschieben-abschieben_28449","name":"AfD in Erfurt: \u201eAbschieben, abschieben!\u201c","isPartOf":{"@id":"https:\/\/blog.zeit.de\/stoerungsmelder\/#website"},"datePublished":"2019-05-01T17:59:32+00:00","dateModified":"2019-05-02T06:22:19+00:00","author":{"@id":"https:\/\/blog.zeit.de\/stoerungsmelder\/#\/schema\/person\/2fcc5f2c22866afbee0ac517d6d47fb2"},"description":"Am Tag der Arbeit tarnt die AfD in Erfurt Polemik gegen Einwanderer als Sozialpolitik. Doch eine Machtdemonstration ist die Maikundgebung mit Bj\u00f6rn H\u00f6cke nicht.","breadcrumb":{"@id":"https:\/\/blog.zeit.de\/stoerungsmelder\/2019\/05\/01\/afd-in-erfurt-abschieben-abschieben_28449#breadcrumb"},"inLanguage":"de","potentialAction":[{"@type":"ReadAction","target":["https:\/\/blog.zeit.de\/stoerungsmelder\/2019\/05\/01\/afd-in-erfurt-abschieben-abschieben_28449"]}]},{"@type":"BreadcrumbList","@id":"https:\/\/blog.zeit.de\/stoerungsmelder\/2019\/05\/01\/afd-in-erfurt-abschieben-abschieben_28449#breadcrumb","itemListElement":[{"@type":"ListItem","position":1,"name":"Startseite","item":"https:\/\/blog.zeit.de\/stoerungsmelder"},{"@type":"ListItem","position":2,"name":"AfD in Erfurt: \u201eAbschieben, abschieben!\u201c"}]},{"@type":"WebSite","@id":"https:\/\/blog.zeit.de\/stoerungsmelder\/#website","url":"https:\/\/blog.zeit.de\/stoerungsmelder\/","name":"St\u00f6rungsmelder","description":"Recherchen und Analysen \u00fcber die extreme Rechte","potentialAction":[{"@type":"SearchAction","target":{"@type":"EntryPoint","urlTemplate":"https:\/\/blog.zeit.de\/stoerungsmelder\/?s={search_term_string}"},"query-input":"required name=search_term_string"}],"inLanguage":"de"},{"@type":"Person","@id":"https:\/\/blog.zeit.de\/stoerungsmelder\/#\/schema\/person\/2fcc5f2c22866afbee0ac517d6d47fb2","name":"Mart\u00edn Steinhagen","image":{"@type":"ImageObject","inLanguage":"de","@id":"https:\/\/blog.zeit.de\/stoerungsmelder\/#\/schema\/person\/image\/","url":"https:\/\/secure.gravatar.com\/avatar\/ca1cc4acd24118395c1747a46b77346c36b5c183e22c058ef9632bc64abc153d?s=96&d=mm&r=pg","contentUrl":"https:\/\/secure.gravatar.com\/avatar\/ca1cc4acd24118395c1747a46b77346c36b5c183e22c058ef9632bc64abc153d?s=96&d=mm&r=pg","caption":"Mart\u00edn Steinhagen"},"sameAs":["https:\/\/twitter.com\/mstnhgn"],"url":"https:\/\/blog.zeit.de\/stoerungsmelder\/author\/martinsteinhagen"}]}},"jetpack_featured_media_url":"https:\/\/blog.zeit.de\/stoerungsmelder\/files\/2019\/05\/119832396.jpg","jetpack_sharing_enabled":true,"_links":{"self":[{"href":"https:\/\/blog.zeit.de\/stoerungsmelder\/wp-json\/wp\/v2\/posts\/28449","targetHints":{"allow":["GET"]}}],"collection":[{"href":"https:\/\/blog.zeit.de\/stoerungsmelder\/wp-json\/wp\/v2\/posts"}],"about":[{"href":"https:\/\/blog.zeit.de\/stoerungsmelder\/wp-json\/wp\/v2\/types\/post"}],"author":[{"embeddable":true,"href":"https:\/\/blog.zeit.de\/stoerungsmelder\/wp-json\/wp\/v2\/users\/1100"}],"replies":[{"embeddable":true,"href":"https:\/\/blog.zeit.de\/stoerungsmelder\/wp-json\/wp\/v2\/comments?post=28449"}],"version-history":[{"count":7,"href":"https:\/\/blog.zeit.de\/stoerungsmelder\/wp-json\/wp\/v2\/posts\/28449\/revisions"}],"predecessor-version":[{"id":28462,"href":"https:\/\/blog.zeit.de\/stoerungsmelder\/wp-json\/wp\/v2\/posts\/28449\/revisions\/28462"}],"wp:featuredmedia":[{"embeddable":true,"href":"https:\/\/blog.zeit.de\/stoerungsmelder\/wp-json\/wp\/v2\/media\/28450"}],"wp:attachment":[{"href":"https:\/\/blog.zeit.de\/stoerungsmelder\/wp-json\/wp\/v2\/media?parent=28449"}],"wp:term":[{"taxonomy":"category","embeddable":true,"href":"https:\/\/blog.zeit.de\/stoerungsmelder\/wp-json\/wp\/v2\/categories?post=28449"},{"taxonomy":"post_tag","embeddable":true,"href":"https:\/\/blog.zeit.de\/stoerungsmelder\/wp-json\/wp\/v2\/tags?post=28449"}],"curies":[{"name":"wp","href":"https:\/\/api.w.org\/{rel}","templated":true}]}}