{"id":28524,"date":"2019-05-25T15:18:31","date_gmt":"2019-05-25T13:18:31","guid":{"rendered":"https:\/\/blog.zeit.de\/stoerungsmelder\/?p=28524"},"modified":"2019-07-08T12:32:12","modified_gmt":"2019-07-08T10:32:12","slug":"kommunalwahl-afd-kandidaten-am-rechten-rand","status":"publish","type":"post","link":"https:\/\/blog.zeit.de\/stoerungsmelder\/2019\/05\/25\/kommunalwahl-afd-kandidaten-am-rechten-rand_28524","title":{"rendered":"Kommunalwahl: AfD-Kandidaten am rechten Rand"},"content":{"rendered":"<p><strong>In Halle kandidieren Rechtsextreme trotz Abgrenzungsbeschluss f\u00fcr die AfD: eine Identit\u00e4ren-Aktivistin und ein Organisator der rassistischen Montagsdemonstrationen.<br \/>\n<\/strong><\/p>\n<p><em>Von Henrik Merker<\/em><\/p>\n<p><figure id=\"attachment_28543\" aria-describedby=\"caption-attachment-28543\" style=\"width: 620px\" class=\"wp-caption aligncenter\"><img loading=\"lazy\" decoding=\"async\" class=\"wp-image-28543 size-medium\" src=\"https:\/\/blog.zeit.de\/stoerungsmelder\/files\/2019\/05\/IMG_5270-620x349.jpg\" alt=\"Kommunalwahl in Halle: Kundgebung vor dem Identit\u00e4ren Haus in Halle am 11. Mai 2019 \u00a9 Henrik Merker\" width=\"620\" height=\"349\" srcset=\"https:\/\/blog.zeit.de\/stoerungsmelder\/files\/2019\/05\/IMG_5270-620x349.jpg 620w, https:\/\/blog.zeit.de\/stoerungsmelder\/files\/2019\/05\/IMG_5270-768x432.jpg 768w, https:\/\/blog.zeit.de\/stoerungsmelder\/files\/2019\/05\/IMG_5270-1024x576.jpg 1024w, https:\/\/blog.zeit.de\/stoerungsmelder\/files\/2019\/05\/IMG_5270.jpg 1920w\" sizes=\"auto, (max-width: 620px) 100vw, 620px\" \/><figcaption id=\"caption-attachment-28543\" class=\"wp-caption-text\">Kundgebung vor dem Identit\u00e4ren Haus in Halle am 11. Mai 2019 \u00a9 Henrik Merker<\/figcaption><\/figure><\/p>\n<p>Die AfD l\u00e4sst rechtsextreme Kandidaten im Kommunalwahlkampf antreten. In Brandenburg wurden <a href=\"https:\/\/www.mmz-potsdam.de\/veroeffentlichungen-der-EJGF\/articles\/studie-zu-rechten-kommunalkandidaturen.html\">vom Moses Mendelssohn Zentrum Dutzende F\u00e4lle dokumentiert<\/a>. Auch in Halle an der Saale, der Identit\u00e4ren-Hochburg Sachsen-Anhalts, haben Rechtsextreme wom\u00f6glich bald Einfluss auf die Kommunalpolitik.<!--more--><\/p>\n<p>Einer dieser Kandidaten ist Donatus Schmidt. Er will f\u00fcr die AfD ins Stadtparlament einziehen. Am Mittwoch steht Schmidt im geb\u00fcgelten Anzug auf dem Hallmarkt. Seinen Rucksack nimmt er aus einem Holzverhau, der der AfD als B\u00fchne f\u00fcr ihre Kundgebungen dient. Seit Jahren zieht die Partei mit dem fahrenden Rednerpult von Stadt zu Stadt, einen Bratwurststand im Schlepptau. Vor wenigen Minuten noch hat Schmidt gesprochen. W\u00e4hrend seiner Rede versuchten rechtsextreme Aktivisten, Journalisten am Filmen zu hindern, und beschimpften sie als Schaben.<\/p>\n<p><figure id=\"attachment_28531\" aria-describedby=\"caption-attachment-28531\" style=\"width: 620px\" class=\"wp-caption aligncenter\"><img loading=\"lazy\" decoding=\"async\" class=\"wp-image-28531 size-medium\" src=\"https:\/\/blog.zeit.de\/stoerungsmelder\/files\/2019\/05\/IMG_6346-1-620x349.jpg\" alt=\"Kommunalwahl in Halle: Donatus Schmidt (AfD) kurz vor seiner Wahlkampf-Rede \u00a9 Henrik Merker\" width=\"620\" height=\"349\" srcset=\"https:\/\/blog.zeit.de\/stoerungsmelder\/files\/2019\/05\/IMG_6346-1-620x349.jpg 620w, https:\/\/blog.zeit.de\/stoerungsmelder\/files\/2019\/05\/IMG_6346-1-768x432.jpg 768w, https:\/\/blog.zeit.de\/stoerungsmelder\/files\/2019\/05\/IMG_6346-1-1024x576.jpg 1024w, https:\/\/blog.zeit.de\/stoerungsmelder\/files\/2019\/05\/IMG_6346-1.jpg 1920w\" sizes=\"auto, (max-width: 620px) 100vw, 620px\" \/><figcaption id=\"caption-attachment-28531\" class=\"wp-caption-text\">Donatus Schmidt (AfD) kurz vor seiner Wahlkampf-Rede \u00a9 Henrik Merker<\/figcaption><\/figure><\/p>\n<p>Bekannt ist Schmidt als einer der Stammredner der Montagsdemonstrationen, seit Jahren ist er dort aktiv. Auf diesen Demonstrationen werden alle zwei Wochen Falschmeldungen verbreitet, rassistische Pamphlete verlesen und Passanten angep\u00f6belt, wenn sie sich \u00fcber den L\u00e4rm beschweren. Einige seiner Zuh\u00f6rer sind Schmidt nun zur AfD-Kundgebung gefolgt.<\/p>\n<p>Bei der AfD spult Schmidt ein \u00e4hnliches Programm ab wie sonst montags. Zu Beginn seiner Rede listet er vermeintliche Zitate von Politikern auf. Die Namen von Gr\u00fcnen-Politikern wie J\u00fcrgen Trittin, Joschka Fischer und Claudia Roth fallen. Schmidt unterstellt den Gr\u00fcnen die Aussage: &#8222;Es geht nicht um Recht oder Unrecht in der Einwanderungsdebatte. Uns geht es zuerst um die Zur\u00fcckdr\u00e4ngung des deutschen Bev\u00f6lkerungsanteils in diesem Land.&#8220; Ein Satz, von dem rechtsextreme Websites behaupten, J\u00fcrgen Trittin habe ihn gesagt. Zahlreiche Faktenchecks haben die <a href=\"https:\/\/correctiv.org\/faktencheck\/politik\/2019\/01\/14\/nein-juergen-trittin-moechte-den-deutschen-bevoelkerungsanteil-nicht-zurueckdraengen\">Behauptungen als falsch entlarvt<\/a>, das Zitat ist erfunden. Wiederholt wird es trotzdem.<\/p>\n<p>Falsche Statements wie dieses werden <a href=\"https:\/\/www.faz.net\/aktuell\/politik\/inland\/verschwoerungstheorien-wenn-politiker-verleumdet-werden-13849907.html\">im Internet gezielt gestreut<\/a>. AfD-Politiker bringen sie auf die Stra\u00dfe. Gegen die vormaligen Vize-AfD-Chefs Alexander Gauland und Albrecht Glaser wurden<a href=\"https:\/\/www.zeit.de\/politik\/deutschland\/2015-11\/gauland-trittin-gegendarstellung\"> von J\u00fcrgen Trittin 2015 einstweilige Verf\u00fcgungen erwirkt<\/a>. Auch der Neue-Rechte-Vordenker G\u00f6tz Kubitschek erhielt wegen der Verbreitung eines falschen Zitates Post vom Gericht.<\/p>\n<p>Schmidt scheint das nicht zu st\u00f6ren. W\u00fctend verbreitet er auch eine zweite erfundene Aussage. Seinem Publikum erz\u00e4hlt er, es g\u00e4be daf\u00fcr zwei Quellen, &#8222;falls man mich der L\u00fcge \u00fcberf\u00fchren m\u00f6chte&#8220;. Schmidt nennt das <a href=\"http:\/\/dipbt.bundestag.de\/doc\/btp\/14\/14036.pdf\">Plenarprotokoll 14\/36, Seite 2916<\/a> vom Deutschen Bundestag, das Zitat sei auch in der &#8222;<em>Frankfurter Allgemeinen Sonntagszeitung<\/em> vom 5. Januar 2005, Seite 6&#8243; abgedruckt. Der 5. Januar 2005 war ein Mittwoch, im Plenarprotokoll steht die behauptete Aussage nicht.<\/p>\n<h3>Forderung: &#8222;Kompletter Systemwechsel&#8220;<\/h3>\n<p>Im Jahr 2016 war Schmidt von Polizisten abgef\u00fchrt worden, nachdem er mit einem Megaphon auf dem Dresdner Zwinger eine Kundgebung abgehalten hatte, bei der Verschw\u00f6rungstheorien verbreitet worden waren. Nach eigenen Angaben trug er ein Pfefferspray bei sich, das beschlagnahmt wurde. Als daf\u00fcr der Strafbefehl kam, drehte er ein Video. Darin sagte er: &#8222;Dann soll mir irgendjemand kommen \u2013 dann werde ich gewaltbereit!&#8220; W\u00fctend drohte Schmidt: &#8222;Weil ihr habt&#8217;s nicht besser verdient, als dass ihr dann, wenn alles zusammenbricht, dass ihr dann auch die Konsequenzen bis zum letzten Tropfen austrinken k\u00f6nnt.&#8220;<\/p>\n<p>Der AfD-Kandidat behauptete in dem Video auch Dinge, die man vorrangig auf Reichsb\u00fcrger-Websites findet: &#8222;Davon abgesehen, dass es keine Beamten mehr gibt seit 2008, wurde ja abgeschafft dieser Status.&#8220; Mittlerweile w\u00fcrden private Firmen via Handelsrecht regieren. Immer wieder forderte Schmidt in seinem Video Polizisten auf, &#8222;Druck von unten&#8220; zu machen: &#8222;Ihr seid die einzigen verdammt noch mal mit Waffen, ihr seid die einzigen, die etwas dagegen tun k\u00f6nnen&#8220;, br\u00fcllte er sich in Rage. Anschlie\u00dfend sprach er von einem &#8222;kompletten Systemwechsel&#8220;, den die Polizei beginnen m\u00fcsse. Nach seiner Tirade drohte Schmidt der Polizei: &#8222;Wenn ihr nicht aktiv werdet, wird das Volk aktiv werden und dann seid ihr mit dran. Dann geht&#8217;s euch genauso an den Kragen.&#8220;<\/p>\n<h3>Identit\u00e4re in der AfD<\/h3>\n<p>Der, der so im Video redet, macht nun also Wahlkampf f\u00fcr die AfD. Unter den Teilnehmern der Kundgebung finden sich auch Identit\u00e4ren-Aktivisten aus Halle wie Jan S.. Er folgt stets einem weiteren AfD-Kommunalkandidaten, Thorben Vierkant. Der kandidierte schon fr\u00fcher f\u00fcr einen Platz im Studierendenparlament auf Liste der Campus Alternative. 2018 f\u00fchrte die Wahl zu einem lokalen Skandal, der heutigen AfD-Kommunalkandidatin Hannah-Tabea R\u00f6\u00dfler gelang damals der Einzug in den Studierendenrat. Beide Kandidaten, Vierkant und R\u00f6\u00dfler, gaben noch vor Kurzem dem Identit\u00e4ren-Magazin <em>Arcadi<\/em> ein Interview.<\/p>\n<p><figure id=\"attachment_28532\" aria-describedby=\"caption-attachment-28532\" style=\"width: 620px\" class=\"wp-caption aligncenter\"><img loading=\"lazy\" decoding=\"async\" class=\"wp-image-28532 size-medium\" src=\"https:\/\/blog.zeit.de\/stoerungsmelder\/files\/2019\/05\/IMG_6450-620x413.jpg\" alt=\"Kommunalwahl in Halle: IB-Kader Jan S. (l.), AfD-Kandidat Thorben Vierkant (2. v. l.) und einige Identit\u00e4re verlassen die AfD-Kundgebung. \u00a9 Henrik Merker\" width=\"620\" height=\"413\" srcset=\"https:\/\/blog.zeit.de\/stoerungsmelder\/files\/2019\/05\/IMG_6450-620x413.jpg 620w, https:\/\/blog.zeit.de\/stoerungsmelder\/files\/2019\/05\/IMG_6450-768x512.jpg 768w, https:\/\/blog.zeit.de\/stoerungsmelder\/files\/2019\/05\/IMG_6450-1024x683.jpg 1024w, https:\/\/blog.zeit.de\/stoerungsmelder\/files\/2019\/05\/IMG_6450.jpg 1620w\" sizes=\"auto, (max-width: 620px) 100vw, 620px\" \/><figcaption id=\"caption-attachment-28532\" class=\"wp-caption-text\">IB-Kader Jan S. (l.), AfD-Kandidat Thorben Vierkant (2. v. l.) und einige Identit\u00e4re verlassen die AfD-Kundgebung. \u00a9 Henrik Merker<\/figcaption><\/figure><\/p>\n<p>R\u00f6\u00dfler pflegt auch sonst engen Kontakt zu den Identit\u00e4ren. Bilder auf Facebook belegen, dass R\u00f6\u00dfler bei Veranstaltungen im IB-Haus neben Identit\u00e4ren-Kadern in der ersten Reihe sa\u00df.\u00a0 Das reichte der AfD aber nicht, um sie als Kandidatin auszuschlie\u00dfen.<\/p>\n<p>Recherchen von ZEIT ONLINE haben ergeben, dass R\u00f6\u00dfler noch enger mit den Identit\u00e4ren vernetzt ist als bisher bekannt. Ausz\u00fcge aus dem Vereinsregister belegen, dass R\u00f6\u00dfler als Gr\u00fcndungsmitglied des Flamberg e. V. eingetragen ist. Neben ihr stehen Ex-JN-Aktivist Mario M\u00fcller, <a href=\"https:\/\/blog.zeit.de\/stoerungsmelder\/2017\/06\/15\/keine-ueberraschung-sondern-in-der-tradition-des-faschismus_23951\">Melanie Schmitz<\/a> und vier Identit\u00e4ren-Kader in der Gr\u00fcndungsakte des Vereins. Zum Gr\u00fcndungstreffen am 7. Mai 2018 versammelten sich die Rechtsextremen in der Adam-Kuckhoff-Stra\u00dfe 16, dem Identit\u00e4ren-Haus. Der Akte ist auch zu entnehmen, dass der Verein Flamberg e. V. die R\u00e4ume im Erdgeschoss des Identit\u00e4ren-Hauses f\u00fcr 1000 Euro monatlich mieten wollte. Bisheriger Mieter ist nach Angaben M\u00fcllers der Ein Prozent e. V. aus dem s\u00e4chsischen Oybin.<\/p>\n<h3>Ukrainische Neonazis zu Gast<\/h3>\n<p>Sollte der Flamberg-Verein irgendwann aufgel\u00f6st werden, soll dessen Verm\u00f6gen laut Satzung an den Identit\u00e4re Bewegung Deutschland e. V. gehen, Daniel Fi\u00df ist als Kontakt vermerkt. Fi\u00df sitzt im Vorstand der deutschen Identit\u00e4ren, die im aktuellen Verfassungsschutzbericht von Sachsen-Anhalt aufgef\u00fchrt sind. Mario M\u00fcller wird darin als f\u00fchrender Kopf namentlich genannt. M\u00fcller leitete die Gr\u00fcndungsversammlung des Flamberg-Vereins und ist sein Vorsitzender.<\/p>\n<p>R\u00f6\u00dfler nahm auch an einer Veranstaltung im Identit\u00e4ren-Haus teil, die unter dem Namen Ukrainischer Abend angek\u00fcndigt worden war. Dort hielt die <a href=\"https:\/\/www.haaretz.com\/world-news\/europe\/.premium-inside-the-extremist-group-that-dreams-of-ruling-ukraine-1.6936835?=&amp;ts=_1558705007668\">Propagandistin des ukrainischen Asow-Regiments Olena Semenyaka<\/a> einen Vortrag. Semenyaka posierte auf Fotos bereits mit dem verurteilten M\u00f6rder und Neonazi Hendrik M\u00f6bus, der nach Angaben der Zeitung <em>Haaretz<\/em> einen Vortrag f\u00fcr Asow hielt. Das Asow-Regiment hat auch Verbindungen zur neonazistischen Kleinstpartei Der III. Weg, <a href=\"https:\/\/lsa-rechtsaussen.net\/das-regiment-asow-zu-gast-in-halle\/\">mit Kadern der Partei lie\u00df sich Semenyaka ablichten<\/a> und hielt eine Rede. F\u00fcr die NPD-Jugend war sie 2018 Vortragsrednerin.<\/p>\n<p><figure id=\"attachment_28541\" aria-describedby=\"caption-attachment-28541\" style=\"width: 620px\" class=\"wp-caption aligncenter\"><img loading=\"lazy\" decoding=\"async\" class=\"wp-image-28541 size-medium\" src=\"https:\/\/blog.zeit.de\/stoerungsmelder\/files\/2019\/05\/Screenshot_2019-05-24-Flamberg-Posts04_cutout-620x328.jpg\" alt=\"Kommunalwahl in Halle: Olena Semenyaka (v. l.) spricht im IB-Haus, im Publikum Hannah-Tabea R\u00f6\u00dfler (v. l.). \u00a9 Screenshot St\u00f6rungsmelder\" width=\"620\" height=\"328\" srcset=\"https:\/\/blog.zeit.de\/stoerungsmelder\/files\/2019\/05\/Screenshot_2019-05-24-Flamberg-Posts04_cutout-620x328.jpg 620w, https:\/\/blog.zeit.de\/stoerungsmelder\/files\/2019\/05\/Screenshot_2019-05-24-Flamberg-Posts04_cutout-768x406.jpg 768w, https:\/\/blog.zeit.de\/stoerungsmelder\/files\/2019\/05\/Screenshot_2019-05-24-Flamberg-Posts04_cutout-1024x541.jpg 1024w, https:\/\/blog.zeit.de\/stoerungsmelder\/files\/2019\/05\/Screenshot_2019-05-24-Flamberg-Posts04_cutout.jpg 1715w\" sizes=\"auto, (max-width: 620px) 100vw, 620px\" \/><figcaption id=\"caption-attachment-28541\" class=\"wp-caption-text\">Olena Semenyaka (v. l.) spricht im IB-Haus, im Publikum Hannah-Tabea R\u00f6\u00dfler (v. l.). \u00a9 Screenshot St\u00f6rungsmelder<\/figcaption><\/figure><\/p>\n<p>Von der AfD Halle war keine Stellungnahme dazu zu erhalten, wie sie die N\u00e4he ihrer Kandidaten zu Rechtsextremen und Identit\u00e4ren bewertet. Der <em>Mitteldeutschen Zeitung<\/em> sagte Halles AfD-Vorsitzender Alexander Raue, <a href=\"https:\/\/www.mz-web.de\/halle-saale\/radikale-in-den-stadtrat--diese-kandidaten-schickt-die-afd-in-halle-in-die-wahlen-32277692\">alle aufgestellten Kandidaten seien Parteimitglieder<\/a> und w\u00fcrden vorab auf rechtsextreme Verbindungen gepr\u00fcft.<\/p>\n<h3>Offene Zusammenarbeit mit Rechtsextremen<\/h3>\n<p>&#8222;Perspektivisch wird die IBD versuchen, feste Strukturen zu schaffen&#8220;, schreibt der Verfassungsschutz Sachsen-Anhalt in seinem Bericht f\u00fcr 2018. Die Gr\u00fcndung von Vereinen und die Arbeit in Parteien seien dazu Mittel der Wahl. In Halle f\u00fchren die etablierten Strukturen und das Hausprojekt bereits dazu, dass einzelne Aktivisten offen mit der AfD kooperieren. Bei \u00f6ffentlichen Versammlungen der Partei sind Identit\u00e4re regelm\u00e4\u00dfig Teilnehmer. Auch zu rassistischen Gruppen wie der Montagsdemonstration nimmt die lokale AfD keine ablehnende Haltung ein.<br \/>\n<img loading=\"lazy\" decoding=\"async\" src=\"https:\/\/vg05.met.vgwort.de\/na\/560adc062dd94f08acec914e30e3962a\" width=\"1\" height=\"1\" alt=\"\"><\/p>\n","protected":false},"excerpt":{"rendered":"<p>In Halle kandidieren Rechtsextreme trotz Abgrenzungsbeschluss f\u00fcr die AfD: eine Identit\u00e4ren-Aktivistin und ein Organisator der rassistischen Montagsdemonstrationen. Von Henrik Merker Die AfD l\u00e4sst rechtsextreme Kandidaten im Kommunalwahlkampf antreten. In Brandenburg wurden vom Moses Mendelssohn Zentrum Dutzende F\u00e4lle dokumentiert. Auch in Halle an der Saale, der Identit\u00e4ren-Hochburg Sachsen-Anhalts, haben Rechtsextreme wom\u00f6glich bald Einfluss auf die Kommunalpolitik.<\/p>\n","protected":false},"author":703,"featured_media":28543,"comment_status":"open","ping_status":"closed","sticky":false,"template":"","format":"standard","meta":{"_jetpack_memberships_contains_paid_content":false,"footnotes":""},"categories":[1457],"tags":[],"class_list":["post-28524","post","type-post","status-publish","format-standard","has-post-thumbnail","hentry","category-sachsen-anhalt"],"yoast_head":"<!-- This site is optimized with the Yoast SEO plugin v21.0 - https:\/\/yoast.com\/wordpress\/plugins\/seo\/ -->\n<title>Kommunalwahl in Halle: AfD-Kandidaten am rechten Rand<\/title>\n<meta name=\"description\" content=\"In Halle kandidieren Rechtsextreme trotz Abgrenzungsbeschluss f\u00fcr die AfD: eine Identit\u00e4ren-Aktivistin und ein Organisator der rassistischen Montagsdemonstrationen.\" \/>\n<meta name=\"robots\" content=\"index, follow, max-snippet:-1, max-image-preview:large, max-video-preview:-1\" \/>\n<link rel=\"canonical\" href=\"https:\/\/blog.zeit.de\/stoerungsmelder\/2019\/05\/25\/kommunalwahl-afd-kandidaten-am-rechten-rand_28524\" \/>\n<meta property=\"og:locale\" content=\"de_DE\" \/>\n<meta property=\"og:type\" content=\"article\" \/>\n<meta property=\"og:title\" content=\"Kommunalwahl in Halle: AfD-Kandidaten am rechten Rand\" \/>\n<meta property=\"og:description\" content=\"Von der AfD Halle war keine Stellungnahme dazu erhalten, wie sie die N\u00e4he ihrer Kandidaten zu Rechtsextremen und Identit\u00e4ren bewertet.\" \/>\n<meta property=\"og:url\" content=\"https:\/\/blog.zeit.de\/stoerungsmelder\/2019\/05\/25\/kommunalwahl-afd-kandidaten-am-rechten-rand_28524\" \/>\n<meta property=\"og:site_name\" content=\"St\u00f6rungsmelder\" \/>\n<meta property=\"article:published_time\" content=\"2019-05-25T13:18:31+00:00\" \/>\n<meta property=\"article:modified_time\" content=\"2019-07-08T10:32:12+00:00\" \/>\n<meta property=\"og:image\" content=\"https:\/\/blog.zeit.de\/stoerungsmelder\/files\/2019\/05\/IMG_5270.jpg\" \/>\n\t<meta property=\"og:image:width\" content=\"1920\" \/>\n\t<meta property=\"og:image:height\" content=\"1080\" \/>\n\t<meta property=\"og:image:type\" content=\"image\/jpeg\" \/>\n<meta name=\"author\" content=\"Henrik Merker\" \/>\n<meta name=\"twitter:card\" content=\"summary_large_image\" \/>\n<meta name=\"twitter:description\" content=\"In Halle kandidieren #Rechtsextreme trotz Abgrenzungsbeschluss f\u00fcr die #AfD: eine Identit\u00e4ren-Aktivistin und ein Organisator der rassistischen Montagsdemonstationen. #Kommunalwahl\" \/>\n<meta name=\"twitter:creator\" content=\"@HRMRKR\" \/>\n<meta name=\"twitter:label1\" content=\"Geschrieben von\" \/>\n\t<meta name=\"twitter:data1\" content=\"Henrik Merker\" \/>\n\t<meta name=\"twitter:label2\" content=\"Gesch\u00e4tzte Lesezeit\" \/>\n\t<meta name=\"twitter:data2\" content=\"6\u00a0Minuten\" \/>\n<script type=\"application\/ld+json\" class=\"yoast-schema-graph\">{\"@context\":\"https:\/\/schema.org\",\"@graph\":[{\"@type\":\"WebPage\",\"@id\":\"https:\/\/blog.zeit.de\/stoerungsmelder\/2019\/05\/25\/kommunalwahl-afd-kandidaten-am-rechten-rand_28524\",\"url\":\"https:\/\/blog.zeit.de\/stoerungsmelder\/2019\/05\/25\/kommunalwahl-afd-kandidaten-am-rechten-rand_28524\",\"name\":\"Kommunalwahl in Halle: AfD-Kandidaten am rechten Rand\",\"isPartOf\":{\"@id\":\"https:\/\/blog.zeit.de\/stoerungsmelder\/#website\"},\"datePublished\":\"2019-05-25T13:18:31+00:00\",\"dateModified\":\"2019-07-08T10:32:12+00:00\",\"author\":{\"@id\":\"https:\/\/blog.zeit.de\/stoerungsmelder\/#\/schema\/person\/75338b13df89ce2bcc9b98a76590fcbf\"},\"description\":\"In Halle kandidieren Rechtsextreme trotz Abgrenzungsbeschluss f\u00fcr die AfD: eine Identit\u00e4ren-Aktivistin und ein Organisator der rassistischen Montagsdemonstrationen.\",\"breadcrumb\":{\"@id\":\"https:\/\/blog.zeit.de\/stoerungsmelder\/2019\/05\/25\/kommunalwahl-afd-kandidaten-am-rechten-rand_28524#breadcrumb\"},\"inLanguage\":\"de\",\"potentialAction\":[{\"@type\":\"ReadAction\",\"target\":[\"https:\/\/blog.zeit.de\/stoerungsmelder\/2019\/05\/25\/kommunalwahl-afd-kandidaten-am-rechten-rand_28524\"]}]},{\"@type\":\"BreadcrumbList\",\"@id\":\"https:\/\/blog.zeit.de\/stoerungsmelder\/2019\/05\/25\/kommunalwahl-afd-kandidaten-am-rechten-rand_28524#breadcrumb\",\"itemListElement\":[{\"@type\":\"ListItem\",\"position\":1,\"name\":\"Startseite\",\"item\":\"https:\/\/blog.zeit.de\/stoerungsmelder\"},{\"@type\":\"ListItem\",\"position\":2,\"name\":\"Kommunalwahl: AfD-Kandidaten am rechten Rand\"}]},{\"@type\":\"WebSite\",\"@id\":\"https:\/\/blog.zeit.de\/stoerungsmelder\/#website\",\"url\":\"https:\/\/blog.zeit.de\/stoerungsmelder\/\",\"name\":\"St\u00f6rungsmelder\",\"description\":\"Recherchen und Analysen \u00fcber die extreme Rechte\",\"potentialAction\":[{\"@type\":\"SearchAction\",\"target\":{\"@type\":\"EntryPoint\",\"urlTemplate\":\"https:\/\/blog.zeit.de\/stoerungsmelder\/?s={search_term_string}\"},\"query-input\":\"required name=search_term_string\"}],\"inLanguage\":\"de\"},{\"@type\":\"Person\",\"@id\":\"https:\/\/blog.zeit.de\/stoerungsmelder\/#\/schema\/person\/75338b13df89ce2bcc9b98a76590fcbf\",\"name\":\"Henrik Merker\",\"image\":{\"@type\":\"ImageObject\",\"inLanguage\":\"de\",\"@id\":\"https:\/\/blog.zeit.de\/stoerungsmelder\/#\/schema\/person\/image\/\",\"url\":\"https:\/\/secure.gravatar.com\/avatar\/a881955e7dc03f4202c4c8e4fd5c4005ec3715376bd9a9ec246141f698e7e4ba?s=96&d=mm&r=pg\",\"contentUrl\":\"https:\/\/secure.gravatar.com\/avatar\/a881955e7dc03f4202c4c8e4fd5c4005ec3715376bd9a9ec246141f698e7e4ba?s=96&d=mm&r=pg\",\"caption\":\"Henrik Merker\"},\"sameAs\":[\"https:\/\/twitter.com\/HRMRKR\"],\"url\":\"https:\/\/blog.zeit.de\/stoerungsmelder\/author\/thomasschade\"}]}<\/script>\n<!-- \/ Yoast SEO plugin. -->","yoast_head_json":{"title":"Kommunalwahl in Halle: AfD-Kandidaten am rechten Rand","description":"In Halle kandidieren Rechtsextreme trotz Abgrenzungsbeschluss f\u00fcr die AfD: eine Identit\u00e4ren-Aktivistin und ein Organisator der rassistischen Montagsdemonstrationen.","robots":{"index":"index","follow":"follow","max-snippet":"max-snippet:-1","max-image-preview":"max-image-preview:large","max-video-preview":"max-video-preview:-1"},"canonical":"https:\/\/blog.zeit.de\/stoerungsmelder\/2019\/05\/25\/kommunalwahl-afd-kandidaten-am-rechten-rand_28524","og_locale":"de_DE","og_type":"article","og_title":"Kommunalwahl in Halle: AfD-Kandidaten am rechten Rand","og_description":"Von der AfD Halle war keine Stellungnahme dazu erhalten, wie sie die N\u00e4he ihrer Kandidaten zu Rechtsextremen und Identit\u00e4ren bewertet.","og_url":"https:\/\/blog.zeit.de\/stoerungsmelder\/2019\/05\/25\/kommunalwahl-afd-kandidaten-am-rechten-rand_28524","og_site_name":"St\u00f6rungsmelder","article_published_time":"2019-05-25T13:18:31+00:00","article_modified_time":"2019-07-08T10:32:12+00:00","og_image":[{"width":1920,"height":1080,"url":"https:\/\/blog.zeit.de\/stoerungsmelder\/files\/2019\/05\/IMG_5270.jpg","type":"image\/jpeg"}],"author":"Henrik Merker","twitter_card":"summary_large_image","twitter_description":"In Halle kandidieren #Rechtsextreme trotz Abgrenzungsbeschluss f\u00fcr die #AfD: eine Identit\u00e4ren-Aktivistin und ein Organisator der rassistischen Montagsdemonstationen. #Kommunalwahl","twitter_creator":"@HRMRKR","twitter_misc":{"Geschrieben von":"Henrik Merker","Gesch\u00e4tzte Lesezeit":"6\u00a0Minuten"},"schema":{"@context":"https:\/\/schema.org","@graph":[{"@type":"WebPage","@id":"https:\/\/blog.zeit.de\/stoerungsmelder\/2019\/05\/25\/kommunalwahl-afd-kandidaten-am-rechten-rand_28524","url":"https:\/\/blog.zeit.de\/stoerungsmelder\/2019\/05\/25\/kommunalwahl-afd-kandidaten-am-rechten-rand_28524","name":"Kommunalwahl in Halle: AfD-Kandidaten am rechten Rand","isPartOf":{"@id":"https:\/\/blog.zeit.de\/stoerungsmelder\/#website"},"datePublished":"2019-05-25T13:18:31+00:00","dateModified":"2019-07-08T10:32:12+00:00","author":{"@id":"https:\/\/blog.zeit.de\/stoerungsmelder\/#\/schema\/person\/75338b13df89ce2bcc9b98a76590fcbf"},"description":"In Halle kandidieren Rechtsextreme trotz Abgrenzungsbeschluss f\u00fcr die AfD: eine Identit\u00e4ren-Aktivistin und ein Organisator der rassistischen Montagsdemonstrationen.","breadcrumb":{"@id":"https:\/\/blog.zeit.de\/stoerungsmelder\/2019\/05\/25\/kommunalwahl-afd-kandidaten-am-rechten-rand_28524#breadcrumb"},"inLanguage":"de","potentialAction":[{"@type":"ReadAction","target":["https:\/\/blog.zeit.de\/stoerungsmelder\/2019\/05\/25\/kommunalwahl-afd-kandidaten-am-rechten-rand_28524"]}]},{"@type":"BreadcrumbList","@id":"https:\/\/blog.zeit.de\/stoerungsmelder\/2019\/05\/25\/kommunalwahl-afd-kandidaten-am-rechten-rand_28524#breadcrumb","itemListElement":[{"@type":"ListItem","position":1,"name":"Startseite","item":"https:\/\/blog.zeit.de\/stoerungsmelder"},{"@type":"ListItem","position":2,"name":"Kommunalwahl: AfD-Kandidaten am rechten Rand"}]},{"@type":"WebSite","@id":"https:\/\/blog.zeit.de\/stoerungsmelder\/#website","url":"https:\/\/blog.zeit.de\/stoerungsmelder\/","name":"St\u00f6rungsmelder","description":"Recherchen und Analysen \u00fcber die extreme Rechte","potentialAction":[{"@type":"SearchAction","target":{"@type":"EntryPoint","urlTemplate":"https:\/\/blog.zeit.de\/stoerungsmelder\/?s={search_term_string}"},"query-input":"required name=search_term_string"}],"inLanguage":"de"},{"@type":"Person","@id":"https:\/\/blog.zeit.de\/stoerungsmelder\/#\/schema\/person\/75338b13df89ce2bcc9b98a76590fcbf","name":"Henrik Merker","image":{"@type":"ImageObject","inLanguage":"de","@id":"https:\/\/blog.zeit.de\/stoerungsmelder\/#\/schema\/person\/image\/","url":"https:\/\/secure.gravatar.com\/avatar\/a881955e7dc03f4202c4c8e4fd5c4005ec3715376bd9a9ec246141f698e7e4ba?s=96&d=mm&r=pg","contentUrl":"https:\/\/secure.gravatar.com\/avatar\/a881955e7dc03f4202c4c8e4fd5c4005ec3715376bd9a9ec246141f698e7e4ba?s=96&d=mm&r=pg","caption":"Henrik Merker"},"sameAs":["https:\/\/twitter.com\/HRMRKR"],"url":"https:\/\/blog.zeit.de\/stoerungsmelder\/author\/thomasschade"}]}},"jetpack_featured_media_url":"https:\/\/blog.zeit.de\/stoerungsmelder\/files\/2019\/05\/IMG_5270.jpg","jetpack_sharing_enabled":true,"_links":{"self":[{"href":"https:\/\/blog.zeit.de\/stoerungsmelder\/wp-json\/wp\/v2\/posts\/28524","targetHints":{"allow":["GET"]}}],"collection":[{"href":"https:\/\/blog.zeit.de\/stoerungsmelder\/wp-json\/wp\/v2\/posts"}],"about":[{"href":"https:\/\/blog.zeit.de\/stoerungsmelder\/wp-json\/wp\/v2\/types\/post"}],"author":[{"embeddable":true,"href":"https:\/\/blog.zeit.de\/stoerungsmelder\/wp-json\/wp\/v2\/users\/703"}],"replies":[{"embeddable":true,"href":"https:\/\/blog.zeit.de\/stoerungsmelder\/wp-json\/wp\/v2\/comments?post=28524"}],"version-history":[{"count":7,"href":"https:\/\/blog.zeit.de\/stoerungsmelder\/wp-json\/wp\/v2\/posts\/28524\/revisions"}],"predecessor-version":[{"id":28736,"href":"https:\/\/blog.zeit.de\/stoerungsmelder\/wp-json\/wp\/v2\/posts\/28524\/revisions\/28736"}],"wp:featuredmedia":[{"embeddable":true,"href":"https:\/\/blog.zeit.de\/stoerungsmelder\/wp-json\/wp\/v2\/media\/28543"}],"wp:attachment":[{"href":"https:\/\/blog.zeit.de\/stoerungsmelder\/wp-json\/wp\/v2\/media?parent=28524"}],"wp:term":[{"taxonomy":"category","embeddable":true,"href":"https:\/\/blog.zeit.de\/stoerungsmelder\/wp-json\/wp\/v2\/categories?post=28524"},{"taxonomy":"post_tag","embeddable":true,"href":"https:\/\/blog.zeit.de\/stoerungsmelder\/wp-json\/wp\/v2\/tags?post=28524"}],"curies":[{"name":"wp","href":"https:\/\/api.w.org\/{rel}","templated":true}]}}