{"id":28611,"date":"2019-06-24T09:02:06","date_gmt":"2019-06-24T07:02:06","guid":{"rendered":"https:\/\/blog.zeit.de\/stoerungsmelder\/?p=28611"},"modified":"2019-06-24T11:48:31","modified_gmt":"2019-06-24T09:48:31","slug":"rechtes-treiben-in-der-heide","status":"publish","type":"post","link":"https:\/\/blog.zeit.de\/stoerungsmelder\/2019\/06\/24\/rechtes-treiben-in-der-heide_28611","title":{"rendered":"Rechtes Treiben in der Heide"},"content":{"rendered":"<p><strong>Seit 25 Jahren treffen sich Rechtsextreme zum Feiern auf einem Hof im nieders\u00e4chsischen Eschede. Jetzt hat die NPD das Gel\u00e4nde gekauft. Wird es ihre letzte Bastion oder ein Knotenpunkt f\u00fcr Norddeutschlands Neonazis?<\/strong><\/p>\n<p><em>Von Bela Mittelst\u00e4dt<\/em><\/p>\n<p><figure id=\"attachment_28612\" aria-describedby=\"caption-attachment-28612\" style=\"width: 620px\" class=\"wp-caption aligncenter\"><img loading=\"lazy\" decoding=\"async\" class=\"wp-image-28612 size-full\" src=\"https:\/\/blog.zeit.de\/stoerungsmelder\/files\/2019\/06\/28685000.jpg\" alt=\"Eschede: Der Nahtz-Hof in Eschede, fotografiert 2011. \u00a9 Alexander K\u00f6rner\/dpa\" width=\"620\" height=\"398\" \/><figcaption id=\"caption-attachment-28612\" class=\"wp-caption-text\">Der Nahtz-Hof in Eschede, fotografiert 2011 \u00a9 Alexander K\u00f6rner\/dpa<\/figcaption><\/figure><\/p>\n<p>Die Sonne brennt. Demonstranten haben an der Zufahrt zum anderthalb Kilometer entfernten Hof Nahtz ein Camp aufgebaut, mitten in der Feldmark, ein paar hundert Meter vom Ortsschild mit der Aufschrift Eschede entfernt. Immer wieder biegen Autos ein. Am Steuer und auf der R\u00fcckbank sitzen Neonazis \u2013 unterwegs zu einem der gr\u00f6\u00dften Treffen der Szene in Norddeutschland. Einer von ihnen h\u00e4lt den Mittelfinger aus dem Fenster.<\/p>\n<p>Eschede, eine Gemeinde im Nordosten des Landkreises Celle in der L\u00fcneburger Heide, ist vielen durch das ICE-Ungl\u00fcck von 1998 ein Begriff. Traditionell Mitte Juni, also zum l\u00e4ngsten Tag des Jahres, treffen sich hier Rechtsradikale aus ganz Norddeutschland. <!--more-->In diesem Jahr luden NPD, die Nachwuchsorganisation Junge Nationalisten (JN) und die Frauengruppe D\u00fc\u00fctsche Deerns zu einer Veranstaltung namens Fest der Volksmusik ein \u2013 ohne Zusammenhang zur gleichnamigen ARD-Musiksendung.<\/p>\n<h2>Baut die NPD ein neues Zentrum auf?<\/h2>\n<p>Treffpunkt der Feier zur Sonnenwende <a href=\"https:\/\/blog.zeit.de\/stoerungsmelder\/2011\/12\/18\/%E2%80%9Eein-netzwerkknoten-fur-hass-und-gewalt%E2%80%9C-wachsender-protest-gegen-neonazis-in-eschede_7796\">ist der Hof Nahtz<\/a>. In einer \u00dcbersicht des Bundesinnenministeriums wird das Grundst\u00fcck als Immobilie der extremen Rechten in Niedersachsen gelistet. Der 84-j\u00e4hrige Besitzer Joachim Nahtz lud in den vergangenen Jahrzehnten regelm\u00e4\u00dfig dorthin ein, seit \u00fcber 20 Jahren veranstalten NPD und andere Akteure dort Parteitage, Konzerte und Brauchtumsfeiern.<\/p>\n<p>Das d\u00fcrfte sich so schnell auch nicht \u00e4ndern: In der Einladung zur Sonnenwendfeier auf Facebook verlautbarte die NPD, sie habe das Grundst\u00fcck gekauft. Der Landkreis Celle best\u00e4tigte am Freitag gegen\u00fcber dem NDR den Verkauf des Hofs. \u201eWir bef\u00fcrchten jetzt, dass der Verkauf eine Aufwertung des Grundst\u00fccks bedeuten k\u00f6nnte\u201c, sagt Klaus Jordan vom Netzwerk S\u00fcdheide, das seit 2009 Proteste gegen die Veranstaltungen organisiert. Er f\u00fchlt sich an das Zentrum \u201eHetendorf Nummer 13\u201c erinnert. Der Anwalt J\u00fcrgen Rieger hatte hier 20 Kilometer von Eschede entfernt <a href=\"https:\/\/taz.de\/!5335387\/\" target=\"_blank\" rel=\"noopener noreferrer\">ein Nazi-Schulungszentrum aufgebaut<\/a> und \u00fcber zehn Jahre lang bis 2009 genutzt.<\/p>\n<p>Nahtz ist seit 2005 NPD-Mitglied. Schon 1952 war er der Deutschen Reichspartei (DRP) beigetreten, landete zwischenzeitlich bei den Republikanern. Er trat mehrfach als Direktkandidat bei Landtags- und Bundestagswahlen an. Bei der Bundestagswahl 2009 vereinigte er 2.500 Stimmen im Wahlkreis Celle-Uelzen auf sich.<\/p>\n<h2>Wo Rechte unter sich sind<\/h2>\n<p>Seinen Hof nutzt die NPD allerdings nicht allein. Im Juni 2017 mobilisierte sie gemeinsam mit dem Dritten Weg und der Partei Die Rechte zu einem Fest gut 100 Teilnehmende. Gefeiert wurde damals unter dem Motto \u201e25 Jahre Widerstand im Heide(n)land\u201c. Neben rechtsradikalen Parteien luden immer wieder Kameradschaften zu Konzerten ein. 2010 kamen gar <a href=\"https:\/\/blog.zeit.de\/stoerungsmelder\/2010\/08\/24\/nazikonzert-konzert-unter-den-augen-der-polizei_4413\">600 Neonazis aus ganz Deutschland<\/a>. \u201eDas sind nie nur Konzerte oder die beworbenen Feierlichkeiten\u201c, sagt Jordan. Stattdessen handle es sich um \u201ewichtige Vernetzungstagungen der Norddeutschen Rechten\u201c.<\/p>\n<p>Die Autokennzeichen der G\u00e4ste best\u00e4tigen den Netzwerkcharakter: Gemeldet sind sie in L\u00fcneburg, Oldenburg, Goslar, Bremen und Hannover. Die meisten kommen jedoch aus Celle und den umliegenden Landkreisen. Einmal f\u00e4hrt auch Joachim Nahtz mit seinem Auto vorbei und kehrt kurz darauf mit einer Ladung Besucher auf der R\u00fcckbank vom Bahnhof zur\u00fcck.<\/p>\n<p><figure id=\"attachment_28615\" aria-describedby=\"caption-attachment-28615\" style=\"width: 620px\" class=\"wp-caption aligncenter\"><img loading=\"lazy\" decoding=\"async\" class=\"wp-image-28615 size-full\" src=\"https:\/\/blog.zeit.de\/stoerungsmelder\/files\/2019\/06\/Nahtz.jpg\" alt=\"Eschede: G\u00e4ste kommen im Auto zur Sonnwendfeier auf dem Hof an. \u00a9 Bela Mittelst\u00e4dt\" width=\"620\" height=\"413\" \/><figcaption id=\"caption-attachment-28615\" class=\"wp-caption-text\">G\u00e4ste kommen im Auto zur Sonnenwendfeier auf dem Hof an. \u00a9 Bela Mittelst\u00e4dt<\/figcaption><\/figure><\/p>\n<p>Sein Gel\u00e4nde wurde auch f\u00fcr Kinderzeltlager der Heimattreuen Deutschen Jugend genutzt. Die Organisation wurde im M\u00e4rz 2009 vom Bundesinnenminister mit der Begr\u00fcndung verboten, in ihren Lagern solle eine \u201eneonazistische Elite\u201c herangezogen werden. In diesem Jahr waren auch die D\u00fc\u00fctschen Deerns bei der Sonnenwendfeier dabei. Die v\u00f6lkische Frauengruppe zeigt sich auf Facebook sporadisch in Trachten beim Museumsbesuch in Slowenien oder bei Kranzniederlegungen f\u00fcr gefallene Wehrmachtsoldaten.<\/p>\n<p>Seit Jahren werden die Events von Protesten begleitet. Im Netzwerk S\u00fcdheide haben sich Gruppen und Initiativen zusammengeschlossen, um Neonaziaktivit\u00e4ten in Eschede und im Landkreis zu bek\u00e4mpfen. Gut 200 Gegner demonstrierten am Wochenende gegen das Treffen auf Hof Nahtz.<\/p>\n<h2>\u201eJetzt erst recht\u201c-Stimmung<\/h2>\n<p>In Reden fordern die Demonstranten angesichts des Mords an dem Kasseler Regierungspr\u00e4sidenten Walter L\u00fcbcke mehr Engagement gegen Rechtsextremisten und erinnern an die zahlreichen Todesopfer rechter Gewalt. Einer von ihnen war <a href=\"https:\/\/www.zeit.de\/gesellschaft\/zeitgeschehen\/2010-09\/neonazis-obdachloser-eschede\">Peter Deutschmann<\/a>. Er wurde 1999 in Eschede von zwei Naziskins ermordet.<\/p>\n<p>Trotz der desolaten Lage der NPD ist der Spuk in Eschede in naher Zukunft wohl nicht vorbei. Nach einem verheerenden Brand, bei dem ein Wirtschaftsgeb\u00e4ude auf Hof Nahtz zerst\u00f6rt wurde, setzte sich in der Szene eine \u201eJetzt erst recht\u201c-Stimmung durch, die in den Verkauf m\u00fcndete. Bei der letzten gr\u00f6\u00dferen Veranstaltung im Dezember 2018 kamen gut 100 Neonazis. Doch dieses Mal sind es weniger. 60 z\u00e4hlte die Polizei am Nachmittag.<\/p>\n<p>Nun drohen die NPD und ihre Anh\u00e4nger zum Dauergast zu werden, denn anderswo kommen sie kaum noch an R\u00e4umlichkeiten f\u00fcr ihre Veranstaltungen. Es scheint, als m\u00fcssten sich die Gegner der Neonazis auf einen langen Kampf einstellen.<\/p>\n","protected":false},"excerpt":{"rendered":"<p>Die NPD hat sich ein Geh\u00f6ft im nieders\u00e4chsischen Eschede gekauft. Schon seit Jahrzehnten treffen sich dort Neonazis zu v\u00f6lkischen Feiern &#8211; auch in diesem Jahr zum Sonnenwendfest.<\/p>\n","protected":false},"author":1105,"featured_media":28612,"comment_status":"open","ping_status":"closed","sticky":false,"template":"","format":"standard","meta":{"_jetpack_memberships_contains_paid_content":false,"footnotes":""},"categories":[1454],"tags":[41462,12710,1716,12744],"class_list":["post-28611","post","type-post","status-publish","format-standard","has-post-thumbnail","hentry","category-niedersachsen","tag-eschede","tag-nazizentrum","tag-npd","tag-schulungszentrum"],"yoast_head":"<!-- This site is optimized with the Yoast SEO plugin v21.0 - https:\/\/yoast.com\/wordpress\/plugins\/seo\/ -->\n<title>Eschede: Rechtes Treiben in der Heide<\/title>\n<meta name=\"description\" content=\"Seit 25 Jahren treffen sich Rechtsextreme zum Feiern auf einem Hof im nieders\u00e4chsischen Eschede. Jetzt hat die NPD das Gel\u00e4nde gekauft.\" \/>\n<meta name=\"robots\" content=\"index, follow, max-snippet:-1, max-image-preview:large, max-video-preview:-1\" \/>\n<link rel=\"canonical\" href=\"https:\/\/blog.zeit.de\/stoerungsmelder\/2019\/06\/24\/rechtes-treiben-in-der-heide_28611\" \/>\n<meta property=\"og:locale\" content=\"de_DE\" \/>\n<meta property=\"og:type\" content=\"article\" \/>\n<meta property=\"og:title\" content=\"Eschede: Rechtes Treiben in der Heide\" \/>\n<meta property=\"og:description\" content=\"Seit 25 Jahren treffen sich Rechtsextreme zum Feiern auf einem Hof im nieders\u00e4chsischen Eschede. Jetzt hat die NPD das Gel\u00e4nde gekauft.\" \/>\n<meta property=\"og:url\" content=\"https:\/\/blog.zeit.de\/stoerungsmelder\/2019\/06\/24\/rechtes-treiben-in-der-heide_28611\" \/>\n<meta property=\"og:site_name\" content=\"St\u00f6rungsmelder\" \/>\n<meta property=\"article:published_time\" content=\"2019-06-24T07:02:06+00:00\" \/>\n<meta property=\"article:modified_time\" content=\"2019-06-24T09:48:31+00:00\" \/>\n<meta property=\"og:image\" content=\"https:\/\/blog.zeit.de\/stoerungsmelder\/files\/2019\/06\/28685000.jpg\" \/>\n\t<meta property=\"og:image:width\" content=\"620\" \/>\n\t<meta property=\"og:image:height\" content=\"398\" \/>\n\t<meta property=\"og:image:type\" content=\"image\/jpeg\" \/>\n<meta name=\"author\" content=\"Bela Mittelst\u00e4dt\" \/>\n<meta name=\"twitter:card\" content=\"summary_large_image\" \/>\n<meta name=\"twitter:description\" content=\"Dutzende #Neonazis feierten auf dem Nahtz-Hof im nieders\u00e4chsischen #Eschede - wie in mehreren Jahrzehnten zuvor. Das Besondere diesmal: Hausherr ist ab sofort die #NPD. Sie hat das Grundst\u00fcck gekauft.\" \/>\n<meta name=\"twitter:label1\" content=\"Geschrieben von\" \/>\n\t<meta name=\"twitter:data1\" content=\"Bela Mittelst\u00e4dt\" \/>\n\t<meta name=\"twitter:label2\" content=\"Gesch\u00e4tzte Lesezeit\" \/>\n\t<meta name=\"twitter:data2\" content=\"4\u00a0Minuten\" \/>\n<script type=\"application\/ld+json\" class=\"yoast-schema-graph\">{\"@context\":\"https:\/\/schema.org\",\"@graph\":[{\"@type\":\"WebPage\",\"@id\":\"https:\/\/blog.zeit.de\/stoerungsmelder\/2019\/06\/24\/rechtes-treiben-in-der-heide_28611\",\"url\":\"https:\/\/blog.zeit.de\/stoerungsmelder\/2019\/06\/24\/rechtes-treiben-in-der-heide_28611\",\"name\":\"Eschede: Rechtes Treiben in der Heide\",\"isPartOf\":{\"@id\":\"https:\/\/blog.zeit.de\/stoerungsmelder\/#website\"},\"datePublished\":\"2019-06-24T07:02:06+00:00\",\"dateModified\":\"2019-06-24T09:48:31+00:00\",\"author\":{\"@id\":\"https:\/\/blog.zeit.de\/stoerungsmelder\/#\/schema\/person\/32edf7fc62dcf70484f8176c95b7d644\"},\"description\":\"Seit 25 Jahren treffen sich Rechtsextreme zum Feiern auf einem Hof im nieders\u00e4chsischen Eschede. Jetzt hat die NPD das Gel\u00e4nde gekauft.\",\"breadcrumb\":{\"@id\":\"https:\/\/blog.zeit.de\/stoerungsmelder\/2019\/06\/24\/rechtes-treiben-in-der-heide_28611#breadcrumb\"},\"inLanguage\":\"de\",\"potentialAction\":[{\"@type\":\"ReadAction\",\"target\":[\"https:\/\/blog.zeit.de\/stoerungsmelder\/2019\/06\/24\/rechtes-treiben-in-der-heide_28611\"]}]},{\"@type\":\"BreadcrumbList\",\"@id\":\"https:\/\/blog.zeit.de\/stoerungsmelder\/2019\/06\/24\/rechtes-treiben-in-der-heide_28611#breadcrumb\",\"itemListElement\":[{\"@type\":\"ListItem\",\"position\":1,\"name\":\"Startseite\",\"item\":\"https:\/\/blog.zeit.de\/stoerungsmelder\"},{\"@type\":\"ListItem\",\"position\":2,\"name\":\"Rechtes Treiben in der Heide\"}]},{\"@type\":\"WebSite\",\"@id\":\"https:\/\/blog.zeit.de\/stoerungsmelder\/#website\",\"url\":\"https:\/\/blog.zeit.de\/stoerungsmelder\/\",\"name\":\"St\u00f6rungsmelder\",\"description\":\"Recherchen und Analysen \u00fcber die extreme Rechte\",\"potentialAction\":[{\"@type\":\"SearchAction\",\"target\":{\"@type\":\"EntryPoint\",\"urlTemplate\":\"https:\/\/blog.zeit.de\/stoerungsmelder\/?s={search_term_string}\"},\"query-input\":\"required name=search_term_string\"}],\"inLanguage\":\"de\"},{\"@type\":\"Person\",\"@id\":\"https:\/\/blog.zeit.de\/stoerungsmelder\/#\/schema\/person\/32edf7fc62dcf70484f8176c95b7d644\",\"name\":\"Bela Mittelst\u00e4dt\",\"image\":{\"@type\":\"ImageObject\",\"inLanguage\":\"de\",\"@id\":\"https:\/\/blog.zeit.de\/stoerungsmelder\/#\/schema\/person\/image\/\",\"url\":\"https:\/\/secure.gravatar.com\/avatar\/d347af56e94c515bbacd9b6dc675101386b75a9c457dee9f0f52f1165c23c42f?s=96&d=mm&r=pg\",\"contentUrl\":\"https:\/\/secure.gravatar.com\/avatar\/d347af56e94c515bbacd9b6dc675101386b75a9c457dee9f0f52f1165c23c42f?s=96&d=mm&r=pg\",\"caption\":\"Bela Mittelst\u00e4dt\"},\"url\":\"https:\/\/blog.zeit.de\/stoerungsmelder\/author\/belamittelstaedt\"}]}<\/script>\n<!-- \/ Yoast SEO plugin. -->","yoast_head_json":{"title":"Eschede: Rechtes Treiben in der Heide","description":"Seit 25 Jahren treffen sich Rechtsextreme zum Feiern auf einem Hof im nieders\u00e4chsischen Eschede. Jetzt hat die NPD das Gel\u00e4nde gekauft.","robots":{"index":"index","follow":"follow","max-snippet":"max-snippet:-1","max-image-preview":"max-image-preview:large","max-video-preview":"max-video-preview:-1"},"canonical":"https:\/\/blog.zeit.de\/stoerungsmelder\/2019\/06\/24\/rechtes-treiben-in-der-heide_28611","og_locale":"de_DE","og_type":"article","og_title":"Eschede: Rechtes Treiben in der Heide","og_description":"Seit 25 Jahren treffen sich Rechtsextreme zum Feiern auf einem Hof im nieders\u00e4chsischen Eschede. Jetzt hat die NPD das Gel\u00e4nde gekauft.","og_url":"https:\/\/blog.zeit.de\/stoerungsmelder\/2019\/06\/24\/rechtes-treiben-in-der-heide_28611","og_site_name":"St\u00f6rungsmelder","article_published_time":"2019-06-24T07:02:06+00:00","article_modified_time":"2019-06-24T09:48:31+00:00","og_image":[{"width":620,"height":398,"url":"https:\/\/blog.zeit.de\/stoerungsmelder\/files\/2019\/06\/28685000.jpg","type":"image\/jpeg"}],"author":"Bela Mittelst\u00e4dt","twitter_card":"summary_large_image","twitter_description":"Dutzende #Neonazis feierten auf dem Nahtz-Hof im nieders\u00e4chsischen #Eschede - wie in mehreren Jahrzehnten zuvor. Das Besondere diesmal: Hausherr ist ab sofort die #NPD. Sie hat das Grundst\u00fcck gekauft.","twitter_misc":{"Geschrieben von":"Bela Mittelst\u00e4dt","Gesch\u00e4tzte Lesezeit":"4\u00a0Minuten"},"schema":{"@context":"https:\/\/schema.org","@graph":[{"@type":"WebPage","@id":"https:\/\/blog.zeit.de\/stoerungsmelder\/2019\/06\/24\/rechtes-treiben-in-der-heide_28611","url":"https:\/\/blog.zeit.de\/stoerungsmelder\/2019\/06\/24\/rechtes-treiben-in-der-heide_28611","name":"Eschede: Rechtes Treiben in der Heide","isPartOf":{"@id":"https:\/\/blog.zeit.de\/stoerungsmelder\/#website"},"datePublished":"2019-06-24T07:02:06+00:00","dateModified":"2019-06-24T09:48:31+00:00","author":{"@id":"https:\/\/blog.zeit.de\/stoerungsmelder\/#\/schema\/person\/32edf7fc62dcf70484f8176c95b7d644"},"description":"Seit 25 Jahren treffen sich Rechtsextreme zum Feiern auf einem Hof im nieders\u00e4chsischen Eschede. Jetzt hat die NPD das Gel\u00e4nde gekauft.","breadcrumb":{"@id":"https:\/\/blog.zeit.de\/stoerungsmelder\/2019\/06\/24\/rechtes-treiben-in-der-heide_28611#breadcrumb"},"inLanguage":"de","potentialAction":[{"@type":"ReadAction","target":["https:\/\/blog.zeit.de\/stoerungsmelder\/2019\/06\/24\/rechtes-treiben-in-der-heide_28611"]}]},{"@type":"BreadcrumbList","@id":"https:\/\/blog.zeit.de\/stoerungsmelder\/2019\/06\/24\/rechtes-treiben-in-der-heide_28611#breadcrumb","itemListElement":[{"@type":"ListItem","position":1,"name":"Startseite","item":"https:\/\/blog.zeit.de\/stoerungsmelder"},{"@type":"ListItem","position":2,"name":"Rechtes Treiben in der Heide"}]},{"@type":"WebSite","@id":"https:\/\/blog.zeit.de\/stoerungsmelder\/#website","url":"https:\/\/blog.zeit.de\/stoerungsmelder\/","name":"St\u00f6rungsmelder","description":"Recherchen und Analysen \u00fcber die extreme Rechte","potentialAction":[{"@type":"SearchAction","target":{"@type":"EntryPoint","urlTemplate":"https:\/\/blog.zeit.de\/stoerungsmelder\/?s={search_term_string}"},"query-input":"required name=search_term_string"}],"inLanguage":"de"},{"@type":"Person","@id":"https:\/\/blog.zeit.de\/stoerungsmelder\/#\/schema\/person\/32edf7fc62dcf70484f8176c95b7d644","name":"Bela Mittelst\u00e4dt","image":{"@type":"ImageObject","inLanguage":"de","@id":"https:\/\/blog.zeit.de\/stoerungsmelder\/#\/schema\/person\/image\/","url":"https:\/\/secure.gravatar.com\/avatar\/d347af56e94c515bbacd9b6dc675101386b75a9c457dee9f0f52f1165c23c42f?s=96&d=mm&r=pg","contentUrl":"https:\/\/secure.gravatar.com\/avatar\/d347af56e94c515bbacd9b6dc675101386b75a9c457dee9f0f52f1165c23c42f?s=96&d=mm&r=pg","caption":"Bela Mittelst\u00e4dt"},"url":"https:\/\/blog.zeit.de\/stoerungsmelder\/author\/belamittelstaedt"}]}},"jetpack_featured_media_url":"https:\/\/blog.zeit.de\/stoerungsmelder\/files\/2019\/06\/28685000.jpg","jetpack_sharing_enabled":true,"_links":{"self":[{"href":"https:\/\/blog.zeit.de\/stoerungsmelder\/wp-json\/wp\/v2\/posts\/28611","targetHints":{"allow":["GET"]}}],"collection":[{"href":"https:\/\/blog.zeit.de\/stoerungsmelder\/wp-json\/wp\/v2\/posts"}],"about":[{"href":"https:\/\/blog.zeit.de\/stoerungsmelder\/wp-json\/wp\/v2\/types\/post"}],"author":[{"embeddable":true,"href":"https:\/\/blog.zeit.de\/stoerungsmelder\/wp-json\/wp\/v2\/users\/1105"}],"replies":[{"embeddable":true,"href":"https:\/\/blog.zeit.de\/stoerungsmelder\/wp-json\/wp\/v2\/comments?post=28611"}],"version-history":[{"count":5,"href":"https:\/\/blog.zeit.de\/stoerungsmelder\/wp-json\/wp\/v2\/posts\/28611\/revisions"}],"predecessor-version":[{"id":28660,"href":"https:\/\/blog.zeit.de\/stoerungsmelder\/wp-json\/wp\/v2\/posts\/28611\/revisions\/28660"}],"wp:featuredmedia":[{"embeddable":true,"href":"https:\/\/blog.zeit.de\/stoerungsmelder\/wp-json\/wp\/v2\/media\/28612"}],"wp:attachment":[{"href":"https:\/\/blog.zeit.de\/stoerungsmelder\/wp-json\/wp\/v2\/media?parent=28611"}],"wp:term":[{"taxonomy":"category","embeddable":true,"href":"https:\/\/blog.zeit.de\/stoerungsmelder\/wp-json\/wp\/v2\/categories?post=28611"},{"taxonomy":"post_tag","embeddable":true,"href":"https:\/\/blog.zeit.de\/stoerungsmelder\/wp-json\/wp\/v2\/tags?post=28611"}],"curies":[{"name":"wp","href":"https:\/\/api.w.org\/{rel}","templated":true}]}}