{"id":28829,"date":"2019-08-01T11:14:38","date_gmt":"2019-08-01T09:14:38","guid":{"rendered":"https:\/\/blog.zeit.de\/stoerungsmelder\/?p=28829"},"modified":"2020-06-22T15:45:43","modified_gmt":"2020-06-22T13:45:43","slug":"hinter-der-fassade-der-identitaeren","status":"publish","type":"post","link":"https:\/\/blog.zeit.de\/stoerungsmelder\/2019\/08\/01\/hinter-der-fassade-der-identitaeren_28829","title":{"rendered":"Hinter der Fassade der Identit\u00e4ren"},"content":{"rendered":"<p><strong>Die rechtsextreme Identit\u00e4re Bewegung unterh\u00e4lt ein eigenes Haus im sachsen-anhaltischen Halle \u2013 als Knotenpunkt f\u00fcr die Szene von der Neuen Rechten bis zur AfD. Doch von ihren gro\u00dfen Pl\u00e4nen ist nicht mehr viel \u00fcbrig.<\/strong><\/p>\n<p><i>Von Henrik Merker<\/i><\/p>\n<p><figure id=\"attachment_28832\" aria-describedby=\"caption-attachment-28832\" style=\"width: 620px\" class=\"wp-caption aligncenter\"><img loading=\"lazy\" decoding=\"async\" class=\"size-medium wp-image-28832\" src=\"https:\/\/blog.zeit.de\/stoerungsmelder\/files\/2019\/07\/IMG_5555-1-620x414.jpg\" alt=\"\" width=\"620\" height=\"414\" srcset=\"https:\/\/blog.zeit.de\/stoerungsmelder\/files\/2019\/07\/IMG_5555-1-620x414.jpg 620w, https:\/\/blog.zeit.de\/stoerungsmelder\/files\/2019\/07\/IMG_5555-1-768x512.jpg 768w, https:\/\/blog.zeit.de\/stoerungsmelder\/files\/2019\/07\/IMG_5555-1-1024x683.jpg 1024w, https:\/\/blog.zeit.de\/stoerungsmelder\/files\/2019\/07\/IMG_5555-1.jpg 1619w\" sizes=\"auto, (max-width: 620px) 100vw, 620px\" \/><figcaption id=\"caption-attachment-28832\" class=\"wp-caption-text\">Das Haus der Identit\u00e4ren in Halle \u00a9 Henrik Merker<\/figcaption><\/figure><\/p>\n<p>An der Universit\u00e4t im sachsen-anhaltischen Halle steht ein altes Haus, von oben bis unten mit Farbe bespr\u00fcht. Eine Kamera auf halber H\u00f6he hat den Fu\u00dfweg im Blick. Die Fenster verrammelt, sieht es beinahe verwaist aus. Doch an der Klingel steht ein Name: <a href=\"https:\/\/blog.zeit.de\/stoerungsmelder\/2017\/10\/26\/kampf-um-den-campus-wie-rechtsextreme-an-der-uni-halle-agitieren_24904\">Dorian S.<\/a> \u2013 einer der Gr\u00fcnder des Flamberg e.V., der seit Sommer 2018 das Erdgeschoss betreibt.<\/p>\n<p>Hinter dem Verein stehen Aktivisten der rechtsextremen <a href=\"https:\/\/blog.zeit.de\/stoerungsmelder\/2019\/07\/21\/die-fehler-der-identitaeren_28771\">Identit\u00e4ren Bewegung<\/a>. Das Haus ist ihr Projekt. Als es vor rund zwei Jahren bekannt wurde, galt es als gro\u00dfe Hoffnung der Szene, als Modellprojekt der mannigfaltigen <a href=\"https:\/\/blog.zeit.de\/stoerungsmelder\/2017\/06\/19\/von-postergirls-und-dunklen-rittern-wie-man-ueber-die-neue-rechte-schreiben-sollte-und-wie-nicht_23988\">Neuen Rechten<\/a>. Die sich dort tummeln, lassen erkennen, dass es keine Grenzen mehr gibt zwischen AfD, Neuer Rechter und der Identit\u00e4ren Bewegung. Doch mittlerweile br\u00f6ckelt die Unterst\u00fctzung f\u00fcr das Gemeinschaftswerk. Obwohl noch zahlreiche Organisationen unter der Adresse gemeldet sind, ist eine deutliche Ern\u00fcchterung eingetreten.<\/p>\n<p><!--more--><\/p>\n<h2>Viele Projekte sind schon wieder Geschichte<\/h2>\n<p>Sechs Akteure der extremen Rechten waren im Mai 2018 zur Gr\u00fcndung des Flamberg e.V . zusammengekommen. Unter ihnen neben dem damals als Vorsitzenden aufgef\u00fchrten Mario A. M\u00fcller: <a href=\"https:\/\/blog.zeit.de\/stoerungsmelder\/2017\/06\/15\/keine-ueberraschung-sondern-in-der-tradition-des-faschismus_23951\">Melanie Schmitz<\/a>, die damalige Frontfrau der Identit\u00e4ren Bewegung. Bis ins Jahr 2018 nahm sie Videos unter dem Namen \u201eVariet\u00e9 Identitaire\u201c auf, spielte dabei Musik oder sang.<\/p>\n<p>Kurz nach der Gr\u00fcndung stellte Schmitz ihre Pr\u00e4senz f\u00fcr die Identit\u00e4ren weitgehend ein. Mittlerweile ist sie wieder im Ruhrgebiet f\u00fcr die Szene aktiv. Auf sie folgte die Flamberg-Mitgr\u00fcnderin Hannah-Tabea R\u00f6\u00dfler. Sie ist die Verbindung der extremen Rechten <a href=\"https:\/\/blog.zeit.de\/stoerungsmelder\/2019\/02\/05\/afd-rechtsextreme-mitarbeiter-brandenburg-thueringen-verfassungsschutz_28014\">zur AfD<\/a>, f\u00fcr die sie bei der vergangenen Kommunalwahl antrat. Laut Halles AfD-Chef Alexander Raue sind alle Kandidaten auch Parteimitglieder. F\u00fcr die parteinahe Campus Alternative sitzt R\u00f6\u00dfler im Studierendenparlament der Martin-Luther-Universit\u00e4t.<\/p>\n<p>Vieles, was von dem abgeschotteten Haus in Halle ausging, ist bereits Geschichte. Dazu geh\u00f6rt das Variet\u00e9 Identitaire, aber auch der Versuch eines Mode-Labels unter dem Namen radical \u00e9stethique. Dessen Initiator Franz Rei\u00dfner ist kaum noch pr\u00e4sent. Die Identit\u00e4ren in Halle arbeiten \u00e4hnlich wie ein Start-Up, nach dem Verfahren \u201etrial and error\u201c.<\/p>\n<h2>Vernetzung &#8222;nicht gegl\u00fcckt&#8220;<\/h2>\n<p>Viele ehemalige Unterst\u00fctzer haben sich mittlerweile verabschiedet \u2013 darunter auch der AfD-Politiker <a href=\"https:\/\/www.zeit.de\/2017\/45\/afd-netzwerk-zeitschriften-stiftungen-verlage\">Andreas Lichert, Chef der von ihm gegr\u00fcndeten Titurel-Stiftung<\/a>. Seine Firmenmarke Mosaik Kommunikation sitzt mittlerweile nur noch im hessischen Bad Nauheim \u2013 nachdem sie zuvor an der Adresse des Hauses in Halle gemeldet war. Lichert geht sogar noch weiter. Gegen\u00fcber dem Hessischen Rundfunk sagte er im April: \u201eInsofern ist eben genau das, was urspr\u00fcnglich intendiert war, n\u00e4mlich einen Kontaktpunkt auch f\u00fcr Leute au\u00dferhalb unserer Kernklientel zu schaffen, nicht gegl\u00fcckt.\u201c Dazu d\u00fcrften nicht nur Aktionen wie der Angriff der Identit\u00e4ren auf zwei Zivilpolizisten im November 2017 beigetragen haben, sondern auch die dauerhaften und massiven Proteste vor Ort.<\/p>\n<p>Nach dem Abzug von Licherts Agentur stellten die Identit\u00e4ren im Dezember 2018 mit Okzident Media eine eigene Agentur im IB-Haus vor, um sich erneut einen Platz in der \u00d6ffentlichkeit zu erspielen. Okzident Media wurde 2019 sogar als offizieller Gast zur AfD-Medienkonferenz in den Bundestag geladen. Die Verstrickungen der Partei mit den extrem Rechten sind ungebrochen. Identit\u00e4ren-Delegationen nehmen auch regelm\u00e4\u00dfig an AfD-Kundgebungen in Halle teil.<\/p>\n<p>Noch bis Ende 2018 besuchten AfD-Abgeordnete oft Veranstaltungen des neu-rechten Chefideologen <a href=\"https:\/\/blog.zeit.de\/stoerungsmelder\/2017\/02\/16\/das-netzwerk-kubitschek-teil-1_23120\">G\u00f6tz Kubitschek<\/a> und seines Verlags Antaios im Haus der Identit\u00e4ren. Antaios hat dort einen Zweitsitz, glaubt man den Angaben auf der Website des Hauses. Im Herbst 2018 kamen Hans-Thomas Tillschneider von der AfD Sachsen-Anhalt und der Nordrhein-Westfale Roger Beckamp, der dort f\u00fcr die Partei im Landtag sitzt. Sie diskutierten vor einem identit\u00e4ren Publikum \u00fcber die Beobachtung der AfD durch den Verfassungsschutz.<\/p>\n<h2>Kaum noch G\u00e4ste<\/h2>\n<p>Auch die international vernetzte Szene besucht die Identit\u00e4ren in Halle. 2017 gab die tschechische Gruppe pro-vlast via Instagram ihre Teilnahme an einer Veranstaltung bekannt. Im Juli 2018 besuchte ein Aktivist der schwedischen Nordisk Ungdom, einer militanten antisemitischen Gruppe, das Haus. Nordisk Ungdom hat Verbindungen zum neofaschistischen Asow-Regiment aus der Ukraine, dessen Propagandistin Olena Semenyaka am 8. Juni 2018 im IB-Haus einen Vortrag hielt. Semenyaka trat im selben Jahr auch f\u00fcr Neonazi-Parteien auf, wie etwa die NPD oder <a href=\"https:\/\/blog.zeit.de\/stoerungsmelder\/2018\/03\/19\/braune-erziehung-durch-den-iii-weg_25828\">Der III. Weg<\/a>.<\/p>\n<p><figure id=\"attachment_28781\" aria-describedby=\"caption-attachment-28781\" style=\"width: 620px\" class=\"wp-caption aligncenter\"><img loading=\"lazy\" decoding=\"async\" class=\"size-medium wp-image-28781\" src=\"https:\/\/blog.zeit.de\/stoerungsmelder\/files\/2019\/07\/IMG_0369-620x349.jpg\" alt=\"\" width=\"620\" height=\"349\" srcset=\"https:\/\/blog.zeit.de\/stoerungsmelder\/files\/2019\/07\/IMG_0369-620x349.jpg 620w, https:\/\/blog.zeit.de\/stoerungsmelder\/files\/2019\/07\/IMG_0369-768x432.jpg 768w, https:\/\/blog.zeit.de\/stoerungsmelder\/files\/2019\/07\/IMG_0369-1024x576.jpg 1024w, https:\/\/blog.zeit.de\/stoerungsmelder\/files\/2019\/07\/IMG_0369.jpg 1920w\" sizes=\"auto, (max-width: 620px) 100vw, 620px\" \/><figcaption id=\"caption-attachment-28781\" class=\"wp-caption-text\">Aktivisten der Identit\u00e4ren Bewegung bei einer Demonstration im Juli \u00a9 Henrik Merker<\/figcaption><\/figure><\/p>\n<p>Zu Veranstaltungen in dem elit\u00e4ren Club Flamberg kamen bisher nie viel mehr als drei\u00dfig, oft kaum mehr als zehn G\u00e4ste. Aufgrund der bisher geringen Resonanz und sinkender medialer Pr\u00e4senz hatten die Identit\u00e4ren ihr diesj\u00e4hriges Gro\u00dfprojekt in Halle geplant: Im Juli sollte es eine Gro\u00dfdemonstration mit anschlie\u00dfendem Hoffest geben. Mit Bussen sollten Hunderte Kader gesammelt anreisen, um, wie in Berlin 2017, eine Massenbewegung zu simulieren.<\/p>\n<p>Die Aktion <a href=\"https:\/\/blog.zeit.de\/stoerungsmelder\/2019\/07\/21\/die-fehler-der-identitaeren_28771\">scheiterte am Protest der Halleschen Zivilgesellschaft und deren Menschenblockaden<\/a>, die alle Stra\u00dfen um das Haus verstopften. Ein \u201eKontaktpunkt\u201c, wie es sich Mitgr\u00fcnder Lichtert gew\u00fcnscht hatte, ist das Projekt nicht geworden. Hinter der bespr\u00fchten Fassade steckt nur noch wenig vom rechtsextremen Kampfgeist der Identit\u00e4ren Bewegung.<\/p>\n<p><i>Der Text erschien zuerst in der Ausgabe #179 des Recherche-Magazins <\/i><i><a href=\"https:\/\/www.der-rechte-rand.de\/\">Der Rechte Rand<\/a><\/i><i>, wir ver\u00f6ffentlichen ihn in gestraffter Form.<\/i><img loading=\"lazy\" decoding=\"async\" src=\"https:\/\/vg05.met.vgwort.de\/na\/fd8700a6e25c43a3adc30298bce5d314\" alt=\"\" width=\"1\" height=\"1\"><\/p>\n","protected":false},"excerpt":{"rendered":"<p>Im sachsen-anhaltischen Halle betreibt die Identit\u00e4re Bewegung ein eigenes Haus. Das Problem: Kaum ein Unterst\u00fctzer will mit dem Treiben dort noch etwas zu tun haben.<\/p>\n","protected":false},"author":703,"featured_media":28832,"comment_status":"open","ping_status":"closed","sticky":false,"template":"","format":"standard","meta":{"_jetpack_memberships_contains_paid_content":false,"footnotes":""},"categories":[1457],"tags":[28267,24510,39497,24509,1713],"class_list":["post-28829","post","type-post","status-publish","format-standard","has-post-thumbnail","hentry","category-sachsen-anhalt","tag-afd","tag-gotz-kubitschek","tag-hallesaale","tag-identitare-bewegung","tag-neue-rechte"],"yoast_head":"<!-- This site is optimized with the Yoast SEO plugin v21.0 - https:\/\/yoast.com\/wordpress\/plugins\/seo\/ -->\n<title>Die Identit\u00e4re Bewegung in Sachsen-Anhalt zerf\u00e4llt<\/title>\n<meta name=\"description\" content=\"Im sachsen-anhaltischen Halle betreibt die Identit\u00e4re Bewegung ein eigenes Haus. Das Problem: Kaum einer will mit dem Treiben dort noch etwas zu tun haben.\" \/>\n<meta name=\"robots\" content=\"index, follow, max-snippet:-1, max-image-preview:large, max-video-preview:-1\" \/>\n<link rel=\"canonical\" href=\"https:\/\/blog.zeit.de\/stoerungsmelder\/2019\/08\/01\/hinter-der-fassade-der-identitaeren_28829\" \/>\n<meta property=\"og:locale\" content=\"de_DE\" \/>\n<meta property=\"og:type\" content=\"article\" \/>\n<meta property=\"og:title\" content=\"Die Identit\u00e4re Bewegung in Sachsen-Anhalt zerf\u00e4llt\" \/>\n<meta property=\"og:description\" content=\"Im sachsen-anhaltischen Halle betreibt die Identit\u00e4re Bewegung ein eigenes Haus. Das Problem: Kaum einer will mit dem Treiben dort noch etwas zu tun haben.\" \/>\n<meta property=\"og:url\" content=\"https:\/\/blog.zeit.de\/stoerungsmelder\/2019\/08\/01\/hinter-der-fassade-der-identitaeren_28829\" \/>\n<meta property=\"og:site_name\" content=\"St\u00f6rungsmelder\" \/>\n<meta property=\"article:published_time\" content=\"2019-08-01T09:14:38+00:00\" \/>\n<meta property=\"article:modified_time\" content=\"2020-06-22T13:45:43+00:00\" \/>\n<meta property=\"og:image\" content=\"https:\/\/blog.zeit.de\/stoerungsmelder\/files\/2019\/07\/IMG_5555-1.jpg\" \/>\n\t<meta property=\"og:image:width\" content=\"1619\" \/>\n\t<meta property=\"og:image:height\" content=\"1080\" \/>\n\t<meta property=\"og:image:type\" content=\"image\/jpeg\" \/>\n<meta name=\"author\" content=\"Henrik Merker\" \/>\n<meta name=\"twitter:card\" content=\"summary_large_image\" \/>\n<meta name=\"twitter:description\" content=\"Die Identit\u00e4re Bewegung will sich mit Akteuren von der Neuen Rechten bis zur #AfD vernetzen - mit einem eigenen Haus in #Halle an der Saale. Doch das scheint ihr nicht zu gelingen. #IB\" \/>\n<meta name=\"twitter:creator\" content=\"@HRMRKR\" \/>\n<meta name=\"twitter:label1\" content=\"Geschrieben von\" \/>\n\t<meta name=\"twitter:data1\" content=\"Henrik Merker\" \/>\n\t<meta name=\"twitter:label2\" content=\"Gesch\u00e4tzte Lesezeit\" \/>\n\t<meta name=\"twitter:data2\" content=\"4\u00a0Minuten\" \/>\n<script type=\"application\/ld+json\" class=\"yoast-schema-graph\">{\"@context\":\"https:\/\/schema.org\",\"@graph\":[{\"@type\":\"WebPage\",\"@id\":\"https:\/\/blog.zeit.de\/stoerungsmelder\/2019\/08\/01\/hinter-der-fassade-der-identitaeren_28829\",\"url\":\"https:\/\/blog.zeit.de\/stoerungsmelder\/2019\/08\/01\/hinter-der-fassade-der-identitaeren_28829\",\"name\":\"Die Identit\u00e4re Bewegung in Sachsen-Anhalt zerf\u00e4llt\",\"isPartOf\":{\"@id\":\"https:\/\/blog.zeit.de\/stoerungsmelder\/#website\"},\"datePublished\":\"2019-08-01T09:14:38+00:00\",\"dateModified\":\"2020-06-22T13:45:43+00:00\",\"author\":{\"@id\":\"https:\/\/blog.zeit.de\/stoerungsmelder\/#\/schema\/person\/75338b13df89ce2bcc9b98a76590fcbf\"},\"description\":\"Im sachsen-anhaltischen Halle betreibt die Identit\u00e4re Bewegung ein eigenes Haus. Das Problem: Kaum einer will mit dem Treiben dort noch etwas zu tun haben.\",\"breadcrumb\":{\"@id\":\"https:\/\/blog.zeit.de\/stoerungsmelder\/2019\/08\/01\/hinter-der-fassade-der-identitaeren_28829#breadcrumb\"},\"inLanguage\":\"de\",\"potentialAction\":[{\"@type\":\"ReadAction\",\"target\":[\"https:\/\/blog.zeit.de\/stoerungsmelder\/2019\/08\/01\/hinter-der-fassade-der-identitaeren_28829\"]}]},{\"@type\":\"BreadcrumbList\",\"@id\":\"https:\/\/blog.zeit.de\/stoerungsmelder\/2019\/08\/01\/hinter-der-fassade-der-identitaeren_28829#breadcrumb\",\"itemListElement\":[{\"@type\":\"ListItem\",\"position\":1,\"name\":\"Startseite\",\"item\":\"https:\/\/blog.zeit.de\/stoerungsmelder\"},{\"@type\":\"ListItem\",\"position\":2,\"name\":\"Hinter der Fassade der Identit\u00e4ren\"}]},{\"@type\":\"WebSite\",\"@id\":\"https:\/\/blog.zeit.de\/stoerungsmelder\/#website\",\"url\":\"https:\/\/blog.zeit.de\/stoerungsmelder\/\",\"name\":\"St\u00f6rungsmelder\",\"description\":\"Recherchen und Analysen \u00fcber die extreme Rechte\",\"potentialAction\":[{\"@type\":\"SearchAction\",\"target\":{\"@type\":\"EntryPoint\",\"urlTemplate\":\"https:\/\/blog.zeit.de\/stoerungsmelder\/?s={search_term_string}\"},\"query-input\":\"required name=search_term_string\"}],\"inLanguage\":\"de\"},{\"@type\":\"Person\",\"@id\":\"https:\/\/blog.zeit.de\/stoerungsmelder\/#\/schema\/person\/75338b13df89ce2bcc9b98a76590fcbf\",\"name\":\"Henrik Merker\",\"image\":{\"@type\":\"ImageObject\",\"inLanguage\":\"de\",\"@id\":\"https:\/\/blog.zeit.de\/stoerungsmelder\/#\/schema\/person\/image\/\",\"url\":\"https:\/\/secure.gravatar.com\/avatar\/a881955e7dc03f4202c4c8e4fd5c4005ec3715376bd9a9ec246141f698e7e4ba?s=96&d=mm&r=pg\",\"contentUrl\":\"https:\/\/secure.gravatar.com\/avatar\/a881955e7dc03f4202c4c8e4fd5c4005ec3715376bd9a9ec246141f698e7e4ba?s=96&d=mm&r=pg\",\"caption\":\"Henrik Merker\"},\"sameAs\":[\"https:\/\/twitter.com\/HRMRKR\"],\"url\":\"https:\/\/blog.zeit.de\/stoerungsmelder\/author\/thomasschade\"}]}<\/script>\n<!-- \/ Yoast SEO plugin. -->","yoast_head_json":{"title":"Die Identit\u00e4re Bewegung in Sachsen-Anhalt zerf\u00e4llt","description":"Im sachsen-anhaltischen Halle betreibt die Identit\u00e4re Bewegung ein eigenes Haus. Das Problem: Kaum einer will mit dem Treiben dort noch etwas zu tun haben.","robots":{"index":"index","follow":"follow","max-snippet":"max-snippet:-1","max-image-preview":"max-image-preview:large","max-video-preview":"max-video-preview:-1"},"canonical":"https:\/\/blog.zeit.de\/stoerungsmelder\/2019\/08\/01\/hinter-der-fassade-der-identitaeren_28829","og_locale":"de_DE","og_type":"article","og_title":"Die Identit\u00e4re Bewegung in Sachsen-Anhalt zerf\u00e4llt","og_description":"Im sachsen-anhaltischen Halle betreibt die Identit\u00e4re Bewegung ein eigenes Haus. Das Problem: Kaum einer will mit dem Treiben dort noch etwas zu tun haben.","og_url":"https:\/\/blog.zeit.de\/stoerungsmelder\/2019\/08\/01\/hinter-der-fassade-der-identitaeren_28829","og_site_name":"St\u00f6rungsmelder","article_published_time":"2019-08-01T09:14:38+00:00","article_modified_time":"2020-06-22T13:45:43+00:00","og_image":[{"width":1619,"height":1080,"url":"https:\/\/blog.zeit.de\/stoerungsmelder\/files\/2019\/07\/IMG_5555-1.jpg","type":"image\/jpeg"}],"author":"Henrik Merker","twitter_card":"summary_large_image","twitter_description":"Die Identit\u00e4re Bewegung will sich mit Akteuren von der Neuen Rechten bis zur #AfD vernetzen - mit einem eigenen Haus in #Halle an der Saale. Doch das scheint ihr nicht zu gelingen. #IB","twitter_creator":"@HRMRKR","twitter_misc":{"Geschrieben von":"Henrik Merker","Gesch\u00e4tzte Lesezeit":"4\u00a0Minuten"},"schema":{"@context":"https:\/\/schema.org","@graph":[{"@type":"WebPage","@id":"https:\/\/blog.zeit.de\/stoerungsmelder\/2019\/08\/01\/hinter-der-fassade-der-identitaeren_28829","url":"https:\/\/blog.zeit.de\/stoerungsmelder\/2019\/08\/01\/hinter-der-fassade-der-identitaeren_28829","name":"Die Identit\u00e4re Bewegung in Sachsen-Anhalt zerf\u00e4llt","isPartOf":{"@id":"https:\/\/blog.zeit.de\/stoerungsmelder\/#website"},"datePublished":"2019-08-01T09:14:38+00:00","dateModified":"2020-06-22T13:45:43+00:00","author":{"@id":"https:\/\/blog.zeit.de\/stoerungsmelder\/#\/schema\/person\/75338b13df89ce2bcc9b98a76590fcbf"},"description":"Im sachsen-anhaltischen Halle betreibt die Identit\u00e4re Bewegung ein eigenes Haus. Das Problem: Kaum einer will mit dem Treiben dort noch etwas zu tun haben.","breadcrumb":{"@id":"https:\/\/blog.zeit.de\/stoerungsmelder\/2019\/08\/01\/hinter-der-fassade-der-identitaeren_28829#breadcrumb"},"inLanguage":"de","potentialAction":[{"@type":"ReadAction","target":["https:\/\/blog.zeit.de\/stoerungsmelder\/2019\/08\/01\/hinter-der-fassade-der-identitaeren_28829"]}]},{"@type":"BreadcrumbList","@id":"https:\/\/blog.zeit.de\/stoerungsmelder\/2019\/08\/01\/hinter-der-fassade-der-identitaeren_28829#breadcrumb","itemListElement":[{"@type":"ListItem","position":1,"name":"Startseite","item":"https:\/\/blog.zeit.de\/stoerungsmelder"},{"@type":"ListItem","position":2,"name":"Hinter der Fassade der Identit\u00e4ren"}]},{"@type":"WebSite","@id":"https:\/\/blog.zeit.de\/stoerungsmelder\/#website","url":"https:\/\/blog.zeit.de\/stoerungsmelder\/","name":"St\u00f6rungsmelder","description":"Recherchen und Analysen \u00fcber die extreme Rechte","potentialAction":[{"@type":"SearchAction","target":{"@type":"EntryPoint","urlTemplate":"https:\/\/blog.zeit.de\/stoerungsmelder\/?s={search_term_string}"},"query-input":"required name=search_term_string"}],"inLanguage":"de"},{"@type":"Person","@id":"https:\/\/blog.zeit.de\/stoerungsmelder\/#\/schema\/person\/75338b13df89ce2bcc9b98a76590fcbf","name":"Henrik Merker","image":{"@type":"ImageObject","inLanguage":"de","@id":"https:\/\/blog.zeit.de\/stoerungsmelder\/#\/schema\/person\/image\/","url":"https:\/\/secure.gravatar.com\/avatar\/a881955e7dc03f4202c4c8e4fd5c4005ec3715376bd9a9ec246141f698e7e4ba?s=96&d=mm&r=pg","contentUrl":"https:\/\/secure.gravatar.com\/avatar\/a881955e7dc03f4202c4c8e4fd5c4005ec3715376bd9a9ec246141f698e7e4ba?s=96&d=mm&r=pg","caption":"Henrik Merker"},"sameAs":["https:\/\/twitter.com\/HRMRKR"],"url":"https:\/\/blog.zeit.de\/stoerungsmelder\/author\/thomasschade"}]}},"jetpack_featured_media_url":"https:\/\/blog.zeit.de\/stoerungsmelder\/files\/2019\/07\/IMG_5555-1.jpg","jetpack_sharing_enabled":true,"_links":{"self":[{"href":"https:\/\/blog.zeit.de\/stoerungsmelder\/wp-json\/wp\/v2\/posts\/28829","targetHints":{"allow":["GET"]}}],"collection":[{"href":"https:\/\/blog.zeit.de\/stoerungsmelder\/wp-json\/wp\/v2\/posts"}],"about":[{"href":"https:\/\/blog.zeit.de\/stoerungsmelder\/wp-json\/wp\/v2\/types\/post"}],"author":[{"embeddable":true,"href":"https:\/\/blog.zeit.de\/stoerungsmelder\/wp-json\/wp\/v2\/users\/703"}],"replies":[{"embeddable":true,"href":"https:\/\/blog.zeit.de\/stoerungsmelder\/wp-json\/wp\/v2\/comments?post=28829"}],"version-history":[{"count":7,"href":"https:\/\/blog.zeit.de\/stoerungsmelder\/wp-json\/wp\/v2\/posts\/28829\/revisions"}],"predecessor-version":[{"id":29888,"href":"https:\/\/blog.zeit.de\/stoerungsmelder\/wp-json\/wp\/v2\/posts\/28829\/revisions\/29888"}],"wp:featuredmedia":[{"embeddable":true,"href":"https:\/\/blog.zeit.de\/stoerungsmelder\/wp-json\/wp\/v2\/media\/28832"}],"wp:attachment":[{"href":"https:\/\/blog.zeit.de\/stoerungsmelder\/wp-json\/wp\/v2\/media?parent=28829"}],"wp:term":[{"taxonomy":"category","embeddable":true,"href":"https:\/\/blog.zeit.de\/stoerungsmelder\/wp-json\/wp\/v2\/categories?post=28829"},{"taxonomy":"post_tag","embeddable":true,"href":"https:\/\/blog.zeit.de\/stoerungsmelder\/wp-json\/wp\/v2\/tags?post=28829"}],"curies":[{"name":"wp","href":"https:\/\/api.w.org\/{rel}","templated":true}]}}