{"id":28866,"date":"2019-08-16T08:58:35","date_gmt":"2019-08-16T06:58:35","guid":{"rendered":"https:\/\/blog.zeit.de\/stoerungsmelder\/?p=28866"},"modified":"2019-08-23T22:53:50","modified_gmt":"2019-08-23T20:53:50","slug":"wie-die-cdu-wahlwerbung-mit-einem-rechtsextremisten-machte","status":"publish","type":"post","link":"https:\/\/blog.zeit.de\/stoerungsmelder\/2019\/08\/16\/wie-die-cdu-wahlwerbung-mit-einem-rechtsextremisten-machte_28866","title":{"rendered":"Wie die CDU Wahlwerbung mit einem Rechtsextremisten machte"},"content":{"rendered":"<p><strong>Die s\u00e4chsische CDU hat das Gesicht eines Rechtsextremen f\u00fcr eine Wahlkampfkampagne genutzt. Ein Beispiel, wie Neonazis ihr Gedankengut in der Mitte der Gesellschaft platzieren wollen.<\/strong><\/p>\n<p><em>Von Mareike Gr\u00fcn<\/em><\/p>\n<p><figure id=\"attachment_28869\" aria-describedby=\"caption-attachment-28869\" style=\"width: 620px\" class=\"wp-caption aligncenter\"><img loading=\"lazy\" decoding=\"async\" class=\"size-full wp-image-28869\" src=\"https:\/\/blog.zeit.de\/stoerungsmelder\/files\/2019\/08\/122303424.jpg\" alt=\"\" width=\"620\" height=\"413\" \/><figcaption id=\"caption-attachment-28869\" class=\"wp-caption-text\">Die CDU in Sachsen wirbt mit Plakaten, auf denen Ministerpr\u00e4sident Kretschmer zusammen mit Unterst\u00fctzern abgebildet ist. \u00a9 Sebastian Kahnert\/dpa<\/figcaption><\/figure><\/p>\n<p>Ende Juni erh\u00e4lt Thomas Witte aus dem s\u00e4chsischen Niederdorf eine freundliche E-Mail von einem CDU-Mitarbeiter: \u201eVielen Dank f\u00fcr deine Unterst\u00fctzung!\u201c Er sei nun dabei als einer der \u201e1.000 K\u00f6pfe f\u00fcr Sachsen\u201c, einer Werbeaktion vor der Landtagswahl am 1. September. Im Juli l\u00e4uft die Kampagne f\u00fcr Sachsens CDU-Ministerpr\u00e4sidenten <a href=\"https:\/\/www.zeit.de\/politik\/2019-06\/michael-kretschmer-russland-sanktionen-ministerpraesident-sachsen\">Michael Kretschmer<\/a> auf Facebook an. 1.000 Passfotos von Unterst\u00fctzern, davor ein staatsm\u00e4nnisch blickender Kretschmer im blauen Anzug. Unten links: das Konterfei von Thomas Witte. Was der Partei offenbar nicht klar war: Als Werbegesicht hatte sie auf einen Rechtsextremisten zur\u00fcckgegriffen.<\/p>\n<p><!--more--><\/p>\n<p>Witte n\u00e4mlich gilt als einer der f\u00fchrenden K\u00f6pfe in der rechtsextremen Szene der Region <a href=\"https:\/\/blog.zeit.de\/stoerungsmelder\/2018\/08\/31\/traum-von-der-rechten-revolution_27120\">Chemnitz<\/a>. Der Verfassungsschutz <a href=\"https:\/\/www.freiepresse.de\/erzgebirge\/stollberg\/verfassungsschutz-stuft-vorsitzenden-von-heimattreue-niederdorf-als-rechtsextrem-ein-artikel10515996\" target=\"_blank\" rel=\"noopener noreferrer\">hat ihn im Visier<\/a>. Trotzdem wurde er Teil der CDU-Aktion, f\u00fcr die B\u00fcrgerinnen und B\u00fcrger via E-Mail ihr Foto einreichen konnten, wie zuerst <a href=\"https:\/\/www.freiepresse.de\/erzgebirge\/stollberg\/wie-ein-rechtsextremist-auf-ein-cdu-wahlplakat-kam-artikel10579261\" target=\"_blank\" rel=\"noopener noreferrer\">die <em>Freie Presse<\/em> berichtet hatte<\/a>.<\/p>\n<h2>Der CDU eins ausgewischt<\/h2>\n<p>Die s\u00e4chsische CDU distanzierte sich, Generalsekret\u00e4r Alexander Dierks teilte mit: \u201eW\u00e4re das Bild Herrn Wittes rechtzeitig erkannt worden, h\u00e4tte es selbstverst\u00e4ndlich nicht Eingang in das Plakat gefunden.\u201c Zugleich prahlte Thomas Witte mit dem Coup in der <em>Patriotenpost<\/em>, einem Blog, an dem er beteiligt ist. Er, der die Bundes-CDU und Merkel verachtet und politische Gro\u00dfveranstaltungen der Volksparteien nur besucht, um sie zu st\u00f6ren, hat der CDU eines ausgewischt.<\/p>\n<p>Ein Werbevideo mit den Unterst\u00fctzer-Gesichtern ist jetzt offline. Auf Plakaten zur Kampagne ist Wittes Kopf mit einem Schriftzug verdeckt. Im Gespr\u00e4ch mit ZEIT ONLINE sagt Ministerpr\u00e4sident Kretschmer: \u201eIch gehe davon aus, dass er mit der Aktion unseren Wahlkampf diskreditieren wollte.\u201c Gleichzeitig gibt er sich gelassen: \u201eEs gibt ja viele Provokateure. Ich bin es schon fast gewohnt.\u201c Auf seiner wochenendlosen Wahlkampftour durch Sachsen, deren erkl\u00e4rtes Ziel es ist, <a href=\"https:\/\/blog.zeit.de\/stoerungsmelder\/2019\/02\/05\/afd-rechtsextreme-mitarbeiter-brandenburg-thueringen-verfassungsschutz_28014\">die AfD<\/a> bei der Landtagswahl zu schlagen, trifft er oft auf sie.<\/p>\n<h2>Geschickter Aufstachler<\/h2>\n<p>Ist Witte &#8222;nur&#8220; ein rechter Provokateur oder ein gef\u00e4hrlicher Neonazi? Fakt ist, dass der s\u00e4chsische Verfassungsschutz ihn <a href=\"https:\/\/www.verfassungsschutz.sachsen.de\/601.htm\" target=\"_blank\" rel=\"noopener noreferrer\">in seinem aktuellen Bericht<\/a> zum wiederholten Mal als rechtsextrem eingestuft hat. Witte ist seit Jahren in der rechtsextremen Szene aktiv, geh\u00f6rte unter anderem zu den St\u00f6rern, die den damaligen Justizminister Heiko Maas (SPD) am 1. Mai 2016 in Zwickau mit Trillerpfeifen und Geschrei zwangen, <a href=\"https:\/\/www.spiegel.de\/politik\/deutschland\/heiko-maas-in-zwickau-mutmasslich-rechte-stoeren-auftritt-a-1090254.html\" target=\"_blank\" rel=\"noopener noreferrer\">einen Auftritt abzubrechen<\/a>. Witte gilt als rhetorisch geschickter Aufstachler, auf den asylkritische und v\u00f6lkisch-nationale Initiativen und Gruppen gern als Gastredner zur\u00fcckgreifen.<\/p>\n<p>Er sprach bei den <a href=\"https:\/\/www.zeit.de\/gesellschaft\/zeitgeschehen\/2018-08\/gegendemonstration-chemnitz-sachsen-die-linke-rechte-gewalt\">Demonstrationen in Chemnitz<\/a> im Herbst des vergangenen Jahres nach den Ausschreitungen, die die Stadt in die Schlagzeilen brachten. Es gibt ein Video auf YouTube, aufgenommen lange nach den Ausschreitungen, die Chemnitz international in die Schlagzeilen brachten. Es zeigt, wie Demonstranten singen: <a href=\"https:\/\/blog.zeit.de\/stoerungsmelder\/2018\/11\/17\/notorisch-rechtsextrem-in-chemnitz_27651\">\u201eMerkel hat das Land gestohlen, gib es wieder her, sonst kommt dich der Sachse holen mit dem Luftgewehr\u201c.<\/a> Auf der B\u00fchne schwingt Witte einen unsichtbaren Dirigentenstab.<\/p>\n<h2>Betonte B\u00fcrgerlichkeit als Taktik<\/h2>\n<p>Mittlerweile sind seine Auftritte allerdings seltener geworden. Witte folgt offenbar einer anderen Taktik. Im Verfassungsschutzbericht Sachsens gilt er als Blaupause f\u00fcr eine zunehmend von Rechtsgesinnten und Neonazis im l\u00e4ndlichen Raum forcierten Strategie: sich bewusst abseits explizit extremistischer Aktivit\u00e4ten in der B\u00fcrgerschaft zu zeigen, sich sozial oder kulturell, oft in Vereinen, zu engagieren \u2013 die sogenannten Einsickerungsbem\u00fchungen. Eigentliches Ziel sei es, das eigene Gedankengut in der Zivilgesellschaft zu verbreiten, schreiben die Verfassungssch\u00fctzer: \u201eNach au\u00dfen ist dabei ein extremistischer Zusammenhang nicht erkennbar.\u201c<\/p>\n<p>Witte ist Kopf eines Vereins namens Heimattreue Niederdorf. Ziele sind laut Satzung \u201edie F\u00f6rderung der Heimatpflege und Heimatkunde, Pflege des erzgebirgischen Brauchtums, heimatlichen Liedgutes und erzgebirgischer Mundart\u201c. Das klingt harmlos, wenn man nicht wei\u00df, dass mehrere Mitglieder bekannte Rechtsextremisten sind. Fast alle Ordner bei den Chemnitzer Demonstrationen im August und September 2018 rekrutierte sich aus dem Umfeld von Wittes Verein. Personen aus seinem Dunstkreis stehen unter Beobachtung des Verfassungsschutzes, der Verein selbst wird nicht als rechtsextrem eingestuft.<\/p>\n<h2>Sie musizieren f\u00fcr Rentner, mischen in der Lokalpolitik mit<\/h2>\n<p>Die Heimattreue Niederdorf gr\u00fcndete sich 2015 aus B\u00fcrgern, die gegen eine Asylunterkunft in ihrem Ort mobil machten. Mittlerweile versucht sich der Verein im Gemeindeleben zu etablieren. Seit 2016 besitzt die \u00fcber 80 Mitglieder starke Truppe ein Vereinsheim, in dem \u00f6ffentliche Lieder- und Musizierabende stattfinden. Mehrmals im Jahr veranstalten sie Feste, etwa einen Tanzabend \u2013 zuletzt auch in der kommunalen, also von der Gemeinde unterhaltenen, Sport- und Freizeithalle. Thomas Witte sitzt seit 2018 im Gemeinderat, dieses Jahr trat er auf der Liste Niederdorfer B\u00fcrger an \u2013 und schaffte es in das Gremium.<\/p>\n<p>Verst\u00e4rkt dr\u00e4ngen die Mitglieder der Heimattreue Niederdorf ins Umland: Dreimal musizierten sie in Tracht in einer erzgebirgischen Altenpflege, bis vor wenigen Wochen bekannt wurde, wer sich hinter der Musikgruppe unter dem Namen De heimattreuen Musikanten verbarg. Der Chef der \u00f6rtlichen Diakonie, Ruben Meyer, erkl\u00e4rte gegen\u00fcber ZEIT ONLINE, die Diakonie wolle die Leitungen ihrer H\u00e4user sensibilisieren, um Vorf\u00e4lle dieser Art k\u00fcnftig zu verhindern. Der Einrichtung sei nicht klar gewesen, wen sie sich zum Auftritt eingeladen hatte.<\/p>\n<p><em>Aus Schutz vor Repressalien schreibt der Autor unter dem Pseudonym Mareike Gr\u00fcn. Die Identit\u00e4t ist der Redaktion bekannt.<\/em><\/p>\n","protected":false},"excerpt":{"rendered":"<p>Schwere Panne im Wahlkampf der s\u00e4chsischen CDU: Die Partei von Ministerpr\u00e4sident Michael Kretschmer zeigte das Foto eines Rechtsextremisten in ihrer Werbung. Es ist nicht der einzige Coup des Neonazis.<\/p>\n","protected":false},"author":229,"featured_media":28869,"comment_status":"open","ping_status":"closed","sticky":false,"template":"","format":"standard","meta":{"_jetpack_memberships_contains_paid_content":false,"footnotes":""},"categories":[1456],"tags":[902,12745,970,41468,41469,919],"class_list":["post-28866","post","type-post","status-publish","format-standard","has-post-thumbnail","hentry","category-sachsen","tag-cdu","tag-chemnitz","tag-landtagswahl","tag-michael-kretschmer","tag-thomas-witte","tag-wahlkampf"],"yoast_head":"<!-- This site is optimized with the Yoast SEO plugin v21.0 - https:\/\/yoast.com\/wordpress\/plugins\/seo\/ -->\n<title>Wie die CDU Wahlwerbung mit einem Rechtsextremisten machte - St\u00f6rungsmelder<\/title>\n<meta name=\"robots\" content=\"index, follow, max-snippet:-1, max-image-preview:large, max-video-preview:-1\" \/>\n<link rel=\"canonical\" href=\"https:\/\/blog.zeit.de\/stoerungsmelder\/2019\/08\/16\/wie-die-cdu-wahlwerbung-mit-einem-rechtsextremisten-machte_28866\" \/>\n<meta property=\"og:locale\" content=\"de_DE\" \/>\n<meta property=\"og:type\" content=\"article\" \/>\n<meta property=\"og:title\" content=\"Wie die CDU Wahlwerbung mit einem Rechtsextremisten machte - St\u00f6rungsmelder\" \/>\n<meta property=\"og:description\" content=\"Schwere Panne im Wahlkampf der s\u00e4chsischen CDU: Die Partei von Ministerpr\u00e4sident Michael Kretschmer zeigte das Foto eines Rechtsextremisten in ihrer Werbung. Es ist nicht der einzige Coup des Neonazis.\" \/>\n<meta property=\"og:url\" content=\"https:\/\/blog.zeit.de\/stoerungsmelder\/2019\/08\/16\/wie-die-cdu-wahlwerbung-mit-einem-rechtsextremisten-machte_28866\" \/>\n<meta property=\"og:site_name\" content=\"St\u00f6rungsmelder\" \/>\n<meta property=\"article:published_time\" content=\"2019-08-16T06:58:35+00:00\" \/>\n<meta property=\"article:modified_time\" content=\"2019-08-23T20:53:50+00:00\" \/>\n<meta property=\"og:image\" content=\"https:\/\/blog.zeit.de\/stoerungsmelder\/files\/2019\/08\/122303424.jpg\" \/>\n\t<meta property=\"og:image:width\" content=\"620\" \/>\n\t<meta property=\"og:image:height\" content=\"413\" \/>\n\t<meta property=\"og:image:type\" content=\"image\/jpeg\" \/>\n<meta name=\"author\" content=\"St\u00f6rungsmelder\" \/>\n<meta name=\"twitter:card\" content=\"summary_large_image\" \/>\n<meta name=\"twitter:description\" content=\"Ein Rechtsextremer als Plakatgesicht: Bei der Wahlkampagne &quot;Team Kretschmer&quot; unterlief der #CDU in #Sachsen ein schwerer Fehler. Sie wurde Opfer einer perfiden Taktik von #Neonazis\" \/>\n<meta name=\"twitter:label1\" content=\"Geschrieben von\" \/>\n\t<meta name=\"twitter:data1\" content=\"St\u00f6rungsmelder\" \/>\n\t<meta name=\"twitter:label2\" content=\"Gesch\u00e4tzte Lesezeit\" \/>\n\t<meta name=\"twitter:data2\" content=\"4\u00a0Minuten\" \/>\n<script type=\"application\/ld+json\" class=\"yoast-schema-graph\">{\"@context\":\"https:\/\/schema.org\",\"@graph\":[{\"@type\":\"WebPage\",\"@id\":\"https:\/\/blog.zeit.de\/stoerungsmelder\/2019\/08\/16\/wie-die-cdu-wahlwerbung-mit-einem-rechtsextremisten-machte_28866\",\"url\":\"https:\/\/blog.zeit.de\/stoerungsmelder\/2019\/08\/16\/wie-die-cdu-wahlwerbung-mit-einem-rechtsextremisten-machte_28866\",\"name\":\"Wie die CDU Wahlwerbung mit einem Rechtsextremisten machte - St\u00f6rungsmelder\",\"isPartOf\":{\"@id\":\"https:\/\/blog.zeit.de\/stoerungsmelder\/#website\"},\"datePublished\":\"2019-08-16T06:58:35+00:00\",\"dateModified\":\"2019-08-23T20:53:50+00:00\",\"author\":{\"@id\":\"https:\/\/blog.zeit.de\/stoerungsmelder\/#\/schema\/person\/fdd0b9818f65738672810b6d6f037f71\"},\"breadcrumb\":{\"@id\":\"https:\/\/blog.zeit.de\/stoerungsmelder\/2019\/08\/16\/wie-die-cdu-wahlwerbung-mit-einem-rechtsextremisten-machte_28866#breadcrumb\"},\"inLanguage\":\"de\",\"potentialAction\":[{\"@type\":\"ReadAction\",\"target\":[\"https:\/\/blog.zeit.de\/stoerungsmelder\/2019\/08\/16\/wie-die-cdu-wahlwerbung-mit-einem-rechtsextremisten-machte_28866\"]}]},{\"@type\":\"BreadcrumbList\",\"@id\":\"https:\/\/blog.zeit.de\/stoerungsmelder\/2019\/08\/16\/wie-die-cdu-wahlwerbung-mit-einem-rechtsextremisten-machte_28866#breadcrumb\",\"itemListElement\":[{\"@type\":\"ListItem\",\"position\":1,\"name\":\"Startseite\",\"item\":\"https:\/\/blog.zeit.de\/stoerungsmelder\"},{\"@type\":\"ListItem\",\"position\":2,\"name\":\"Wie die CDU Wahlwerbung mit einem Rechtsextremisten machte\"}]},{\"@type\":\"WebSite\",\"@id\":\"https:\/\/blog.zeit.de\/stoerungsmelder\/#website\",\"url\":\"https:\/\/blog.zeit.de\/stoerungsmelder\/\",\"name\":\"St\u00f6rungsmelder\",\"description\":\"Recherchen und Analysen \u00fcber die extreme Rechte\",\"potentialAction\":[{\"@type\":\"SearchAction\",\"target\":{\"@type\":\"EntryPoint\",\"urlTemplate\":\"https:\/\/blog.zeit.de\/stoerungsmelder\/?s={search_term_string}\"},\"query-input\":\"required name=search_term_string\"}],\"inLanguage\":\"de\"},{\"@type\":\"Person\",\"@id\":\"https:\/\/blog.zeit.de\/stoerungsmelder\/#\/schema\/person\/fdd0b9818f65738672810b6d6f037f71\",\"name\":\"St\u00f6rungsmelder\",\"image\":{\"@type\":\"ImageObject\",\"inLanguage\":\"de\",\"@id\":\"https:\/\/blog.zeit.de\/stoerungsmelder\/#\/schema\/person\/image\/\",\"url\":\"https:\/\/secure.gravatar.com\/avatar\/dfa4be514c3e82a71e4f9a0020035d38192d080ccaa5e4e6d7a1472c763535c5?s=96&d=mm&r=pg\",\"contentUrl\":\"https:\/\/secure.gravatar.com\/avatar\/dfa4be514c3e82a71e4f9a0020035d38192d080ccaa5e4e6d7a1472c763535c5?s=96&d=mm&r=pg\",\"caption\":\"St\u00f6rungsmelder\"},\"url\":\"https:\/\/blog.zeit.de\/stoerungsmelder\/author\/stoerungsmelder\"}]}<\/script>\n<!-- \/ Yoast SEO plugin. -->","yoast_head_json":{"title":"Wie die CDU Wahlwerbung mit einem Rechtsextremisten machte - St\u00f6rungsmelder","robots":{"index":"index","follow":"follow","max-snippet":"max-snippet:-1","max-image-preview":"max-image-preview:large","max-video-preview":"max-video-preview:-1"},"canonical":"https:\/\/blog.zeit.de\/stoerungsmelder\/2019\/08\/16\/wie-die-cdu-wahlwerbung-mit-einem-rechtsextremisten-machte_28866","og_locale":"de_DE","og_type":"article","og_title":"Wie die CDU Wahlwerbung mit einem Rechtsextremisten machte - St\u00f6rungsmelder","og_description":"Schwere Panne im Wahlkampf der s\u00e4chsischen CDU: Die Partei von Ministerpr\u00e4sident Michael Kretschmer zeigte das Foto eines Rechtsextremisten in ihrer Werbung. Es ist nicht der einzige Coup des Neonazis.","og_url":"https:\/\/blog.zeit.de\/stoerungsmelder\/2019\/08\/16\/wie-die-cdu-wahlwerbung-mit-einem-rechtsextremisten-machte_28866","og_site_name":"St\u00f6rungsmelder","article_published_time":"2019-08-16T06:58:35+00:00","article_modified_time":"2019-08-23T20:53:50+00:00","og_image":[{"width":620,"height":413,"url":"https:\/\/blog.zeit.de\/stoerungsmelder\/files\/2019\/08\/122303424.jpg","type":"image\/jpeg"}],"author":"St\u00f6rungsmelder","twitter_card":"summary_large_image","twitter_description":"Ein Rechtsextremer als Plakatgesicht: Bei der Wahlkampagne \"Team Kretschmer\" unterlief der #CDU in #Sachsen ein schwerer Fehler. Sie wurde Opfer einer perfiden Taktik von #Neonazis","twitter_misc":{"Geschrieben von":"St\u00f6rungsmelder","Gesch\u00e4tzte Lesezeit":"4\u00a0Minuten"},"schema":{"@context":"https:\/\/schema.org","@graph":[{"@type":"WebPage","@id":"https:\/\/blog.zeit.de\/stoerungsmelder\/2019\/08\/16\/wie-die-cdu-wahlwerbung-mit-einem-rechtsextremisten-machte_28866","url":"https:\/\/blog.zeit.de\/stoerungsmelder\/2019\/08\/16\/wie-die-cdu-wahlwerbung-mit-einem-rechtsextremisten-machte_28866","name":"Wie die CDU Wahlwerbung mit einem Rechtsextremisten machte - St\u00f6rungsmelder","isPartOf":{"@id":"https:\/\/blog.zeit.de\/stoerungsmelder\/#website"},"datePublished":"2019-08-16T06:58:35+00:00","dateModified":"2019-08-23T20:53:50+00:00","author":{"@id":"https:\/\/blog.zeit.de\/stoerungsmelder\/#\/schema\/person\/fdd0b9818f65738672810b6d6f037f71"},"breadcrumb":{"@id":"https:\/\/blog.zeit.de\/stoerungsmelder\/2019\/08\/16\/wie-die-cdu-wahlwerbung-mit-einem-rechtsextremisten-machte_28866#breadcrumb"},"inLanguage":"de","potentialAction":[{"@type":"ReadAction","target":["https:\/\/blog.zeit.de\/stoerungsmelder\/2019\/08\/16\/wie-die-cdu-wahlwerbung-mit-einem-rechtsextremisten-machte_28866"]}]},{"@type":"BreadcrumbList","@id":"https:\/\/blog.zeit.de\/stoerungsmelder\/2019\/08\/16\/wie-die-cdu-wahlwerbung-mit-einem-rechtsextremisten-machte_28866#breadcrumb","itemListElement":[{"@type":"ListItem","position":1,"name":"Startseite","item":"https:\/\/blog.zeit.de\/stoerungsmelder"},{"@type":"ListItem","position":2,"name":"Wie die CDU Wahlwerbung mit einem Rechtsextremisten machte"}]},{"@type":"WebSite","@id":"https:\/\/blog.zeit.de\/stoerungsmelder\/#website","url":"https:\/\/blog.zeit.de\/stoerungsmelder\/","name":"St\u00f6rungsmelder","description":"Recherchen und Analysen \u00fcber die extreme Rechte","potentialAction":[{"@type":"SearchAction","target":{"@type":"EntryPoint","urlTemplate":"https:\/\/blog.zeit.de\/stoerungsmelder\/?s={search_term_string}"},"query-input":"required name=search_term_string"}],"inLanguage":"de"},{"@type":"Person","@id":"https:\/\/blog.zeit.de\/stoerungsmelder\/#\/schema\/person\/fdd0b9818f65738672810b6d6f037f71","name":"St\u00f6rungsmelder","image":{"@type":"ImageObject","inLanguage":"de","@id":"https:\/\/blog.zeit.de\/stoerungsmelder\/#\/schema\/person\/image\/","url":"https:\/\/secure.gravatar.com\/avatar\/dfa4be514c3e82a71e4f9a0020035d38192d080ccaa5e4e6d7a1472c763535c5?s=96&d=mm&r=pg","contentUrl":"https:\/\/secure.gravatar.com\/avatar\/dfa4be514c3e82a71e4f9a0020035d38192d080ccaa5e4e6d7a1472c763535c5?s=96&d=mm&r=pg","caption":"St\u00f6rungsmelder"},"url":"https:\/\/blog.zeit.de\/stoerungsmelder\/author\/stoerungsmelder"}]}},"jetpack_featured_media_url":"https:\/\/blog.zeit.de\/stoerungsmelder\/files\/2019\/08\/122303424.jpg","jetpack_sharing_enabled":true,"_links":{"self":[{"href":"https:\/\/blog.zeit.de\/stoerungsmelder\/wp-json\/wp\/v2\/posts\/28866","targetHints":{"allow":["GET"]}}],"collection":[{"href":"https:\/\/blog.zeit.de\/stoerungsmelder\/wp-json\/wp\/v2\/posts"}],"about":[{"href":"https:\/\/blog.zeit.de\/stoerungsmelder\/wp-json\/wp\/v2\/types\/post"}],"author":[{"embeddable":true,"href":"https:\/\/blog.zeit.de\/stoerungsmelder\/wp-json\/wp\/v2\/users\/229"}],"replies":[{"embeddable":true,"href":"https:\/\/blog.zeit.de\/stoerungsmelder\/wp-json\/wp\/v2\/comments?post=28866"}],"version-history":[{"count":5,"href":"https:\/\/blog.zeit.de\/stoerungsmelder\/wp-json\/wp\/v2\/posts\/28866\/revisions"}],"predecessor-version":[{"id":28889,"href":"https:\/\/blog.zeit.de\/stoerungsmelder\/wp-json\/wp\/v2\/posts\/28866\/revisions\/28889"}],"wp:featuredmedia":[{"embeddable":true,"href":"https:\/\/blog.zeit.de\/stoerungsmelder\/wp-json\/wp\/v2\/media\/28869"}],"wp:attachment":[{"href":"https:\/\/blog.zeit.de\/stoerungsmelder\/wp-json\/wp\/v2\/media?parent=28866"}],"wp:term":[{"taxonomy":"category","embeddable":true,"href":"https:\/\/blog.zeit.de\/stoerungsmelder\/wp-json\/wp\/v2\/categories?post=28866"},{"taxonomy":"post_tag","embeddable":true,"href":"https:\/\/blog.zeit.de\/stoerungsmelder\/wp-json\/wp\/v2\/tags?post=28866"}],"curies":[{"name":"wp","href":"https:\/\/api.w.org\/{rel}","templated":true}]}}