{"id":28887,"date":"2019-08-26T09:02:06","date_gmt":"2019-08-26T07:02:06","guid":{"rendered":"https:\/\/blog.zeit.de\/stoerungsmelder\/?p=28887"},"modified":"2019-08-26T14:22:04","modified_gmt":"2019-08-26T12:22:04","slug":"der-kampf-der-chemnitzer","status":"publish","type":"post","link":"https:\/\/blog.zeit.de\/stoerungsmelder\/2019\/08\/26\/der-kampf-der-chemnitzer_28887","title":{"rendered":"Der Kampf der Chemnitzer"},"content":{"rendered":"<p><strong>Vor einem Jahr tobten Neonazis durch Chemnitz und jagten Menschen. In der Stadt sind Aktivisten seitdem im Dauereinsatz f\u00fcr Demokratie. Auch wenn extreme Rechte weiter Flagge zeigen.<\/strong><\/p>\n<p><em>Von Johannes Grunert<\/em><\/p>\n<p><figure id=\"attachment_28896\" aria-describedby=\"caption-attachment-28896\" style=\"width: 620px\" class=\"wp-caption aligncenter\"><img loading=\"lazy\" decoding=\"async\" class=\"size-full wp-image-28896\" src=\"https:\/\/blog.zeit.de\/stoerungsmelder\/files\/2019\/08\/123561855.jpg\" alt=\"\" width=\"620\" height=\"415\" \/><figcaption id=\"caption-attachment-28896\" class=\"wp-caption-text\">Teilnehmer des rechtsextremen Aufmarschs in der Chemnitzer Innenstadt \u00a9 dpa\/Hendrik Schmidt<\/figcaption><\/figure><\/p>\n<p>Es gibt G\u00e4ste im Restaurant von Masoud Hashemi, die kommen nicht nur wegen des Essens. Die kommen auch &#8222;aus Solidarit\u00e4t&#8220;. So erz\u00e4hlt der 52-j\u00e4hrige Iraner das. Wegen dem, was im Oktober 2018 in seinem Laden <a href=\"https:\/\/blog.zeit.de\/stoerungsmelder\/2018\/11\/17\/notorisch-rechtsextrem-in-chemnitz_27651\">im s\u00e4chsischen Chemnitz<\/a>, dem Safran, passiert war. Drei M\u00e4nner mit Motorradhelmen st\u00fcrmten herein und griffen ihn an. Sie zeigten den Hitlergru\u00df, zerst\u00f6rten Teile der Einrichtung. Hashemi wurde verletzt und kam ins Krankenhaus. Ein rechtsextremer \u00dcbergriff. Zu der Zeit nicht der einzige Vorfall seiner Art.<\/p>\n<p>Vor einem Jahr, am 26. August 2018, wurde in der Stadt der 35-j\u00e4hrige Daniel H. <a href=\"https:\/\/www.zeit.de\/2019\/10\/chemnitz-mordfall-daniel-h-ermittlung-asylbewerber-ungereimtheiten\">am Rande des Chemnitzer Stadtfests erstochen<\/a>. Am Donnerstag der vergangenen Woche wurde der T\u00e4ter, ein 24-J\u00e4hriger, wegen Totschlags und gef\u00e4hrlicher K\u00f6rperverletzung <a href=\"https:\/\/www.zeit.de\/gesellschaft\/zeitgeschehen\/2019-08\/urteil-im-chemnitz-prozess-neuneinhalb-jahre-haft-fuer-alaa-s\">zu neuneinhalb Jahren Haft verurteilt<\/a>. In die Schlagzeilen kam die Stadt vor allem wegen der Nachwirkungen der blutigen Tat: <a href=\"https:\/\/blog.zeit.de\/stoerungsmelder\/2018\/08\/31\/traum-von-der-rechten-revolution_27120\">Neonazis versammelten sich zu Gro\u00dfaufm\u00e4rschen<\/a>, sie griffen <a href=\"https:\/\/www.zeit.de\/gesellschaft\/zeitgeschehen\/2018-08\/gegendemonstration-chemnitz-sachsen-die-linke-rechte-gewalt\">Menschen an,<\/a> die sie f\u00fcr Migranten hielten. Chemnitz wurde zur Gewaltzone.<\/p>\n<p><!--more--><\/p>\n<h2>Rechte marschieren wieder<\/h2>\n<p>Am vergangenen Sonntag gab es wieder eine Demonstration, initiiert abermals von der rechten B\u00fcrgerbewegung <a href=\"https:\/\/blog.zeit.de\/stoerungsmelder\/2019\/06\/14\/aktivisten-wollen-rechtsextremen-den-geldhahn-zudrehen_28595\">Pro Chemnitz<\/a>, die mit f\u00fcnf Sitzen im Chemnitzer Stadtrat vertreten ist. Statt der angemeldeten 1.000 Teilnehmer kamen nach Angaben von Polizei und Ordnungsbeh\u00f6rde aber nur rund 450.<\/p>\n<p>Zugleich feierte Chemnitz ein dreit\u00e4giges Fest namens Herzschlag \u2013 organisiert von B\u00fcrgern, besucht von 67.000 Menschen. Das Stadtfest war nach den Ereignissen des Vorjahres abgesagt worden. Da ergriffen Chemnitzer selbst die Initiative. Eine Aufbruchstimmung, wie sie seit den h\u00e4sslichen Bildern der Aufm\u00e4rsche immer st\u00e4rker unter den B\u00fcrgern zu sp\u00fcren ist.<\/p>\n<h2>Migranten in Angst<\/h2>\n<p>Masoud Hashemi, der Restaurantbetreiber, lie\u00df sich damals vorzeitig aus dem Krankenhaus entlassen. &#8222;Jede Minute, die mein Restaurant geschlossen hat, ist ein Sieg f\u00fcr die Nazis&#8220;, sagt er. Die Menschen kommen und essen. Allerdings habe er Probleme, migrantische Mitarbeiterinnen und Mitarbeiter zu finden. Viele lebten in Angst, einige wollten nur noch weg aus Chemnitz.<\/p>\n<p><figure id=\"attachment_28888\" aria-describedby=\"caption-attachment-28888\" style=\"width: 620px\" class=\"wp-caption aligncenter\"><img loading=\"lazy\" decoding=\"async\" class=\"wp-image-28888 size-full\" src=\"https:\/\/blog.zeit.de\/stoerungsmelder\/files\/2019\/08\/120087367.jpg\" alt=\"Masoud Hashemi steht vor seinem Restaurant im s\u00e4chsischen Chemnitz \u00a9 Robert Michael\/dpa\" width=\"620\" height=\"413\" \/><figcaption id=\"caption-attachment-28888\" class=\"wp-caption-text\">Restaurantchef Masoud Hashemi \u00a9 Robert Michael\/dpa<\/figcaption><\/figure><\/p>\n<p>Besonders Fl\u00fcchtlinge h\u00e4tten Probleme im Alltag, berichtet Rola Saleh. Die Sozialarbeiterin hatte die rechte Menschenjagd im vergangenen Jahr selbst beobachtet und sich allein an den Rand des spontanen Aufmarschs gestellt, um dagegen zu protestieren. Saleh ist bei der Initiative Welcome United aktiv, mit der sie k\u00fcrzlich eine Tour durch s\u00e4chsische Kleinst\u00e4dte gemacht hatte, um dort Asylsuchende zu unterst\u00fctzen. &#8222;In Chemnitz und besonders in den kleineren St\u00e4dten ist der Alltagsrassismus noch mehr geworden&#8220;, erz\u00e4hlt sie. Kollegen haben ihr berichtet, dass sie inzwischen vermehrt Umzugsantr\u00e4ge von Fl\u00fcchtlingen auf dem Schreibtisch h\u00e4tten. Viele wollten aufgrund der Stimmung in der Stadt an einen anderen Ort ziehen. Doch wer vor weniger als drei Jahren nach Deutschland gekommen sei, m\u00fcsse aufgrund der sogenannten <a href=\"https:\/\/www.zeit.de\/news\/2019-02\/27\/wohnsitzauflage-fuer-fluechtlinge-soll-bleiben-190227-99-168907\">Wohnsitzauflage<\/a> in der Stadt bleiben.<\/p>\n<h2>Neue Initiativen entstehen<\/h2>\n<p>Angst machen auch andere Geschehnisse in der Stadt: Im Oktober 2018 hoben Ermittler die Terrorgruppe Revolution Chemnitz aus, die sich aus den Aufm\u00e4rschen heraus rekrutiert hatte. In diesem Jahr hielten Fans des Fu\u00dfballvereins Chemnitzer FC eine Trauerminute f\u00fcr einen <a href=\"https:\/\/blog.zeit.de\/stoerungsmelder\/2019\/03\/18\/letzte-ehre-fuer-einen-neonazi_28225\">verstorbenen rechten Hooligan<\/a> ab. Der Mannschaftskapit\u00e4n solidarisierte sich mit den Hooligans und reiste Anfang August mit einschl\u00e4gigen Neonazis privat zu einem Spiel. Er wurde aus dem Kader geworfen.<\/p>\n<p>Das ist eine Seite von Chemnitz, jene, die es weitaus h\u00e4ufiger in die Zeitungen schafft. Doch in der Stadt habe sich auch viel zum Positiven entwickelt, sagt Anett Linke. Sie ist Mitglied der Gruppe die Buntmacher*innen \u2013 ein Verein, gegr\u00fcndet nach den Ausschreitungen. Die Mitglieder organisieren sogenannte Basare, offene R\u00e4ume, in denen Menschen ins Gespr\u00e4ch kommen k\u00f6nnen. Vor der Kommunal- und Europawahl waren die Buntmacher*innen auf einer Tour, mit der sie B\u00fcrger zum W\u00e4hlen motivieren wollten. Im vergangenen Herbst h\u00e4tten vermehrt junge Leute angefangen, sich zu engagieren, doch von den neuen Initiativen seien ein paar wieder eingeschlafen. &#8222;Bestehende Gruppen suchen heute wieder nach Leuten&#8220;, sagt Linke. Die Initiativen f\u00fcr Demokratie und gegen Rassismus w\u00fcrden heute allerdings so gut zusammenarbeiten wie nie zuvor.<\/p>\n<h2>Die Aufm\u00e4rsche als Ansto\u00df<\/h2>\n<p>Von einer guten Vernetzung sprechen auch Kenan Alejji und Yaman Kanakri vom Arabischen Verein f\u00fcr Kultur und Integration in Chemnitz. Sie haben ebenfalls in Folge der Neonazidemos die Initiative ergriffen. Ihr Verein bietet unter anderem Sprachkurse und Nachhilfe f\u00fcr Fl\u00fcchtlingskinder an. Der Dialog ist ihnen besonders wichtig, sagen sie. &#8222;Wir wollen den Chemnitzern zeigen, dass wir normale Menschen sind und keine Figuren auf einem Schachspiel&#8220;, sagt Alejji. Mittlerweile sehen sie sich als Interessenvertretung f\u00fcr die arabischen Fl\u00fcchtlinge in der Stadt. Die Idee f\u00fcr den Verein sei ihnen schon vor zwei Jahren gekommen, doch mit dem August 2018 wuchs der Druck, etwas zu tun: &#8222;Jetzt sahen wir uns gezwungen, gegen die Situation in der Stadt zu k\u00e4mpfen.&#8220;<\/p>\n<p>\u00dcberhaupt \u2013 der Kampfeswille. F\u00fcr viele von denen, die bis heute nicht gegangen sind, ist der Widerstand etwas Selbstverst\u00e4ndliches geworden. Auch unter schweren Umst\u00e4nden. Masoud Hashemi vom Safran m\u00f6chte bleiben, selbst wenn die AfD bei der Landtagswahl am Sonntag siegen w\u00fcrde: &#8222;Hier ist es noch wichtiger als woanders. Denn wenn die Rechten hier gewinnen, hat das Auswirkungen auf die ganze Welt.&#8220;<\/p>\n","protected":false},"excerpt":{"rendered":"<p>Am Sonntag haben wieder Neonazis in Chemnitz demonstriert. Doch was hat sich seit den Ausschreitungen vor einem Jahr sonst noch in der Stadt getan? Viel &#8211; vor allem durch Initiativen mutiger B\u00fcrger der Stadt.<\/p>\n","protected":false},"author":317,"featured_media":28896,"comment_status":"open","ping_status":"closed","sticky":false,"template":"","format":"standard","meta":{"_jetpack_memberships_contains_paid_content":false,"footnotes":""},"categories":[1456],"tags":[12774,12745,2158,26437,41420],"class_list":["post-28887","post","type-post","status-publish","format-standard","has-post-thumbnail","hentry","category-sachsen","tag-aufmarsch","tag-chemnitz","tag-fluchtlinge","tag-initiative","tag-pro-chemnitz"],"yoast_head":"<!-- This site is optimized with the Yoast SEO plugin v21.0 - https:\/\/yoast.com\/wordpress\/plugins\/seo\/ -->\n<title>Rechtsextremismus: Der Kampf der Chemnitzer<\/title>\n<meta name=\"description\" content=\"Vor einem Jahr tobten Neonazis durch Chemnitz. Aktivisten sind seitdem im Dauereinsatz f\u00fcr Demokratie. Auch, wenn Rechtsextreme weiter Flagge zeigen.\" \/>\n<meta name=\"robots\" content=\"index, follow, max-snippet:-1, max-image-preview:large, max-video-preview:-1\" \/>\n<link rel=\"canonical\" href=\"https:\/\/blog.zeit.de\/stoerungsmelder\/2019\/08\/26\/der-kampf-der-chemnitzer_28887\" \/>\n<meta property=\"og:locale\" content=\"de_DE\" \/>\n<meta property=\"og:type\" content=\"article\" \/>\n<meta property=\"og:title\" content=\"Rechtsextremismus: Der Kampf der Chemnitzer\" \/>\n<meta property=\"og:description\" content=\"Vor einem Jahr tobten Neonazis durch Chemnitz. Aktivisten sind seitdem im Dauereinsatz f\u00fcr Demokratie. Auch, wenn Rechtsextreme weiter Flagge zeigen.\" \/>\n<meta property=\"og:url\" content=\"https:\/\/blog.zeit.de\/stoerungsmelder\/2019\/08\/26\/der-kampf-der-chemnitzer_28887\" \/>\n<meta property=\"og:site_name\" content=\"St\u00f6rungsmelder\" \/>\n<meta property=\"article:published_time\" content=\"2019-08-26T07:02:06+00:00\" \/>\n<meta property=\"article:modified_time\" content=\"2019-08-26T12:22:04+00:00\" \/>\n<meta property=\"og:image\" content=\"https:\/\/blog.zeit.de\/stoerungsmelder\/files\/2019\/08\/123561855.jpg\" \/>\n\t<meta property=\"og:image:width\" content=\"620\" \/>\n\t<meta property=\"og:image:height\" content=\"415\" \/>\n\t<meta property=\"og:image:type\" content=\"image\/jpeg\" \/>\n<meta name=\"author\" content=\"Johannes Grunert\" \/>\n<meta name=\"twitter:card\" content=\"summary_large_image\" \/>\n<meta name=\"twitter:description\" content=\"Ein Jahr nach der Messerattacke auf Daniel H.: Wieder sind #Neonazis durch #Chemnitz gezogen. Doch in der Stadt hat sich starker Widerstand formiert - und engagierte B\u00fcrger zusammenr\u00fccken lassen #Rechtsextremismus\" \/>\n<meta name=\"twitter:label1\" content=\"Geschrieben von\" \/>\n\t<meta name=\"twitter:data1\" content=\"Johannes Grunert\" \/>\n\t<meta name=\"twitter:label2\" content=\"Gesch\u00e4tzte Lesezeit\" \/>\n\t<meta name=\"twitter:data2\" content=\"5\u00a0Minuten\" \/>\n<script type=\"application\/ld+json\" class=\"yoast-schema-graph\">{\"@context\":\"https:\/\/schema.org\",\"@graph\":[{\"@type\":\"WebPage\",\"@id\":\"https:\/\/blog.zeit.de\/stoerungsmelder\/2019\/08\/26\/der-kampf-der-chemnitzer_28887\",\"url\":\"https:\/\/blog.zeit.de\/stoerungsmelder\/2019\/08\/26\/der-kampf-der-chemnitzer_28887\",\"name\":\"Rechtsextremismus: Der Kampf der Chemnitzer\",\"isPartOf\":{\"@id\":\"https:\/\/blog.zeit.de\/stoerungsmelder\/#website\"},\"datePublished\":\"2019-08-26T07:02:06+00:00\",\"dateModified\":\"2019-08-26T12:22:04+00:00\",\"author\":{\"@id\":\"https:\/\/blog.zeit.de\/stoerungsmelder\/#\/schema\/person\/f2babdce4ba2bf80d6135b70423c07e9\"},\"description\":\"Vor einem Jahr tobten Neonazis durch Chemnitz. Aktivisten sind seitdem im Dauereinsatz f\u00fcr Demokratie. Auch, wenn Rechtsextreme weiter Flagge zeigen.\",\"breadcrumb\":{\"@id\":\"https:\/\/blog.zeit.de\/stoerungsmelder\/2019\/08\/26\/der-kampf-der-chemnitzer_28887#breadcrumb\"},\"inLanguage\":\"de\",\"potentialAction\":[{\"@type\":\"ReadAction\",\"target\":[\"https:\/\/blog.zeit.de\/stoerungsmelder\/2019\/08\/26\/der-kampf-der-chemnitzer_28887\"]}]},{\"@type\":\"BreadcrumbList\",\"@id\":\"https:\/\/blog.zeit.de\/stoerungsmelder\/2019\/08\/26\/der-kampf-der-chemnitzer_28887#breadcrumb\",\"itemListElement\":[{\"@type\":\"ListItem\",\"position\":1,\"name\":\"Startseite\",\"item\":\"https:\/\/blog.zeit.de\/stoerungsmelder\"},{\"@type\":\"ListItem\",\"position\":2,\"name\":\"Der Kampf der Chemnitzer\"}]},{\"@type\":\"WebSite\",\"@id\":\"https:\/\/blog.zeit.de\/stoerungsmelder\/#website\",\"url\":\"https:\/\/blog.zeit.de\/stoerungsmelder\/\",\"name\":\"St\u00f6rungsmelder\",\"description\":\"Recherchen und Analysen \u00fcber die extreme Rechte\",\"potentialAction\":[{\"@type\":\"SearchAction\",\"target\":{\"@type\":\"EntryPoint\",\"urlTemplate\":\"https:\/\/blog.zeit.de\/stoerungsmelder\/?s={search_term_string}\"},\"query-input\":\"required name=search_term_string\"}],\"inLanguage\":\"de\"},{\"@type\":\"Person\",\"@id\":\"https:\/\/blog.zeit.de\/stoerungsmelder\/#\/schema\/person\/f2babdce4ba2bf80d6135b70423c07e9\",\"name\":\"Johannes Grunert\",\"image\":{\"@type\":\"ImageObject\",\"inLanguage\":\"de\",\"@id\":\"https:\/\/blog.zeit.de\/stoerungsmelder\/#\/schema\/person\/image\/\",\"url\":\"https:\/\/secure.gravatar.com\/avatar\/81bb3d8a47bef24a9fb795ee56e925f92beda13e6a2f95c71c213d59321211ab?s=96&d=mm&r=pg\",\"contentUrl\":\"https:\/\/secure.gravatar.com\/avatar\/81bb3d8a47bef24a9fb795ee56e925f92beda13e6a2f95c71c213d59321211ab?s=96&d=mm&r=pg\",\"caption\":\"Johannes Grunert\"},\"url\":\"https:\/\/blog.zeit.de\/stoerungsmelder\/author\/johannes-grunert\"}]}<\/script>\n<!-- \/ Yoast SEO plugin. -->","yoast_head_json":{"title":"Rechtsextremismus: Der Kampf der Chemnitzer","description":"Vor einem Jahr tobten Neonazis durch Chemnitz. Aktivisten sind seitdem im Dauereinsatz f\u00fcr Demokratie. Auch, wenn Rechtsextreme weiter Flagge zeigen.","robots":{"index":"index","follow":"follow","max-snippet":"max-snippet:-1","max-image-preview":"max-image-preview:large","max-video-preview":"max-video-preview:-1"},"canonical":"https:\/\/blog.zeit.de\/stoerungsmelder\/2019\/08\/26\/der-kampf-der-chemnitzer_28887","og_locale":"de_DE","og_type":"article","og_title":"Rechtsextremismus: Der Kampf der Chemnitzer","og_description":"Vor einem Jahr tobten Neonazis durch Chemnitz. Aktivisten sind seitdem im Dauereinsatz f\u00fcr Demokratie. Auch, wenn Rechtsextreme weiter Flagge zeigen.","og_url":"https:\/\/blog.zeit.de\/stoerungsmelder\/2019\/08\/26\/der-kampf-der-chemnitzer_28887","og_site_name":"St\u00f6rungsmelder","article_published_time":"2019-08-26T07:02:06+00:00","article_modified_time":"2019-08-26T12:22:04+00:00","og_image":[{"width":620,"height":415,"url":"https:\/\/blog.zeit.de\/stoerungsmelder\/files\/2019\/08\/123561855.jpg","type":"image\/jpeg"}],"author":"Johannes Grunert","twitter_card":"summary_large_image","twitter_description":"Ein Jahr nach der Messerattacke auf Daniel H.: Wieder sind #Neonazis durch #Chemnitz gezogen. Doch in der Stadt hat sich starker Widerstand formiert - und engagierte B\u00fcrger zusammenr\u00fccken lassen #Rechtsextremismus","twitter_misc":{"Geschrieben von":"Johannes Grunert","Gesch\u00e4tzte Lesezeit":"5\u00a0Minuten"},"schema":{"@context":"https:\/\/schema.org","@graph":[{"@type":"WebPage","@id":"https:\/\/blog.zeit.de\/stoerungsmelder\/2019\/08\/26\/der-kampf-der-chemnitzer_28887","url":"https:\/\/blog.zeit.de\/stoerungsmelder\/2019\/08\/26\/der-kampf-der-chemnitzer_28887","name":"Rechtsextremismus: Der Kampf der Chemnitzer","isPartOf":{"@id":"https:\/\/blog.zeit.de\/stoerungsmelder\/#website"},"datePublished":"2019-08-26T07:02:06+00:00","dateModified":"2019-08-26T12:22:04+00:00","author":{"@id":"https:\/\/blog.zeit.de\/stoerungsmelder\/#\/schema\/person\/f2babdce4ba2bf80d6135b70423c07e9"},"description":"Vor einem Jahr tobten Neonazis durch Chemnitz. Aktivisten sind seitdem im Dauereinsatz f\u00fcr Demokratie. Auch, wenn Rechtsextreme weiter Flagge zeigen.","breadcrumb":{"@id":"https:\/\/blog.zeit.de\/stoerungsmelder\/2019\/08\/26\/der-kampf-der-chemnitzer_28887#breadcrumb"},"inLanguage":"de","potentialAction":[{"@type":"ReadAction","target":["https:\/\/blog.zeit.de\/stoerungsmelder\/2019\/08\/26\/der-kampf-der-chemnitzer_28887"]}]},{"@type":"BreadcrumbList","@id":"https:\/\/blog.zeit.de\/stoerungsmelder\/2019\/08\/26\/der-kampf-der-chemnitzer_28887#breadcrumb","itemListElement":[{"@type":"ListItem","position":1,"name":"Startseite","item":"https:\/\/blog.zeit.de\/stoerungsmelder"},{"@type":"ListItem","position":2,"name":"Der Kampf der Chemnitzer"}]},{"@type":"WebSite","@id":"https:\/\/blog.zeit.de\/stoerungsmelder\/#website","url":"https:\/\/blog.zeit.de\/stoerungsmelder\/","name":"St\u00f6rungsmelder","description":"Recherchen und Analysen \u00fcber die extreme Rechte","potentialAction":[{"@type":"SearchAction","target":{"@type":"EntryPoint","urlTemplate":"https:\/\/blog.zeit.de\/stoerungsmelder\/?s={search_term_string}"},"query-input":"required name=search_term_string"}],"inLanguage":"de"},{"@type":"Person","@id":"https:\/\/blog.zeit.de\/stoerungsmelder\/#\/schema\/person\/f2babdce4ba2bf80d6135b70423c07e9","name":"Johannes Grunert","image":{"@type":"ImageObject","inLanguage":"de","@id":"https:\/\/blog.zeit.de\/stoerungsmelder\/#\/schema\/person\/image\/","url":"https:\/\/secure.gravatar.com\/avatar\/81bb3d8a47bef24a9fb795ee56e925f92beda13e6a2f95c71c213d59321211ab?s=96&d=mm&r=pg","contentUrl":"https:\/\/secure.gravatar.com\/avatar\/81bb3d8a47bef24a9fb795ee56e925f92beda13e6a2f95c71c213d59321211ab?s=96&d=mm&r=pg","caption":"Johannes Grunert"},"url":"https:\/\/blog.zeit.de\/stoerungsmelder\/author\/johannes-grunert"}]}},"jetpack_featured_media_url":"https:\/\/blog.zeit.de\/stoerungsmelder\/files\/2019\/08\/123561855.jpg","jetpack_sharing_enabled":true,"_links":{"self":[{"href":"https:\/\/blog.zeit.de\/stoerungsmelder\/wp-json\/wp\/v2\/posts\/28887","targetHints":{"allow":["GET"]}}],"collection":[{"href":"https:\/\/blog.zeit.de\/stoerungsmelder\/wp-json\/wp\/v2\/posts"}],"about":[{"href":"https:\/\/blog.zeit.de\/stoerungsmelder\/wp-json\/wp\/v2\/types\/post"}],"author":[{"embeddable":true,"href":"https:\/\/blog.zeit.de\/stoerungsmelder\/wp-json\/wp\/v2\/users\/317"}],"replies":[{"embeddable":true,"href":"https:\/\/blog.zeit.de\/stoerungsmelder\/wp-json\/wp\/v2\/comments?post=28887"}],"version-history":[{"count":7,"href":"https:\/\/blog.zeit.de\/stoerungsmelder\/wp-json\/wp\/v2\/posts\/28887\/revisions"}],"predecessor-version":[{"id":28907,"href":"https:\/\/blog.zeit.de\/stoerungsmelder\/wp-json\/wp\/v2\/posts\/28887\/revisions\/28907"}],"wp:featuredmedia":[{"embeddable":true,"href":"https:\/\/blog.zeit.de\/stoerungsmelder\/wp-json\/wp\/v2\/media\/28896"}],"wp:attachment":[{"href":"https:\/\/blog.zeit.de\/stoerungsmelder\/wp-json\/wp\/v2\/media?parent=28887"}],"wp:term":[{"taxonomy":"category","embeddable":true,"href":"https:\/\/blog.zeit.de\/stoerungsmelder\/wp-json\/wp\/v2\/categories?post=28887"},{"taxonomy":"post_tag","embeddable":true,"href":"https:\/\/blog.zeit.de\/stoerungsmelder\/wp-json\/wp\/v2\/tags?post=28887"}],"curies":[{"name":"wp","href":"https:\/\/api.w.org\/{rel}","templated":true}]}}