{"id":28946,"date":"2019-09-02T17:15:47","date_gmt":"2019-09-02T15:15:47","guid":{"rendered":"https:\/\/blog.zeit.de\/stoerungsmelder\/?p=28946"},"modified":"2019-09-09T16:52:01","modified_gmt":"2019-09-09T14:52:01","slug":"kategorie-c-im-kleingarten","status":"publish","type":"post","link":"https:\/\/blog.zeit.de\/stoerungsmelder\/2019\/09\/02\/kategorie-c-im-kleingarten_28946","title":{"rendered":"Kategorie C im Kleingarten"},"content":{"rendered":"<p><strong>Die Rechtsrockband tritt auch nach ihrem \u201eAbschlusskonzert\u201c im Sommer weiter auf. Die Konzerte werden heimlich organisiert, nicht immer mit vollem Erfolg, wie sich am Wochenende in Hessen zeigte.<\/strong><\/p>\n<p><em>Von Mart\u00edn Steinhagen<\/em><\/p>\n<p><figure id=\"attachment_28949\" aria-describedby=\"caption-attachment-28949\" style=\"width: 620px\" class=\"wp-caption aligncenter\"><img loading=\"lazy\" decoding=\"async\" class=\"size-medium wp-image-28949\" src=\"https:\/\/blog.zeit.de\/stoerungsmelder\/files\/2019\/09\/121582174-620x413.jpg\" alt=\"\" width=\"620\" height=\"413\" srcset=\"https:\/\/blog.zeit.de\/stoerungsmelder\/files\/2019\/09\/121582174-620x413.jpg 620w, https:\/\/blog.zeit.de\/stoerungsmelder\/files\/2019\/09\/121582174-768x512.jpg 768w, https:\/\/blog.zeit.de\/stoerungsmelder\/files\/2019\/09\/121582174-1024x683.jpg 1024w\" sizes=\"auto, (max-width: 620px) 100vw, 620px\" \/><figcaption id=\"caption-attachment-28949\" class=\"wp-caption-text\">Besucher des Rechtsrock-Festivals Schild und Schwert, bei dem auch Kategorie C auftrat, mit T-Shirts der Arischen Bruderschaft. Foto: Daniel Sch\u00e4fer\/dpa<\/figcaption><\/figure><\/p>\n<p>\u201eWo wir sind, ist vorn\u201c, singt eine raue Stimme zu Gitarrenbegleitung. Es ist die Stimme von Hannes Ostendorf, S\u00e4nger der extrem rechten Hooligan-Band Kategorie C \u2013 Hungrige W\u00f6lfe. An diesem warmen Samstagabend ist \u201evorn\u201c offenbar ein privates Kleingartengrundst\u00fcck nahe eines Dorfes im hessischen Landkreis Gie\u00dfen. Hier spielt Ostendorf mit seinem Gitarristen ein im Verborgenen organisiertes Konzert, das in der Szene zuvor als \u201eBalladenabend\u201c im Raum Frankfurt am Main beworben worden war.<\/p>\n<p><!--more--><\/p>\n<p>Eine gro\u00dfe B\u00fchne oder Scheinwerferlicht gibt es hier nicht \u2013 und auch nicht gerade viel Publikum. Die Polizei hat die Kleingartenanlage abgeriegelt. Die Musikanlage tr\u00e4gt den Gesang \u00fcber die angrenzenden G\u00e4rten. Gegen\u00fcber der Parzelle mit den Rechtsrockern sitzen einige Leute im Dunklen um ein Lagerfeuer. Sie h\u00f6ren wohl lieber ihre eigene Musik.<\/p>\n<p>Die 1997 gegr\u00fcndete Band Kategorie C stammt aus Bremen und ist seither in wechselnden Besetzungen aktiv. Der Name verweist auf die polizeiliche Einstufung von Fu\u00dfballfans, Kategorie C steht f\u00fcr \u201egewaltsuchend\u201c. Anfangs war die Gruppe um Ostendorf als vermeintlich unpolitische Hooligan-Band unterwegs. Seit einigen Jahren tritt sie ganz offen in neonazistischen Kontexten auf, lieferte unter anderem eine Art Hymne f\u00fcr die Hooligans gegen Salafisten. Heute d\u00fcrfte sie zu den bekanntesten Szenebands z\u00e4hlen und betreibt einen eigenen Onlineshop, in dem eine gro\u00dfe Auswahl an Fanartikeln vertrieben wird \u2013 vom Band-Shirt \u00fcber bedruckte Baseballschl\u00e4ger und Pfefferspray bis hin zum Energydrink. Auch eine eigene Smartphone-App wird dort angepriesen.<\/p>\n<h2>Immer noch ein Abschiedskonzert<\/h2>\n<p>Musik ist f\u00fcr die rechte Szene von gro\u00dfer Bedeutung. Sie dient der Propaganda, die Konzerte der, auch internationalen, Vernetzung \u2013 und das Gesch\u00e4ft generiert Einnahmen, zumindest f\u00fcr einige der Protagonisten.<\/p>\n<p>Eigentlich hatte Kategorie C einen Auftritt im Juni beim Neonazifestival Schild und Schwert im s\u00e4chsischen Ostritz bereits als Abschiedskonzert beworben. Inzwischen werden aber mindestens zwei weitere Auftritte entsprechend vermarktet, einer in Kiew und einer in Budapest. Dazu kommt offenbar eine \u201eBalladentour\u201c in reduzierter Besetzung \u2013 mit Auftritten wie dem in Hessen am Samstag. Auch Werbung f\u00fcr einen weiteren Auftritt in Wolfsburg im September kursiert bereits.<\/p>\n<p>Das Konzert in Hessen wurde nicht \u00f6ffentlich auf der Band-Website beworben, so sollen Proteste und staatliche Kontrollen vermieden werden. Eine Bilddatei mit einem Foto der Frankfurter Skyline und dem Datum zirkulierte vorab in der Szene. Wer das Konzert besuchen wollte, musste eine dort angegebene Handynummer anrufen und wurde zu einem Schleusungspunkt an der A45 geleitet.<\/p>\n<p>Dann sollte es wohl zu einem Gasthof in W\u00f6lfersheim-Wohnbach (Wetteraukreis) gehen, in dem sich vor mehr als zehn Jahren auch schon die NPD getroffen hatte. Das Konzert sei dort als Geburtstagsfeier getarnt gewesen, sagte ein Sprecher der Polizei ZEIT ONLINE. Daraus aber wurde nichts. Der Wirt l\u00f6ste demnach seinen m\u00fcndlichen Vertrag mit dem Konzertveranstalter nach einem Hinweis der Polizei auf. Den dorthin anreisenden Fans erteilten die Beamten anschlie\u00dfend Platzverweise.<\/p>\n<p>Und so ist die Laubenkolonie in Hungen-Villingen nur der Plan B der rechten Band. Zu Protesten gegen ihren Auftritt kommt es zwar nicht, aber die Polizei riegelte den Zugang zur Kleingartenanlage am Ortsrand ab. Wer durchwollte, musste sich ausweisen. Die Polizei z\u00e4hlte schlie\u00dflich 42 Personen, die sich Kontrollen unterziehen mussten.<\/p>\n<p>Die Einsatzkr\u00e4fte pr\u00fcften auch, ob die beim Konzert gespielten Lieder indiziert sind. Ein Beamter vor Ort versicherte sich etwa bei einem Song, in dem das lyrische Ich stolz kundtut, weder beschnitten noch schwul zu sein, sicherheitshalber telefonisch, ob das Lied von der Meinungsfreiheit gedeckt sei.<\/p>\n<p>Man habe keine Straftaten feststellen k\u00f6nnen, sagte ein Polizeisprecher am Tag darauf. Gegen 23 Uhr sei die Veranstaltung beendet worden, weitere Vorkommnisse habe es nicht gegeben.<\/p>\n<h2>Neonazi Philip T. kam doch nicht<\/h2>\n<p>Die Organisatoren des Rechtsrockabends hatten zuvor auch mit dem Neonazi Philip T. geworben, der als Reichstrunkenbold auftritt. Das Pseudonym ist eine Anspielung auf den Spitznamen des NSDAP-Reichsleiters Robert Ley. Der einschl\u00e4gig vorbestrafte Philip T. stammt aus Hessen und ist kein Unbekannter. <a href=\"https:\/\/www.fr.de\/rhein-main\/polizei-org27586\/referate-heimatschutz-11109238.html\">Er musste 2016 als Zeuge im hessischen NSU-Untersuchungsausschuss aussagen<\/a>. Damals beschrieb er Abende, wie den am Samstag, als Veranstaltungen, bei denen \u201enationale Lieder, wo halt \u00fcber die Heimat oder Deutschland gesungen wird\u201c, erklingen. Im Falle des Reichstrunkenbolds tragen diese Lieder Titel wie <em>Brauner Terrorist<\/em>. Sein Auftritt am Samstagabend scheint aber ausgefallen zu sein.<\/p>\n<p>F\u00fcr Kategorie C war der \u201eBalladenabend\u201c auf der Parzelle nicht das erste unfreiwillig verlegte Konzert in Hessen. Im vergangenen Jahr im M\u00e4rz wollte die NPD ein Rechtsrockkonzert in der Stadthalle in Wetzlar zum Wahlkampfauftakt f\u00fcr die Landtagswahlen machen. Die Stadt r\u00fcckte die Halle nicht heraus, <a href=\"https:\/\/blog.zeit.de\/stoerungsmelder\/2018\/03\/26\/keine-stadthalle-fuer-die-npd-in-wetzlar_25924\">trotz einer erfolgreichen Beschwerde der Neonazis beim Bundesverfassungsgericht<\/a>. Schlie\u00dflich spielte Kategorie C in einem Szenetreffpunkt im nahe gelegenen Leun-Stockhausen, allerdings vor etwas mehr Publikum als am Wochenende im Kleingarten.<\/p>\n<p><img loading=\"lazy\" decoding=\"async\" src=\"https:\/\/vg04.met.vgwort.de\/na\/35a882f54d7f4a938d5ba3cd099bb868\" alt=\"\" width=\"1\" height=\"1\" \/><\/p>\n","protected":false},"excerpt":{"rendered":"<p>Die Rechtsrockband tritt auch nach ihrem \u201eAbschlusskonzert\u201c im Sommer weiter auf. Die Konzerte werden heimlich organisiert, nicht immer mit vollem Erfolg, wie sich am Wochenende in Hessen zeigte. Von Mart\u00edn Steinhagen \u201eWo wir sind, ist vorn\u201c, singt eine raue Stimme zu Gitarrenbegleitung. Es ist die Stimme von Hannes Ostendorf, S\u00e4nger der extrem rechten Hooligan-Band Kategorie [&hellip;]<\/p>\n","protected":false},"author":229,"featured_media":28949,"comment_status":"open","ping_status":"closed","sticky":false,"template":"","format":"standard","meta":{"_jetpack_memberships_contains_paid_content":false,"footnotes":""},"categories":[1453],"tags":[17807,1643,1695,1765],"class_list":["post-28946","post","type-post","status-publish","format-standard","has-post-thumbnail","hentry","category-hessen","tag-hannes-ostendorf","tag-kategorie-c","tag-musik","tag-rechtsrock"],"yoast_head":"<!-- This site is optimized with the Yoast SEO plugin v21.0 - https:\/\/yoast.com\/wordpress\/plugins\/seo\/ -->\n<title>Kategorie C im Kleingarten - St\u00f6rungsmelder<\/title>\n<meta name=\"description\" content=\"Die rechte Band Kategorie C wollte mal wieder ein Abschiedskonzert geben. Daraus wurde nichts, letztlich traten sie in einem hessischen Kleingarten auf.\" \/>\n<meta name=\"robots\" content=\"index, follow, max-snippet:-1, max-image-preview:large, max-video-preview:-1\" \/>\n<link rel=\"canonical\" href=\"https:\/\/blog.zeit.de\/stoerungsmelder\/2019\/09\/02\/kategorie-c-im-kleingarten_28946\" \/>\n<meta property=\"og:locale\" content=\"de_DE\" \/>\n<meta property=\"og:type\" content=\"article\" \/>\n<meta property=\"og:title\" content=\"Kategorie C im Kleingarten - St\u00f6rungsmelder\" \/>\n<meta property=\"og:description\" content=\"Die rechte Band Kategorie C wollte mal wieder ein Abschiedskonzert geben. Daraus wurde nichts, letztlich traten sie in einem hessischen Kleingarten auf.\" \/>\n<meta property=\"og:url\" content=\"https:\/\/blog.zeit.de\/stoerungsmelder\/2019\/09\/02\/kategorie-c-im-kleingarten_28946\" \/>\n<meta property=\"og:site_name\" content=\"St\u00f6rungsmelder\" \/>\n<meta property=\"article:published_time\" content=\"2019-09-02T15:15:47+00:00\" \/>\n<meta property=\"article:modified_time\" content=\"2019-09-09T14:52:01+00:00\" \/>\n<meta property=\"og:image\" content=\"https:\/\/blog.zeit.de\/stoerungsmelder\/files\/2019\/09\/121582174.jpg\" \/>\n\t<meta property=\"og:image:width\" content=\"4370\" \/>\n\t<meta property=\"og:image:height\" content=\"2913\" \/>\n\t<meta property=\"og:image:type\" content=\"image\/jpeg\" \/>\n<meta name=\"author\" content=\"St\u00f6rungsmelder\" \/>\n<meta name=\"twitter:card\" content=\"summary_large_image\" \/>\n<meta name=\"twitter:description\" content=\"Die rechte Band Kategorie C wollte mal wieder ein Abschiedskonzert geben. Doch daraus wurde nichts, letztlich traten sie in einem hessischen Kleingarten auf, abgeriegelt von der Polizei.\" \/>\n<meta name=\"twitter:label1\" content=\"Geschrieben von\" \/>\n\t<meta name=\"twitter:data1\" content=\"St\u00f6rungsmelder\" \/>\n\t<meta name=\"twitter:label2\" content=\"Gesch\u00e4tzte Lesezeit\" \/>\n\t<meta name=\"twitter:data2\" content=\"4\u00a0Minuten\" \/>\n<script type=\"application\/ld+json\" class=\"yoast-schema-graph\">{\"@context\":\"https:\/\/schema.org\",\"@graph\":[{\"@type\":\"WebPage\",\"@id\":\"https:\/\/blog.zeit.de\/stoerungsmelder\/2019\/09\/02\/kategorie-c-im-kleingarten_28946\",\"url\":\"https:\/\/blog.zeit.de\/stoerungsmelder\/2019\/09\/02\/kategorie-c-im-kleingarten_28946\",\"name\":\"Kategorie C im Kleingarten - St\u00f6rungsmelder\",\"isPartOf\":{\"@id\":\"https:\/\/blog.zeit.de\/stoerungsmelder\/#website\"},\"datePublished\":\"2019-09-02T15:15:47+00:00\",\"dateModified\":\"2019-09-09T14:52:01+00:00\",\"author\":{\"@id\":\"https:\/\/blog.zeit.de\/stoerungsmelder\/#\/schema\/person\/fdd0b9818f65738672810b6d6f037f71\"},\"description\":\"Die rechte Band Kategorie C wollte mal wieder ein Abschiedskonzert geben. Daraus wurde nichts, letztlich traten sie in einem hessischen Kleingarten auf.\",\"breadcrumb\":{\"@id\":\"https:\/\/blog.zeit.de\/stoerungsmelder\/2019\/09\/02\/kategorie-c-im-kleingarten_28946#breadcrumb\"},\"inLanguage\":\"de\",\"potentialAction\":[{\"@type\":\"ReadAction\",\"target\":[\"https:\/\/blog.zeit.de\/stoerungsmelder\/2019\/09\/02\/kategorie-c-im-kleingarten_28946\"]}]},{\"@type\":\"BreadcrumbList\",\"@id\":\"https:\/\/blog.zeit.de\/stoerungsmelder\/2019\/09\/02\/kategorie-c-im-kleingarten_28946#breadcrumb\",\"itemListElement\":[{\"@type\":\"ListItem\",\"position\":1,\"name\":\"Startseite\",\"item\":\"https:\/\/blog.zeit.de\/stoerungsmelder\"},{\"@type\":\"ListItem\",\"position\":2,\"name\":\"Kategorie C im Kleingarten\"}]},{\"@type\":\"WebSite\",\"@id\":\"https:\/\/blog.zeit.de\/stoerungsmelder\/#website\",\"url\":\"https:\/\/blog.zeit.de\/stoerungsmelder\/\",\"name\":\"St\u00f6rungsmelder\",\"description\":\"Recherchen und Analysen \u00fcber die extreme Rechte\",\"potentialAction\":[{\"@type\":\"SearchAction\",\"target\":{\"@type\":\"EntryPoint\",\"urlTemplate\":\"https:\/\/blog.zeit.de\/stoerungsmelder\/?s={search_term_string}\"},\"query-input\":\"required name=search_term_string\"}],\"inLanguage\":\"de\"},{\"@type\":\"Person\",\"@id\":\"https:\/\/blog.zeit.de\/stoerungsmelder\/#\/schema\/person\/fdd0b9818f65738672810b6d6f037f71\",\"name\":\"St\u00f6rungsmelder\",\"image\":{\"@type\":\"ImageObject\",\"inLanguage\":\"de\",\"@id\":\"https:\/\/blog.zeit.de\/stoerungsmelder\/#\/schema\/person\/image\/\",\"url\":\"https:\/\/secure.gravatar.com\/avatar\/dfa4be514c3e82a71e4f9a0020035d38192d080ccaa5e4e6d7a1472c763535c5?s=96&d=mm&r=pg\",\"contentUrl\":\"https:\/\/secure.gravatar.com\/avatar\/dfa4be514c3e82a71e4f9a0020035d38192d080ccaa5e4e6d7a1472c763535c5?s=96&d=mm&r=pg\",\"caption\":\"St\u00f6rungsmelder\"},\"url\":\"https:\/\/blog.zeit.de\/stoerungsmelder\/author\/stoerungsmelder\"}]}<\/script>\n<!-- \/ Yoast SEO plugin. -->","yoast_head_json":{"title":"Kategorie C im Kleingarten - St\u00f6rungsmelder","description":"Die rechte Band Kategorie C wollte mal wieder ein Abschiedskonzert geben. Daraus wurde nichts, letztlich traten sie in einem hessischen Kleingarten auf.","robots":{"index":"index","follow":"follow","max-snippet":"max-snippet:-1","max-image-preview":"max-image-preview:large","max-video-preview":"max-video-preview:-1"},"canonical":"https:\/\/blog.zeit.de\/stoerungsmelder\/2019\/09\/02\/kategorie-c-im-kleingarten_28946","og_locale":"de_DE","og_type":"article","og_title":"Kategorie C im Kleingarten - St\u00f6rungsmelder","og_description":"Die rechte Band Kategorie C wollte mal wieder ein Abschiedskonzert geben. Daraus wurde nichts, letztlich traten sie in einem hessischen Kleingarten auf.","og_url":"https:\/\/blog.zeit.de\/stoerungsmelder\/2019\/09\/02\/kategorie-c-im-kleingarten_28946","og_site_name":"St\u00f6rungsmelder","article_published_time":"2019-09-02T15:15:47+00:00","article_modified_time":"2019-09-09T14:52:01+00:00","og_image":[{"width":4370,"height":2913,"url":"https:\/\/blog.zeit.de\/stoerungsmelder\/files\/2019\/09\/121582174.jpg","type":"image\/jpeg"}],"author":"St\u00f6rungsmelder","twitter_card":"summary_large_image","twitter_description":"Die rechte Band Kategorie C wollte mal wieder ein Abschiedskonzert geben. Doch daraus wurde nichts, letztlich traten sie in einem hessischen Kleingarten auf, abgeriegelt von der Polizei.","twitter_misc":{"Geschrieben von":"St\u00f6rungsmelder","Gesch\u00e4tzte Lesezeit":"4\u00a0Minuten"},"schema":{"@context":"https:\/\/schema.org","@graph":[{"@type":"WebPage","@id":"https:\/\/blog.zeit.de\/stoerungsmelder\/2019\/09\/02\/kategorie-c-im-kleingarten_28946","url":"https:\/\/blog.zeit.de\/stoerungsmelder\/2019\/09\/02\/kategorie-c-im-kleingarten_28946","name":"Kategorie C im Kleingarten - St\u00f6rungsmelder","isPartOf":{"@id":"https:\/\/blog.zeit.de\/stoerungsmelder\/#website"},"datePublished":"2019-09-02T15:15:47+00:00","dateModified":"2019-09-09T14:52:01+00:00","author":{"@id":"https:\/\/blog.zeit.de\/stoerungsmelder\/#\/schema\/person\/fdd0b9818f65738672810b6d6f037f71"},"description":"Die rechte Band Kategorie C wollte mal wieder ein Abschiedskonzert geben. Daraus wurde nichts, letztlich traten sie in einem hessischen Kleingarten auf.","breadcrumb":{"@id":"https:\/\/blog.zeit.de\/stoerungsmelder\/2019\/09\/02\/kategorie-c-im-kleingarten_28946#breadcrumb"},"inLanguage":"de","potentialAction":[{"@type":"ReadAction","target":["https:\/\/blog.zeit.de\/stoerungsmelder\/2019\/09\/02\/kategorie-c-im-kleingarten_28946"]}]},{"@type":"BreadcrumbList","@id":"https:\/\/blog.zeit.de\/stoerungsmelder\/2019\/09\/02\/kategorie-c-im-kleingarten_28946#breadcrumb","itemListElement":[{"@type":"ListItem","position":1,"name":"Startseite","item":"https:\/\/blog.zeit.de\/stoerungsmelder"},{"@type":"ListItem","position":2,"name":"Kategorie C im Kleingarten"}]},{"@type":"WebSite","@id":"https:\/\/blog.zeit.de\/stoerungsmelder\/#website","url":"https:\/\/blog.zeit.de\/stoerungsmelder\/","name":"St\u00f6rungsmelder","description":"Recherchen und Analysen \u00fcber die extreme Rechte","potentialAction":[{"@type":"SearchAction","target":{"@type":"EntryPoint","urlTemplate":"https:\/\/blog.zeit.de\/stoerungsmelder\/?s={search_term_string}"},"query-input":"required name=search_term_string"}],"inLanguage":"de"},{"@type":"Person","@id":"https:\/\/blog.zeit.de\/stoerungsmelder\/#\/schema\/person\/fdd0b9818f65738672810b6d6f037f71","name":"St\u00f6rungsmelder","image":{"@type":"ImageObject","inLanguage":"de","@id":"https:\/\/blog.zeit.de\/stoerungsmelder\/#\/schema\/person\/image\/","url":"https:\/\/secure.gravatar.com\/avatar\/dfa4be514c3e82a71e4f9a0020035d38192d080ccaa5e4e6d7a1472c763535c5?s=96&d=mm&r=pg","contentUrl":"https:\/\/secure.gravatar.com\/avatar\/dfa4be514c3e82a71e4f9a0020035d38192d080ccaa5e4e6d7a1472c763535c5?s=96&d=mm&r=pg","caption":"St\u00f6rungsmelder"},"url":"https:\/\/blog.zeit.de\/stoerungsmelder\/author\/stoerungsmelder"}]}},"jetpack_featured_media_url":"https:\/\/blog.zeit.de\/stoerungsmelder\/files\/2019\/09\/121582174.jpg","jetpack_sharing_enabled":true,"_links":{"self":[{"href":"https:\/\/blog.zeit.de\/stoerungsmelder\/wp-json\/wp\/v2\/posts\/28946","targetHints":{"allow":["GET"]}}],"collection":[{"href":"https:\/\/blog.zeit.de\/stoerungsmelder\/wp-json\/wp\/v2\/posts"}],"about":[{"href":"https:\/\/blog.zeit.de\/stoerungsmelder\/wp-json\/wp\/v2\/types\/post"}],"author":[{"embeddable":true,"href":"https:\/\/blog.zeit.de\/stoerungsmelder\/wp-json\/wp\/v2\/users\/229"}],"replies":[{"embeddable":true,"href":"https:\/\/blog.zeit.de\/stoerungsmelder\/wp-json\/wp\/v2\/comments?post=28946"}],"version-history":[{"count":5,"href":"https:\/\/blog.zeit.de\/stoerungsmelder\/wp-json\/wp\/v2\/posts\/28946\/revisions"}],"predecessor-version":[{"id":28962,"href":"https:\/\/blog.zeit.de\/stoerungsmelder\/wp-json\/wp\/v2\/posts\/28946\/revisions\/28962"}],"wp:featuredmedia":[{"embeddable":true,"href":"https:\/\/blog.zeit.de\/stoerungsmelder\/wp-json\/wp\/v2\/media\/28949"}],"wp:attachment":[{"href":"https:\/\/blog.zeit.de\/stoerungsmelder\/wp-json\/wp\/v2\/media?parent=28946"}],"wp:term":[{"taxonomy":"category","embeddable":true,"href":"https:\/\/blog.zeit.de\/stoerungsmelder\/wp-json\/wp\/v2\/categories?post=28946"},{"taxonomy":"post_tag","embeddable":true,"href":"https:\/\/blog.zeit.de\/stoerungsmelder\/wp-json\/wp\/v2\/tags?post=28946"}],"curies":[{"name":"wp","href":"https:\/\/api.w.org\/{rel}","templated":true}]}}