{"id":290,"date":"2008-04-11T19:53:28","date_gmt":"2008-04-11T18:53:28","guid":{"rendered":"http:\/\/blog.zeit.de\/stoerungsmelder\/2008\/04\/11\/eine-stadt-die-sich-fremdenfreundlich-nennt_290"},"modified":"2008-04-11T19:53:28","modified_gmt":"2008-04-11T18:53:28","slug":"eine-stadt-die-sich-fremdenfreundlich-nennt","status":"publish","type":"post","link":"https:\/\/blog.zeit.de\/stoerungsmelder\/2008\/04\/11\/eine-stadt-die-sich-fremdenfreundlich-nennt_290","title":{"rendered":"Eine Stadt, die sich &#8222;fremdenfreundlich&#8220; nennt&#8230;"},"content":{"rendered":"<p>Sieben Jahre hielt es die Familie Neusch\u00e4fer in Rudolstadt aus &#8211; trotz rassistischer G\u00e4ngeleien und t\u00e4glicher Anfeindungen. Dann ging es nicht mehr. Rudolstadt ist emp\u00f6rt &#8211; \u00fcber die Neusch\u00e4fers.<!--more--><\/p>\n<p>In einem Artikel f\u00fcr die th\u00fcringische Kirchenzeitung <em>Glaube und Heimat<\/em> hatte Neusch\u00e4fer die Diskriminierung seiner Familie dargestellt. Als eine speziell ostdeutsche, aus der Mitte der Gesellschaft stammende Xenophobie, die jedes politische Rechts-links-Denken sprenge: &#8222;Eine ebenso unheimliche wie unterschwellige Feindlichkeit gegen\u00fcber dem Fremden, Unheimlichen und Anderen gibt es bei uns in Ostdeutschland sowohl bei ,den&#8216; Rechten wie bei ,den&#8216; Linken&#8220;, schrieb Neusch\u00e4fer.\u00a0\u00a0<\/p>\n<p>Als &#8222;Nigger&#8220;, als &#8222;Ausl\u00e4nderschwein&#8220; sei besonders der \u00e4lteste Sohn Jannik beschimpft worden. Irgendwann sei er aus der Schule gekommen und habe versucht, seine Haut mit einer Wurzelb\u00fcrste wei\u00df zu schrubben. &#8222;Ich wei\u00df, warum du so braun bist: Du schmierst dich jeden Tag mit Schei\u00dfe ein&#8220;, h\u00e4tten Mitsch\u00fcler zu ihm gesagt, so Janniks Erkl\u00e4rung. &#8222;Ich hatte schon sonntags Angst vor der Schule. Montags bin ich immer verpr\u00fcgelt worden&#8220;, erz\u00e4hlt der Zehnj\u00e4hrige im Garten in Erkelenz.<\/p>\n<p>Zum Thema: Die <a href=\"http:\/\/www.taz.de\/1\/politik\/deutschland\/artikel\/1\/eine-stadt-findet-schuldige\/?src=ST&amp;cHash=0b4bf401d7\">taz<\/a> mit einem lesenswerten Bericht, aus dem auch die Abs\u00e4tze oben stammen. Der <a href=\"http:\/\/www.tagesschau.de\/multimedia\/audio\/audio16148.html\">Deutschlandfunk<\/a> \u00fcber den Fall &#8211; und die <a href=\"http:\/\/www.tagesschau.de\/inland\/rudolstadt2.html\">Tagesthemen<\/a>.<\/p>\n<p>Zudem ein <a href=\"http:\/\/www.tagesschau.de\/inland\/meldung6.html\">Interview<\/a> mit dem Konfliktforscher Heitmeyer \u00fcber gruppenbezogene Menschenfeindlichkeit in Stadtgesellschaften im Osten.\u00a0 Daraus: Der Blick m\u00fcsse &#8222;nun endlich auf die Stadtgesellschaften gerichtet werden, denn die feindseligen Mentalit\u00e4ten werden vor allem von den \u00c4lteren vertreten &#8211; und die J\u00fcngeren bringen dann die Gewalt ins Spiel. Und dann wird eine Gesellschaft pl\u00f6tzlich nerv\u00f6s. Was die \u00c4lteren an Denkmustern jeden Tag am Stamm- oder am Abendbrottisch transportieren, das wird \u00fcberhaupt nicht thematisiert. Es geht nicht darum, sich gegen rechtsextreme Gruppen zu versammeln, sondern die Stadtgesellschaft ist das Problem. Wenn man die \u00c4lteren nicht mit ins Boot bekommt, dann hat man ganz schlechte Karten. [&#8230;] Empirische Untersuchungen haben gezeigt: Ostdeutschland hat ein spezifisch siedlungsstrukturelles Problem &#8211; durch die vielen kleinen Gemeinden und Kleinst\u00e4dte. Die gut ausgebildeten Menschen, die Widerworte geben, die wandern ab. Dadurch wird die Struktur immer homogener, sowohl sozial als auch von den Einstellungsmustern her. Und von homogenen Gruppen geht an vielen Stellen weit mehr Gefahr aus als von heterogenen Gruppen. Weiterhin herrscht ein hoher Konformit\u00e4tsdruck in diesen kleinen Gemeinden, man kennt sich, es ist kaum m\u00f6glich, alternative Bekanntschaften und Freundeskreise aufzubauen &#8211; anders als in Gro\u00dfst\u00e4dten.&#8220;<\/p>\n<p>Achja, wann wird denn SPD-Chef Beck in Bezug auf Rudolstadt <a href=\"http:\/\/npd-blog.info\/?p=1035\">sein Patentrezept<\/a> &#8211; ein erneutes NPD-Verbotsverfahren &#8211;\u00a0fordern?<\/p>\n<p>Noch einmal zur\u00fcck nach Rudolstadt. Die <a href=\"http:\/\/www.mz-web.de\/servlet\/ContentServer?pagename=ksta\/page&amp;atype=ksArtikel&amp;aid=1207622138268&amp;openMenu=987490165154&amp;calledPageId=987490165154&amp;listid=994342720546\">Mitteldeutsche Zeitung<\/a> &#8211; bei ihrer Berichterstattung gerne schwankend zwischen hintergr\u00fcndiger Analyse und falsch verstandenem Heimatschutz &#8211; schreibt zu der Stadt am &#8222;Rassismus-Pranger&#8220;: &#8222;In der Region wird auch gemunkelt, dass die Schwierigkeiten der Neusch\u00e4fers weniger mit deren Hautfarbe zu tun hatten, als vielmehr mit ihrem &#8222;Besser-Wessi-Auftreten&#8220;.&#8220; Achso, na dann erkl\u00e4ren sich solche Beleidigungen und Anfeindungen nat\u00fcrlich von selbst.\u00a0Das Volk hat gesprochen, bzw. gemunkelt&#8230;<\/p>\n<p><a href=\"http:\/\/npd-blog.info\/?cat=17\">NPD-BLOG.INFO \u00fcber Th\u00fcringen.<\/a><\/p>\n","protected":false},"excerpt":{"rendered":"<p>Sieben Jahre hielt es die Familie Neusch\u00e4fer in Rudolstadt aus &#8211; trotz rassistischer G\u00e4ngeleien und t\u00e4glicher Anfeindungen. Dann ging es nicht mehr. Rudolstadt ist emp\u00f6rt &#8211; \u00fcber die Neusch\u00e4fers.<\/p>\n","protected":false},"author":227,"featured_media":0,"comment_status":"open","ping_status":"open","sticky":false,"template":"","format":"standard","meta":{"_jetpack_memberships_contains_paid_content":false,"footnotes":""},"categories":[978],"tags":[97],"class_list":["post-290","post","type-post","status-publish","format-standard","hentry","category-thuringen","tag-rassismus"],"yoast_head":"<!-- This site is optimized with the Yoast SEO plugin v21.0 - https:\/\/yoast.com\/wordpress\/plugins\/seo\/ -->\n<title>Eine Stadt, die sich &quot;fremdenfreundlich&quot; nennt... - St\u00f6rungsmelder<\/title>\n<meta name=\"robots\" content=\"index, follow, max-snippet:-1, max-image-preview:large, max-video-preview:-1\" \/>\n<link rel=\"canonical\" href=\"https:\/\/blog.zeit.de\/stoerungsmelder\/2008\/04\/11\/eine-stadt-die-sich-fremdenfreundlich-nennt_290\" \/>\n<meta property=\"og:locale\" content=\"de_DE\" \/>\n<meta property=\"og:type\" content=\"article\" \/>\n<meta property=\"og:title\" content=\"Eine Stadt, die sich &quot;fremdenfreundlich&quot; nennt... - St\u00f6rungsmelder\" \/>\n<meta property=\"og:description\" content=\"Sieben Jahre hielt es die Familie Neusch\u00e4fer in Rudolstadt aus &#8211; trotz rassistischer G\u00e4ngeleien und t\u00e4glicher Anfeindungen. Dann ging es nicht mehr. Rudolstadt ist emp\u00f6rt &#8211; \u00fcber die Neusch\u00e4fers.\" \/>\n<meta property=\"og:url\" content=\"https:\/\/blog.zeit.de\/stoerungsmelder\/2008\/04\/11\/eine-stadt-die-sich-fremdenfreundlich-nennt_290\" \/>\n<meta property=\"og:site_name\" content=\"St\u00f6rungsmelder\" \/>\n<meta property=\"article:published_time\" content=\"2008-04-11T18:53:28+00:00\" \/>\n<meta name=\"author\" content=\"Patrick Gensing\" \/>\n<meta name=\"twitter:card\" content=\"summary_large_image\" \/>\n<meta name=\"twitter:label1\" content=\"Geschrieben von\" \/>\n\t<meta name=\"twitter:data1\" content=\"Patrick Gensing\" \/>\n\t<meta name=\"twitter:label2\" content=\"Gesch\u00e4tzte Lesezeit\" \/>\n\t<meta name=\"twitter:data2\" content=\"3\u00a0Minuten\" \/>\n<script type=\"application\/ld+json\" class=\"yoast-schema-graph\">{\"@context\":\"https:\/\/schema.org\",\"@graph\":[{\"@type\":\"WebPage\",\"@id\":\"https:\/\/blog.zeit.de\/stoerungsmelder\/2008\/04\/11\/eine-stadt-die-sich-fremdenfreundlich-nennt_290\",\"url\":\"https:\/\/blog.zeit.de\/stoerungsmelder\/2008\/04\/11\/eine-stadt-die-sich-fremdenfreundlich-nennt_290\",\"name\":\"Eine Stadt, die sich \\\"fremdenfreundlich\\\" nennt... - St\u00f6rungsmelder\",\"isPartOf\":{\"@id\":\"https:\/\/blog.zeit.de\/stoerungsmelder\/#website\"},\"datePublished\":\"2008-04-11T18:53:28+00:00\",\"dateModified\":\"2008-04-11T18:53:28+00:00\",\"author\":{\"@id\":\"https:\/\/blog.zeit.de\/stoerungsmelder\/#\/schema\/person\/1898e9a6d47b4737da2c4fca74a10552\"},\"breadcrumb\":{\"@id\":\"https:\/\/blog.zeit.de\/stoerungsmelder\/2008\/04\/11\/eine-stadt-die-sich-fremdenfreundlich-nennt_290#breadcrumb\"},\"inLanguage\":\"de\",\"potentialAction\":[{\"@type\":\"ReadAction\",\"target\":[\"https:\/\/blog.zeit.de\/stoerungsmelder\/2008\/04\/11\/eine-stadt-die-sich-fremdenfreundlich-nennt_290\"]}]},{\"@type\":\"BreadcrumbList\",\"@id\":\"https:\/\/blog.zeit.de\/stoerungsmelder\/2008\/04\/11\/eine-stadt-die-sich-fremdenfreundlich-nennt_290#breadcrumb\",\"itemListElement\":[{\"@type\":\"ListItem\",\"position\":1,\"name\":\"Startseite\",\"item\":\"https:\/\/blog.zeit.de\/stoerungsmelder\"},{\"@type\":\"ListItem\",\"position\":2,\"name\":\"Eine Stadt, die sich &#8222;fremdenfreundlich&#8220; nennt&#8230;\"}]},{\"@type\":\"WebSite\",\"@id\":\"https:\/\/blog.zeit.de\/stoerungsmelder\/#website\",\"url\":\"https:\/\/blog.zeit.de\/stoerungsmelder\/\",\"name\":\"St\u00f6rungsmelder\",\"description\":\"Recherchen und Analysen \u00fcber die extreme Rechte\",\"potentialAction\":[{\"@type\":\"SearchAction\",\"target\":{\"@type\":\"EntryPoint\",\"urlTemplate\":\"https:\/\/blog.zeit.de\/stoerungsmelder\/?s={search_term_string}\"},\"query-input\":\"required name=search_term_string\"}],\"inLanguage\":\"de\"},{\"@type\":\"Person\",\"@id\":\"https:\/\/blog.zeit.de\/stoerungsmelder\/#\/schema\/person\/1898e9a6d47b4737da2c4fca74a10552\",\"name\":\"Patrick Gensing\",\"image\":{\"@type\":\"ImageObject\",\"inLanguage\":\"de\",\"@id\":\"https:\/\/blog.zeit.de\/stoerungsmelder\/#\/schema\/person\/image\/\",\"url\":\"https:\/\/secure.gravatar.com\/avatar\/a7a6fc628ed4dd7517525b944e2a8b13f64804f428d399d781f8dd0c4651643a?s=96&d=mm&r=pg\",\"contentUrl\":\"https:\/\/secure.gravatar.com\/avatar\/a7a6fc628ed4dd7517525b944e2a8b13f64804f428d399d781f8dd0c4651643a?s=96&d=mm&r=pg\",\"caption\":\"Patrick Gensing\"},\"description\":\"Journalist, Blogger, Buchautor - Patrick Gensing besch\u00e4ftigt sich seit seiner Jugend Ende der 1980er Jahre mit den Themen Neonazis, Rassismus und Antisemitismus. Seit rund zehn Jahren schreibt er als Journalist \u00fcber diese Themen, unter anderem bei tagesschau.de, bei Zeit-Online, in der taz - oder in dem Buch \\\"Terror von rechts\\\", das am 14. September 2012 erscheint.\",\"sameAs\":[\"http:\/\/publikative.org\"],\"url\":\"https:\/\/blog.zeit.de\/stoerungsmelder\/author\/patrick-gensing\"}]}<\/script>\n<!-- \/ Yoast SEO plugin. -->","yoast_head_json":{"title":"Eine Stadt, die sich \"fremdenfreundlich\" nennt... - St\u00f6rungsmelder","robots":{"index":"index","follow":"follow","max-snippet":"max-snippet:-1","max-image-preview":"max-image-preview:large","max-video-preview":"max-video-preview:-1"},"canonical":"https:\/\/blog.zeit.de\/stoerungsmelder\/2008\/04\/11\/eine-stadt-die-sich-fremdenfreundlich-nennt_290","og_locale":"de_DE","og_type":"article","og_title":"Eine Stadt, die sich \"fremdenfreundlich\" nennt... - St\u00f6rungsmelder","og_description":"Sieben Jahre hielt es die Familie Neusch\u00e4fer in Rudolstadt aus &#8211; trotz rassistischer G\u00e4ngeleien und t\u00e4glicher Anfeindungen. Dann ging es nicht mehr. Rudolstadt ist emp\u00f6rt &#8211; \u00fcber die Neusch\u00e4fers.","og_url":"https:\/\/blog.zeit.de\/stoerungsmelder\/2008\/04\/11\/eine-stadt-die-sich-fremdenfreundlich-nennt_290","og_site_name":"St\u00f6rungsmelder","article_published_time":"2008-04-11T18:53:28+00:00","author":"Patrick Gensing","twitter_card":"summary_large_image","twitter_misc":{"Geschrieben von":"Patrick Gensing","Gesch\u00e4tzte Lesezeit":"3\u00a0Minuten"},"schema":{"@context":"https:\/\/schema.org","@graph":[{"@type":"WebPage","@id":"https:\/\/blog.zeit.de\/stoerungsmelder\/2008\/04\/11\/eine-stadt-die-sich-fremdenfreundlich-nennt_290","url":"https:\/\/blog.zeit.de\/stoerungsmelder\/2008\/04\/11\/eine-stadt-die-sich-fremdenfreundlich-nennt_290","name":"Eine Stadt, die sich \"fremdenfreundlich\" nennt... - St\u00f6rungsmelder","isPartOf":{"@id":"https:\/\/blog.zeit.de\/stoerungsmelder\/#website"},"datePublished":"2008-04-11T18:53:28+00:00","dateModified":"2008-04-11T18:53:28+00:00","author":{"@id":"https:\/\/blog.zeit.de\/stoerungsmelder\/#\/schema\/person\/1898e9a6d47b4737da2c4fca74a10552"},"breadcrumb":{"@id":"https:\/\/blog.zeit.de\/stoerungsmelder\/2008\/04\/11\/eine-stadt-die-sich-fremdenfreundlich-nennt_290#breadcrumb"},"inLanguage":"de","potentialAction":[{"@type":"ReadAction","target":["https:\/\/blog.zeit.de\/stoerungsmelder\/2008\/04\/11\/eine-stadt-die-sich-fremdenfreundlich-nennt_290"]}]},{"@type":"BreadcrumbList","@id":"https:\/\/blog.zeit.de\/stoerungsmelder\/2008\/04\/11\/eine-stadt-die-sich-fremdenfreundlich-nennt_290#breadcrumb","itemListElement":[{"@type":"ListItem","position":1,"name":"Startseite","item":"https:\/\/blog.zeit.de\/stoerungsmelder"},{"@type":"ListItem","position":2,"name":"Eine Stadt, die sich &#8222;fremdenfreundlich&#8220; nennt&#8230;"}]},{"@type":"WebSite","@id":"https:\/\/blog.zeit.de\/stoerungsmelder\/#website","url":"https:\/\/blog.zeit.de\/stoerungsmelder\/","name":"St\u00f6rungsmelder","description":"Recherchen und Analysen \u00fcber die extreme Rechte","potentialAction":[{"@type":"SearchAction","target":{"@type":"EntryPoint","urlTemplate":"https:\/\/blog.zeit.de\/stoerungsmelder\/?s={search_term_string}"},"query-input":"required name=search_term_string"}],"inLanguage":"de"},{"@type":"Person","@id":"https:\/\/blog.zeit.de\/stoerungsmelder\/#\/schema\/person\/1898e9a6d47b4737da2c4fca74a10552","name":"Patrick Gensing","image":{"@type":"ImageObject","inLanguage":"de","@id":"https:\/\/blog.zeit.de\/stoerungsmelder\/#\/schema\/person\/image\/","url":"https:\/\/secure.gravatar.com\/avatar\/a7a6fc628ed4dd7517525b944e2a8b13f64804f428d399d781f8dd0c4651643a?s=96&d=mm&r=pg","contentUrl":"https:\/\/secure.gravatar.com\/avatar\/a7a6fc628ed4dd7517525b944e2a8b13f64804f428d399d781f8dd0c4651643a?s=96&d=mm&r=pg","caption":"Patrick Gensing"},"description":"Journalist, Blogger, Buchautor - Patrick Gensing besch\u00e4ftigt sich seit seiner Jugend Ende der 1980er Jahre mit den Themen Neonazis, Rassismus und Antisemitismus. Seit rund zehn Jahren schreibt er als Journalist \u00fcber diese Themen, unter anderem bei tagesschau.de, bei Zeit-Online, in der taz - oder in dem Buch \"Terror von rechts\", das am 14. September 2012 erscheint.","sameAs":["http:\/\/publikative.org"],"url":"https:\/\/blog.zeit.de\/stoerungsmelder\/author\/patrick-gensing"}]}},"jetpack_featured_media_url":"","jetpack_sharing_enabled":true,"_links":{"self":[{"href":"https:\/\/blog.zeit.de\/stoerungsmelder\/wp-json\/wp\/v2\/posts\/290","targetHints":{"allow":["GET"]}}],"collection":[{"href":"https:\/\/blog.zeit.de\/stoerungsmelder\/wp-json\/wp\/v2\/posts"}],"about":[{"href":"https:\/\/blog.zeit.de\/stoerungsmelder\/wp-json\/wp\/v2\/types\/post"}],"author":[{"embeddable":true,"href":"https:\/\/blog.zeit.de\/stoerungsmelder\/wp-json\/wp\/v2\/users\/227"}],"replies":[{"embeddable":true,"href":"https:\/\/blog.zeit.de\/stoerungsmelder\/wp-json\/wp\/v2\/comments?post=290"}],"version-history":[{"count":0,"href":"https:\/\/blog.zeit.de\/stoerungsmelder\/wp-json\/wp\/v2\/posts\/290\/revisions"}],"wp:attachment":[{"href":"https:\/\/blog.zeit.de\/stoerungsmelder\/wp-json\/wp\/v2\/media?parent=290"}],"wp:term":[{"taxonomy":"category","embeddable":true,"href":"https:\/\/blog.zeit.de\/stoerungsmelder\/wp-json\/wp\/v2\/categories?post=290"},{"taxonomy":"post_tag","embeddable":true,"href":"https:\/\/blog.zeit.de\/stoerungsmelder\/wp-json\/wp\/v2\/tags?post=290"}],"curies":[{"name":"wp","href":"https:\/\/api.w.org\/{rel}","templated":true}]}}