{"id":29003,"date":"2019-09-16T10:58:18","date_gmt":"2019-09-16T08:58:18","guid":{"rendered":"https:\/\/blog.zeit.de\/stoerungsmelder\/?p=29003"},"modified":"2019-09-16T11:13:34","modified_gmt":"2019-09-16T09:13:34","slug":"innenminister-wollen-rechtsextremistische-gruppe-combat-18-verbieten-lassen","status":"publish","type":"post","link":"https:\/\/blog.zeit.de\/stoerungsmelder\/2019\/09\/16\/innenminister-wollen-rechtsextremistische-gruppe-combat-18-verbieten-lassen_29003","title":{"rendered":"Innenminister wollen rechtsextremistische Gruppe Combat 18 verbieten lassen"},"content":{"rendered":"<p><strong>Mehrere Bundesl\u00e4nder fordern Innenminister Horst Seehofer auf, das gewaltbereite Neonazi-Netzwerk Combat 18 zu verbieten. Die Gruppe k\u00f6nnte in Zusammenhang mit dem Mord an CDU-Politiker Walter L\u00fcbcke stehen.<\/strong><\/p>\n<p><figure id=\"attachment_29004\" aria-describedby=\"caption-attachment-29004\" style=\"width: 620px\" class=\"wp-caption aligncenter\"><img loading=\"lazy\" decoding=\"async\" class=\"wp-image-29004 size-full\" src=\"https:\/\/blog.zeit.de\/stoerungsmelder\/files\/2019\/09\/121755279.jpg\" alt=\"Innenminister wollen rechtsextreme Gruppe Combat 18 verbieten lassen\" width=\"620\" height=\"413\" \/><figcaption id=\"caption-attachment-29004\" class=\"wp-caption-text\">Das Bild von 2003 zeigt sichergestellte Waffen der Gruppe Combat 18 in Schleswig-Holstein. \u00a9 dpa\/Horst Pfeiffer<\/figcaption><\/figure><\/p>\n<p>Die Innenminister von Niedersachsen, Th\u00fcringen und Hessen fordern ein Verbot der rechtsextremistischen Gruppe <a href=\"https:\/\/blog.zeit.de\/stoerungsmelder\/2019\/07\/08\/haft-fuer-rechtsextremen-waffennarren_28756\">Combat 18<\/a>. &#8222;Wenn wir Combat 18 verfassungsfest verbieten k\u00f6nnen, sollten wir das so schnell wie m\u00f6glich tun&#8220;, sagte Niedersachsens Innenminister Boris Pistorius (SPD) der <em>Tageszeitung<\/em> (Montagsausgabe) aus Berlin. Das Bundesinnenministerium m\u00fcsse ein Verbot &#8222;schnell und gr\u00fcndlich pr\u00fcfen&#8220;.<\/p>\n<p>Auch der Th\u00fcringer Innenminister <a href=\"https:\/\/blog.zeit.de\/stoerungsmelder\/2019\/09\/15\/thueringens-erfolgsrezept-gegen-neonazis_28969\">Georg Maier<\/a> (SPD) sagte der Zeitung, &#8222;sollte der Bund ein Verbotsverfahren auf den Weg bringen, begr\u00fc\u00dfe und unterst\u00fctze ich dieses ausdr\u00fccklich&#8220;. Wie die <em>taz<\/em> berichtete, schrieb zudem der hessische Innenminister Peter Beuth (CDU) einen Brief an Bundesinnenminister Horst Seehofer (CSU) mit der Bitte um ein Verbot. Hessen &#8222;setzt sich daf\u00fcr ein&#8220;, hei\u00dfe es darin.<\/p>\n<p>Ein Sprecher des Bundesinnenministeriums sagte der <em>taz<\/em>, zu Verbots\u00fcberlegungen \u00e4u\u00dfere sich das Ministerium grunds\u00e4tzlich nicht. Combat 18 sei aber eine &#8222;neonazistische, rassistische, fremdenfeindliche, demokratiefeindliche und gewaltbereite Gruppierung&#8220;.<\/p>\n<p>Die Gruppierung gilt als bewaffneter Arm des bereits seit dem Jahr 2000 in Deutschland verbotenen rechtsextremistischen Netzwerks <a href=\"https:\/\/blog.zeit.de\/stoerungsmelder\/2019\/04\/22\/hitler-feier-mit-deutscher-beteiligung_28405\">Blood &amp; Honour<\/a>. Derzeit wird gepr\u00fcft, in welcher Beziehung Stephan E., der mutma\u00dfliche M\u00f6rder des Kasseler Regierungspr\u00e4sidenten <a href=\"https:\/\/www.zeit.de\/thema\/walter-luebcke\">Walter L\u00fcbcke<\/a>, zu Combat 18 stand. Bundesinnenminister Seehofer hatte bereits angek\u00fcndigt, ein Verbot der Gruppierung pr\u00fcfen zu lassen.<\/p>\n<p><em>(AFP)<\/em><\/p>\n","protected":false},"excerpt":{"rendered":"<p>Droht dem Neonazi-Netzwerk Combat 18 ein Verbot? Mehrere L\u00e4nder erh\u00f6hen den Druck auf Bundesinnenminister Horst Seehofer<\/p>\n","protected":false},"author":229,"featured_media":29004,"comment_status":"open","ping_status":"closed","sticky":false,"template":"","format":"standard","meta":{"_jetpack_memberships_contains_paid_content":false,"footnotes":""},"categories":[1],"tags":[1508,6371,23215,11378],"class_list":["post-29003","post","type-post","status-publish","format-standard","has-post-thumbnail","hentry","category-allgemein","tag-blood-and-honour","tag-combat-18","tag-innenministerium","tag-verbot"],"yoast_head":"<!-- This site is optimized with the Yoast SEO plugin v21.0 - https:\/\/yoast.com\/wordpress\/plugins\/seo\/ -->\n<title>Combat 18: Innenminister wollen rechtsextreme Gruppe verbieten lassen<\/title>\n<meta name=\"description\" content=\"Mehrere Bundesl\u00e4nder fordern Innenminister Horst Seehofer auf, das Neonazi-Netzwerk Combat 18 zu verbieten. Die Gruppe k\u00f6nnte in Zusammenhang mit dem Mord an Walter L\u00fcbcke stehen.\" \/>\n<meta name=\"robots\" content=\"index, follow, max-snippet:-1, max-image-preview:large, max-video-preview:-1\" \/>\n<link rel=\"canonical\" href=\"https:\/\/blog.zeit.de\/stoerungsmelder\/2019\/09\/16\/innenminister-wollen-rechtsextremistische-gruppe-combat-18-verbieten-lassen_29003\" \/>\n<meta property=\"og:locale\" content=\"de_DE\" \/>\n<meta property=\"og:type\" content=\"article\" \/>\n<meta property=\"og:title\" content=\"Combat 18: Innenminister wollen rechtsextreme Gruppe verbieten lassen\" \/>\n<meta property=\"og:description\" content=\"Mehrere Bundesl\u00e4nder fordern Innenminister Horst Seehofer auf, das Neonazi-Netzwerk Combat 18 zu verbieten. Die Gruppe k\u00f6nnte in Zusammenhang mit dem Mord an Walter L\u00fcbcke stehen.\" \/>\n<meta property=\"og:url\" content=\"https:\/\/blog.zeit.de\/stoerungsmelder\/2019\/09\/16\/innenminister-wollen-rechtsextremistische-gruppe-combat-18-verbieten-lassen_29003\" \/>\n<meta property=\"og:site_name\" content=\"St\u00f6rungsmelder\" \/>\n<meta property=\"article:published_time\" content=\"2019-09-16T08:58:18+00:00\" \/>\n<meta property=\"article:modified_time\" content=\"2019-09-16T09:13:34+00:00\" \/>\n<meta property=\"og:image\" content=\"https:\/\/blog.zeit.de\/stoerungsmelder\/files\/2019\/09\/121755279.jpg\" \/>\n\t<meta property=\"og:image:width\" content=\"620\" \/>\n\t<meta property=\"og:image:height\" content=\"413\" \/>\n\t<meta property=\"og:image:type\" content=\"image\/jpeg\" \/>\n<meta name=\"author\" content=\"St\u00f6rungsmelder\" \/>\n<meta name=\"twitter:card\" content=\"summary_large_image\" \/>\n<meta name=\"twitter:description\" content=\"Innenminister mehrerer L\u00e4nder fordern ein Verbot f\u00fcr die gewaltbereite Neonazi-Gruppe Combat 18. Ermittler pr\u00fcfen, ob der mutma\u00dfliche M\u00f6rder von Politiker Walter #L\u00fcbcke Verbindungen zu dem Netzwerk hatte #Combat18\" \/>\n<meta name=\"twitter:label1\" content=\"Geschrieben von\" \/>\n\t<meta name=\"twitter:data1\" content=\"St\u00f6rungsmelder\" \/>\n\t<meta name=\"twitter:label2\" content=\"Gesch\u00e4tzte Lesezeit\" \/>\n\t<meta name=\"twitter:data2\" content=\"1\u00a0Minute\" \/>\n<script type=\"application\/ld+json\" class=\"yoast-schema-graph\">{\"@context\":\"https:\/\/schema.org\",\"@graph\":[{\"@type\":\"WebPage\",\"@id\":\"https:\/\/blog.zeit.de\/stoerungsmelder\/2019\/09\/16\/innenminister-wollen-rechtsextremistische-gruppe-combat-18-verbieten-lassen_29003\",\"url\":\"https:\/\/blog.zeit.de\/stoerungsmelder\/2019\/09\/16\/innenminister-wollen-rechtsextremistische-gruppe-combat-18-verbieten-lassen_29003\",\"name\":\"Combat 18: Innenminister wollen rechtsextreme Gruppe verbieten lassen\",\"isPartOf\":{\"@id\":\"https:\/\/blog.zeit.de\/stoerungsmelder\/#website\"},\"datePublished\":\"2019-09-16T08:58:18+00:00\",\"dateModified\":\"2019-09-16T09:13:34+00:00\",\"author\":{\"@id\":\"https:\/\/blog.zeit.de\/stoerungsmelder\/#\/schema\/person\/fdd0b9818f65738672810b6d6f037f71\"},\"description\":\"Mehrere Bundesl\u00e4nder fordern Innenminister Horst Seehofer auf, das Neonazi-Netzwerk Combat 18 zu verbieten. Die Gruppe k\u00f6nnte in Zusammenhang mit dem Mord an Walter L\u00fcbcke stehen.\",\"breadcrumb\":{\"@id\":\"https:\/\/blog.zeit.de\/stoerungsmelder\/2019\/09\/16\/innenminister-wollen-rechtsextremistische-gruppe-combat-18-verbieten-lassen_29003#breadcrumb\"},\"inLanguage\":\"de\",\"potentialAction\":[{\"@type\":\"ReadAction\",\"target\":[\"https:\/\/blog.zeit.de\/stoerungsmelder\/2019\/09\/16\/innenminister-wollen-rechtsextremistische-gruppe-combat-18-verbieten-lassen_29003\"]}]},{\"@type\":\"BreadcrumbList\",\"@id\":\"https:\/\/blog.zeit.de\/stoerungsmelder\/2019\/09\/16\/innenminister-wollen-rechtsextremistische-gruppe-combat-18-verbieten-lassen_29003#breadcrumb\",\"itemListElement\":[{\"@type\":\"ListItem\",\"position\":1,\"name\":\"Startseite\",\"item\":\"https:\/\/blog.zeit.de\/stoerungsmelder\"},{\"@type\":\"ListItem\",\"position\":2,\"name\":\"Innenminister wollen rechtsextremistische Gruppe Combat 18 verbieten lassen\"}]},{\"@type\":\"WebSite\",\"@id\":\"https:\/\/blog.zeit.de\/stoerungsmelder\/#website\",\"url\":\"https:\/\/blog.zeit.de\/stoerungsmelder\/\",\"name\":\"St\u00f6rungsmelder\",\"description\":\"Recherchen und Analysen \u00fcber die extreme Rechte\",\"potentialAction\":[{\"@type\":\"SearchAction\",\"target\":{\"@type\":\"EntryPoint\",\"urlTemplate\":\"https:\/\/blog.zeit.de\/stoerungsmelder\/?s={search_term_string}\"},\"query-input\":\"required name=search_term_string\"}],\"inLanguage\":\"de\"},{\"@type\":\"Person\",\"@id\":\"https:\/\/blog.zeit.de\/stoerungsmelder\/#\/schema\/person\/fdd0b9818f65738672810b6d6f037f71\",\"name\":\"St\u00f6rungsmelder\",\"image\":{\"@type\":\"ImageObject\",\"inLanguage\":\"de\",\"@id\":\"https:\/\/blog.zeit.de\/stoerungsmelder\/#\/schema\/person\/image\/\",\"url\":\"https:\/\/secure.gravatar.com\/avatar\/dfa4be514c3e82a71e4f9a0020035d38192d080ccaa5e4e6d7a1472c763535c5?s=96&d=mm&r=pg\",\"contentUrl\":\"https:\/\/secure.gravatar.com\/avatar\/dfa4be514c3e82a71e4f9a0020035d38192d080ccaa5e4e6d7a1472c763535c5?s=96&d=mm&r=pg\",\"caption\":\"St\u00f6rungsmelder\"},\"url\":\"https:\/\/blog.zeit.de\/stoerungsmelder\/author\/stoerungsmelder\"}]}<\/script>\n<!-- \/ Yoast SEO plugin. -->","yoast_head_json":{"title":"Combat 18: Innenminister wollen rechtsextreme Gruppe verbieten lassen","description":"Mehrere Bundesl\u00e4nder fordern Innenminister Horst Seehofer auf, das Neonazi-Netzwerk Combat 18 zu verbieten. Die Gruppe k\u00f6nnte in Zusammenhang mit dem Mord an Walter L\u00fcbcke stehen.","robots":{"index":"index","follow":"follow","max-snippet":"max-snippet:-1","max-image-preview":"max-image-preview:large","max-video-preview":"max-video-preview:-1"},"canonical":"https:\/\/blog.zeit.de\/stoerungsmelder\/2019\/09\/16\/innenminister-wollen-rechtsextremistische-gruppe-combat-18-verbieten-lassen_29003","og_locale":"de_DE","og_type":"article","og_title":"Combat 18: Innenminister wollen rechtsextreme Gruppe verbieten lassen","og_description":"Mehrere Bundesl\u00e4nder fordern Innenminister Horst Seehofer auf, das Neonazi-Netzwerk Combat 18 zu verbieten. Die Gruppe k\u00f6nnte in Zusammenhang mit dem Mord an Walter L\u00fcbcke stehen.","og_url":"https:\/\/blog.zeit.de\/stoerungsmelder\/2019\/09\/16\/innenminister-wollen-rechtsextremistische-gruppe-combat-18-verbieten-lassen_29003","og_site_name":"St\u00f6rungsmelder","article_published_time":"2019-09-16T08:58:18+00:00","article_modified_time":"2019-09-16T09:13:34+00:00","og_image":[{"width":620,"height":413,"url":"https:\/\/blog.zeit.de\/stoerungsmelder\/files\/2019\/09\/121755279.jpg","type":"image\/jpeg"}],"author":"St\u00f6rungsmelder","twitter_card":"summary_large_image","twitter_description":"Innenminister mehrerer L\u00e4nder fordern ein Verbot f\u00fcr die gewaltbereite Neonazi-Gruppe Combat 18. Ermittler pr\u00fcfen, ob der mutma\u00dfliche M\u00f6rder von Politiker Walter #L\u00fcbcke Verbindungen zu dem Netzwerk hatte #Combat18","twitter_misc":{"Geschrieben von":"St\u00f6rungsmelder","Gesch\u00e4tzte Lesezeit":"1\u00a0Minute"},"schema":{"@context":"https:\/\/schema.org","@graph":[{"@type":"WebPage","@id":"https:\/\/blog.zeit.de\/stoerungsmelder\/2019\/09\/16\/innenminister-wollen-rechtsextremistische-gruppe-combat-18-verbieten-lassen_29003","url":"https:\/\/blog.zeit.de\/stoerungsmelder\/2019\/09\/16\/innenminister-wollen-rechtsextremistische-gruppe-combat-18-verbieten-lassen_29003","name":"Combat 18: Innenminister wollen rechtsextreme Gruppe verbieten lassen","isPartOf":{"@id":"https:\/\/blog.zeit.de\/stoerungsmelder\/#website"},"datePublished":"2019-09-16T08:58:18+00:00","dateModified":"2019-09-16T09:13:34+00:00","author":{"@id":"https:\/\/blog.zeit.de\/stoerungsmelder\/#\/schema\/person\/fdd0b9818f65738672810b6d6f037f71"},"description":"Mehrere Bundesl\u00e4nder fordern Innenminister Horst Seehofer auf, das Neonazi-Netzwerk Combat 18 zu verbieten. Die Gruppe k\u00f6nnte in Zusammenhang mit dem Mord an Walter L\u00fcbcke stehen.","breadcrumb":{"@id":"https:\/\/blog.zeit.de\/stoerungsmelder\/2019\/09\/16\/innenminister-wollen-rechtsextremistische-gruppe-combat-18-verbieten-lassen_29003#breadcrumb"},"inLanguage":"de","potentialAction":[{"@type":"ReadAction","target":["https:\/\/blog.zeit.de\/stoerungsmelder\/2019\/09\/16\/innenminister-wollen-rechtsextremistische-gruppe-combat-18-verbieten-lassen_29003"]}]},{"@type":"BreadcrumbList","@id":"https:\/\/blog.zeit.de\/stoerungsmelder\/2019\/09\/16\/innenminister-wollen-rechtsextremistische-gruppe-combat-18-verbieten-lassen_29003#breadcrumb","itemListElement":[{"@type":"ListItem","position":1,"name":"Startseite","item":"https:\/\/blog.zeit.de\/stoerungsmelder"},{"@type":"ListItem","position":2,"name":"Innenminister wollen rechtsextremistische Gruppe Combat 18 verbieten lassen"}]},{"@type":"WebSite","@id":"https:\/\/blog.zeit.de\/stoerungsmelder\/#website","url":"https:\/\/blog.zeit.de\/stoerungsmelder\/","name":"St\u00f6rungsmelder","description":"Recherchen und Analysen \u00fcber die extreme Rechte","potentialAction":[{"@type":"SearchAction","target":{"@type":"EntryPoint","urlTemplate":"https:\/\/blog.zeit.de\/stoerungsmelder\/?s={search_term_string}"},"query-input":"required name=search_term_string"}],"inLanguage":"de"},{"@type":"Person","@id":"https:\/\/blog.zeit.de\/stoerungsmelder\/#\/schema\/person\/fdd0b9818f65738672810b6d6f037f71","name":"St\u00f6rungsmelder","image":{"@type":"ImageObject","inLanguage":"de","@id":"https:\/\/blog.zeit.de\/stoerungsmelder\/#\/schema\/person\/image\/","url":"https:\/\/secure.gravatar.com\/avatar\/dfa4be514c3e82a71e4f9a0020035d38192d080ccaa5e4e6d7a1472c763535c5?s=96&d=mm&r=pg","contentUrl":"https:\/\/secure.gravatar.com\/avatar\/dfa4be514c3e82a71e4f9a0020035d38192d080ccaa5e4e6d7a1472c763535c5?s=96&d=mm&r=pg","caption":"St\u00f6rungsmelder"},"url":"https:\/\/blog.zeit.de\/stoerungsmelder\/author\/stoerungsmelder"}]}},"jetpack_featured_media_url":"https:\/\/blog.zeit.de\/stoerungsmelder\/files\/2019\/09\/121755279.jpg","jetpack_sharing_enabled":true,"_links":{"self":[{"href":"https:\/\/blog.zeit.de\/stoerungsmelder\/wp-json\/wp\/v2\/posts\/29003","targetHints":{"allow":["GET"]}}],"collection":[{"href":"https:\/\/blog.zeit.de\/stoerungsmelder\/wp-json\/wp\/v2\/posts"}],"about":[{"href":"https:\/\/blog.zeit.de\/stoerungsmelder\/wp-json\/wp\/v2\/types\/post"}],"author":[{"embeddable":true,"href":"https:\/\/blog.zeit.de\/stoerungsmelder\/wp-json\/wp\/v2\/users\/229"}],"replies":[{"embeddable":true,"href":"https:\/\/blog.zeit.de\/stoerungsmelder\/wp-json\/wp\/v2\/comments?post=29003"}],"version-history":[{"count":5,"href":"https:\/\/blog.zeit.de\/stoerungsmelder\/wp-json\/wp\/v2\/posts\/29003\/revisions"}],"predecessor-version":[{"id":29009,"href":"https:\/\/blog.zeit.de\/stoerungsmelder\/wp-json\/wp\/v2\/posts\/29003\/revisions\/29009"}],"wp:featuredmedia":[{"embeddable":true,"href":"https:\/\/blog.zeit.de\/stoerungsmelder\/wp-json\/wp\/v2\/media\/29004"}],"wp:attachment":[{"href":"https:\/\/blog.zeit.de\/stoerungsmelder\/wp-json\/wp\/v2\/media?parent=29003"}],"wp:term":[{"taxonomy":"category","embeddable":true,"href":"https:\/\/blog.zeit.de\/stoerungsmelder\/wp-json\/wp\/v2\/categories?post=29003"},{"taxonomy":"post_tag","embeddable":true,"href":"https:\/\/blog.zeit.de\/stoerungsmelder\/wp-json\/wp\/v2\/tags?post=29003"}],"curies":[{"name":"wp","href":"https:\/\/api.w.org\/{rel}","templated":true}]}}