{"id":29161,"date":"2019-10-28T11:28:31","date_gmt":"2019-10-28T10:28:31","guid":{"rendered":"https:\/\/blog.zeit.de\/stoerungsmelder\/?p=29161"},"modified":"2019-10-28T12:49:08","modified_gmt":"2019-10-28T11:49:08","slug":"mickie-krause-beendet-zusammenarbeit-nach-rechtsextremismusvorwuerfen","status":"publish","type":"post","link":"https:\/\/blog.zeit.de\/stoerungsmelder\/2019\/10\/28\/mickie-krause-beendet-zusammenarbeit-nach-rechtsextremismusvorwuerfen_29161","title":{"rendered":"Mickie Krause beendet Zusammenarbeit nach Rechtsextremismusvorw\u00fcrfen"},"content":{"rendered":"<p><strong>Schlagerstar Mickie Krause hat ein Lied mit einem S\u00e4nger aufgenommen, der Verbindungen ins Neonazimilieu pflegt. Von ZEIT ONLINE darauf angesprochen, hat Krause das Projekt aufgek\u00fcndigt.<br \/>\n<\/strong><\/p>\n<p><figure id=\"attachment_29180\" aria-describedby=\"caption-attachment-29180\" style=\"width: 620px\" class=\"wp-caption aligncenter\"><img loading=\"lazy\" decoding=\"async\" class=\"wp-image-29180 size-medium\" src=\"https:\/\/blog.zeit.de\/stoerungsmelder\/files\/2019\/10\/screenshot_video_hauer_krause-620x347.jpg\" alt=\"\" width=\"620\" height=\"347\" srcset=\"https:\/\/blog.zeit.de\/stoerungsmelder\/files\/2019\/10\/screenshot_video_hauer_krause-620x347.jpg 620w, https:\/\/blog.zeit.de\/stoerungsmelder\/files\/2019\/10\/screenshot_video_hauer_krause-768x430.jpg 768w, https:\/\/blog.zeit.de\/stoerungsmelder\/files\/2019\/10\/screenshot_video_hauer_krause-1024x573.jpg 1024w, https:\/\/blog.zeit.de\/stoerungsmelder\/files\/2019\/10\/screenshot_video_hauer_krause.jpg 1340w\" sizes=\"auto, (max-width: 620px) 100vw, 620px\" \/><figcaption id=\"caption-attachment-29180\" class=\"wp-caption-text\">Mickie Krause und Der Hauer im gemeinsamen Facebook-Video \u00a9 Screenshot: St\u00f6rungsmelder<\/figcaption><\/figure><\/p>\n<p>Auf Mallorca vergeht keine Urlaubssaison ohne Mickie Krause. Der Schlagers\u00e4nger hat Lieder wie <em>Zehn nackte Friseusen<\/em> oder <em>Geh mal Bier hol\u2019n<\/em> zum Pflichtprogramm f\u00fcr Ballermann-Abende und Junggesellenabschiede beigesteuert. Krauses derbe Songtexte (\u201eZeig doch mal die M\u00f6pse\u201c) pendeln zwar um die Grenze des guten Geschmacks herum \u2013 in die Untiefen des politisch Fragw\u00fcrdigen verstieg sich der 49-J\u00e4hrige jedoch nicht. Bislang.<\/p>\n<p>Nun l\u00e4sst ein neues Gemeinschaftsprojekt aufhorchen: Krause hat zusammen mit dem im Erzgebirge ans\u00e4ssigen S\u00e4nger Andr\u00e9 Gro\u00df, der unter dem K\u00fcnstlernamen Der Hauer auftritt, ein Partylied aufgenommen. Gro\u00df war im vergangenen Jahr auf der <a href=\"https:\/\/blog.zeit.de\/stoerungsmelder\/2018\/07\/02\/im-erzgebirge-traeumen-neonazis-vom-eigenen-staat_26728\">Veranstaltung eines NPD-nahen Vereins<\/a> aufgetreten und hatte sich ausl\u00e4nderfeindlich im Internet ge\u00e4u\u00dfert. Von ZEIT ONLINE mit diesen Fakten konfrontiert, hat Krause die Zusammenarbeit nun \u201emit sofortiger Wirkung\u201c beendet, wie sein Plattenlabel Universal erkl\u00e4rt.<\/p>\n<p><!--more--><\/p>\n<h2>S\u00e4nger distanziert sich von Gesinnung<\/h2>\n<p>Krause, der b\u00fcrgerlich Michael Engels hei\u00dft, \u201edistanziert sich ganz entschieden von derartigen Gesinnungen\u201c, er wolle damit \u201eunter keinen Umst\u00e4nden in Verbindung gebracht werden\u201c, teilt Universal mit. Demnach hatte Gro\u00df angefragt, sein bereits im Vorjahr ver\u00f6ffentlichtes Apr\u00e8s-Ski-Lied <em>Sabine Lawine<\/em> gemeinsam zu singen. Daraufhin produzierten die K\u00fcnstler zusammen neue Versionen, traten Anfang Oktober dieses Jahres auch <a href=\"https:\/\/www.facebook.com\/watch\/?v=3099566896780681\" target=\"_blank\" rel=\"noopener noreferrer\">in einem kurzen Werbevideo<\/a> auf der Facebook-Seite von Gro\u00df auf.<\/p>\n<p>Der Erzgebirgs-S\u00e4nger stellte die Zusammenarbeit gegen\u00fcber einem Nachrichtenportal <a href=\"https:\/\/www.tag24.de\/nachrichten\/cottendorf-erzgebirge-sabine-lawine-der-hauer-andre-gross-mickie-krause-song-gemeinsam-1244637\" target=\"_blank\" rel=\"noopener noreferrer\">allerdings anders dar<\/a>: Demnach habe Krause ihn wegen der Kooperation angerufen. Die beiden w\u00fcrden sich bereits seit sechs Jahren kennen.<\/p>\n<h2>Auftritt f\u00fcr einen NPD-Verein<\/h2>\n<p>In diese sechs Jahre f\u00e4llt ein Auftritt Gro\u00df\u2018 f\u00fcr <a href=\"https:\/\/www.zeit.de\/2018\/41\/rechtsextremismus-puppe-rassismus-schwarzenberg-erzgebirge\">den Verein Freigeist im erzgebirgischen Schwarzenberg<\/a>. Im Juli 2018 veranstaltete Freigeist ein Musikfest in der Bergbaustadt. Hunderte Neonazis nahmen teil. Gro\u00df stand nach dem rechtsextremen Liedermacher Frank Rennicke auf der B\u00fchne. Mit seinen teils bizarren Liedtexten \u00fcber Sex mit einem M\u00e4dchen im Th\u00fcringer Wald konnte das Publikum allerdings wenig anfangen, Applaus gab es kaum.<\/p>\n<p><figure id=\"attachment_29189\" aria-describedby=\"caption-attachment-29189\" style=\"width: 620px\" class=\"wp-caption aligncenter\"><img loading=\"lazy\" decoding=\"async\" class=\"wp-image-29189 size-medium\" src=\"https:\/\/blog.zeit.de\/stoerungsmelder\/files\/2019\/10\/IMG_1215_02-620x413.jpg\" alt=\"\" width=\"620\" height=\"413\" srcset=\"https:\/\/blog.zeit.de\/stoerungsmelder\/files\/2019\/10\/IMG_1215_02-620x413.jpg 620w, https:\/\/blog.zeit.de\/stoerungsmelder\/files\/2019\/10\/IMG_1215_02-768x512.jpg 768w, https:\/\/blog.zeit.de\/stoerungsmelder\/files\/2019\/10\/IMG_1215_02-1024x683.jpg 1024w, https:\/\/blog.zeit.de\/stoerungsmelder\/files\/2019\/10\/IMG_1215_02.jpg 1920w\" sizes=\"auto, (max-width: 620px) 100vw, 620px\" \/><figcaption id=\"caption-attachment-29189\" class=\"wp-caption-text\">Der Hauer singt 2018 f\u00fcr den NPD-nahen Freigeist e. V. in Schwarzenberg. \u00a9 Henrik Merker<\/figcaption><\/figure><\/p>\n<p>Auf der Versammlung wurde die Abspaltung Sachsens von Deutschland gefordert und Autonomie f\u00fcr die Region Schwarzenberg. Veranstalter und Vereinsgr\u00fcnder Stefan Hartung ist bis heute \u00f6rtlicher NPD-Funktion\u00e4r, 2013 war er f\u00fcr einen <a href=\"https:\/\/blog.zeit.de\/stoerungsmelder\/2019\/01\/20\/wie-pegida-die-tradition-der-npd-fortfuehrt_27941\">Pegida<\/a>-Vorl\u00e4ufer im nicht weit entfernten Schneeberg verantwortlich. Damals veranstalteten die Neonazis <a href=\"https:\/\/blog.zeit.de\/stoerungsmelder\/2013\/10\/21\/burger-und-npd_14197\">Fackelz\u00fcge gegen eine Fl\u00fcchtlingsunterkunft<\/a> mit bis zu 1.800 Teilnehmern.<\/p>\n<h2>Ausl\u00e4nderfeindliche \u00c4u\u00dferungen auf Facebook<\/h2>\n<p>Gro\u00df waren diese Umtriebe offenbar bekannt. In einem Video rechtfertigte er sich, er sei nur des Geldes wegen auf der Neonazi-Veranstaltung aufgetreten. In demselben Video bekennt er sich als \u201estolz, ein Deutscher zu sein\u201c. NPD-Mitglied sei er allerdings nicht. Auf seiner Facebook-Seite schreibt Gro\u00df: \u201egrenzen dicht, alles was keinen g\u00fcltigen deutschen pass, nicht deutsch sprechen, keine offizielle arbeit etc. nachweisen kann raus\u201c (alle Fehler im Original). Weiter fordert Gro\u00df eine \u201eneue Struktur\u201c f\u00fcr das Land und \u201eechte Volksvertreter\u201c. In einem anderen Post behauptet er, Deutsche w\u00fcrden arbeiten, damit Ausl\u00e4nder davon leben k\u00f6nnen. Fl\u00fcchtlinge bezeichnet er als \u201eMultifunktionsarbeiter aus \u00dcbersee\u201c.<\/p>\n<p>Auch in seiner Musik greift Der Hauer politische Themen auf: Zur Bundestagswahl 2017 ver\u00f6ffentlichte er einen mittlerweile gel\u00f6schten Song unter dem Titel <em>Jaaaa, wir schaffen das!<\/em>, der Bezug auf den bekannten Ausspruch von Bundeskanzlerin Angela Merkel zur Fl\u00fcchtlingskrise nimmt. \u201eAngelika ist Heimerzieherin und f\u00fcr alle da, sie l\u00e4dt sich ihre G\u00e4ste ein von fern und von nah\u201c, hei\u00dft es in dem Lied mit Bezug auf Merkel.<\/p>\n<p>In Mitschnitten von Konzerten des S\u00e4ngers heben M\u00e4nner im Hintergrund den Arm offenbar zum Hitlergru\u00df. In einer Facebook-Fangruppe posiert der Musiker neben einem Mann in einem Pullover der Rechtsrockband Landser, der Abbildungen von Plakaten der Hitlerjugend und Hakenkreuze auf seiner Facebook-Seite verbreitet.<\/p>\n<p><figure id=\"attachment_29194\" aria-describedby=\"caption-attachment-29194\" style=\"width: 620px\" class=\"wp-caption aligncenter\"><img loading=\"lazy\" decoding=\"async\" class=\"size-medium wp-image-29194\" src=\"https:\/\/blog.zeit.de\/stoerungsmelder\/files\/2019\/10\/Screenshot_2019-10-15-Stefan-R_hauer_fanclub_landser_px-620x360.jpg\" alt=\"\" width=\"620\" height=\"360\" srcset=\"https:\/\/blog.zeit.de\/stoerungsmelder\/files\/2019\/10\/Screenshot_2019-10-15-Stefan-R_hauer_fanclub_landser_px-620x360.jpg 620w, https:\/\/blog.zeit.de\/stoerungsmelder\/files\/2019\/10\/Screenshot_2019-10-15-Stefan-R_hauer_fanclub_landser_px-768x446.jpg 768w, https:\/\/blog.zeit.de\/stoerungsmelder\/files\/2019\/10\/Screenshot_2019-10-15-Stefan-R_hauer_fanclub_landser_px-1024x595.jpg 1024w, https:\/\/blog.zeit.de\/stoerungsmelder\/files\/2019\/10\/Screenshot_2019-10-15-Stefan-R_hauer_fanclub_landser_px.jpg 1590w\" sizes=\"auto, (max-width: 620px) 100vw, 620px\" \/><figcaption id=\"caption-attachment-29194\" class=\"wp-caption-text\">Andr\u00e9 Gro\u00df neben einem Fan im Landser-Pullover \u00a9 Screenshot: St\u00f6rungsmelder<\/figcaption><\/figure><\/p>\n<h2>Zusammenarbeit auch mit anderen Prominenten<\/h2>\n<p>Im Showbusiness treffen Gro\u00df\u2018 Verbindungen ins rechtsextreme Milieu auf erstaunlich wenig Interesse. Im Musikvideo zu <em>Sabine Lawine<\/em>, ver\u00f6ffentlicht vor der Zusammenarbeit mit Krause, tritt die Drittplatzierte der RTL-Sendung <em>Der Bachelor<\/em> und Dschungelk\u00f6nigin <a href=\"https:\/\/www.tag24.de\/nachrichten\/melanie-mueller-der-hauer-musik-video-dreh-neuer-song-sabine-lawine-oberwiesenthal-917026\" target=\"_blank\" rel=\"noopener noreferrer\">Melanie M\u00fcller<\/a> auf.<\/p>\n<p>Die Kooperation mit bekannteren Prominenten ist f\u00fcr den Hauer offenkundig ein Versuch, auch au\u00dferhalb seiner Region Fu\u00df zu fassen. 2014 trat er unter anderem Namen in einer Sendung von Stefan Raab auf. Nun sollte die Unterst\u00fctzung von Mickie Krause f\u00fcr Aufmerksamkeit sorgen. Dabei hatte Krause nach den rechtsradikalen <a href=\"https:\/\/blog.zeit.de\/stoerungsmelder\/2018\/11\/17\/notorisch-rechtsextrem-in-chemnitz_27651\">Ausschreitungen von Chemnitz<\/a> im vergangenen Jahr <a href=\"http:\/\/www.taz.de\/!5534027\" target=\"_blank\" rel=\"noopener noreferrer\">gesagt<\/a>: \u201eAuch wir Schlager- und Stimmungss\u00e4nger sollten Flagge zeigen gegen Ausl\u00e4nderfeindlichkeit und rechtsextreme Gewalt.\u201c Die Arbeit mit dem S\u00e4nger aus dem Erzgebirge ist demnach ein Versehen, wie Krauses Plattenfirma mitteilt. Dem Ballermann-Star sei \u201eder Hintergrund von Herrn Hauer nicht bekannt\u201c gewesen.<\/p>\n","protected":false},"excerpt":{"rendered":"<p>Schlagers\u00e4nger Mickie Krause hat einen Song mit einem K\u00fcnstler aus dem Erzgebirge aufgenommen. Der war zuvor auf einer NPD-nahen Veranstaltung aufgetreten und pflegt Kontakt zu Neonazis. Nach St\u00f6rungsmelder-Recherchen hat Krause den Kontakt abgebrochen.<\/p>\n","protected":false},"author":703,"featured_media":29180,"comment_status":"open","ping_status":"closed","sticky":false,"template":"","format":"standard","meta":{"_jetpack_memberships_contains_paid_content":false,"footnotes":""},"categories":[1456],"tags":[41407,41476,1695],"class_list":["post-29161","post","type-post","status-publish","format-standard","has-post-thumbnail","hentry","category-sachsen","tag-erzgebirge","tag-mickie-krause","tag-musik"],"yoast_head":"<!-- This site is optimized with the Yoast SEO plugin v21.0 - https:\/\/yoast.com\/wordpress\/plugins\/seo\/ -->\n<title>Mickie Krause beendet Zusammenarbeit nach Rechtsextremismusvorw\u00fcrfen - St\u00f6rungsmelder<\/title>\n<meta name=\"robots\" content=\"index, follow, max-snippet:-1, max-image-preview:large, max-video-preview:-1\" \/>\n<link rel=\"canonical\" href=\"https:\/\/blog.zeit.de\/stoerungsmelder\/2019\/10\/28\/mickie-krause-beendet-zusammenarbeit-nach-rechtsextremismusvorwuerfen_29161\" \/>\n<meta property=\"og:locale\" content=\"de_DE\" \/>\n<meta property=\"og:type\" content=\"article\" \/>\n<meta property=\"og:title\" content=\"Mickie Krause beendet Zusammenarbeit nach Rechtsextremismusvorw\u00fcrfen - St\u00f6rungsmelder\" \/>\n<meta property=\"og:description\" content=\"Schlagers\u00e4nger Mickie Krause hat einen Song mit einem K\u00fcnstler aus dem Erzgebirge aufgenommen. Der war zuvor auf einer NPD-nahen Veranstaltung aufgetreten und pflegt Kontakt zu Neonazis. Nach St\u00f6rungsmelder-Recherchen hat Krause den Kontakt abgebrochen.\" \/>\n<meta property=\"og:url\" content=\"https:\/\/blog.zeit.de\/stoerungsmelder\/2019\/10\/28\/mickie-krause-beendet-zusammenarbeit-nach-rechtsextremismusvorwuerfen_29161\" \/>\n<meta property=\"og:site_name\" content=\"St\u00f6rungsmelder\" \/>\n<meta property=\"article:published_time\" content=\"2019-10-28T10:28:31+00:00\" \/>\n<meta property=\"article:modified_time\" content=\"2019-10-28T11:49:08+00:00\" \/>\n<meta property=\"og:image\" content=\"https:\/\/blog.zeit.de\/stoerungsmelder\/files\/2019\/10\/screenshot_video_hauer_krause.jpg\" \/>\n\t<meta property=\"og:image:width\" content=\"1340\" \/>\n\t<meta property=\"og:image:height\" content=\"750\" \/>\n\t<meta property=\"og:image:type\" content=\"image\/jpeg\" \/>\n<meta name=\"author\" content=\"Henrik Merker\" \/>\n<meta name=\"twitter:card\" content=\"summary_large_image\" \/>\n<meta name=\"twitter:description\" content=\"&quot;Mit sofortiger Wirkung&quot;: Schlagerstar Mickie Krause hat die Zusammenarbeit mit einem S\u00e4nger aufgek\u00fcndigt, mit dem er zuvor ein Lied aufgenommen hatte. Der K\u00fcnstler aus dem Erzgebirge pflegt Verbindungen ins #Neonazi-Milieu. #Rechtsextremismus\" \/>\n<meta name=\"twitter:creator\" content=\"@HRMRKR\" \/>\n<meta name=\"twitter:label1\" content=\"Geschrieben von\" \/>\n\t<meta name=\"twitter:data1\" content=\"Henrik Merker\" \/>\n\t<meta name=\"twitter:label2\" content=\"Gesch\u00e4tzte Lesezeit\" \/>\n\t<meta name=\"twitter:data2\" content=\"4\u00a0Minuten\" \/>\n<script type=\"application\/ld+json\" class=\"yoast-schema-graph\">{\"@context\":\"https:\/\/schema.org\",\"@graph\":[{\"@type\":\"WebPage\",\"@id\":\"https:\/\/blog.zeit.de\/stoerungsmelder\/2019\/10\/28\/mickie-krause-beendet-zusammenarbeit-nach-rechtsextremismusvorwuerfen_29161\",\"url\":\"https:\/\/blog.zeit.de\/stoerungsmelder\/2019\/10\/28\/mickie-krause-beendet-zusammenarbeit-nach-rechtsextremismusvorwuerfen_29161\",\"name\":\"Mickie Krause beendet Zusammenarbeit nach Rechtsextremismusvorw\u00fcrfen - St\u00f6rungsmelder\",\"isPartOf\":{\"@id\":\"https:\/\/blog.zeit.de\/stoerungsmelder\/#website\"},\"datePublished\":\"2019-10-28T10:28:31+00:00\",\"dateModified\":\"2019-10-28T11:49:08+00:00\",\"author\":{\"@id\":\"https:\/\/blog.zeit.de\/stoerungsmelder\/#\/schema\/person\/75338b13df89ce2bcc9b98a76590fcbf\"},\"breadcrumb\":{\"@id\":\"https:\/\/blog.zeit.de\/stoerungsmelder\/2019\/10\/28\/mickie-krause-beendet-zusammenarbeit-nach-rechtsextremismusvorwuerfen_29161#breadcrumb\"},\"inLanguage\":\"de\",\"potentialAction\":[{\"@type\":\"ReadAction\",\"target\":[\"https:\/\/blog.zeit.de\/stoerungsmelder\/2019\/10\/28\/mickie-krause-beendet-zusammenarbeit-nach-rechtsextremismusvorwuerfen_29161\"]}]},{\"@type\":\"BreadcrumbList\",\"@id\":\"https:\/\/blog.zeit.de\/stoerungsmelder\/2019\/10\/28\/mickie-krause-beendet-zusammenarbeit-nach-rechtsextremismusvorwuerfen_29161#breadcrumb\",\"itemListElement\":[{\"@type\":\"ListItem\",\"position\":1,\"name\":\"Startseite\",\"item\":\"https:\/\/blog.zeit.de\/stoerungsmelder\"},{\"@type\":\"ListItem\",\"position\":2,\"name\":\"Mickie Krause beendet Zusammenarbeit nach Rechtsextremismusvorw\u00fcrfen\"}]},{\"@type\":\"WebSite\",\"@id\":\"https:\/\/blog.zeit.de\/stoerungsmelder\/#website\",\"url\":\"https:\/\/blog.zeit.de\/stoerungsmelder\/\",\"name\":\"St\u00f6rungsmelder\",\"description\":\"Recherchen und Analysen \u00fcber die extreme Rechte\",\"potentialAction\":[{\"@type\":\"SearchAction\",\"target\":{\"@type\":\"EntryPoint\",\"urlTemplate\":\"https:\/\/blog.zeit.de\/stoerungsmelder\/?s={search_term_string}\"},\"query-input\":\"required name=search_term_string\"}],\"inLanguage\":\"de\"},{\"@type\":\"Person\",\"@id\":\"https:\/\/blog.zeit.de\/stoerungsmelder\/#\/schema\/person\/75338b13df89ce2bcc9b98a76590fcbf\",\"name\":\"Henrik Merker\",\"image\":{\"@type\":\"ImageObject\",\"inLanguage\":\"de\",\"@id\":\"https:\/\/blog.zeit.de\/stoerungsmelder\/#\/schema\/person\/image\/\",\"url\":\"https:\/\/secure.gravatar.com\/avatar\/a881955e7dc03f4202c4c8e4fd5c4005ec3715376bd9a9ec246141f698e7e4ba?s=96&d=mm&r=pg\",\"contentUrl\":\"https:\/\/secure.gravatar.com\/avatar\/a881955e7dc03f4202c4c8e4fd5c4005ec3715376bd9a9ec246141f698e7e4ba?s=96&d=mm&r=pg\",\"caption\":\"Henrik Merker\"},\"sameAs\":[\"https:\/\/twitter.com\/HRMRKR\"],\"url\":\"https:\/\/blog.zeit.de\/stoerungsmelder\/author\/thomasschade\"}]}<\/script>\n<!-- \/ Yoast SEO plugin. -->","yoast_head_json":{"title":"Mickie Krause beendet Zusammenarbeit nach Rechtsextremismusvorw\u00fcrfen - St\u00f6rungsmelder","robots":{"index":"index","follow":"follow","max-snippet":"max-snippet:-1","max-image-preview":"max-image-preview:large","max-video-preview":"max-video-preview:-1"},"canonical":"https:\/\/blog.zeit.de\/stoerungsmelder\/2019\/10\/28\/mickie-krause-beendet-zusammenarbeit-nach-rechtsextremismusvorwuerfen_29161","og_locale":"de_DE","og_type":"article","og_title":"Mickie Krause beendet Zusammenarbeit nach Rechtsextremismusvorw\u00fcrfen - St\u00f6rungsmelder","og_description":"Schlagers\u00e4nger Mickie Krause hat einen Song mit einem K\u00fcnstler aus dem Erzgebirge aufgenommen. Der war zuvor auf einer NPD-nahen Veranstaltung aufgetreten und pflegt Kontakt zu Neonazis. Nach St\u00f6rungsmelder-Recherchen hat Krause den Kontakt abgebrochen.","og_url":"https:\/\/blog.zeit.de\/stoerungsmelder\/2019\/10\/28\/mickie-krause-beendet-zusammenarbeit-nach-rechtsextremismusvorwuerfen_29161","og_site_name":"St\u00f6rungsmelder","article_published_time":"2019-10-28T10:28:31+00:00","article_modified_time":"2019-10-28T11:49:08+00:00","og_image":[{"width":1340,"height":750,"url":"https:\/\/blog.zeit.de\/stoerungsmelder\/files\/2019\/10\/screenshot_video_hauer_krause.jpg","type":"image\/jpeg"}],"author":"Henrik Merker","twitter_card":"summary_large_image","twitter_description":"\"Mit sofortiger Wirkung\": Schlagerstar Mickie Krause hat die Zusammenarbeit mit einem S\u00e4nger aufgek\u00fcndigt, mit dem er zuvor ein Lied aufgenommen hatte. Der K\u00fcnstler aus dem Erzgebirge pflegt Verbindungen ins #Neonazi-Milieu. #Rechtsextremismus","twitter_creator":"@HRMRKR","twitter_misc":{"Geschrieben von":"Henrik Merker","Gesch\u00e4tzte Lesezeit":"4\u00a0Minuten"},"schema":{"@context":"https:\/\/schema.org","@graph":[{"@type":"WebPage","@id":"https:\/\/blog.zeit.de\/stoerungsmelder\/2019\/10\/28\/mickie-krause-beendet-zusammenarbeit-nach-rechtsextremismusvorwuerfen_29161","url":"https:\/\/blog.zeit.de\/stoerungsmelder\/2019\/10\/28\/mickie-krause-beendet-zusammenarbeit-nach-rechtsextremismusvorwuerfen_29161","name":"Mickie Krause beendet Zusammenarbeit nach Rechtsextremismusvorw\u00fcrfen - St\u00f6rungsmelder","isPartOf":{"@id":"https:\/\/blog.zeit.de\/stoerungsmelder\/#website"},"datePublished":"2019-10-28T10:28:31+00:00","dateModified":"2019-10-28T11:49:08+00:00","author":{"@id":"https:\/\/blog.zeit.de\/stoerungsmelder\/#\/schema\/person\/75338b13df89ce2bcc9b98a76590fcbf"},"breadcrumb":{"@id":"https:\/\/blog.zeit.de\/stoerungsmelder\/2019\/10\/28\/mickie-krause-beendet-zusammenarbeit-nach-rechtsextremismusvorwuerfen_29161#breadcrumb"},"inLanguage":"de","potentialAction":[{"@type":"ReadAction","target":["https:\/\/blog.zeit.de\/stoerungsmelder\/2019\/10\/28\/mickie-krause-beendet-zusammenarbeit-nach-rechtsextremismusvorwuerfen_29161"]}]},{"@type":"BreadcrumbList","@id":"https:\/\/blog.zeit.de\/stoerungsmelder\/2019\/10\/28\/mickie-krause-beendet-zusammenarbeit-nach-rechtsextremismusvorwuerfen_29161#breadcrumb","itemListElement":[{"@type":"ListItem","position":1,"name":"Startseite","item":"https:\/\/blog.zeit.de\/stoerungsmelder"},{"@type":"ListItem","position":2,"name":"Mickie Krause beendet Zusammenarbeit nach Rechtsextremismusvorw\u00fcrfen"}]},{"@type":"WebSite","@id":"https:\/\/blog.zeit.de\/stoerungsmelder\/#website","url":"https:\/\/blog.zeit.de\/stoerungsmelder\/","name":"St\u00f6rungsmelder","description":"Recherchen und Analysen \u00fcber die extreme Rechte","potentialAction":[{"@type":"SearchAction","target":{"@type":"EntryPoint","urlTemplate":"https:\/\/blog.zeit.de\/stoerungsmelder\/?s={search_term_string}"},"query-input":"required name=search_term_string"}],"inLanguage":"de"},{"@type":"Person","@id":"https:\/\/blog.zeit.de\/stoerungsmelder\/#\/schema\/person\/75338b13df89ce2bcc9b98a76590fcbf","name":"Henrik Merker","image":{"@type":"ImageObject","inLanguage":"de","@id":"https:\/\/blog.zeit.de\/stoerungsmelder\/#\/schema\/person\/image\/","url":"https:\/\/secure.gravatar.com\/avatar\/a881955e7dc03f4202c4c8e4fd5c4005ec3715376bd9a9ec246141f698e7e4ba?s=96&d=mm&r=pg","contentUrl":"https:\/\/secure.gravatar.com\/avatar\/a881955e7dc03f4202c4c8e4fd5c4005ec3715376bd9a9ec246141f698e7e4ba?s=96&d=mm&r=pg","caption":"Henrik Merker"},"sameAs":["https:\/\/twitter.com\/HRMRKR"],"url":"https:\/\/blog.zeit.de\/stoerungsmelder\/author\/thomasschade"}]}},"jetpack_featured_media_url":"https:\/\/blog.zeit.de\/stoerungsmelder\/files\/2019\/10\/screenshot_video_hauer_krause.jpg","jetpack_sharing_enabled":true,"_links":{"self":[{"href":"https:\/\/blog.zeit.de\/stoerungsmelder\/wp-json\/wp\/v2\/posts\/29161","targetHints":{"allow":["GET"]}}],"collection":[{"href":"https:\/\/blog.zeit.de\/stoerungsmelder\/wp-json\/wp\/v2\/posts"}],"about":[{"href":"https:\/\/blog.zeit.de\/stoerungsmelder\/wp-json\/wp\/v2\/types\/post"}],"author":[{"embeddable":true,"href":"https:\/\/blog.zeit.de\/stoerungsmelder\/wp-json\/wp\/v2\/users\/703"}],"replies":[{"embeddable":true,"href":"https:\/\/blog.zeit.de\/stoerungsmelder\/wp-json\/wp\/v2\/comments?post=29161"}],"version-history":[{"count":6,"href":"https:\/\/blog.zeit.de\/stoerungsmelder\/wp-json\/wp\/v2\/posts\/29161\/revisions"}],"predecessor-version":[{"id":29205,"href":"https:\/\/blog.zeit.de\/stoerungsmelder\/wp-json\/wp\/v2\/posts\/29161\/revisions\/29205"}],"wp:featuredmedia":[{"embeddable":true,"href":"https:\/\/blog.zeit.de\/stoerungsmelder\/wp-json\/wp\/v2\/media\/29180"}],"wp:attachment":[{"href":"https:\/\/blog.zeit.de\/stoerungsmelder\/wp-json\/wp\/v2\/media?parent=29161"}],"wp:term":[{"taxonomy":"category","embeddable":true,"href":"https:\/\/blog.zeit.de\/stoerungsmelder\/wp-json\/wp\/v2\/categories?post=29161"},{"taxonomy":"post_tag","embeddable":true,"href":"https:\/\/blog.zeit.de\/stoerungsmelder\/wp-json\/wp\/v2\/tags?post=29161"}],"curies":[{"name":"wp","href":"https:\/\/api.w.org\/{rel}","templated":true}]}}