{"id":292,"date":"2008-04-13T16:30:22","date_gmt":"2008-04-13T15:30:22","guid":{"rendered":"http:\/\/blog.zeit.de\/stoerungsmelder\/2008\/04\/13\/nrw-neonazis-missbrauchen-weiter-gedenken-an-getoteten-jugendlichen_292"},"modified":"2008-04-13T16:30:22","modified_gmt":"2008-04-13T15:30:22","slug":"nrw-neonazis-missbrauchen-weiter-gedenken-an-getoteten-jugendlichen","status":"publish","type":"post","link":"https:\/\/blog.zeit.de\/stoerungsmelder\/2008\/04\/13\/nrw-neonazis-missbrauchen-weiter-gedenken-an-getoteten-jugendlichen_292","title":{"rendered":"NRW: Neonazis missbrauchen weiter Gedenken an get\u00f6teten Jugendlichen"},"content":{"rendered":"<p>In Stolberg sind am 12. April 2008 etwa 800 Neonazis zur &#8222;Kevin-Demo&#8220; (Altermedia) aufmarschiert. Ziel des Protestzuges war der Tatort, an dem am vorherigen Wochenende der 19-j\u00e4hrige Kevin P. von einem inzwischen festgenommenen und gest\u00e4ndigen 18-J\u00e4hrigen mit Messerstichen t\u00f6dlich verletzt worden war. Nach Angaben der Staatsanwaltschaft hatte die Bluttat weder einen politischen noch rassistischen Hintergrund, sondern private und pers\u00f6nliche Motive. <a href=\"http:\/\/npd-blog.info\/?p=1585\">Gegen die Vereinnahmung des Opfers als M\u00e4rtyrer durch die rechtsextreme Szene, hatten die Eltern des Get\u00f6teten zuvor \u00f6ffentlich Stellung bezogen.<\/a> Auf der Neonazi-Seite Altermedia hie\u00df es dazu: &#8222;Sollen wir auf diese Eltern R\u00fccksicht nehmen?&#8220; Nein, entschieden die Neonazis, denn sie brauchen M\u00e4rtyrer. Schlicht und ergreifend verwerflich.<!--more--><\/p>\n<p><strong>&#8222;Live-Ticker&#8220; vom &#8222;Trauermarsch&#8220;<\/strong><\/p>\n<p>Doch damit nicht genug. Zu dem angeblichen Trauermarsch richteten Neonazis aus NRW einen &#8222;Live-Ticker&#8220; ein, in dem sie \u00fcber die Vorkommnisse berichteten. Im Stile der Frontberichterstattung hei\u00dft es unter anderem: &#8222;<em>Insgesamt 10 Verletzungen, darunter wurde einem die Kniescheibe rausgepr\u00fcgelt, ein Kamerad kann sein Auge nicht mehr \u00f6ffnen, sowie mehrere Schl\u00e4ge im Kopf-Bereich.&#8220; <\/em>Daraus wird bei Altermedia unter der \u00dcberschrift: &#8222;Polizei blockiert Demonstration! \u2013 Ausschreitungen! &#8211; Nationalisten verletzt!&#8220;: &#8222;Pure Schikane, die man sich auf nationaler Seite keineswegs bieten lassen will. Es kommt zu <em>\u201eAusbruchversuchen\u201c<\/em> wobei es zu Rangeleien mit der Polizei kommt \u2013 Festnahmen und Verletzte! Ein Nationalist wird durch den Kn\u00fcppeleinsatz der Polizei am Kehlkopf verletzt! Einem anderen soll die Kniescheibe kaputt gepr\u00fcgelt worden sein, andere bekommen Schl\u00e4ge im Kopfbereich! Weitere Verletzte gibt es au\u00dferdem durch den polizeilichen Einsatz von Pfeffergas.&#8220; In dem Demonstrationsbericht von Christian Worch, Anmelder des Aufmarsches, ist von diesen angeblichen Verletzungen \u00fcbrigens keine Rede, dort wird aber auch von &#8222;Angriffen der Polizei&#8220; geschrieben.<\/p>\n<p>Nach Polizeiangaben gab es 31 Festnahmen, unter anderem wegen Vermummungsversuchen, Mitf\u00fchren von gef\u00e4hrlichen Gegenst\u00e4nden und Waffen sowie Verst\u00f6\u00dfe gegen versammlungsrechtliche Auflagen. Mehrere verbotene Gegenst\u00e4nde wurden demnach sichergestellt, dazu geh\u00f6rten Zwillen, Messer, eine Axt, Quarzhandschuhe und Pfefferspraydosen.<\/p>\n<p><strong>&#8222;Keine \u00f6ffentliche Debatte nach M\u00fcnchen&#8220;!?! <\/strong><\/p>\n<p>Wie geradezu beeindruckend viele Neonazis die Realit\u00e4t komplett ausblenden k\u00f6nnen, zeigt folgender Absatz bei Altermedia: &#8222;Au\u00dferdem tritt ein Vertreter des Freien Netzes aus Sachsen ans Mikrophon, der mit Blick auf die gutb\u00fcrgerlichen Mahnungen gegen\u00fcber vermeintlich rechter Gewalt folgerichtig betonte, stattdessen jene Taten ins Licht zu r\u00fccken, bei denen zum Beispiel in M\u00fcnchen Ausl\u00e4nder Rentner verpr\u00fcgeln, bespucken oder beleidigen. <em>Dort blieb der Aufschrei ebenso aus wie in Stolberg.&#8220; <\/em>Immerhin waren es NPD und andere Neonazis, die die Debatte \u00fcber &#8222;kriminelle Ausl\u00e4nder&#8220;, nach der Gewalttat in M\u00fcnchen losgetreten von Roland Koch und Bild, noch abfeierten.<\/p>\n<p>Die Neonazis haben sich damit aber offenbar noch l\u00e4ngst nicht genug entbl\u00f6det. In Neonazi-Foren werden Gewaltfantasien gegen Polizei, Linke und Nicht-Deutsche freien Lauf gelassen. Zudem wird das militante Auftreten bei der Stolberg-Demonstration als Erfolg gewertet. Und am 26. April wollen die Rechtsextremisten erneut das Gedenken an den get\u00f6teten Jugendlichen f\u00fcr ihre Zwecke missbrauchen &#8211; dann ruft die NPD zum Aufmarsch auf. Arme Armee.<\/p>\n<p>Siehe auch: <a href=\"http:\/\/klarmann.blogsport.de\/2008\/04\/11\/gegenrechts-wie-freunde-einem-freund-nicht-kameraden-gedenken\/\">Wie Freunde einem Freund &#8211; und nicht Kameraden &#8211; gedenken.<\/a><\/p>\n<p><a href=\"http:\/\/npd-blog.info\/index.php?s=stolberg\">NPD-BLOG.INFO zum Thema.<\/a><\/p>\n","protected":false},"excerpt":{"rendered":"<p>In Stolberg sind am 12. April 2008 etwa 800 Neonazis zur &#8222;Kevin-Demo&#8220; (Altermedia) aufmarschiert. Ziel des Protestzuges war der Tatort, an dem am vorherigen Wochenende der 19-j\u00e4hrige Kevin P. von einem inzwischen festgenommenen und gest\u00e4ndigen 18-J\u00e4hrigen mit Messerstichen t\u00f6dlich verletzt worden war. Nach Angaben der Staatsanwaltschaft hatte die Bluttat weder einen politischen noch rassistischen Hintergrund, [&hellip;]<\/p>\n","protected":false},"author":227,"featured_media":0,"comment_status":"open","ping_status":"open","sticky":false,"template":"","format":"standard","meta":{"_jetpack_memberships_contains_paid_content":false,"footnotes":""},"categories":[1291],"tags":[1527],"class_list":["post-292","post","type-post","status-publish","format-standard","hentry","category-nordrhein-westfalen","tag-demonstrationen"],"yoast_head":"<!-- This site is optimized with the Yoast SEO plugin v21.0 - https:\/\/yoast.com\/wordpress\/plugins\/seo\/ -->\n<title>NRW: Neonazis missbrauchen weiter Gedenken an get\u00f6teten Jugendlichen - St\u00f6rungsmelder<\/title>\n<meta name=\"robots\" content=\"index, follow, max-snippet:-1, max-image-preview:large, max-video-preview:-1\" \/>\n<link rel=\"canonical\" href=\"https:\/\/blog.zeit.de\/stoerungsmelder\/2008\/04\/13\/nrw-neonazis-missbrauchen-weiter-gedenken-an-getoteten-jugendlichen_292\" \/>\n<meta property=\"og:locale\" content=\"de_DE\" \/>\n<meta property=\"og:type\" content=\"article\" \/>\n<meta property=\"og:title\" content=\"NRW: Neonazis missbrauchen weiter Gedenken an get\u00f6teten Jugendlichen - St\u00f6rungsmelder\" \/>\n<meta property=\"og:description\" content=\"In Stolberg sind am 12. April 2008 etwa 800 Neonazis zur &#8222;Kevin-Demo&#8220; (Altermedia) aufmarschiert. Ziel des Protestzuges war der Tatort, an dem am vorherigen Wochenende der 19-j\u00e4hrige Kevin P. von einem inzwischen festgenommenen und gest\u00e4ndigen 18-J\u00e4hrigen mit Messerstichen t\u00f6dlich verletzt worden war. Nach Angaben der Staatsanwaltschaft hatte die Bluttat weder einen politischen noch rassistischen Hintergrund, [&hellip;]\" \/>\n<meta property=\"og:url\" content=\"https:\/\/blog.zeit.de\/stoerungsmelder\/2008\/04\/13\/nrw-neonazis-missbrauchen-weiter-gedenken-an-getoteten-jugendlichen_292\" \/>\n<meta property=\"og:site_name\" content=\"St\u00f6rungsmelder\" \/>\n<meta property=\"article:published_time\" content=\"2008-04-13T15:30:22+00:00\" \/>\n<meta name=\"author\" content=\"Patrick Gensing\" \/>\n<meta name=\"twitter:card\" content=\"summary_large_image\" \/>\n<meta name=\"twitter:label1\" content=\"Geschrieben von\" \/>\n\t<meta name=\"twitter:data1\" content=\"Patrick Gensing\" \/>\n\t<meta name=\"twitter:label2\" content=\"Gesch\u00e4tzte Lesezeit\" \/>\n\t<meta name=\"twitter:data2\" content=\"3\u00a0Minuten\" \/>\n<script type=\"application\/ld+json\" class=\"yoast-schema-graph\">{\"@context\":\"https:\/\/schema.org\",\"@graph\":[{\"@type\":\"WebPage\",\"@id\":\"https:\/\/blog.zeit.de\/stoerungsmelder\/2008\/04\/13\/nrw-neonazis-missbrauchen-weiter-gedenken-an-getoteten-jugendlichen_292\",\"url\":\"https:\/\/blog.zeit.de\/stoerungsmelder\/2008\/04\/13\/nrw-neonazis-missbrauchen-weiter-gedenken-an-getoteten-jugendlichen_292\",\"name\":\"NRW: Neonazis missbrauchen weiter Gedenken an get\u00f6teten Jugendlichen - St\u00f6rungsmelder\",\"isPartOf\":{\"@id\":\"https:\/\/blog.zeit.de\/stoerungsmelder\/#website\"},\"datePublished\":\"2008-04-13T15:30:22+00:00\",\"dateModified\":\"2008-04-13T15:30:22+00:00\",\"author\":{\"@id\":\"https:\/\/blog.zeit.de\/stoerungsmelder\/#\/schema\/person\/1898e9a6d47b4737da2c4fca74a10552\"},\"breadcrumb\":{\"@id\":\"https:\/\/blog.zeit.de\/stoerungsmelder\/2008\/04\/13\/nrw-neonazis-missbrauchen-weiter-gedenken-an-getoteten-jugendlichen_292#breadcrumb\"},\"inLanguage\":\"de\",\"potentialAction\":[{\"@type\":\"ReadAction\",\"target\":[\"https:\/\/blog.zeit.de\/stoerungsmelder\/2008\/04\/13\/nrw-neonazis-missbrauchen-weiter-gedenken-an-getoteten-jugendlichen_292\"]}]},{\"@type\":\"BreadcrumbList\",\"@id\":\"https:\/\/blog.zeit.de\/stoerungsmelder\/2008\/04\/13\/nrw-neonazis-missbrauchen-weiter-gedenken-an-getoteten-jugendlichen_292#breadcrumb\",\"itemListElement\":[{\"@type\":\"ListItem\",\"position\":1,\"name\":\"Startseite\",\"item\":\"https:\/\/blog.zeit.de\/stoerungsmelder\"},{\"@type\":\"ListItem\",\"position\":2,\"name\":\"NRW: Neonazis missbrauchen weiter Gedenken an get\u00f6teten Jugendlichen\"}]},{\"@type\":\"WebSite\",\"@id\":\"https:\/\/blog.zeit.de\/stoerungsmelder\/#website\",\"url\":\"https:\/\/blog.zeit.de\/stoerungsmelder\/\",\"name\":\"St\u00f6rungsmelder\",\"description\":\"Recherchen und Analysen \u00fcber die extreme Rechte\",\"potentialAction\":[{\"@type\":\"SearchAction\",\"target\":{\"@type\":\"EntryPoint\",\"urlTemplate\":\"https:\/\/blog.zeit.de\/stoerungsmelder\/?s={search_term_string}\"},\"query-input\":\"required name=search_term_string\"}],\"inLanguage\":\"de\"},{\"@type\":\"Person\",\"@id\":\"https:\/\/blog.zeit.de\/stoerungsmelder\/#\/schema\/person\/1898e9a6d47b4737da2c4fca74a10552\",\"name\":\"Patrick Gensing\",\"image\":{\"@type\":\"ImageObject\",\"inLanguage\":\"de\",\"@id\":\"https:\/\/blog.zeit.de\/stoerungsmelder\/#\/schema\/person\/image\/\",\"url\":\"https:\/\/secure.gravatar.com\/avatar\/a7a6fc628ed4dd7517525b944e2a8b13f64804f428d399d781f8dd0c4651643a?s=96&d=mm&r=pg\",\"contentUrl\":\"https:\/\/secure.gravatar.com\/avatar\/a7a6fc628ed4dd7517525b944e2a8b13f64804f428d399d781f8dd0c4651643a?s=96&d=mm&r=pg\",\"caption\":\"Patrick Gensing\"},\"description\":\"Journalist, Blogger, Buchautor - Patrick Gensing besch\u00e4ftigt sich seit seiner Jugend Ende der 1980er Jahre mit den Themen Neonazis, Rassismus und Antisemitismus. Seit rund zehn Jahren schreibt er als Journalist \u00fcber diese Themen, unter anderem bei tagesschau.de, bei Zeit-Online, in der taz - oder in dem Buch \\\"Terror von rechts\\\", das am 14. September 2012 erscheint.\",\"sameAs\":[\"http:\/\/publikative.org\"],\"url\":\"https:\/\/blog.zeit.de\/stoerungsmelder\/author\/patrick-gensing\"}]}<\/script>\n<!-- \/ Yoast SEO plugin. -->","yoast_head_json":{"title":"NRW: Neonazis missbrauchen weiter Gedenken an get\u00f6teten Jugendlichen - St\u00f6rungsmelder","robots":{"index":"index","follow":"follow","max-snippet":"max-snippet:-1","max-image-preview":"max-image-preview:large","max-video-preview":"max-video-preview:-1"},"canonical":"https:\/\/blog.zeit.de\/stoerungsmelder\/2008\/04\/13\/nrw-neonazis-missbrauchen-weiter-gedenken-an-getoteten-jugendlichen_292","og_locale":"de_DE","og_type":"article","og_title":"NRW: Neonazis missbrauchen weiter Gedenken an get\u00f6teten Jugendlichen - St\u00f6rungsmelder","og_description":"In Stolberg sind am 12. April 2008 etwa 800 Neonazis zur &#8222;Kevin-Demo&#8220; (Altermedia) aufmarschiert. Ziel des Protestzuges war der Tatort, an dem am vorherigen Wochenende der 19-j\u00e4hrige Kevin P. von einem inzwischen festgenommenen und gest\u00e4ndigen 18-J\u00e4hrigen mit Messerstichen t\u00f6dlich verletzt worden war. Nach Angaben der Staatsanwaltschaft hatte die Bluttat weder einen politischen noch rassistischen Hintergrund, [&hellip;]","og_url":"https:\/\/blog.zeit.de\/stoerungsmelder\/2008\/04\/13\/nrw-neonazis-missbrauchen-weiter-gedenken-an-getoteten-jugendlichen_292","og_site_name":"St\u00f6rungsmelder","article_published_time":"2008-04-13T15:30:22+00:00","author":"Patrick Gensing","twitter_card":"summary_large_image","twitter_misc":{"Geschrieben von":"Patrick Gensing","Gesch\u00e4tzte Lesezeit":"3\u00a0Minuten"},"schema":{"@context":"https:\/\/schema.org","@graph":[{"@type":"WebPage","@id":"https:\/\/blog.zeit.de\/stoerungsmelder\/2008\/04\/13\/nrw-neonazis-missbrauchen-weiter-gedenken-an-getoteten-jugendlichen_292","url":"https:\/\/blog.zeit.de\/stoerungsmelder\/2008\/04\/13\/nrw-neonazis-missbrauchen-weiter-gedenken-an-getoteten-jugendlichen_292","name":"NRW: Neonazis missbrauchen weiter Gedenken an get\u00f6teten Jugendlichen - St\u00f6rungsmelder","isPartOf":{"@id":"https:\/\/blog.zeit.de\/stoerungsmelder\/#website"},"datePublished":"2008-04-13T15:30:22+00:00","dateModified":"2008-04-13T15:30:22+00:00","author":{"@id":"https:\/\/blog.zeit.de\/stoerungsmelder\/#\/schema\/person\/1898e9a6d47b4737da2c4fca74a10552"},"breadcrumb":{"@id":"https:\/\/blog.zeit.de\/stoerungsmelder\/2008\/04\/13\/nrw-neonazis-missbrauchen-weiter-gedenken-an-getoteten-jugendlichen_292#breadcrumb"},"inLanguage":"de","potentialAction":[{"@type":"ReadAction","target":["https:\/\/blog.zeit.de\/stoerungsmelder\/2008\/04\/13\/nrw-neonazis-missbrauchen-weiter-gedenken-an-getoteten-jugendlichen_292"]}]},{"@type":"BreadcrumbList","@id":"https:\/\/blog.zeit.de\/stoerungsmelder\/2008\/04\/13\/nrw-neonazis-missbrauchen-weiter-gedenken-an-getoteten-jugendlichen_292#breadcrumb","itemListElement":[{"@type":"ListItem","position":1,"name":"Startseite","item":"https:\/\/blog.zeit.de\/stoerungsmelder"},{"@type":"ListItem","position":2,"name":"NRW: Neonazis missbrauchen weiter Gedenken an get\u00f6teten Jugendlichen"}]},{"@type":"WebSite","@id":"https:\/\/blog.zeit.de\/stoerungsmelder\/#website","url":"https:\/\/blog.zeit.de\/stoerungsmelder\/","name":"St\u00f6rungsmelder","description":"Recherchen und Analysen \u00fcber die extreme Rechte","potentialAction":[{"@type":"SearchAction","target":{"@type":"EntryPoint","urlTemplate":"https:\/\/blog.zeit.de\/stoerungsmelder\/?s={search_term_string}"},"query-input":"required name=search_term_string"}],"inLanguage":"de"},{"@type":"Person","@id":"https:\/\/blog.zeit.de\/stoerungsmelder\/#\/schema\/person\/1898e9a6d47b4737da2c4fca74a10552","name":"Patrick Gensing","image":{"@type":"ImageObject","inLanguage":"de","@id":"https:\/\/blog.zeit.de\/stoerungsmelder\/#\/schema\/person\/image\/","url":"https:\/\/secure.gravatar.com\/avatar\/a7a6fc628ed4dd7517525b944e2a8b13f64804f428d399d781f8dd0c4651643a?s=96&d=mm&r=pg","contentUrl":"https:\/\/secure.gravatar.com\/avatar\/a7a6fc628ed4dd7517525b944e2a8b13f64804f428d399d781f8dd0c4651643a?s=96&d=mm&r=pg","caption":"Patrick Gensing"},"description":"Journalist, Blogger, Buchautor - Patrick Gensing besch\u00e4ftigt sich seit seiner Jugend Ende der 1980er Jahre mit den Themen Neonazis, Rassismus und Antisemitismus. Seit rund zehn Jahren schreibt er als Journalist \u00fcber diese Themen, unter anderem bei tagesschau.de, bei Zeit-Online, in der taz - oder in dem Buch \"Terror von rechts\", das am 14. September 2012 erscheint.","sameAs":["http:\/\/publikative.org"],"url":"https:\/\/blog.zeit.de\/stoerungsmelder\/author\/patrick-gensing"}]}},"jetpack_featured_media_url":"","jetpack_sharing_enabled":true,"_links":{"self":[{"href":"https:\/\/blog.zeit.de\/stoerungsmelder\/wp-json\/wp\/v2\/posts\/292","targetHints":{"allow":["GET"]}}],"collection":[{"href":"https:\/\/blog.zeit.de\/stoerungsmelder\/wp-json\/wp\/v2\/posts"}],"about":[{"href":"https:\/\/blog.zeit.de\/stoerungsmelder\/wp-json\/wp\/v2\/types\/post"}],"author":[{"embeddable":true,"href":"https:\/\/blog.zeit.de\/stoerungsmelder\/wp-json\/wp\/v2\/users\/227"}],"replies":[{"embeddable":true,"href":"https:\/\/blog.zeit.de\/stoerungsmelder\/wp-json\/wp\/v2\/comments?post=292"}],"version-history":[{"count":0,"href":"https:\/\/blog.zeit.de\/stoerungsmelder\/wp-json\/wp\/v2\/posts\/292\/revisions"}],"wp:attachment":[{"href":"https:\/\/blog.zeit.de\/stoerungsmelder\/wp-json\/wp\/v2\/media?parent=292"}],"wp:term":[{"taxonomy":"category","embeddable":true,"href":"https:\/\/blog.zeit.de\/stoerungsmelder\/wp-json\/wp\/v2\/categories?post=292"},{"taxonomy":"post_tag","embeddable":true,"href":"https:\/\/blog.zeit.de\/stoerungsmelder\/wp-json\/wp\/v2\/tags?post=292"}],"curies":[{"name":"wp","href":"https:\/\/api.w.org\/{rel}","templated":true}]}}