{"id":29563,"date":"2020-02-16T12:16:44","date_gmt":"2020-02-16T11:16:44","guid":{"rendered":"https:\/\/blog.zeit.de\/stoerungsmelder\/?p=29563"},"modified":"2020-02-16T13:02:19","modified_gmt":"2020-02-16T12:02:19","slug":"wie-die-npd-den-dresdner-opfermythos-am-leben-haelt","status":"publish","type":"post","link":"https:\/\/blog.zeit.de\/stoerungsmelder\/2020\/02\/16\/wie-die-npd-den-dresdner-opfermythos-am-leben-haelt_29563","title":{"rendered":"Wie die NPD den Dresdner Opfermythos am Leben h\u00e4lt"},"content":{"rendered":"<p><strong>In Dresden hat ein NPD-Politiker 1.200 Rechte zum 75. Jahrestag der Bombardierung versammelt. Sein Ziel: der Stadt die Opferrolle zu verpassen. Mehrere Tausend Demonstranten setzten ein Zeichen dagegen.<\/strong><\/p>\n<p><em>Von Hardy Kr\u00fcger und Henrik Merker<\/em><\/p>\n<p><figure id=\"attachment_29566\" aria-describedby=\"caption-attachment-29566\" style=\"width: 620px\" class=\"wp-caption aligncenter\"><img loading=\"lazy\" decoding=\"async\" class=\"wp-image-29566 size-full\" src=\"https:\/\/blog.zeit.de\/stoerungsmelder\/files\/2020\/02\/Dresden1.jpg\" alt=\"Wie die NPD den Dresdner Opfermythos am Leben h\u00e4lt\" width=\"620\" height=\"413\" \/><figcaption id=\"caption-attachment-29566\" class=\"wp-caption-text\">Demonstranten an der Spitze des Marsches durch Dresden \u00a9 Hardy Kr\u00fcger<\/figcaption><\/figure><\/p>\n<p>In Dreier- und Viererreihen, scheinbar endlos hintereinander folgend, schl\u00e4ngelte sich ein angeblicher Trauermarsch durch die Stra\u00dfen des nachmitt\u00e4glichen Dresdens. Rund 1.200 schwarz gekleidete Rechtsextremisten gaben der mit klassischer Instrumentalmusik unterlegten Prozession durch die s\u00e4chsische Landeshauptstadt die Form \u2013 eine Mischung aus Anh\u00e4ngern der Parteien NPD und Die Rechte sowie Pegida-Demonstranten und parteilosen Neonazis. Der Aufzug am Samstag war das j\u00e4hrliche Gedenken, das Rechte <a href=\"https:\/\/blog.zeit.de\/stoerungsmelder\/2019\/02\/16\/nazis-propagieren-dresdner-opfermythos_28079\">anl\u00e4sslich der Bombardierung Dresdens im Zweiten Weltkrieg abhalten<\/a>. 2020 war es der 75. Jahrestag.<\/p>\n<p>Was die Neonazis allj\u00e4hrlich in Dresden veranstalten, hat System. Es soll ein Erlebnis f\u00fcr das braune Milieu sein. Doch der Zweck geht dar\u00fcber hinaus: Der Marsch soll einen Opfermythos verbreiten, die Geschichte Dresdens verdrehen.<\/p>\n<p><!--more--><\/p>\n<h2>Frauenkirche als vermeintliche Kronzeugin des Opfermythos<\/h2>\n<p>Zu den wichtigsten Urhebern dieses Mythos <a href=\"https:\/\/blog.zeit.de\/stoerungsmelder\/2018\/02\/12\/dresden-im-februar-zwischen-afd-und-neonazis_25551\">geh\u00f6rt Maik M\u00fcller<\/a>. Der Dresdner organisiert die M\u00e4rsche als Anf\u00fchrer der Initiative Dresden Gedenken seit Jahren. M\u00fcller ist auch \u00f6rtlicher Kreisverbandschef der NPD und s\u00e4chsischer Landeschef der Parteijugend Junge Nationalisten (JN). Laut dem s\u00e4chsischen Verfassungsschutz legt er seinen Fokus auf &#8222;bundesweite Vernetzung&#8220; und auf &#8222;Internationalit\u00e4t&#8220;, etwa durch enge Verbindungen nach Osteuropa. Inhaltlich stehe er mit dem Marsch jedoch f\u00fcr eine &#8222;R\u00fcckbesinnung auf Kernanliegen und Kernthemen der rechtsextremistischen Szene&#8220;.<\/p>\n<p><figure id=\"attachment_29568\" aria-describedby=\"caption-attachment-29568\" style=\"width: 620px\" class=\"wp-caption aligncenter\"><img loading=\"lazy\" decoding=\"async\" class=\"wp-image-29568 size-full\" src=\"https:\/\/blog.zeit.de\/stoerungsmelder\/files\/2020\/02\/Dresden3.jpg\" alt=\"Wie die NPD den Dresdner Opfermythos am Leben h\u00e4lt\" width=\"620\" height=\"413\" \/><figcaption id=\"caption-attachment-29568\" class=\"wp-caption-text\">Veranstalter Maik M\u00fcller (Mitte) \u00a9 Hardy Kr\u00fcger<\/figcaption><\/figure><\/p>\n<p>Und dazu geh\u00f6rt das Bild des eigenen Volkes als Opfer \u2013 symbolisiert durch ein Bauwerk: die w\u00e4hrend der Bombardierung zerst\u00f6rte, seit einigen Jahren wiederaufgebaute <a href=\"https:\/\/www.zeit.de\/2016\/45\/frauenkirche-dresden-weihe-politik\">Dresdner Frauenkirche<\/a>. Flyer und Plakate f\u00fcr den Aufzug zeigen das Abbild des Bauwerks. Die Kirche \u2013 als Raum des friedlichen Gebetes und als Haus Gottes \u2013 dient f\u00fcr den sich selbst als orthodoxen Christen bezeichnenden M\u00fcller und seine Initiative offenbar als Kronzeugin in einem symbolischen Revisionsprozess, in dem sich die Neonazis als moralische Kl\u00e4ger sehen.<\/p>\n<p>Auch das Datum des Marsches steht in engem Bezug zum Bauwerk: Am 15. Februar 1945 sei die Frauenkirche durch <a href=\"https:\/\/www.zeit.de\/gesellschaft\/zeitgeschehen\/2020-02\/dresden-13-februar-gedenken-bombardierung\">die Bombardierung<\/a> der Vortage eingest\u00fcrzt, sagte M\u00fcller in einem Redebeitrag bei der Kundgebung. Die Erinnerung an dieses Detail ist ein wiederkehrendes, immer wieder vorgetragenes Thema. Bereits vor f\u00fcnf Jahren hatte Dresden Gedenken zu diesem Datum ihre Gesinnungsgenossen auf die Stra\u00dfe gebracht. Die Initiative emp\u00f6rte sich, dass die Kirche &#8222;nach vier Angriffswellen angloamerikanischer Bomber gegen die s\u00e4chsische Kunst- und Kulturstadt einst\u00fcrzte&#8220;.<\/p>\n<h2>Provokante Rhetorik der Neonazis<\/h2>\n<p>Unerw\u00e4hnt lie\u00dfen die angeblich um das st\u00e4dtische Kulturgut Besorgten hingegen, dass die Nazis bereits 1938 \u2013 ein Jahr vor dem Beginn des Zweiten Weltkrieges \u2013 die vom Architekten Gottfried Semper entworfene Synagoge niedergebrannt und die Mauern gesprengt hatten.<\/p>\n<p>Die Lesart der Rechten zeigte sich auch an einem Schild, das die fr\u00fchere Pegida-Aktivistin <a href=\"https:\/\/blog.zeit.de\/stoerungsmelder\/2018\/06\/10\/2-200-neonazis-feiern-ungestoert-in-themar_26623\">Kathrin Oertel<\/a> trug: Die Befreiung durch die Alliierten sei ein &#8222;Holocaust am deutschen Volk&#8220;, stand dort. Dennoch errangen M\u00fcller und seine Initiative nicht die Deutungshoheit auf den Dresdner Stra\u00dfen \u2013 mehrere Netzwerke hielten mit ihrem Erinnern dagegen.<\/p>\n<p><figure id=\"attachment_29573\" aria-describedby=\"caption-attachment-29573\" style=\"width: 620px\" class=\"wp-caption aligncenter\"><img loading=\"lazy\" decoding=\"async\" class=\"wp-image-29573 size-full\" src=\"https:\/\/blog.zeit.de\/stoerungsmelder\/files\/2020\/02\/Dresden3-1.jpg\" alt=\"Wie die NPD den Dresdner Opfermythos am Leben h\u00e4lt\" width=\"620\" height=\"413\" \/><figcaption id=\"caption-attachment-29573\" class=\"wp-caption-text\">Die fr\u00fchere Pegida-Aktivistin Kathrin Oertel \u00a9 Hardy Kr\u00fcger<\/figcaption><\/figure><\/p>\n<p>Die Stadt Dresden organisierte bereits zwei Tage zuvor, am eigentlichen Jahrestag der Bombardierung, eine Gedenkveranstaltung. Dort <a href=\"https:\/\/www.zeit.de\/politik\/deutschland\/2020-02\/jahrestag-zerstoerung-dresden-frank-walter-steinmeier-demokratie\">sprach Bundespr\u00e4sident Frank-Walter Steinmeier<\/a> und mahnte: &#8222;Die Zerst\u00f6rung der Kulturstadt Dresden begann schon 1933.&#8220; Rund 11.000 Menschen bildeten anschlie\u00dfend eine Menschenkette um die Altstadt.<\/p>\n<h2>Umstrittene Gedenkzeremonie<\/h2>\n<p>In der Kritik steht allerdings eine Veranstaltung auf dem Heidefriedhof am Stadtrand: Unterschiedslos wurden dort am Donnerstag die Namen aller verlesen, die bei der Bombardierung starben \u2013 NS-Verbrecher genauso wie Juden. Beobachter mahnten, die Form des Gedenkens sei geschichtsrevisionistisch, sie mache T\u00e4ter und Opfer gleich und werde Neonazis anziehen.<\/p>\n\n<div class=\"embed-wrapper embed-wrapper--blocked js-embed-consent\" data-method=\"embed\">\n<script class=\"raw__source\" type=\"text\/template\"><div class=\"embed-twitter\"><blockquote class=\"twitter-tweet\" data-width=\"550\" data-dnt=\"true\"><p data-replace lang=\"de\" dir=\"ltr\">Die Junge Landsmannschaft Ostpreu\u00dfen hatte den Begriff \u00bbBombenterror\u00ab bei ihren j\u00e4hrlichen Neonazi-Aufm\u00e4rschen in <a href=\"https:\/\/twitter.com\/hashtag\/Dresden?src=hash&amp;ref_src=twsrc%5Etfw\">#Dresden<\/a> seit 2000 gepr\u00e4gt. Auch dieses Jahr wird das geschichtsrevisionistische Wording von den Neonazis verwendet. Darin sind sie sich mit der AfD einig. <a href=\"https:\/\/twitter.com\/hashtag\/dd1302?src=hash&amp;ref_src=twsrc%5Etfw\">#dd1302<\/a> <a href=\"https:\/\/t.co\/h6SHNAAfRt\">pic.twitter.com\/h6SHNAAfRt<\/a><\/p>&mdash; Henrik Merker (@HRMRKR) <a href=\"https:\/\/twitter.com\/HRMRKR\/status\/1227978227186049025?ref_src=twsrc%5Etfw\">February 13, 2020<\/a><\/blockquote><scr+ipt async src=\"https:\/\/platform.twitter.com\/widgets.js\" charset=\"utf-8\"><\/scr+ipt><\/div><\/script>\n<div class=\"embed-wrapper__inner\">\n<div class=\"embed-wrapper__text\">\n<h3>Empfohlener redaktioneller Inhalt<\/h3>\n<p data-replace=\"no\">An dieser Stelle finden Sie externen Inhalt, der den Artikel erg\u00e4nzt. Sie k\u00f6nnen sich externe Inhalte mit einem Klick anzeigen lassen und wieder ausblenden.<noscript>Bitte aktivieren Sie JavaScript damit Sie diesen Inhalt anzeigen k\u00f6nnen.<\/noscript><\/p>\n<\/div>\n<div class=\"embed-consent\">\n<label class=\"embed-consent__toggle\">\n<input class=\"js-embed-consent__toggle\" type=\"checkbox\" autocomplete=\"off\">\n<span><\/span>\nExterner Inhalt\n<\/label>\n<a href=\"https:\/\/www.zeit.de\/hilfe\/datenschutz\" target=\"_blank\" class=\"embed-consent__datalink-when-active\">Datenschutzerkl\u00e4rung<\/a>\n<\/div>\n<div class=\"embed-wrapper__footer\">\n<p data-replace=\"no\">\nIch bin damit einverstanden, dass mir externe Inhalte angezeigt werden. Damit k\u00f6nnen personenbezogene Daten an Drittplattformen \u00fcbermittelt werden. <a href=\"https:\/\/www.zeit.de\/hilfe\/datenschutz\" target=\"_blank\">Mehr dazu in unserer Datenschutzerkl\u00e4rung.<\/a>\n<\/p>\n<\/div>\n<\/div>\n<\/div>\n<p>Dazu kam es auch. An der Lesung, er\u00f6ffnet von B\u00fcrgermeister Detlef Sittel, beteiligte sich ein Dresdner Neonazi. Teilnehmen durfte jeder, der sich zuvor angemeldet hatte \u2013 der Name des Rechtsextremisten m\u00fcsste also zuvor bekannt gewesen sein. Eine Zeitung hatte 2018 im Zusammenhang mit rechtsextremistischen Straftaten \u00fcber ihn berichtet. Derselbe Neonazi lief auch beim Aufmarsch am 15. Februar mit.<\/p>\n<p><figure id=\"attachment_29560\" aria-describedby=\"caption-attachment-29560\" style=\"width: 2400px\" class=\"wp-caption aligncenter\"><img loading=\"lazy\" decoding=\"async\" class=\"wp-image-29560 size-full\" src=\"https:\/\/blog.zeit.de\/stoerungsmelder\/files\/2020\/02\/20200213121250_IMG_7299.jpg\" alt=\"Wie die NPD den Dresdner Opfermythos am Leben h\u00e4lt\" width=\"2400\" height=\"1600\" srcset=\"https:\/\/blog.zeit.de\/stoerungsmelder\/files\/2020\/02\/20200213121250_IMG_7299.jpg 2400w, https:\/\/blog.zeit.de\/stoerungsmelder\/files\/2020\/02\/20200213121250_IMG_7299-620x413.jpg 620w, https:\/\/blog.zeit.de\/stoerungsmelder\/files\/2020\/02\/20200213121250_IMG_7299-1024x683.jpg 1024w, https:\/\/blog.zeit.de\/stoerungsmelder\/files\/2020\/02\/20200213121250_IMG_7299-768x512.jpg 768w, https:\/\/blog.zeit.de\/stoerungsmelder\/files\/2020\/02\/20200213121250_IMG_7299-1536x1024.jpg 1536w, https:\/\/blog.zeit.de\/stoerungsmelder\/files\/2020\/02\/20200213121250_IMG_7299-2048x1365.jpg 2048w\" sizes=\"auto, (max-width: 2400px) 100vw, 2400px\" \/><figcaption id=\"caption-attachment-29560\" class=\"wp-caption-text\">Der NS-Begriff &#8222;Bombenterror&#8220; ist auf einem Kranz zu lesen. \u00a9 Henrik Merker<\/figcaption><\/figure><\/p>\n<p>Kr\u00e4nze legte unter anderem <a href=\"https:\/\/blog.zeit.de\/stoerungsmelder\/2019\/02\/05\/afd-rechtsextreme-mitarbeiter-brandenburg-thueringen-verfassungsschutz_28014\">die AfD<\/a> nieder. Auf Spruchb\u00e4ndern darauf war von &#8222;Bombenterror&#8220; die Rede \u2013 ein Begriff, den der NS-Propagandaminister Joseph Goebbels gepr\u00e4gt hatte. Zudem drapierte die Partei zwei Europaletten, dekoriert mit Plastikblumen, die zu der Zahl 6865 geformt waren. So viele Leichen sollen auf dem Dresdner Altmarkt verbrannt worden sein, um die Seuchengefahr nach der Bombardierung einzud\u00e4mmen.<\/p>\n<p>Gegen den Trauermarsch am Samstag protestierten rund 2.000 Menschen. Von den Demonstrationsz\u00fcgen aus schallten den Rechten vom Anfang bis zum Schluss Pfiffe entgegen. Die Gegendemonstranten sorgten mit einer Blockade zudem daf\u00fcr, dass den Neonazis ein Marsch durch die Altstadt verwehrt blieb \u2013 den Ort, an dem auch die symboltr\u00e4chtige Frauenkirche steht.<\/p>\n","protected":false},"excerpt":{"rendered":"<p>Vorgeblich war es ein Gedenken &#8211; tats\u00e4chlich das Basteln an einem Opfermythos: Neonazis haben mit einem Trauermarsch an die Bombardierung Dresdens erinnert<\/p>\n","protected":false},"author":229,"featured_media":29566,"comment_status":"open","ping_status":"closed","sticky":false,"template":"","format":"standard","meta":{"_jetpack_memberships_contains_paid_content":false,"footnotes":""},"categories":[1456],"tags":[24530,1539,23566,34058,1716,32209,24526],"class_list":["post-29563","post","type-post","status-publish","format-standard","has-post-thumbnail","hentry","category-sachsen","tag-bombardierung","tag-dresden","tag-neonazi","tag-neonazi-demo","tag-npd","tag-pegida","tag-trauermarsch"],"yoast_head":"<!-- This site is optimized with the Yoast SEO plugin v21.0 - https:\/\/yoast.com\/wordpress\/plugins\/seo\/ -->\n<title>Wie die NPD den Dresdner Opfermythos am Leben h\u00e4lt<\/title>\n<meta name=\"description\" content=\"In Dresden hat ein NPD-Politiker 1.200 Rechte zum 75. Jahrestag der Bombardierung versammelt. Sein Ziel: der Stadt die Opferrolle zu verpassen.\" \/>\n<meta name=\"robots\" content=\"index, follow, max-snippet:-1, max-image-preview:large, max-video-preview:-1\" \/>\n<link rel=\"canonical\" href=\"https:\/\/blog.zeit.de\/stoerungsmelder\/2020\/02\/16\/wie-die-npd-den-dresdner-opfermythos-am-leben-haelt_29563\" \/>\n<meta property=\"og:locale\" content=\"de_DE\" \/>\n<meta property=\"og:type\" content=\"article\" \/>\n<meta property=\"og:title\" content=\"Wie die NPD den Dresdner Opfermythos am Leben h\u00e4lt\" \/>\n<meta property=\"og:description\" content=\"In Dresden hat ein NPD-Politiker 1.200 Rechte zum 75. Jahrestag der Bombardierung versammelt. Sein Ziel: der Stadt die Opferrolle zu verpassen.\" \/>\n<meta property=\"og:url\" content=\"https:\/\/blog.zeit.de\/stoerungsmelder\/2020\/02\/16\/wie-die-npd-den-dresdner-opfermythos-am-leben-haelt_29563\" \/>\n<meta property=\"og:site_name\" content=\"St\u00f6rungsmelder\" \/>\n<meta property=\"article:published_time\" content=\"2020-02-16T11:16:44+00:00\" \/>\n<meta property=\"article:modified_time\" content=\"2020-02-16T12:02:19+00:00\" \/>\n<meta property=\"og:image\" content=\"https:\/\/blog.zeit.de\/stoerungsmelder\/files\/2020\/02\/Dresden1.jpg\" \/>\n\t<meta property=\"og:image:width\" content=\"620\" \/>\n\t<meta property=\"og:image:height\" content=\"413\" \/>\n\t<meta property=\"og:image:type\" content=\"image\/jpeg\" \/>\n<meta name=\"author\" content=\"St\u00f6rungsmelder\" \/>\n<meta name=\"twitter:card\" content=\"summary_large_image\" \/>\n<meta name=\"twitter:description\" content=\"Mit einem angeblichen Trauermarsch wollten #Neonazis an die Bombardierung von #Dresden erinnern - um einen Opfermythos zu verbreiten. Tausende stellten sich ihnen entgegen\" \/>\n<meta name=\"twitter:label1\" content=\"Geschrieben von\" \/>\n\t<meta name=\"twitter:data1\" content=\"St\u00f6rungsmelder\" \/>\n\t<meta name=\"twitter:label2\" content=\"Gesch\u00e4tzte Lesezeit\" \/>\n\t<meta name=\"twitter:data2\" content=\"4\u00a0Minuten\" \/>\n<script type=\"application\/ld+json\" class=\"yoast-schema-graph\">{\"@context\":\"https:\/\/schema.org\",\"@graph\":[{\"@type\":\"WebPage\",\"@id\":\"https:\/\/blog.zeit.de\/stoerungsmelder\/2020\/02\/16\/wie-die-npd-den-dresdner-opfermythos-am-leben-haelt_29563\",\"url\":\"https:\/\/blog.zeit.de\/stoerungsmelder\/2020\/02\/16\/wie-die-npd-den-dresdner-opfermythos-am-leben-haelt_29563\",\"name\":\"Wie die NPD den Dresdner Opfermythos am Leben h\u00e4lt\",\"isPartOf\":{\"@id\":\"https:\/\/blog.zeit.de\/stoerungsmelder\/#website\"},\"datePublished\":\"2020-02-16T11:16:44+00:00\",\"dateModified\":\"2020-02-16T12:02:19+00:00\",\"author\":{\"@id\":\"https:\/\/blog.zeit.de\/stoerungsmelder\/#\/schema\/person\/fdd0b9818f65738672810b6d6f037f71\"},\"description\":\"In Dresden hat ein NPD-Politiker 1.200 Rechte zum 75. Jahrestag der Bombardierung versammelt. Sein Ziel: der Stadt die Opferrolle zu verpassen.\",\"breadcrumb\":{\"@id\":\"https:\/\/blog.zeit.de\/stoerungsmelder\/2020\/02\/16\/wie-die-npd-den-dresdner-opfermythos-am-leben-haelt_29563#breadcrumb\"},\"inLanguage\":\"de\",\"potentialAction\":[{\"@type\":\"ReadAction\",\"target\":[\"https:\/\/blog.zeit.de\/stoerungsmelder\/2020\/02\/16\/wie-die-npd-den-dresdner-opfermythos-am-leben-haelt_29563\"]}]},{\"@type\":\"BreadcrumbList\",\"@id\":\"https:\/\/blog.zeit.de\/stoerungsmelder\/2020\/02\/16\/wie-die-npd-den-dresdner-opfermythos-am-leben-haelt_29563#breadcrumb\",\"itemListElement\":[{\"@type\":\"ListItem\",\"position\":1,\"name\":\"Startseite\",\"item\":\"https:\/\/blog.zeit.de\/stoerungsmelder\"},{\"@type\":\"ListItem\",\"position\":2,\"name\":\"Wie die NPD den Dresdner Opfermythos am Leben h\u00e4lt\"}]},{\"@type\":\"WebSite\",\"@id\":\"https:\/\/blog.zeit.de\/stoerungsmelder\/#website\",\"url\":\"https:\/\/blog.zeit.de\/stoerungsmelder\/\",\"name\":\"St\u00f6rungsmelder\",\"description\":\"Recherchen und Analysen \u00fcber die extreme Rechte\",\"potentialAction\":[{\"@type\":\"SearchAction\",\"target\":{\"@type\":\"EntryPoint\",\"urlTemplate\":\"https:\/\/blog.zeit.de\/stoerungsmelder\/?s={search_term_string}\"},\"query-input\":\"required name=search_term_string\"}],\"inLanguage\":\"de\"},{\"@type\":\"Person\",\"@id\":\"https:\/\/blog.zeit.de\/stoerungsmelder\/#\/schema\/person\/fdd0b9818f65738672810b6d6f037f71\",\"name\":\"St\u00f6rungsmelder\",\"image\":{\"@type\":\"ImageObject\",\"inLanguage\":\"de\",\"@id\":\"https:\/\/blog.zeit.de\/stoerungsmelder\/#\/schema\/person\/image\/\",\"url\":\"https:\/\/secure.gravatar.com\/avatar\/dfa4be514c3e82a71e4f9a0020035d38192d080ccaa5e4e6d7a1472c763535c5?s=96&d=mm&r=pg\",\"contentUrl\":\"https:\/\/secure.gravatar.com\/avatar\/dfa4be514c3e82a71e4f9a0020035d38192d080ccaa5e4e6d7a1472c763535c5?s=96&d=mm&r=pg\",\"caption\":\"St\u00f6rungsmelder\"},\"url\":\"https:\/\/blog.zeit.de\/stoerungsmelder\/author\/stoerungsmelder\"}]}<\/script>\n<!-- \/ Yoast SEO plugin. -->","yoast_head_json":{"title":"Wie die NPD den Dresdner Opfermythos am Leben h\u00e4lt","description":"In Dresden hat ein NPD-Politiker 1.200 Rechte zum 75. Jahrestag der Bombardierung versammelt. Sein Ziel: der Stadt die Opferrolle zu verpassen.","robots":{"index":"index","follow":"follow","max-snippet":"max-snippet:-1","max-image-preview":"max-image-preview:large","max-video-preview":"max-video-preview:-1"},"canonical":"https:\/\/blog.zeit.de\/stoerungsmelder\/2020\/02\/16\/wie-die-npd-den-dresdner-opfermythos-am-leben-haelt_29563","og_locale":"de_DE","og_type":"article","og_title":"Wie die NPD den Dresdner Opfermythos am Leben h\u00e4lt","og_description":"In Dresden hat ein NPD-Politiker 1.200 Rechte zum 75. Jahrestag der Bombardierung versammelt. Sein Ziel: der Stadt die Opferrolle zu verpassen.","og_url":"https:\/\/blog.zeit.de\/stoerungsmelder\/2020\/02\/16\/wie-die-npd-den-dresdner-opfermythos-am-leben-haelt_29563","og_site_name":"St\u00f6rungsmelder","article_published_time":"2020-02-16T11:16:44+00:00","article_modified_time":"2020-02-16T12:02:19+00:00","og_image":[{"width":620,"height":413,"url":"https:\/\/blog.zeit.de\/stoerungsmelder\/files\/2020\/02\/Dresden1.jpg","type":"image\/jpeg"}],"author":"St\u00f6rungsmelder","twitter_card":"summary_large_image","twitter_description":"Mit einem angeblichen Trauermarsch wollten #Neonazis an die Bombardierung von #Dresden erinnern - um einen Opfermythos zu verbreiten. Tausende stellten sich ihnen entgegen","twitter_misc":{"Geschrieben von":"St\u00f6rungsmelder","Gesch\u00e4tzte Lesezeit":"4\u00a0Minuten"},"schema":{"@context":"https:\/\/schema.org","@graph":[{"@type":"WebPage","@id":"https:\/\/blog.zeit.de\/stoerungsmelder\/2020\/02\/16\/wie-die-npd-den-dresdner-opfermythos-am-leben-haelt_29563","url":"https:\/\/blog.zeit.de\/stoerungsmelder\/2020\/02\/16\/wie-die-npd-den-dresdner-opfermythos-am-leben-haelt_29563","name":"Wie die NPD den Dresdner Opfermythos am Leben h\u00e4lt","isPartOf":{"@id":"https:\/\/blog.zeit.de\/stoerungsmelder\/#website"},"datePublished":"2020-02-16T11:16:44+00:00","dateModified":"2020-02-16T12:02:19+00:00","author":{"@id":"https:\/\/blog.zeit.de\/stoerungsmelder\/#\/schema\/person\/fdd0b9818f65738672810b6d6f037f71"},"description":"In Dresden hat ein NPD-Politiker 1.200 Rechte zum 75. Jahrestag der Bombardierung versammelt. Sein Ziel: der Stadt die Opferrolle zu verpassen.","breadcrumb":{"@id":"https:\/\/blog.zeit.de\/stoerungsmelder\/2020\/02\/16\/wie-die-npd-den-dresdner-opfermythos-am-leben-haelt_29563#breadcrumb"},"inLanguage":"de","potentialAction":[{"@type":"ReadAction","target":["https:\/\/blog.zeit.de\/stoerungsmelder\/2020\/02\/16\/wie-die-npd-den-dresdner-opfermythos-am-leben-haelt_29563"]}]},{"@type":"BreadcrumbList","@id":"https:\/\/blog.zeit.de\/stoerungsmelder\/2020\/02\/16\/wie-die-npd-den-dresdner-opfermythos-am-leben-haelt_29563#breadcrumb","itemListElement":[{"@type":"ListItem","position":1,"name":"Startseite","item":"https:\/\/blog.zeit.de\/stoerungsmelder"},{"@type":"ListItem","position":2,"name":"Wie die NPD den Dresdner Opfermythos am Leben h\u00e4lt"}]},{"@type":"WebSite","@id":"https:\/\/blog.zeit.de\/stoerungsmelder\/#website","url":"https:\/\/blog.zeit.de\/stoerungsmelder\/","name":"St\u00f6rungsmelder","description":"Recherchen und Analysen \u00fcber die extreme Rechte","potentialAction":[{"@type":"SearchAction","target":{"@type":"EntryPoint","urlTemplate":"https:\/\/blog.zeit.de\/stoerungsmelder\/?s={search_term_string}"},"query-input":"required name=search_term_string"}],"inLanguage":"de"},{"@type":"Person","@id":"https:\/\/blog.zeit.de\/stoerungsmelder\/#\/schema\/person\/fdd0b9818f65738672810b6d6f037f71","name":"St\u00f6rungsmelder","image":{"@type":"ImageObject","inLanguage":"de","@id":"https:\/\/blog.zeit.de\/stoerungsmelder\/#\/schema\/person\/image\/","url":"https:\/\/secure.gravatar.com\/avatar\/dfa4be514c3e82a71e4f9a0020035d38192d080ccaa5e4e6d7a1472c763535c5?s=96&d=mm&r=pg","contentUrl":"https:\/\/secure.gravatar.com\/avatar\/dfa4be514c3e82a71e4f9a0020035d38192d080ccaa5e4e6d7a1472c763535c5?s=96&d=mm&r=pg","caption":"St\u00f6rungsmelder"},"url":"https:\/\/blog.zeit.de\/stoerungsmelder\/author\/stoerungsmelder"}]}},"jetpack_featured_media_url":"https:\/\/blog.zeit.de\/stoerungsmelder\/files\/2020\/02\/Dresden1.jpg","jetpack_sharing_enabled":true,"_links":{"self":[{"href":"https:\/\/blog.zeit.de\/stoerungsmelder\/wp-json\/wp\/v2\/posts\/29563","targetHints":{"allow":["GET"]}}],"collection":[{"href":"https:\/\/blog.zeit.de\/stoerungsmelder\/wp-json\/wp\/v2\/posts"}],"about":[{"href":"https:\/\/blog.zeit.de\/stoerungsmelder\/wp-json\/wp\/v2\/types\/post"}],"author":[{"embeddable":true,"href":"https:\/\/blog.zeit.de\/stoerungsmelder\/wp-json\/wp\/v2\/users\/229"}],"replies":[{"embeddable":true,"href":"https:\/\/blog.zeit.de\/stoerungsmelder\/wp-json\/wp\/v2\/comments?post=29563"}],"version-history":[{"count":5,"href":"https:\/\/blog.zeit.de\/stoerungsmelder\/wp-json\/wp\/v2\/posts\/29563\/revisions"}],"predecessor-version":[{"id":29594,"href":"https:\/\/blog.zeit.de\/stoerungsmelder\/wp-json\/wp\/v2\/posts\/29563\/revisions\/29594"}],"wp:featuredmedia":[{"embeddable":true,"href":"https:\/\/blog.zeit.de\/stoerungsmelder\/wp-json\/wp\/v2\/media\/29566"}],"wp:attachment":[{"href":"https:\/\/blog.zeit.de\/stoerungsmelder\/wp-json\/wp\/v2\/media?parent=29563"}],"wp:term":[{"taxonomy":"category","embeddable":true,"href":"https:\/\/blog.zeit.de\/stoerungsmelder\/wp-json\/wp\/v2\/categories?post=29563"},{"taxonomy":"post_tag","embeddable":true,"href":"https:\/\/blog.zeit.de\/stoerungsmelder\/wp-json\/wp\/v2\/tags?post=29563"}],"curies":[{"name":"wp","href":"https:\/\/api.w.org\/{rel}","templated":true}]}}