{"id":2966,"date":"2010-03-26T16:50:58","date_gmt":"2010-03-26T14:50:58","guid":{"rendered":"http:\/\/blog.zeit.de\/stoerungsmelder\/?p=2966"},"modified":"2010-03-26T16:50:58","modified_gmt":"2010-03-26T14:50:58","slug":"islamfeinde-wollen-vor-nrw-moscheen-ziehen","status":"publish","type":"post","link":"https:\/\/blog.zeit.de\/stoerungsmelder\/2010\/03\/26\/islamfeinde-wollen-vor-nrw-moscheen-ziehen_2966","title":{"rendered":"Islamfeinde wollen vor NRW-Moscheen ziehen"},"content":{"rendered":"<p><a href=\"http:\/\/www.duisburg-stellt-sich-quer.de\/\" target=\"_blank\"><img decoding=\"async\" src=\"http:\/\/duisburgquer.blogsport.de\/images\/banner.gif\" alt=\"Duisburg stellt sich quer!\" \/><\/a><\/p>\n<p>Dem Ruhrgebiet steht ein turbulenter Wochenausklang bevor. Die &#8222;B\u00fcrgerbewegung Pro NRW&#8220; und die NPD k\u00fcndigen Demonstrationen an \u2013 sie werden auf tausende Gegner treffen.<!--more--><\/p>\n<p>Von <a href=\"http:\/\/www.tagesspiegel.de\/politik\/deutschland\/NPD-Pro-NRW-Islam-Moschee;art122,3066726\">Tagesspiegel<\/a>-Autor Frank Jansen\u00a0<br \/>\n\u00a0<br \/>\nVom heutigen Freitag an wollen Rechtspopulisten und Rechtsextremisten in mehreren St\u00e4dten gegen den Islam agitieren. Wahrscheinlich werden zahlreiche Demokraten sowie radikale Linke gegenhalten. Die Polizei zieht aus Nordrhein-Westfalen und weiteren L\u00e4ndern mehrere tausend Beamte zusammen, um Krawalle zu verhindern, wie es sie im September 2008 in K\u00f6ln bei den Massenprotesten gegen den \u201eAnti-Islamisierungskongress\u201c der \u201eB\u00fcrgerbewegung Pro K\u00f6ln\u201c gab. Schwerpunkt der rechten Provokationen ist diesmal Duisburg, wo am Sonntag die aus Pro K\u00f6ln hervorgegangene \u201eB\u00fcrgerbewegung Pro NRW\u201c und die rivalisierende NPD nahe der gro\u00dfen Moschee im Stadtteil Marxloh aufmarschieren wollen. Beide Parteien versuchen, vor der Landtagswahl am 9. Mai mit antiislamischen Aktionen Stimmen zu werben.<\/p>\n<p>Die ersten Kraftproben zwischen Rechten und ihren Gegnern wird es bereits am Freitag geben. Pro NRW will in Oberhausen, Herten, M\u00fclheim\/Ruhr, Gelsenkirchen, Bochum und Essen \u201eMahnwachen\u201c vor Moscheen abhalten. Die Rechten w\u00fcrden sich aber nicht direkt vor die Gottesh\u00e4user stellen k\u00f6nnen, sagte ein Sprecher der Polizei dem Tagesspiegel. Es seien zudem Gegenveranstaltungen zu erwarten. F\u00fcr den Sonnabend hat Pro NRW einen Parteitag mit einer \u201eInternationalen Konferenz f\u00fcr ein europaweites Minarettverbot\u201c im Schloss Horst in Gelsenkirchen angek\u00fcndigt. Linksradikale Gegner haben bereits in der Nacht zum Mittwoch die f\u00fcr den Parteitag gebuchte Glashalle des Schlosses gro\u00dffl\u00e4chig mit roter Farbe bespr\u00fcht. Zu der Aktion bekannte sich eine Gruppe \u201eAutonome Antifa\u201c.<\/p>\n<p>Unangenehmer d\u00fcrfte f\u00fcr die Anh\u00e4nger von Pro NRW jedoch die Ausstellung sein, mit der sie in der Glashalle konfrontiert werden. Da kl\u00e4rt die Friedrich- Ebert-Stiftung unter dem Motto \u201eDemokratie st\u00e4rken \u2013 Rechtsextremismus bek\u00e4mpfen\u201c auch \u00fcber die Umtriebe von Pro NRW und Pro K\u00f6ln auf.<\/p>\n<p>Ebenfalls am Sonnabend wollte die NPD eine Kundgebung vor der Moschee in Duisburg-Marxloh veranstalten. Die Polizei war dagegen, die Rechtsextremisten k\u00f6nnen sich nur auf dem Vorplatz des Hauptbahnhofs versammeln. Nazigegner hatten bereits angek\u00fcndigt, sich sch\u00fctzend vor die Moschee zu stellen.<\/p>\n<p>F\u00fcr den Sonntag hatte Pro NRW einen \u201eSternmarsch\u201c auf drei Stra\u00dfen zur Marxloher Moschee geplant. Laut Polizei darf Pro NRW jedoch nur eine Route nutzen, die zudem lediglich in Sichtweite des Minaretts f\u00fchrt. Pro NRW will 1000 Anh\u00e4nger, darunter auch Ultrarechte aus Belgien und \u00d6sterreich, auf die Stra\u00dfe bringen, die Polizei erwartet nur ein paar hundert. Die NPD trommelt f\u00fcr einen zeitgleichen Aufmarsch in Marxloh, darf aber auch nicht an die Moschee heran.<\/p>\n<p>Duisburgs Oberb\u00fcrgermeister Adolf Sauerland (CDU) ruft zu friedlichen Protesten auf. Viele Politiker wollen kommen, darunter SPD-Chef Sigmar Gabriel. Vor der Moschee soll zudem ein B\u00fcrgerfest stattfinden. Linke Gruppen planen, die M\u00e4rsche der Rechten zu blockieren.<\/p>\n","protected":false},"excerpt":{"rendered":"<p>Dem Ruhrgebiet steht ein turbulenter Wochenausklang bevor. Die &#8222;B\u00fcrgerbewegung Pro NRW&#8220; und die NPD k\u00fcndigen Demonstrationen an \u2013 sie werden auf tausende Gegner treffen.<\/p>\n","protected":false},"author":229,"featured_media":0,"comment_status":"open","ping_status":"open","sticky":false,"template":"","format":"standard","meta":{"_jetpack_memberships_contains_paid_content":false,"footnotes":""},"categories":[1291],"tags":[1707,1716,1749,1750,1752,97,1795],"class_list":["post-2966","post","type-post","status-publish","format-standard","hentry","category-nordrhein-westfalen","tag-naziaufmarsch","tag-npd","tag-pro-koln","tag-pro-nrw","tag-protest","tag-rassismus","tag-sitzblockade"],"yoast_head":"<!-- This site is optimized with the Yoast SEO plugin v21.0 - https:\/\/yoast.com\/wordpress\/plugins\/seo\/ -->\n<title>Islamfeinde wollen vor NRW-Moscheen ziehen - St\u00f6rungsmelder<\/title>\n<meta name=\"robots\" content=\"index, follow, max-snippet:-1, max-image-preview:large, max-video-preview:-1\" \/>\n<link rel=\"canonical\" href=\"https:\/\/blog.zeit.de\/stoerungsmelder\/2010\/03\/26\/islamfeinde-wollen-vor-nrw-moscheen-ziehen_2966\" \/>\n<meta property=\"og:locale\" content=\"de_DE\" \/>\n<meta property=\"og:type\" content=\"article\" \/>\n<meta property=\"og:title\" content=\"Islamfeinde wollen vor NRW-Moscheen ziehen - St\u00f6rungsmelder\" \/>\n<meta property=\"og:description\" content=\"Dem Ruhrgebiet steht ein turbulenter Wochenausklang bevor. Die &#8222;B\u00fcrgerbewegung Pro NRW&#8220; und die NPD k\u00fcndigen Demonstrationen an \u2013 sie werden auf tausende Gegner treffen.\" \/>\n<meta property=\"og:url\" content=\"https:\/\/blog.zeit.de\/stoerungsmelder\/2010\/03\/26\/islamfeinde-wollen-vor-nrw-moscheen-ziehen_2966\" \/>\n<meta property=\"og:site_name\" content=\"St\u00f6rungsmelder\" \/>\n<meta property=\"article:published_time\" content=\"2010-03-26T14:50:58+00:00\" \/>\n<meta property=\"og:image\" content=\"http:\/\/duisburgquer.blogsport.de\/images\/banner.gif\" \/>\n<meta name=\"author\" content=\"St\u00f6rungsmelder\" \/>\n<meta name=\"twitter:card\" content=\"summary_large_image\" \/>\n<meta name=\"twitter:label1\" content=\"Geschrieben von\" \/>\n\t<meta name=\"twitter:data1\" content=\"St\u00f6rungsmelder\" \/>\n\t<meta name=\"twitter:label2\" content=\"Gesch\u00e4tzte Lesezeit\" \/>\n\t<meta name=\"twitter:data2\" content=\"2\u00a0Minuten\" \/>\n<script type=\"application\/ld+json\" class=\"yoast-schema-graph\">{\"@context\":\"https:\/\/schema.org\",\"@graph\":[{\"@type\":\"WebPage\",\"@id\":\"https:\/\/blog.zeit.de\/stoerungsmelder\/2010\/03\/26\/islamfeinde-wollen-vor-nrw-moscheen-ziehen_2966\",\"url\":\"https:\/\/blog.zeit.de\/stoerungsmelder\/2010\/03\/26\/islamfeinde-wollen-vor-nrw-moscheen-ziehen_2966\",\"name\":\"Islamfeinde wollen vor NRW-Moscheen ziehen - St\u00f6rungsmelder\",\"isPartOf\":{\"@id\":\"https:\/\/blog.zeit.de\/stoerungsmelder\/#website\"},\"datePublished\":\"2010-03-26T14:50:58+00:00\",\"dateModified\":\"2010-03-26T14:50:58+00:00\",\"author\":{\"@id\":\"https:\/\/blog.zeit.de\/stoerungsmelder\/#\/schema\/person\/fdd0b9818f65738672810b6d6f037f71\"},\"breadcrumb\":{\"@id\":\"https:\/\/blog.zeit.de\/stoerungsmelder\/2010\/03\/26\/islamfeinde-wollen-vor-nrw-moscheen-ziehen_2966#breadcrumb\"},\"inLanguage\":\"de\",\"potentialAction\":[{\"@type\":\"ReadAction\",\"target\":[\"https:\/\/blog.zeit.de\/stoerungsmelder\/2010\/03\/26\/islamfeinde-wollen-vor-nrw-moscheen-ziehen_2966\"]}]},{\"@type\":\"BreadcrumbList\",\"@id\":\"https:\/\/blog.zeit.de\/stoerungsmelder\/2010\/03\/26\/islamfeinde-wollen-vor-nrw-moscheen-ziehen_2966#breadcrumb\",\"itemListElement\":[{\"@type\":\"ListItem\",\"position\":1,\"name\":\"Startseite\",\"item\":\"https:\/\/blog.zeit.de\/stoerungsmelder\"},{\"@type\":\"ListItem\",\"position\":2,\"name\":\"Islamfeinde wollen vor NRW-Moscheen ziehen\"}]},{\"@type\":\"WebSite\",\"@id\":\"https:\/\/blog.zeit.de\/stoerungsmelder\/#website\",\"url\":\"https:\/\/blog.zeit.de\/stoerungsmelder\/\",\"name\":\"St\u00f6rungsmelder\",\"description\":\"Recherchen und Analysen \u00fcber die extreme Rechte\",\"potentialAction\":[{\"@type\":\"SearchAction\",\"target\":{\"@type\":\"EntryPoint\",\"urlTemplate\":\"https:\/\/blog.zeit.de\/stoerungsmelder\/?s={search_term_string}\"},\"query-input\":\"required name=search_term_string\"}],\"inLanguage\":\"de\"},{\"@type\":\"Person\",\"@id\":\"https:\/\/blog.zeit.de\/stoerungsmelder\/#\/schema\/person\/fdd0b9818f65738672810b6d6f037f71\",\"name\":\"St\u00f6rungsmelder\",\"image\":{\"@type\":\"ImageObject\",\"inLanguage\":\"de\",\"@id\":\"https:\/\/blog.zeit.de\/stoerungsmelder\/#\/schema\/person\/image\/\",\"url\":\"https:\/\/secure.gravatar.com\/avatar\/dfa4be514c3e82a71e4f9a0020035d38192d080ccaa5e4e6d7a1472c763535c5?s=96&d=mm&r=pg\",\"contentUrl\":\"https:\/\/secure.gravatar.com\/avatar\/dfa4be514c3e82a71e4f9a0020035d38192d080ccaa5e4e6d7a1472c763535c5?s=96&d=mm&r=pg\",\"caption\":\"St\u00f6rungsmelder\"},\"url\":\"https:\/\/blog.zeit.de\/stoerungsmelder\/author\/stoerungsmelder\"}]}<\/script>\n<!-- \/ Yoast SEO plugin. -->","yoast_head_json":{"title":"Islamfeinde wollen vor NRW-Moscheen ziehen - St\u00f6rungsmelder","robots":{"index":"index","follow":"follow","max-snippet":"max-snippet:-1","max-image-preview":"max-image-preview:large","max-video-preview":"max-video-preview:-1"},"canonical":"https:\/\/blog.zeit.de\/stoerungsmelder\/2010\/03\/26\/islamfeinde-wollen-vor-nrw-moscheen-ziehen_2966","og_locale":"de_DE","og_type":"article","og_title":"Islamfeinde wollen vor NRW-Moscheen ziehen - St\u00f6rungsmelder","og_description":"Dem Ruhrgebiet steht ein turbulenter Wochenausklang bevor. Die &#8222;B\u00fcrgerbewegung Pro NRW&#8220; und die NPD k\u00fcndigen Demonstrationen an \u2013 sie werden auf tausende Gegner treffen.","og_url":"https:\/\/blog.zeit.de\/stoerungsmelder\/2010\/03\/26\/islamfeinde-wollen-vor-nrw-moscheen-ziehen_2966","og_site_name":"St\u00f6rungsmelder","article_published_time":"2010-03-26T14:50:58+00:00","og_image":[{"url":"http:\/\/duisburgquer.blogsport.de\/images\/banner.gif"}],"author":"St\u00f6rungsmelder","twitter_card":"summary_large_image","twitter_misc":{"Geschrieben von":"St\u00f6rungsmelder","Gesch\u00e4tzte Lesezeit":"2\u00a0Minuten"},"schema":{"@context":"https:\/\/schema.org","@graph":[{"@type":"WebPage","@id":"https:\/\/blog.zeit.de\/stoerungsmelder\/2010\/03\/26\/islamfeinde-wollen-vor-nrw-moscheen-ziehen_2966","url":"https:\/\/blog.zeit.de\/stoerungsmelder\/2010\/03\/26\/islamfeinde-wollen-vor-nrw-moscheen-ziehen_2966","name":"Islamfeinde wollen vor NRW-Moscheen ziehen - St\u00f6rungsmelder","isPartOf":{"@id":"https:\/\/blog.zeit.de\/stoerungsmelder\/#website"},"datePublished":"2010-03-26T14:50:58+00:00","dateModified":"2010-03-26T14:50:58+00:00","author":{"@id":"https:\/\/blog.zeit.de\/stoerungsmelder\/#\/schema\/person\/fdd0b9818f65738672810b6d6f037f71"},"breadcrumb":{"@id":"https:\/\/blog.zeit.de\/stoerungsmelder\/2010\/03\/26\/islamfeinde-wollen-vor-nrw-moscheen-ziehen_2966#breadcrumb"},"inLanguage":"de","potentialAction":[{"@type":"ReadAction","target":["https:\/\/blog.zeit.de\/stoerungsmelder\/2010\/03\/26\/islamfeinde-wollen-vor-nrw-moscheen-ziehen_2966"]}]},{"@type":"BreadcrumbList","@id":"https:\/\/blog.zeit.de\/stoerungsmelder\/2010\/03\/26\/islamfeinde-wollen-vor-nrw-moscheen-ziehen_2966#breadcrumb","itemListElement":[{"@type":"ListItem","position":1,"name":"Startseite","item":"https:\/\/blog.zeit.de\/stoerungsmelder"},{"@type":"ListItem","position":2,"name":"Islamfeinde wollen vor NRW-Moscheen ziehen"}]},{"@type":"WebSite","@id":"https:\/\/blog.zeit.de\/stoerungsmelder\/#website","url":"https:\/\/blog.zeit.de\/stoerungsmelder\/","name":"St\u00f6rungsmelder","description":"Recherchen und Analysen \u00fcber die extreme Rechte","potentialAction":[{"@type":"SearchAction","target":{"@type":"EntryPoint","urlTemplate":"https:\/\/blog.zeit.de\/stoerungsmelder\/?s={search_term_string}"},"query-input":"required name=search_term_string"}],"inLanguage":"de"},{"@type":"Person","@id":"https:\/\/blog.zeit.de\/stoerungsmelder\/#\/schema\/person\/fdd0b9818f65738672810b6d6f037f71","name":"St\u00f6rungsmelder","image":{"@type":"ImageObject","inLanguage":"de","@id":"https:\/\/blog.zeit.de\/stoerungsmelder\/#\/schema\/person\/image\/","url":"https:\/\/secure.gravatar.com\/avatar\/dfa4be514c3e82a71e4f9a0020035d38192d080ccaa5e4e6d7a1472c763535c5?s=96&d=mm&r=pg","contentUrl":"https:\/\/secure.gravatar.com\/avatar\/dfa4be514c3e82a71e4f9a0020035d38192d080ccaa5e4e6d7a1472c763535c5?s=96&d=mm&r=pg","caption":"St\u00f6rungsmelder"},"url":"https:\/\/blog.zeit.de\/stoerungsmelder\/author\/stoerungsmelder"}]}},"jetpack_featured_media_url":"","jetpack_sharing_enabled":true,"_links":{"self":[{"href":"https:\/\/blog.zeit.de\/stoerungsmelder\/wp-json\/wp\/v2\/posts\/2966","targetHints":{"allow":["GET"]}}],"collection":[{"href":"https:\/\/blog.zeit.de\/stoerungsmelder\/wp-json\/wp\/v2\/posts"}],"about":[{"href":"https:\/\/blog.zeit.de\/stoerungsmelder\/wp-json\/wp\/v2\/types\/post"}],"author":[{"embeddable":true,"href":"https:\/\/blog.zeit.de\/stoerungsmelder\/wp-json\/wp\/v2\/users\/229"}],"replies":[{"embeddable":true,"href":"https:\/\/blog.zeit.de\/stoerungsmelder\/wp-json\/wp\/v2\/comments?post=2966"}],"version-history":[{"count":0,"href":"https:\/\/blog.zeit.de\/stoerungsmelder\/wp-json\/wp\/v2\/posts\/2966\/revisions"}],"wp:attachment":[{"href":"https:\/\/blog.zeit.de\/stoerungsmelder\/wp-json\/wp\/v2\/media?parent=2966"}],"wp:term":[{"taxonomy":"category","embeddable":true,"href":"https:\/\/blog.zeit.de\/stoerungsmelder\/wp-json\/wp\/v2\/categories?post=2966"},{"taxonomy":"post_tag","embeddable":true,"href":"https:\/\/blog.zeit.de\/stoerungsmelder\/wp-json\/wp\/v2\/tags?post=2966"}],"curies":[{"name":"wp","href":"https:\/\/api.w.org\/{rel}","templated":true}]}}