{"id":29718,"date":"2020-05-14T09:32:43","date_gmt":"2020-05-14T07:32:43","guid":{"rendered":"https:\/\/blog.zeit.de\/stoerungsmelder\/?p=29718"},"modified":"2020-05-14T11:59:02","modified_gmt":"2020-05-14T09:59:02","slug":"antisemiten-kapern-corona-proteste","status":"publish","type":"post","link":"https:\/\/blog.zeit.de\/stoerungsmelder\/2020\/05\/14\/antisemiten-kapern-corona-proteste_29718","title":{"rendered":"Antisemiten kapern Corona-Proteste"},"content":{"rendered":"<p><strong>Ein Leipziger Rechtsextremist sendet t\u00e4glich Mythen \u00fcber das Coronavirus ins Netz \u2013 und wittert eine j\u00fcdische Verschw\u00f6rung. F\u00fcr seine Videos wirbt auch die AfD.<\/strong><\/p>\n<p><em>Von Henrik Merker<\/em><\/p>\n<p><figure id=\"attachment_29781\" aria-describedby=\"caption-attachment-29781\" style=\"width: 620px\" class=\"wp-caption aligncenter\"><img loading=\"lazy\" decoding=\"async\" class=\"size-full wp-image-29781\" src=\"https:\/\/blog.zeit.de\/stoerungsmelder\/files\/2020\/05\/20200509154240.jpg\" alt=\"\" width=\"620\" height=\"413\"><figcaption id=\"caption-attachment-29781\" class=\"wp-caption-text\">Hans-Joachim M\u00fcller (Mitte) auf einer Demonstration von Corona-Leugnern und Q-Anh\u00e4ngern in Leipzig \u00a9 Henrik Merker<\/figcaption><\/figure><\/p>\n<p>Hans-Joachim M\u00fcller geht t\u00e4glich um 19.30 Uhr live. Er spricht \u00fcber <a href=\"https:\/\/blog.zeit.de\/stoerungsmelder\/2020\/04\/25\/rechte-bewegungen-stimmung-machen-mit-corona_29741\">Corona<\/a>, das Kaiserreich und Juden, die die Geschicke der Welt vom Vatikan aus lenken, wie er glaubt. Seine Zehntausende Fans nennen ihn HaJott \u2013 wie die Abk\u00fcrzung der Hitlerjugend. \u00dcber zehn Millionen Mal wurden seine Videos auf YouTube bislang angeschaut, M\u00fcller folgen \u00fcber 69.000 Nutzer.<\/p>\n<p><!--more--><\/p>\n<p>Wenn der Leipziger die Webcam anknipst, streut er \u00c4u\u00dferungen wie diese unter seiner Zuschauerschaft: \u201eDas kann nicht mit rechten Dingen zugehen, was hier, was hier \u00fcber so einen Virus erz\u00e4hlt wird.\u201c W\u00e4re der Covid-19-Erreger wirklich gef\u00e4hrlich, \u201edann m\u00fcssten die Leute tot umfallen wie bei der Pest oder Cholera, innerhalb drei Tagen tot, und 50 Prozent sterben\u201c. Erst dann w\u00e4re es aus seiner Sicht eine Pandemie. Was in Umlauf ist, das sei eine \u201ein Gang gesetzte Epidemie von <a href=\"https:\/\/www.zeit.de\/wissen\/gesundheit\/2017-03\/who-unabhaengigkeit-bill-gates-film\">Bill Gates<\/a>, also insgesamt Rockefeller\u201c.<\/p>\n<h2>Antisemitische Verschw\u00f6rungstheorie<\/h2>\n<p>Rockefeller \u2013 der Name der Industriellenfamilie steht in den Kreisen, an die M\u00fcller sich wendet, als Synonym f\u00fcr das j\u00fcdische Volk. Der YouTuber ist der Star der sogenannten <a href=\"https:\/\/blog.zeit.de\/stoerungsmelder\/2020\/04\/09\/totschlag-in-celle-aus-hass-erstochen_29706\/\">QAnon-Ideologie<\/a> in Deutschland \u2013 einer Str\u00f6mung, in der Antisemitismus und Verschw\u00f6rungstheorien zusammenflie\u00dfen. Anfang M\u00e4rz, als sich das Coronavirus fl\u00e4chendeckend ausbreitete, verzeichnete M\u00fcllers Kanal einen rasanten Anstieg an Followern.<\/p>\n<p>QAnon geht auf kryptische Verlautbarungen in Onlineforen zur\u00fcck, die den Anh\u00e4ngern zufolge von einem Whistleblower aus dem US-Energieministerium stammen, der sich selbst Q nennt. Menschen, die daran glauben, nehmen diese kryptischen Aussagen, um mit ihnen das tagespolitische Geschehen als Taten einer j\u00fcdischen Weltverschw\u00f6rung zu interpretieren.<\/p>\n<h2>Inspiration f\u00fcr Attent\u00e4ter<\/h2>\n<p>Die <a href=\"https:\/\/www.zeit.de\/kultur\/2020-03\/rechtsradikale-onlinenetzwerke-hanau-afd-ukip\">Attent\u00e4ter von Halle<\/a> und <a href=\"https:\/\/www.zeit.de\/politik\/deutschland\/2020-04\/anschlag-hanau-verarbeitung-coronavirus\">Hanau<\/a> bezogen sich in ihren Bekennerschreiben auf Versatzst\u00fccke dieser rechtsextremen Denkwelt. Der T\u00e4ter von Halle nannte sich in einem Video seiner Tat \u201cAnon\u201d und gab die Behauptung wieder, Juden w\u00fcrden die Welt regieren. Der T\u00e4ter von Hanau w\u00e4hnte sich sogar in einem Krieg gegen eine Art Geheimorganisation und die, wie er schreibt, \u201cDegeneration\u201d der Bev\u00f6lkerung.<\/p>\n<p>\u00c4hnlich die Botschaften, die M\u00fcller verbreitet: In einem Video spricht er von \u201ckryptoj\u00fcdischen Gruppen\u201d, die den Vatikan kontrollierten. Der Vatikan wiederum kontrolliere die Welt. M\u00fcller empfiehlt in mehreren seiner Videos die antisemitischen <em>Protokolle der Weisen von Zion<\/em> zur Lekt\u00fcre. In der zu Beginn des 20. Jahrhunderts erschienenen Schrift <a href=\"https:\/\/www.zeit.de\/zeit-geschichte\/2017\/03\/protokolle-weisen-zion-antisemitismus-faelschung\">wird eine j\u00fcdische Weltverschw\u00f6rung behauptet<\/a>. Die vermeintlichen Protokolle sind seit einhundert Jahren als F\u00e4lschung entlarvt. Doch M\u00fcller behauptet, das k\u00f6nne \u201cnicht sein, weil jedes Wort, was da drinsteht, heute Realit\u00e4t ist\u201d.<\/p>\n<p>Auch die Corona-Ma\u00dfnahmen bringt M\u00fcller mit einer angeblichen Verschw\u00f6rung in Verbindung. Die Mundschutzpflicht in Gesch\u00e4ften und Nahverkehr interpretieren M\u00fcller und seine Anh\u00e4nger als Zeichen angeblicher Sklaverei. M\u00fcller behauptet, Viren seien \u201eso klein, kleiner als die Luftmolek\u00fcle\u201c. Durch einen Stoff, der die Viren abhalte, k\u00f6nne man demnach nicht atmen und man w\u00fcrde am Mundschutz ersticken.<\/p>\n<h2>Corona als Versklavung<\/h2>\n<p>Eine Theorie, die sich mit den Ansichten von QAnon deckt. Demnach wird mit Corona versucht, die Menschheit zu versklaven. Der realit\u00e4tsferne Glaube verf\u00e4ngt bei M\u00fcllers Anh\u00e4ngern. Auf <a href=\"https:\/\/blog.zeit.de\/stoerungsmelder\/2020\/04\/24\/ermittlungen-gegen-polizisten-wegen-corona-demonstration_29724\">Demonstrationen gegen die Corona-Schutzma\u00dfnahmen<\/a> tragen zahlreiche Teilnehmer absichtlich keinen Mundschutz. Die vorgeschriebenen Abstandsregeln halten sie nicht ein. Die absichtlichen Verst\u00f6\u00dfe werden bereits im Vorfeld in sozialen Medien angek\u00fcndigt. Die Teilnehmer gef\u00e4hrden sich und andere.<\/p>\n<p>Nicht nur bei den Protesten fallen M\u00fcllers \u00c4u\u00dferungen auf fruchtbaren Boden. Auch die AfD ist daf\u00fcr empf\u00e4nglich: Sowohl der Kreisverband Leipzig-Land als auch der s\u00e4chsische Landesverband warben f\u00fcr seine YouTube-Kan\u00e4le.<\/p>\n<p>Selbst im Bundestag war M\u00fcller schon zu Gast bei der AfD, er war 2019 Teilnehmer einer umstrittenen Konferenz neurechter bis rechtsextremer Medien. Dort posierte er f\u00fcr ein Foto mit dem rechten Publizisten und Konferenzorganisator David Berger. Auch der AfD-Bundestagsabgeordnete Martin Erwin Renner steht auf dem Bild neben ihm.<\/p>\n<h2>Feindbild Bundesrepublik<\/h2>\n<p>Weitere Verbindungen unterh\u00e4lt der Leipziger in die rechtsextreme Szene. Auf Facebook teilte er ein Solidarit\u00e4tsbild f\u00fcr die inhaftierte Holocaustleugnerin <a href=\"https:\/\/blog.zeit.de\/stoerungsmelder\/2018\/05\/10\/ursula-haverbeck-heldenfigur-der-rechten-szene_26377\">Ursula Haverbeck<\/a>. Zuletzt nahm er ein gemeinsames Video mit dem Pro-Chemnitz-Chef Martin Kohlmann und dem Dresdner <a href=\"https:\/\/www.saechsische.de\/facebook-kommentator-im-visier-der-polizei-3472452.html\" target=\"_blank\" rel=\"noopener noreferrer\">Nicos Chawales<\/a> auf. Kohlmann steht unter Beobachtung des s\u00e4chsischen Verfassungsschutzes, Chawales war Botschafter des v\u00f6lkischen Vereins Ein Prozent.<\/p>\n<p>In ihrem gemeinsamen Video \u00fcberlegen die M\u00e4nner, in Sachsen ein K\u00f6nigreich zu errichten. Kohlmann sagt in dem Gespr\u00e4ch: \u201cWir m\u00fcssen nicht unser Grundgesetz verteidigen, sondern wir m\u00fcssen uns vielleicht auch gegen das Grundgesetz verteidigen\u201d. Bereits bei einem Vortrag Anfang M\u00e4rz hatte M\u00fcller gesagt: \u201cDie BRD ist nicht unser Staat, es ist eine Simulation. Und die BRD ist unser Feind.\u201d<\/p>\n<p>Dem s\u00e4chsischen Landeskriminalamt seien M\u00fcller und dessen QAnon-Seiten nicht bekannt, sagte ein Sprecher auf Nachfrage von ZEIT ONLINE. Auch bei der Leipziger Polizei habe man zu ihm keine Informationen.<\/p>\n","protected":false},"excerpt":{"rendered":"<p>Die Corona-Pandemie ist eine weltweite Verschw\u00f6rung, erdacht von Juden: Solche Botschaften streut der Youtuber Hans-Joachim M\u00fcller unter seine Anh\u00e4nger &#8211; und ist damit extrem erfolgreich<\/p>\n","protected":false},"author":703,"featured_media":29781,"comment_status":"open","ping_status":"closed","sticky":false,"template":"","format":"standard","meta":{"_jetpack_memberships_contains_paid_content":false,"footnotes":""},"categories":[1456],"tags":[1479,41492,41500,31122,597],"class_list":["post-29718","post","type-post","status-publish","format-standard","has-post-thumbnail","hentry","category-sachsen","tag-antisemitismus","tag-coronavirus","tag-qanon","tag-verschwoerungstheorie","tag-youtube"],"yoast_head":"<!-- This site is optimized with the Yoast SEO plugin v21.0 - https:\/\/yoast.com\/wordpress\/plugins\/seo\/ -->\n<title>Antisemiten kapern Corona-Proteste - St\u00f6rungsmelder<\/title>\n<meta name=\"robots\" content=\"index, follow, max-snippet:-1, max-image-preview:large, max-video-preview:-1\" \/>\n<link rel=\"canonical\" href=\"https:\/\/blog.zeit.de\/stoerungsmelder\/2020\/05\/14\/antisemiten-kapern-corona-proteste_29718\" \/>\n<meta property=\"og:locale\" content=\"de_DE\" \/>\n<meta property=\"og:type\" content=\"article\" \/>\n<meta property=\"og:title\" content=\"Antisemiten kapern Corona-Proteste - St\u00f6rungsmelder\" \/>\n<meta property=\"og:description\" content=\"Die Corona-Pandemie ist eine weltweite Verschw\u00f6rung, erdacht von Juden: Solche Botschaften streut der Youtuber Hans-Joachim M\u00fcller unter seine Anh\u00e4nger - und ist damit extrem erfolgreich\" \/>\n<meta property=\"og:url\" content=\"https:\/\/blog.zeit.de\/stoerungsmelder\/2020\/05\/14\/antisemiten-kapern-corona-proteste_29718\" \/>\n<meta property=\"og:site_name\" content=\"St\u00f6rungsmelder\" \/>\n<meta property=\"article:published_time\" content=\"2020-05-14T07:32:43+00:00\" \/>\n<meta property=\"article:modified_time\" content=\"2020-05-14T09:59:02+00:00\" \/>\n<meta property=\"og:image\" content=\"https:\/\/blog.zeit.de\/stoerungsmelder\/files\/2020\/05\/20200509154240.jpg\" \/>\n\t<meta property=\"og:image:width\" content=\"620\" \/>\n\t<meta property=\"og:image:height\" content=\"413\" \/>\n\t<meta property=\"og:image:type\" content=\"image\/jpeg\" \/>\n<meta name=\"author\" content=\"Henrik Merker\" \/>\n<meta name=\"twitter:card\" content=\"summary_large_image\" \/>\n<meta name=\"twitter:description\" content=\"Der rechtsextreme Youtuber Hans-Joachim M\u00fcller verbreitet #Verschw\u00f6rungstheorien zum #Coronavirus - und vermischt so Protest gegen die Ma\u00dfnahmen mit #Antisemitismus\" \/>\n<meta name=\"twitter:creator\" content=\"@HRMRKR\" \/>\n<meta name=\"twitter:label1\" content=\"Geschrieben von\" \/>\n\t<meta name=\"twitter:data1\" content=\"Henrik Merker\" \/>\n\t<meta name=\"twitter:label2\" content=\"Gesch\u00e4tzte Lesezeit\" \/>\n\t<meta name=\"twitter:data2\" content=\"4\u00a0Minuten\" \/>\n<script type=\"application\/ld+json\" class=\"yoast-schema-graph\">{\"@context\":\"https:\/\/schema.org\",\"@graph\":[{\"@type\":\"WebPage\",\"@id\":\"https:\/\/blog.zeit.de\/stoerungsmelder\/2020\/05\/14\/antisemiten-kapern-corona-proteste_29718\",\"url\":\"https:\/\/blog.zeit.de\/stoerungsmelder\/2020\/05\/14\/antisemiten-kapern-corona-proteste_29718\",\"name\":\"Antisemiten kapern Corona-Proteste - St\u00f6rungsmelder\",\"isPartOf\":{\"@id\":\"https:\/\/blog.zeit.de\/stoerungsmelder\/#website\"},\"datePublished\":\"2020-05-14T07:32:43+00:00\",\"dateModified\":\"2020-05-14T09:59:02+00:00\",\"author\":{\"@id\":\"https:\/\/blog.zeit.de\/stoerungsmelder\/#\/schema\/person\/75338b13df89ce2bcc9b98a76590fcbf\"},\"breadcrumb\":{\"@id\":\"https:\/\/blog.zeit.de\/stoerungsmelder\/2020\/05\/14\/antisemiten-kapern-corona-proteste_29718#breadcrumb\"},\"inLanguage\":\"de\",\"potentialAction\":[{\"@type\":\"ReadAction\",\"target\":[\"https:\/\/blog.zeit.de\/stoerungsmelder\/2020\/05\/14\/antisemiten-kapern-corona-proteste_29718\"]}]},{\"@type\":\"BreadcrumbList\",\"@id\":\"https:\/\/blog.zeit.de\/stoerungsmelder\/2020\/05\/14\/antisemiten-kapern-corona-proteste_29718#breadcrumb\",\"itemListElement\":[{\"@type\":\"ListItem\",\"position\":1,\"name\":\"Startseite\",\"item\":\"https:\/\/blog.zeit.de\/stoerungsmelder\"},{\"@type\":\"ListItem\",\"position\":2,\"name\":\"Antisemiten kapern Corona-Proteste\"}]},{\"@type\":\"WebSite\",\"@id\":\"https:\/\/blog.zeit.de\/stoerungsmelder\/#website\",\"url\":\"https:\/\/blog.zeit.de\/stoerungsmelder\/\",\"name\":\"St\u00f6rungsmelder\",\"description\":\"Recherchen und Analysen \u00fcber die extreme Rechte\",\"potentialAction\":[{\"@type\":\"SearchAction\",\"target\":{\"@type\":\"EntryPoint\",\"urlTemplate\":\"https:\/\/blog.zeit.de\/stoerungsmelder\/?s={search_term_string}\"},\"query-input\":\"required name=search_term_string\"}],\"inLanguage\":\"de\"},{\"@type\":\"Person\",\"@id\":\"https:\/\/blog.zeit.de\/stoerungsmelder\/#\/schema\/person\/75338b13df89ce2bcc9b98a76590fcbf\",\"name\":\"Henrik Merker\",\"image\":{\"@type\":\"ImageObject\",\"inLanguage\":\"de\",\"@id\":\"https:\/\/blog.zeit.de\/stoerungsmelder\/#\/schema\/person\/image\/\",\"url\":\"https:\/\/secure.gravatar.com\/avatar\/a881955e7dc03f4202c4c8e4fd5c4005ec3715376bd9a9ec246141f698e7e4ba?s=96&d=mm&r=pg\",\"contentUrl\":\"https:\/\/secure.gravatar.com\/avatar\/a881955e7dc03f4202c4c8e4fd5c4005ec3715376bd9a9ec246141f698e7e4ba?s=96&d=mm&r=pg\",\"caption\":\"Henrik Merker\"},\"sameAs\":[\"https:\/\/twitter.com\/HRMRKR\"],\"url\":\"https:\/\/blog.zeit.de\/stoerungsmelder\/author\/thomasschade\"}]}<\/script>\n<!-- \/ Yoast SEO plugin. -->","yoast_head_json":{"title":"Antisemiten kapern Corona-Proteste - St\u00f6rungsmelder","robots":{"index":"index","follow":"follow","max-snippet":"max-snippet:-1","max-image-preview":"max-image-preview:large","max-video-preview":"max-video-preview:-1"},"canonical":"https:\/\/blog.zeit.de\/stoerungsmelder\/2020\/05\/14\/antisemiten-kapern-corona-proteste_29718","og_locale":"de_DE","og_type":"article","og_title":"Antisemiten kapern Corona-Proteste - St\u00f6rungsmelder","og_description":"Die Corona-Pandemie ist eine weltweite Verschw\u00f6rung, erdacht von Juden: Solche Botschaften streut der Youtuber Hans-Joachim M\u00fcller unter seine Anh\u00e4nger - und ist damit extrem erfolgreich","og_url":"https:\/\/blog.zeit.de\/stoerungsmelder\/2020\/05\/14\/antisemiten-kapern-corona-proteste_29718","og_site_name":"St\u00f6rungsmelder","article_published_time":"2020-05-14T07:32:43+00:00","article_modified_time":"2020-05-14T09:59:02+00:00","og_image":[{"width":620,"height":413,"url":"https:\/\/blog.zeit.de\/stoerungsmelder\/files\/2020\/05\/20200509154240.jpg","type":"image\/jpeg"}],"author":"Henrik Merker","twitter_card":"summary_large_image","twitter_description":"Der rechtsextreme Youtuber Hans-Joachim M\u00fcller verbreitet #Verschw\u00f6rungstheorien zum #Coronavirus - und vermischt so Protest gegen die Ma\u00dfnahmen mit #Antisemitismus","twitter_creator":"@HRMRKR","twitter_misc":{"Geschrieben von":"Henrik Merker","Gesch\u00e4tzte Lesezeit":"4\u00a0Minuten"},"schema":{"@context":"https:\/\/schema.org","@graph":[{"@type":"WebPage","@id":"https:\/\/blog.zeit.de\/stoerungsmelder\/2020\/05\/14\/antisemiten-kapern-corona-proteste_29718","url":"https:\/\/blog.zeit.de\/stoerungsmelder\/2020\/05\/14\/antisemiten-kapern-corona-proteste_29718","name":"Antisemiten kapern Corona-Proteste - St\u00f6rungsmelder","isPartOf":{"@id":"https:\/\/blog.zeit.de\/stoerungsmelder\/#website"},"datePublished":"2020-05-14T07:32:43+00:00","dateModified":"2020-05-14T09:59:02+00:00","author":{"@id":"https:\/\/blog.zeit.de\/stoerungsmelder\/#\/schema\/person\/75338b13df89ce2bcc9b98a76590fcbf"},"breadcrumb":{"@id":"https:\/\/blog.zeit.de\/stoerungsmelder\/2020\/05\/14\/antisemiten-kapern-corona-proteste_29718#breadcrumb"},"inLanguage":"de","potentialAction":[{"@type":"ReadAction","target":["https:\/\/blog.zeit.de\/stoerungsmelder\/2020\/05\/14\/antisemiten-kapern-corona-proteste_29718"]}]},{"@type":"BreadcrumbList","@id":"https:\/\/blog.zeit.de\/stoerungsmelder\/2020\/05\/14\/antisemiten-kapern-corona-proteste_29718#breadcrumb","itemListElement":[{"@type":"ListItem","position":1,"name":"Startseite","item":"https:\/\/blog.zeit.de\/stoerungsmelder"},{"@type":"ListItem","position":2,"name":"Antisemiten kapern Corona-Proteste"}]},{"@type":"WebSite","@id":"https:\/\/blog.zeit.de\/stoerungsmelder\/#website","url":"https:\/\/blog.zeit.de\/stoerungsmelder\/","name":"St\u00f6rungsmelder","description":"Recherchen und Analysen \u00fcber die extreme Rechte","potentialAction":[{"@type":"SearchAction","target":{"@type":"EntryPoint","urlTemplate":"https:\/\/blog.zeit.de\/stoerungsmelder\/?s={search_term_string}"},"query-input":"required name=search_term_string"}],"inLanguage":"de"},{"@type":"Person","@id":"https:\/\/blog.zeit.de\/stoerungsmelder\/#\/schema\/person\/75338b13df89ce2bcc9b98a76590fcbf","name":"Henrik Merker","image":{"@type":"ImageObject","inLanguage":"de","@id":"https:\/\/blog.zeit.de\/stoerungsmelder\/#\/schema\/person\/image\/","url":"https:\/\/secure.gravatar.com\/avatar\/a881955e7dc03f4202c4c8e4fd5c4005ec3715376bd9a9ec246141f698e7e4ba?s=96&d=mm&r=pg","contentUrl":"https:\/\/secure.gravatar.com\/avatar\/a881955e7dc03f4202c4c8e4fd5c4005ec3715376bd9a9ec246141f698e7e4ba?s=96&d=mm&r=pg","caption":"Henrik Merker"},"sameAs":["https:\/\/twitter.com\/HRMRKR"],"url":"https:\/\/blog.zeit.de\/stoerungsmelder\/author\/thomasschade"}]}},"jetpack_featured_media_url":"https:\/\/blog.zeit.de\/stoerungsmelder\/files\/2020\/05\/20200509154240.jpg","jetpack_sharing_enabled":true,"_links":{"self":[{"href":"https:\/\/blog.zeit.de\/stoerungsmelder\/wp-json\/wp\/v2\/posts\/29718","targetHints":{"allow":["GET"]}}],"collection":[{"href":"https:\/\/blog.zeit.de\/stoerungsmelder\/wp-json\/wp\/v2\/posts"}],"about":[{"href":"https:\/\/blog.zeit.de\/stoerungsmelder\/wp-json\/wp\/v2\/types\/post"}],"author":[{"embeddable":true,"href":"https:\/\/blog.zeit.de\/stoerungsmelder\/wp-json\/wp\/v2\/users\/703"}],"replies":[{"embeddable":true,"href":"https:\/\/blog.zeit.de\/stoerungsmelder\/wp-json\/wp\/v2\/comments?post=29718"}],"version-history":[{"count":7,"href":"https:\/\/blog.zeit.de\/stoerungsmelder\/wp-json\/wp\/v2\/posts\/29718\/revisions"}],"predecessor-version":[{"id":29790,"href":"https:\/\/blog.zeit.de\/stoerungsmelder\/wp-json\/wp\/v2\/posts\/29718\/revisions\/29790"}],"wp:featuredmedia":[{"embeddable":true,"href":"https:\/\/blog.zeit.de\/stoerungsmelder\/wp-json\/wp\/v2\/media\/29781"}],"wp:attachment":[{"href":"https:\/\/blog.zeit.de\/stoerungsmelder\/wp-json\/wp\/v2\/media?parent=29718"}],"wp:term":[{"taxonomy":"category","embeddable":true,"href":"https:\/\/blog.zeit.de\/stoerungsmelder\/wp-json\/wp\/v2\/categories?post=29718"},{"taxonomy":"post_tag","embeddable":true,"href":"https:\/\/blog.zeit.de\/stoerungsmelder\/wp-json\/wp\/v2\/tags?post=29718"}],"curies":[{"name":"wp","href":"https:\/\/api.w.org\/{rel}","templated":true}]}}