{"id":2984,"date":"2010-03-29T12:54:24","date_gmt":"2010-03-29T10:54:24","guid":{"rendered":"http:\/\/blog.zeit.de\/stoerungsmelder\/?p=2984"},"modified":"2010-03-29T12:54:24","modified_gmt":"2010-03-29T10:54:24","slug":"vom-sternmarsch-zum-elenden-haufchen","status":"publish","type":"post","link":"https:\/\/blog.zeit.de\/stoerungsmelder\/2010\/03\/29\/vom-sternmarsch-zum-elenden-haufchen_2984","title":{"rendered":"Vom Sternmarsch zum elenden H\u00e4ufchen"},"content":{"rendered":"<p><figure style=\"width: 409px\" class=\"wp-caption aligncenter\"><img loading=\"lazy\" decoding=\"async\" src=\"https:\/\/img.zeit.de\/politik\/deutschland\/2010-03\/duisburg-pro-nrw\/duisburg-pro-nrw-540x304.jpg\" alt=\"\u00a9 Franz-Peter Tschauner\/dpa\" width=\"409\" height=\"230\" \/><figcaption class=\"wp-caption-text\">Kein guter Tag f\u00fcr die Rassisten von Pro NRW  \u00a9 Franz-Peter Tschauner\/dpa<\/figcaption><\/figure><\/p>\n<p>Die rechtspopulistische Partei Pro NRW wollte vor Deutschlands gr\u00f6\u00dfter Moschee demonstrieren. Den 120 Anh\u00e4ngern standen 4000 muslimfreundliche Anwohner gegen\u00fcber.<!--more--><\/p>\n<p><em>Von Olaf Sundermeyer<\/em><\/p>\n<p>Lautstark hatte die <a href=\"http:\/\/www.netz-gegen-nazis.de\/artikel\/wie-funktioniert-rechtspopulismus-la-pro-nrw-5612\">rechtspopulistische Partei Pro NRW<\/a> den Auftakt ihrer Wahlkampagne angek\u00fcndigt. Ein Sternmarsch zur gr\u00f6\u00dften\u00a0Moschee Deutschlands in Duisburg-Marxloh sollte es werden. Hier sollten die anti-islamischen Parolen der Partei ert\u00f6nen. Daraus wurde nichts: Es sind nur 120 Anh\u00e4nger zur Kundgebung gekommen, trotzig recken sie ihre Transparente in die Luft, einige Gehminuten von der Moschee entfernt. Beobachtet von einem Anwohner, die Ellenbogen auf seine Fensterbank gest\u00fctzt: &#8222;Dat is ja blo\u00df ein kleines H\u00e4ufken Elend.&#8220;<\/p>\n<p>Die Duisburger haben sich nicht von der anti-islamischen Hetze der Rechtsradikalen beeindrucken lassen. Die meisten der Kundgebungsteilnehmer sind aus dem Ausland angereist. Politische Mitstreiter vom rechten Rand aus \u00d6sterreich, Frankreich und Spanien. Die belgische Partei Vlaams Belang hat sogar die B\u00fchne und das Sicherheitspersonal gestellt. In diesem Wahlkampf sind die organisatorischen M\u00f6glichkeiten von Pro NRW noch begrenzt.<\/p>\n<p>Die \u00fcbrigen Menschen auf dem tristen Schotterparkplatz sind kleine Funktion\u00e4re und Familienangeh\u00f6rige der Landtagskandidaten. Der Parteivorsitzende der Pro NRW, Markus Beisicht, hat seine eigene Interpretation: &#8222;Man sagt immer, wir seien ausl\u00e4nderfeindlich. Dabei sind hier heute mehr Ausl\u00e4nder als Deutsche: Wir k\u00e4mpfen gemeinsam gegen die Islamisierung.&#8220; Man wolle ein europ\u00e4isches Volksbegehren gegen Minarette durchsetzen, die Schweiz habe vorgemacht, wie das geht. Aber nun ist klar, dass Pro NRW bei der Landtagswahl am 9. Mai nicht die Rolle spielen wird, die sie sich selbst erdacht hat. \u2028\u2028Zwischen den Demonstranten und der Moschee steht eine Kette aus Bereitschaftspolizisten in der Fr\u00fchlingssonne, 3000 Beamte sind am gesamten Wochenende in der Gegend im Einsatz. Absperrgitter auf der Stra\u00dfe, zwei Hubschrauber rotieren \u00fcber dem Minarett der Merkez-Moschee. 100 Gegendemonstranten haben zuvor die Anfahrt der Rechtspopulisten mit einer Sitzblockade an der Autobahnabfahrt Duisburg-Fahrn verz\u00f6gert. Zu gewaltsamen Zusammenst\u00f6\u00dfen zwischen den beiden Gruppen ist es nicht gekommen. Ein Polizeisprecher erw\u00e4hnt den &#8222;friedlichen Charakter&#8220; beider Veranstaltungen.<\/p>\n<p>Auf einer Wiese gegen\u00fcber der Moschee findet ein Volksfest statt. Rund 4000 Menschen demonstrieren dort in einer Atmosph\u00e4re aus Ostermarsch und Stadtteilfest. &#8222;Hand in Hand gegen Rassismus&#8220;, wie es auf einem wei\u00dfen Banner hei\u00dft, das an der Moschee h\u00e4ngt. Die beiden Kirchen im n\u00f6rdlichen Duisburger Stadtteil tragen das gleiche Motto. Das &#8222;Marxloher B\u00fcndnis&#8220; hatte gerufen, und der wahlkampferfahrene SPD-Vorsitzende Sigmar Gabriel lie\u00df sich nicht zweimal bitten. Ministerpr\u00e4sident J\u00fcrgen R\u00fcttgers (CDU) und sein Integrationsminister Armin Laschet (CDU) blieben der Veranstaltung hingegen fern. Markus Beisicht, dessen Pro-NRW-Partei viele entt\u00e4uschte CDU-Mitglieder anzieht, nannte Laschet &#8222;unseren besten Wahlhelfer&#8220;.<\/p>\n<p>Nordrhein-Westfalen ist das erste Bundesland, dessen Landesregierung ein integrationspolitisches Ressort f\u00fchrt. Besonders das Ruhrgebiet versteht sich wegen des starken demographischen Wandels mittlerweile als Einwanderungsland, seine Zukunft h\u00e4ngt an den Migranten. Unter den 18.000 Bewohnern in Marxloh hat jeder dritte keine deutschen Wurzeln. &#8222;Es ist f\u00fcr die CDU ja fast eine Kulturrevolution, dass die einen Integrationsminister hier haben. Aber das ist eine der ganz gro\u00dfen Aufgaben, bei der wir in Deutschland in der Vergangenheit viele Fehler gemacht haben&#8220;, sagte Sigmar Gabriel zu ZEIT\u00a0ONLINE. Der SPD-Vorsitzende kennt auch die Befindlichkeiten seiner eigenen Klientel \u2013 vor allem im ehemaligen Stammland der SPD, dem Ruhrgebiet. &#8222;Es gibt in einer Volkspartei die gleichen Vorbehalte wie \u00fcberall in der Bev\u00f6lkerung. Ich zeige meinen Mitgliedern deshalb, dass solche Vorbehalte gegen den Islam unbegr\u00fcndet sind.&#8220;<\/p>\n<p>Gabriel tut gut daran: Eine aktuelle Studie des Bielefelder Gewaltforschers Wilhelm Heitmeyer hat etwa im sozialdemokratisch gepr\u00e4gten Dortmunder Stadtteil Eving bei 37 Prozent der Bev\u00f6lkerung fremdenfeindliche Tendenzen festgestellt. Auch dort steht eine Moschee, der im vergangenen Jahr erst ein Minarett aufgesetzt wurde. \u00dcberall, wo derzeit neue Moscheen entstehen, wo Minarette in den blauen Himmel \u00fcber der Ruhr wachsen, regt sich auch aktueller b\u00fcrgerlicher Widerstand, von dem Pro NRW profitieren will. Im sauerl\u00e4ndischen Menden, am \u00f6stlichen Rand des Ruhrgebiets, versuchte die Politik k\u00fcrzlich den Planungsstopp einer Moschee zu erreichen. &#8222;Es gibt ja eine Islamophobie in Deutschland, sp\u00e4testens seit dem 11. September. Deshalb gehe ich jetzt in die Moscheen, um unter Demokraten \u00fcber Integration zu sprechen, nicht mit rechtsradikalen Spinnern, wie sie jetzt hier im Ruhrgebiet auftauchen&#8220;, sagt der Duisburger CDU-B\u00fcrgermeister Adolf Sauerland.<\/p>\n<p>Pro NRW wird auch nach diesem Tag fortfahren, den Islam mit fundamentalistischem Islamismus gleichzusetzen, vor dem die Menschen in Deutschland zunehmend Angst haben. Aber in Marxloh haben die Rechten heute keine Spaltung der \u00f6rtlichen Gemeinschaft erreicht, sondern das Gegenteil. Gespalten ist hier einzig das rechte Lager: Die rechtsextreme NPD demonstrierte ihrerseits in Duisburg gegen eine zunehmende Islamisierung, mit ein paar Leuten mehr als Pro NRW. Ihr gemeinsames W\u00e4hlerspektrum zerbr\u00f6selt zwischen zwei schwachen Bl\u00f6cken. Der NPD-Vorsitzende Udo Voigt wei\u00df das, und sprach auch deshalb zuletzt von einem Wahlziel &#8222;\u00fcber einem Prozent&#8220; f\u00fcr die Landtagswahl. Pro NRW beschimpfte er als eine Vereinigung aus &#8222;Homosexuellen und Israelfreunden&#8220;. Unterdessen sind Christen und Moslems im Ruhrgebiet heute ein kleines St\u00fcckchen zusammenger\u00fcckt. Vielleicht auch SPD und CDU. F\u00fcr die Landtagswahlen im Mai gilt die Gro\u00dfe Koalition sowieso als wahrscheinlichste Variante.<\/p>\n","protected":false},"excerpt":{"rendered":"<p>Die rechtspopulistische Partei Pro NRW wollte vor Deutschlands gr\u00f6\u00dfter Moschee demonstrieren. Den 120 Anh\u00e4ngern standen 4000 muslimfreundliche Anwohner gegen\u00fcber.<\/p>\n","protected":false},"author":229,"featured_media":0,"comment_status":"open","ping_status":"open","sticky":false,"template":"","format":"standard","meta":{"_jetpack_memberships_contains_paid_content":false,"footnotes":""},"categories":[1291],"tags":[1986,1716,1749,1750,97,2006],"class_list":["post-2984","post","type-post","status-publish","format-standard","hentry","category-nordrhein-westfalen","tag-anti-islamismus","tag-npd","tag-pro-koln","tag-pro-nrw","tag-rassismus","tag-vlaams-belang"],"yoast_head":"<!-- This site is optimized with the Yoast SEO plugin v21.0 - https:\/\/yoast.com\/wordpress\/plugins\/seo\/ -->\n<title>Vom Sternmarsch zum elenden H\u00e4ufchen - St\u00f6rungsmelder<\/title>\n<meta name=\"robots\" content=\"index, follow, max-snippet:-1, max-image-preview:large, max-video-preview:-1\" \/>\n<link rel=\"canonical\" href=\"https:\/\/blog.zeit.de\/stoerungsmelder\/2010\/03\/29\/vom-sternmarsch-zum-elenden-haufchen_2984\" \/>\n<meta property=\"og:locale\" content=\"de_DE\" \/>\n<meta property=\"og:type\" content=\"article\" \/>\n<meta property=\"og:title\" content=\"Vom Sternmarsch zum elenden H\u00e4ufchen - St\u00f6rungsmelder\" \/>\n<meta property=\"og:description\" content=\"Die rechtspopulistische Partei Pro NRW wollte vor Deutschlands gr\u00f6\u00dfter Moschee demonstrieren. Den 120 Anh\u00e4ngern standen 4000 muslimfreundliche Anwohner gegen\u00fcber.\" \/>\n<meta property=\"og:url\" content=\"https:\/\/blog.zeit.de\/stoerungsmelder\/2010\/03\/29\/vom-sternmarsch-zum-elenden-haufchen_2984\" \/>\n<meta property=\"og:site_name\" content=\"St\u00f6rungsmelder\" \/>\n<meta property=\"article:published_time\" content=\"2010-03-29T10:54:24+00:00\" \/>\n<meta property=\"og:image\" content=\"https:\/\/img.zeit.de\/politik\/deutschland\/2010-03\/duisburg-pro-nrw\/duisburg-pro-nrw-540x304.jpg\" \/>\n<meta name=\"author\" content=\"St\u00f6rungsmelder\" \/>\n<meta name=\"twitter:card\" content=\"summary_large_image\" \/>\n<meta name=\"twitter:label1\" content=\"Geschrieben von\" \/>\n\t<meta name=\"twitter:data1\" content=\"St\u00f6rungsmelder\" \/>\n\t<meta name=\"twitter:label2\" content=\"Gesch\u00e4tzte Lesezeit\" \/>\n\t<meta name=\"twitter:data2\" content=\"4\u00a0Minuten\" \/>\n<script type=\"application\/ld+json\" class=\"yoast-schema-graph\">{\"@context\":\"https:\/\/schema.org\",\"@graph\":[{\"@type\":\"WebPage\",\"@id\":\"https:\/\/blog.zeit.de\/stoerungsmelder\/2010\/03\/29\/vom-sternmarsch-zum-elenden-haufchen_2984\",\"url\":\"https:\/\/blog.zeit.de\/stoerungsmelder\/2010\/03\/29\/vom-sternmarsch-zum-elenden-haufchen_2984\",\"name\":\"Vom Sternmarsch zum elenden H\u00e4ufchen - St\u00f6rungsmelder\",\"isPartOf\":{\"@id\":\"https:\/\/blog.zeit.de\/stoerungsmelder\/#website\"},\"datePublished\":\"2010-03-29T10:54:24+00:00\",\"dateModified\":\"2010-03-29T10:54:24+00:00\",\"author\":{\"@id\":\"https:\/\/blog.zeit.de\/stoerungsmelder\/#\/schema\/person\/fdd0b9818f65738672810b6d6f037f71\"},\"breadcrumb\":{\"@id\":\"https:\/\/blog.zeit.de\/stoerungsmelder\/2010\/03\/29\/vom-sternmarsch-zum-elenden-haufchen_2984#breadcrumb\"},\"inLanguage\":\"de\",\"potentialAction\":[{\"@type\":\"ReadAction\",\"target\":[\"https:\/\/blog.zeit.de\/stoerungsmelder\/2010\/03\/29\/vom-sternmarsch-zum-elenden-haufchen_2984\"]}]},{\"@type\":\"BreadcrumbList\",\"@id\":\"https:\/\/blog.zeit.de\/stoerungsmelder\/2010\/03\/29\/vom-sternmarsch-zum-elenden-haufchen_2984#breadcrumb\",\"itemListElement\":[{\"@type\":\"ListItem\",\"position\":1,\"name\":\"Startseite\",\"item\":\"https:\/\/blog.zeit.de\/stoerungsmelder\"},{\"@type\":\"ListItem\",\"position\":2,\"name\":\"Vom Sternmarsch zum elenden H\u00e4ufchen\"}]},{\"@type\":\"WebSite\",\"@id\":\"https:\/\/blog.zeit.de\/stoerungsmelder\/#website\",\"url\":\"https:\/\/blog.zeit.de\/stoerungsmelder\/\",\"name\":\"St\u00f6rungsmelder\",\"description\":\"Recherchen und Analysen \u00fcber die extreme Rechte\",\"potentialAction\":[{\"@type\":\"SearchAction\",\"target\":{\"@type\":\"EntryPoint\",\"urlTemplate\":\"https:\/\/blog.zeit.de\/stoerungsmelder\/?s={search_term_string}\"},\"query-input\":\"required name=search_term_string\"}],\"inLanguage\":\"de\"},{\"@type\":\"Person\",\"@id\":\"https:\/\/blog.zeit.de\/stoerungsmelder\/#\/schema\/person\/fdd0b9818f65738672810b6d6f037f71\",\"name\":\"St\u00f6rungsmelder\",\"image\":{\"@type\":\"ImageObject\",\"inLanguage\":\"de\",\"@id\":\"https:\/\/blog.zeit.de\/stoerungsmelder\/#\/schema\/person\/image\/\",\"url\":\"https:\/\/secure.gravatar.com\/avatar\/dfa4be514c3e82a71e4f9a0020035d38192d080ccaa5e4e6d7a1472c763535c5?s=96&d=mm&r=pg\",\"contentUrl\":\"https:\/\/secure.gravatar.com\/avatar\/dfa4be514c3e82a71e4f9a0020035d38192d080ccaa5e4e6d7a1472c763535c5?s=96&d=mm&r=pg\",\"caption\":\"St\u00f6rungsmelder\"},\"url\":\"https:\/\/blog.zeit.de\/stoerungsmelder\/author\/stoerungsmelder\"}]}<\/script>\n<!-- \/ Yoast SEO plugin. -->","yoast_head_json":{"title":"Vom Sternmarsch zum elenden H\u00e4ufchen - St\u00f6rungsmelder","robots":{"index":"index","follow":"follow","max-snippet":"max-snippet:-1","max-image-preview":"max-image-preview:large","max-video-preview":"max-video-preview:-1"},"canonical":"https:\/\/blog.zeit.de\/stoerungsmelder\/2010\/03\/29\/vom-sternmarsch-zum-elenden-haufchen_2984","og_locale":"de_DE","og_type":"article","og_title":"Vom Sternmarsch zum elenden H\u00e4ufchen - St\u00f6rungsmelder","og_description":"Die rechtspopulistische Partei Pro NRW wollte vor Deutschlands gr\u00f6\u00dfter Moschee demonstrieren. Den 120 Anh\u00e4ngern standen 4000 muslimfreundliche Anwohner gegen\u00fcber.","og_url":"https:\/\/blog.zeit.de\/stoerungsmelder\/2010\/03\/29\/vom-sternmarsch-zum-elenden-haufchen_2984","og_site_name":"St\u00f6rungsmelder","article_published_time":"2010-03-29T10:54:24+00:00","og_image":[{"url":"https:\/\/img.zeit.de\/politik\/deutschland\/2010-03\/duisburg-pro-nrw\/duisburg-pro-nrw-540x304.jpg"}],"author":"St\u00f6rungsmelder","twitter_card":"summary_large_image","twitter_misc":{"Geschrieben von":"St\u00f6rungsmelder","Gesch\u00e4tzte Lesezeit":"4\u00a0Minuten"},"schema":{"@context":"https:\/\/schema.org","@graph":[{"@type":"WebPage","@id":"https:\/\/blog.zeit.de\/stoerungsmelder\/2010\/03\/29\/vom-sternmarsch-zum-elenden-haufchen_2984","url":"https:\/\/blog.zeit.de\/stoerungsmelder\/2010\/03\/29\/vom-sternmarsch-zum-elenden-haufchen_2984","name":"Vom Sternmarsch zum elenden H\u00e4ufchen - St\u00f6rungsmelder","isPartOf":{"@id":"https:\/\/blog.zeit.de\/stoerungsmelder\/#website"},"datePublished":"2010-03-29T10:54:24+00:00","dateModified":"2010-03-29T10:54:24+00:00","author":{"@id":"https:\/\/blog.zeit.de\/stoerungsmelder\/#\/schema\/person\/fdd0b9818f65738672810b6d6f037f71"},"breadcrumb":{"@id":"https:\/\/blog.zeit.de\/stoerungsmelder\/2010\/03\/29\/vom-sternmarsch-zum-elenden-haufchen_2984#breadcrumb"},"inLanguage":"de","potentialAction":[{"@type":"ReadAction","target":["https:\/\/blog.zeit.de\/stoerungsmelder\/2010\/03\/29\/vom-sternmarsch-zum-elenden-haufchen_2984"]}]},{"@type":"BreadcrumbList","@id":"https:\/\/blog.zeit.de\/stoerungsmelder\/2010\/03\/29\/vom-sternmarsch-zum-elenden-haufchen_2984#breadcrumb","itemListElement":[{"@type":"ListItem","position":1,"name":"Startseite","item":"https:\/\/blog.zeit.de\/stoerungsmelder"},{"@type":"ListItem","position":2,"name":"Vom Sternmarsch zum elenden H\u00e4ufchen"}]},{"@type":"WebSite","@id":"https:\/\/blog.zeit.de\/stoerungsmelder\/#website","url":"https:\/\/blog.zeit.de\/stoerungsmelder\/","name":"St\u00f6rungsmelder","description":"Recherchen und Analysen \u00fcber die extreme Rechte","potentialAction":[{"@type":"SearchAction","target":{"@type":"EntryPoint","urlTemplate":"https:\/\/blog.zeit.de\/stoerungsmelder\/?s={search_term_string}"},"query-input":"required name=search_term_string"}],"inLanguage":"de"},{"@type":"Person","@id":"https:\/\/blog.zeit.de\/stoerungsmelder\/#\/schema\/person\/fdd0b9818f65738672810b6d6f037f71","name":"St\u00f6rungsmelder","image":{"@type":"ImageObject","inLanguage":"de","@id":"https:\/\/blog.zeit.de\/stoerungsmelder\/#\/schema\/person\/image\/","url":"https:\/\/secure.gravatar.com\/avatar\/dfa4be514c3e82a71e4f9a0020035d38192d080ccaa5e4e6d7a1472c763535c5?s=96&d=mm&r=pg","contentUrl":"https:\/\/secure.gravatar.com\/avatar\/dfa4be514c3e82a71e4f9a0020035d38192d080ccaa5e4e6d7a1472c763535c5?s=96&d=mm&r=pg","caption":"St\u00f6rungsmelder"},"url":"https:\/\/blog.zeit.de\/stoerungsmelder\/author\/stoerungsmelder"}]}},"jetpack_featured_media_url":"","jetpack_sharing_enabled":true,"_links":{"self":[{"href":"https:\/\/blog.zeit.de\/stoerungsmelder\/wp-json\/wp\/v2\/posts\/2984","targetHints":{"allow":["GET"]}}],"collection":[{"href":"https:\/\/blog.zeit.de\/stoerungsmelder\/wp-json\/wp\/v2\/posts"}],"about":[{"href":"https:\/\/blog.zeit.de\/stoerungsmelder\/wp-json\/wp\/v2\/types\/post"}],"author":[{"embeddable":true,"href":"https:\/\/blog.zeit.de\/stoerungsmelder\/wp-json\/wp\/v2\/users\/229"}],"replies":[{"embeddable":true,"href":"https:\/\/blog.zeit.de\/stoerungsmelder\/wp-json\/wp\/v2\/comments?post=2984"}],"version-history":[{"count":0,"href":"https:\/\/blog.zeit.de\/stoerungsmelder\/wp-json\/wp\/v2\/posts\/2984\/revisions"}],"wp:attachment":[{"href":"https:\/\/blog.zeit.de\/stoerungsmelder\/wp-json\/wp\/v2\/media?parent=2984"}],"wp:term":[{"taxonomy":"category","embeddable":true,"href":"https:\/\/blog.zeit.de\/stoerungsmelder\/wp-json\/wp\/v2\/categories?post=2984"},{"taxonomy":"post_tag","embeddable":true,"href":"https:\/\/blog.zeit.de\/stoerungsmelder\/wp-json\/wp\/v2\/tags?post=2984"}],"curies":[{"name":"wp","href":"https:\/\/api.w.org\/{rel}","templated":true}]}}