{"id":29842,"date":"2020-06-07T14:11:41","date_gmt":"2020-06-07T12:11:41","guid":{"rendered":"https:\/\/blog.zeit.de\/stoerungsmelder\/?p=29842"},"modified":"2020-06-07T14:57:43","modified_gmt":"2020-06-07T12:57:43","slug":"der-letzte-aufmarsch","status":"publish","type":"post","link":"https:\/\/blog.zeit.de\/stoerungsmelder\/2020\/06\/07\/der-letzte-aufmarsch_29842","title":{"rendered":"Der letzte Aufmarsch"},"content":{"rendered":"<p><strong>Der Tag der deutschen Zukunft war eine der gr\u00f6\u00dften Neonazi-Demonstrationen des Landes. Jetzt ist Schluss damit. Am Niedergang l\u00e4sst sich die Spaltung der rechten Szene ablesen.<\/strong><\/p>\n<p><em>Von Henrik Merker<\/em><\/p>\n<p><figure id=\"attachment_29846\" aria-describedby=\"caption-attachment-29846\" style=\"width: 620px\" class=\"wp-caption aligncenter\"><img loading=\"lazy\" decoding=\"async\" class=\"wp-image-29846 size-medium\" src=\"https:\/\/blog.zeit.de\/stoerungsmelder\/files\/2020\/06\/IMG_9431-620x413.jpg\" alt=\"Tag der deutschen Zukunft\" width=\"620\" height=\"413\" srcset=\"https:\/\/blog.zeit.de\/stoerungsmelder\/files\/2020\/06\/IMG_9431-620x413.jpg 620w, https:\/\/blog.zeit.de\/stoerungsmelder\/files\/2020\/06\/IMG_9431-1024x683.jpg 1024w, https:\/\/blog.zeit.de\/stoerungsmelder\/files\/2020\/06\/IMG_9431-768x512.jpg 768w, https:\/\/blog.zeit.de\/stoerungsmelder\/files\/2020\/06\/IMG_9431-1536x1024.jpg 1536w, https:\/\/blog.zeit.de\/stoerungsmelder\/files\/2020\/06\/IMG_9431.jpg 1920w\" sizes=\"auto, (max-width: 620px) 100vw, 620px\" \/><figcaption id=\"caption-attachment-29846\" class=\"wp-caption-text\">Teilnehmer der rechtsextremen Demonstration in Worms \u00a9 Henrik Merker<\/figcaption><\/figure><\/p>\n<p>Seit mehr als einem Jahrzehnt war der <a href=\"https:\/\/blog.zeit.de\/stoerungsmelder\/2019\/06\/02\/schlappe-fuer-neonazi-protest_28564\">Tag der deutschen Zukunft<\/a> (TddZ) ein fester Termin im Kalender der rechtsextremen Szene. Einmal im Jahr trafen sich Neonazis zu Hunderten in verschiedenen St\u00e4dten, zogen mit Fahnen und Bannern durch den Ort, umringt von Polizisten und Gegendemonstranten. Das schwei\u00dfte zusammen. Bis die Strahlkraft der rechten Veranstaltung nachlie\u00df.<\/p>\n<p>Wie stark, das hat sich am Samstag im rheinland-pf\u00e4lzischen Worms gezeigt: Der Versuch der Szene, die Stra\u00dfen der Stadt f\u00fcr ihre Parolen in Beschlag zu nehmen, ist gescheitert. Was einmal ein Massenevent war, zog diesmal knapp 60 Teilnehmer an. Flankiert wurden sie von Tausenden Protestierenden, die die Aufmarschroute blockierten.<\/p>\n<p><!--more--><\/p>\n<h2>Das Ende eines Szenetreffens<\/h2>\n<p>Die Neonazis konnten nur 360 Meter laufen, dann mussten sie zum Hauptbahnhof umkehren. Der nieders\u00e4chsische Neonazi <a href=\"https:\/\/blog.zeit.de\/stoerungsmelder\/2011\/06\/07\/1200-neonazis-bei-extrem-rechten-events-in-braunschweig-und-sondershausen_6493\">Dieter Riefling<\/a>, in den vergangenen Jahren bereits Hauptorganisator der Aufm\u00e4rsche, sprach auf der Abschlusskundgebung vom \u201evorl\u00e4ufigen Ende\u201c des TddZ. Bereits Mitte Mai hatten die Veranstalter angek\u00fcndigt, dies werde der letzte Aufmarsch aus dem \u201e\u00fcberparteilichen Zusammenschluss\u201c sein.<\/p>\n<p><figure id=\"attachment_29851\" aria-describedby=\"caption-attachment-29851\" style=\"width: 620px\" class=\"wp-caption aligncenter\"><img loading=\"lazy\" decoding=\"async\" class=\"wp-image-29851 size-medium\" src=\"https:\/\/blog.zeit.de\/stoerungsmelder\/files\/2020\/06\/IMG_1222-620x413.jpg\" alt=\"Tag der deutschen Zukunft\" width=\"620\" height=\"413\" srcset=\"https:\/\/blog.zeit.de\/stoerungsmelder\/files\/2020\/06\/IMG_1222-620x413.jpg 620w, https:\/\/blog.zeit.de\/stoerungsmelder\/files\/2020\/06\/IMG_1222-1024x683.jpg 1024w, https:\/\/blog.zeit.de\/stoerungsmelder\/files\/2020\/06\/IMG_1222-768x512.jpg 768w, https:\/\/blog.zeit.de\/stoerungsmelder\/files\/2020\/06\/IMG_1222-1536x1024.jpg 1536w, https:\/\/blog.zeit.de\/stoerungsmelder\/files\/2020\/06\/IMG_1222-2048x1365.jpg 2048w\" sizes=\"auto, (max-width: 620px) 100vw, 620px\" \/><figcaption id=\"caption-attachment-29851\" class=\"wp-caption-text\">Am Hauptbahnhof blockierten Kundgebungen von Gegendemonstranten die Stra\u00dfen. \u00a9 Henrik Merker<\/figcaption><\/figure><\/p>\n<p>Urspr\u00fcnglich sollte die seit 2009 abgehaltene Demonstration Neonazis aus NPD und Kameradschaften enger zusammenbringen. Nachdem sich 2012 die neonazistische Kleinpartei <a href=\"https:\/\/blog.zeit.de\/stoerungsmelder\/2019\/04\/21\/stimmenfang-mit-judenhass_28379\">Die Rechte<\/a> und 2013 <a href=\"https:\/\/blog.zeit.de\/stoerungsmelder\/2019\/11\/06\/wenn-sich-neonazis-als-sozialarbeiter-tarnen_29206\">Der III. Weg<\/a> gr\u00fcndeten, wurde der Marsch als Vernetzungstreffen konzipiert. Das mehrfach drohende NPD-Verbot und <a href=\"https:\/\/taz.de\/Holger-Apfel-tritt-zurueck\/!5052318\/\" target=\"_blank\" rel=\"noopener noreferrer\">diverse Skandale in den eigenen Reihen<\/a> hatten zur Zersplitterung der Szene beigetragen.<\/p>\n<h2>Gradmesser der Spaltung<\/h2>\n<p>Trotz solcher Vorzeichen war der TddZ ein Erfolgsprojekt der Szene: 2016 <a href=\"https:\/\/blog.zeit.de\/stoerungsmelder\/2016\/06\/08\/tag-der-deutschen-zukunft-neonaziaufmarsch-in-dortmund_21841\">kamen in Dortmund noch rund 1.000 Neonazis<\/a>. Doch in den Folgejahren brach das Interesse ein. In Dortmund ist Die Rechte tonangebend. Deren Bundesvorsitzender Sascha Krolzig war am vergangenen Donnerstag <a href=\"https:\/\/www.wa.de\/hamm\/sascha-krolzig-rechte-haftstrafe-verurteilt-beleidigung-volksverhetzung-13790054.html\" target=\"_blank\" rel=\"noopener noreferrer\">zu einer mehrmonatigen Haftstrafe verurteilt worden<\/a>. Krolzig war in den vergangenen Jahren mehrfach Redner beim TddZ.<\/p>\n<p>Die Partei hatte sich 2017 <a href=\"https:\/\/blog.zeit.de\/stoerungsmelder\/2017\/11\/02\/die-rechte-verliert-vorsitzenden_24926\">mit ihrem Gr\u00fcnder Christian Worch \u00fcberworfen<\/a>. Dieser wiederum hielt beim diesj\u00e4hrigen Aufmarsch eine Rede. Dass der im Ruhrgebiet so schlecht gelittene Worch in Worms einen gro\u00dfen Auftritt bekam, hielt vermutlich viele Dortmunder Neonazis ab, mitzudemonstrieren. Das vermeintliche Einigungstreffen ist eher zum Gradmesser Spaltung innerhalb der Neonazi-Szene geworden.<\/p>\n<h2>Den Erfolg haben andere<\/h2>\n<p>Daran hat auch die AfD ihren Anteil. Sie vertritt Versatzst\u00fccke rechtsextremer Ideologie und erreicht eine breitere Zielgruppe. Das ist den Neonaziparteien zum Verh\u00e4ngnis geworden.<\/p>\n\n<div class=\"embed-wrapper embed-wrapper--blocked js-embed-consent\" data-method=\"embed\">\n<script class=\"raw__source\" type=\"text\/template\"><div class=\"embed-twitter\"><blockquote class=\"twitter-tweet\" data-width=\"550\" data-dnt=\"true\"><p data-replace lang=\"de\" dir=\"ltr\">1136 Die ersten Neonazis sind mit ihrem Ersatz-Wagen am HBF <a href=\"https:\/\/twitter.com\/hashtag\/Worms?src=hash&amp;ref_src=twsrc%5Etfw\">#Worms<\/a> angekommen. <br><br>Vergangene Nacht sollen Unbekannte einen LKW zerst\u00f6rt haben, der regelm\u00e4\u00dfig auf NPD-Versammlungen genutzt wurde. Der sollte offenbar auch beim j\u00e4hrlichen TddZ-Aufmarsch verwendet werden.<a href=\"https:\/\/twitter.com\/hashtag\/blocktddz?src=hash&amp;ref_src=twsrc%5Etfw\">#blocktddz<\/a> <a href=\"https:\/\/t.co\/dlmbnBjr2r\">pic.twitter.com\/dlmbnBjr2r<\/a><\/p>&mdash; St\u00f6rungsmelder (@stoerungsblog) <a href=\"https:\/\/twitter.com\/stoerungsblog\/status\/1269205996133650432?ref_src=twsrc%5Etfw\">June 6, 2020<\/a><\/blockquote><scr+ipt async src=\"https:\/\/platform.twitter.com\/widgets.js\" charset=\"utf-8\"><\/scr+ipt><\/div><\/script>\n<div class=\"embed-wrapper__inner\">\n<div class=\"embed-wrapper__text\">\n<h3>Empfohlener redaktioneller Inhalt<\/h3>\n<p data-replace=\"no\">An dieser Stelle finden Sie externen Inhalt, der den Artikel erg\u00e4nzt. Sie k\u00f6nnen sich externe Inhalte mit einem Klick anzeigen lassen und wieder ausblenden.<noscript>Bitte aktivieren Sie JavaScript damit Sie diesen Inhalt anzeigen k\u00f6nnen.<\/noscript><\/p>\n<\/div>\n<div class=\"embed-consent\">\n<label class=\"embed-consent__toggle\">\n<input class=\"js-embed-consent__toggle\" type=\"checkbox\" autocomplete=\"off\">\n<span><\/span>\nExterner Inhalt\n<\/label>\n<a href=\"https:\/\/www.zeit.de\/hilfe\/datenschutz\" target=\"_blank\" class=\"embed-consent__datalink-when-active\">Datenschutzerkl\u00e4rung<\/a>\n<\/div>\n<div class=\"embed-wrapper__footer\">\n<p data-replace=\"no\">\nIch bin damit einverstanden, dass mir externe Inhalte angezeigt werden. Damit k\u00f6nnen personenbezogene Daten an Drittplattformen \u00fcbermittelt werden. <a href=\"https:\/\/www.zeit.de\/hilfe\/datenschutz\" target=\"_blank\">Mehr dazu in unserer Datenschutzerkl\u00e4rung.<\/a>\n<\/p>\n<\/div>\n<\/div>\n<\/div>\n<p>Sie bewegen sich nun verst\u00e4rkt im vorpolitischen Raum, sind erfolgreicher mit Kampfsportevents und Konzerten. Genau wie die konkurrierende neurechte Szene haben einige der klassischen Neonazis Zeitungsprojekte und Magazine geschaffen, sie bieten <a href=\"https:\/\/blog.zeit.de\/stoerungsmelder\/2020\/05\/07\/rechte-propaganda-im-corona-podcast_29754\">Podcasts<\/a> und Internetradios an und haben eigene YouTuber <a href=\"https:\/\/www.tagesspiegel.de\/politik\/anti-lockdown-proteste-warum-corona-leugner-zur-gefahr-werden-koennen\/25778086.html\" target=\"_blank\" rel=\"noopener noreferrer\">wie den als Volkslehrer bekannten Nicolai Nerling<\/a>, der auch die verschw\u00f6rungsideologischen <a href=\"https:\/\/blog.zeit.de\/stoerungsmelder\/2020\/05\/27\/rechte-radikalisierung-im-corona-chat_29792\">Proteste gegen die Corona-Schutzauflagen<\/a> stark beeinflusst.<\/p>\n<p>Altkader wie Dieter Riefling und Christian Worch haben derweil keine neuen Konzepte anzubieten. Aufm\u00e4rschen in Reih und Glied mit Fahnen in den Farben des Deutschen Reichs sind selbst jahrelangen Anh\u00e4ngern zu altbacken.<\/p>\n","protected":false},"excerpt":{"rendered":"<p>Der Tag der deutschen Zukunft sollte Neonazis zusammenschwei\u00dfen. Doch mittlerweile ist die Szene zersplittert &#8211; und die Demonstration der Rechtsextremen in Worms ger\u00e4t zum Flop<\/p>\n","protected":false},"author":703,"featured_media":29846,"comment_status":"open","ping_status":"closed","sticky":false,"template":"","format":"standard","meta":{"_jetpack_memberships_contains_paid_content":false,"footnotes":""},"categories":[1455],"tags":[1517,984,31080,24535,11360,39576,28158,34133],"class_list":["post-29842","post","type-post","status-publish","format-standard","has-post-thumbnail","hentry","category-rheinland-pfalz","tag-christian-worch","tag-demonstration","tag-der-dritte-weg","tag-die-rechte","tag-dieter-riefling","tag-sascha-krolzig","tag-tag-der-deutschen-zukunft","tag-worms"],"yoast_head":"<!-- This site is optimized with the Yoast SEO plugin v21.0 - https:\/\/yoast.com\/wordpress\/plugins\/seo\/ -->\n<title>Tag der deutschen Zukunft: Der letzte Aufmarsch<\/title>\n<meta name=\"description\" content=\"Der Tag der deutschen Zukunft war eine der gr\u00f6\u00dften Neonazi-Demonstrationen des Landes. Jetzt ist Schluss damit. Am Niedergang l\u00e4sst sich die Spaltung der rechten Szene ablesen.\" \/>\n<meta name=\"robots\" content=\"index, follow, max-snippet:-1, max-image-preview:large, max-video-preview:-1\" \/>\n<link rel=\"canonical\" href=\"https:\/\/blog.zeit.de\/stoerungsmelder\/2020\/06\/07\/der-letzte-aufmarsch_29842\" \/>\n<meta property=\"og:locale\" content=\"de_DE\" \/>\n<meta property=\"og:type\" content=\"article\" \/>\n<meta property=\"og:title\" content=\"Tag der deutschen Zukunft: Der letzte Aufmarsch\" \/>\n<meta property=\"og:description\" content=\"Der Tag der deutschen Zukunft war eine der gr\u00f6\u00dften Neonazi-Demonstrationen des Landes. Jetzt ist Schluss damit. Am Niedergang l\u00e4sst sich die Spaltung der rechten Szene ablesen.\" \/>\n<meta property=\"og:url\" content=\"https:\/\/blog.zeit.de\/stoerungsmelder\/2020\/06\/07\/der-letzte-aufmarsch_29842\" \/>\n<meta property=\"og:site_name\" content=\"St\u00f6rungsmelder\" \/>\n<meta property=\"article:published_time\" content=\"2020-06-07T12:11:41+00:00\" \/>\n<meta property=\"article:modified_time\" content=\"2020-06-07T12:57:43+00:00\" \/>\n<meta property=\"og:image\" content=\"https:\/\/blog.zeit.de\/stoerungsmelder\/files\/2020\/06\/IMG_9431.jpg\" \/>\n\t<meta property=\"og:image:width\" content=\"1920\" \/>\n\t<meta property=\"og:image:height\" content=\"1280\" \/>\n\t<meta property=\"og:image:type\" content=\"image\/jpeg\" \/>\n<meta name=\"author\" content=\"Henrik Merker\" \/>\n<meta name=\"twitter:card\" content=\"summary_large_image\" \/>\n<meta name=\"twitter:description\" content=\"Der Tag der deutschen Zukunft war eine der gr\u00f6\u00dften Neonazi-Demonstrationen des Landes. Beim Aufmarsch in #Worms haben die Veranstalter das Aus verk\u00fcndet - denn von der Strahlkraft des Events ist nichts geblieben. #TddZ\" \/>\n<meta name=\"twitter:creator\" content=\"@HRMRKR\" \/>\n<meta name=\"twitter:label1\" content=\"Geschrieben von\" \/>\n\t<meta name=\"twitter:data1\" content=\"Henrik Merker\" \/>\n\t<meta name=\"twitter:label2\" content=\"Gesch\u00e4tzte Lesezeit\" \/>\n\t<meta name=\"twitter:data2\" content=\"3\u00a0Minuten\" \/>\n<script type=\"application\/ld+json\" class=\"yoast-schema-graph\">{\"@context\":\"https:\/\/schema.org\",\"@graph\":[{\"@type\":\"WebPage\",\"@id\":\"https:\/\/blog.zeit.de\/stoerungsmelder\/2020\/06\/07\/der-letzte-aufmarsch_29842\",\"url\":\"https:\/\/blog.zeit.de\/stoerungsmelder\/2020\/06\/07\/der-letzte-aufmarsch_29842\",\"name\":\"Tag der deutschen Zukunft: Der letzte Aufmarsch\",\"isPartOf\":{\"@id\":\"https:\/\/blog.zeit.de\/stoerungsmelder\/#website\"},\"datePublished\":\"2020-06-07T12:11:41+00:00\",\"dateModified\":\"2020-06-07T12:57:43+00:00\",\"author\":{\"@id\":\"https:\/\/blog.zeit.de\/stoerungsmelder\/#\/schema\/person\/75338b13df89ce2bcc9b98a76590fcbf\"},\"description\":\"Der Tag der deutschen Zukunft war eine der gr\u00f6\u00dften Neonazi-Demonstrationen des Landes. Jetzt ist Schluss damit. Am Niedergang l\u00e4sst sich die Spaltung der rechten Szene ablesen.\",\"breadcrumb\":{\"@id\":\"https:\/\/blog.zeit.de\/stoerungsmelder\/2020\/06\/07\/der-letzte-aufmarsch_29842#breadcrumb\"},\"inLanguage\":\"de\",\"potentialAction\":[{\"@type\":\"ReadAction\",\"target\":[\"https:\/\/blog.zeit.de\/stoerungsmelder\/2020\/06\/07\/der-letzte-aufmarsch_29842\"]}]},{\"@type\":\"BreadcrumbList\",\"@id\":\"https:\/\/blog.zeit.de\/stoerungsmelder\/2020\/06\/07\/der-letzte-aufmarsch_29842#breadcrumb\",\"itemListElement\":[{\"@type\":\"ListItem\",\"position\":1,\"name\":\"Startseite\",\"item\":\"https:\/\/blog.zeit.de\/stoerungsmelder\"},{\"@type\":\"ListItem\",\"position\":2,\"name\":\"Der letzte Aufmarsch\"}]},{\"@type\":\"WebSite\",\"@id\":\"https:\/\/blog.zeit.de\/stoerungsmelder\/#website\",\"url\":\"https:\/\/blog.zeit.de\/stoerungsmelder\/\",\"name\":\"St\u00f6rungsmelder\",\"description\":\"Recherchen und Analysen \u00fcber die extreme Rechte\",\"potentialAction\":[{\"@type\":\"SearchAction\",\"target\":{\"@type\":\"EntryPoint\",\"urlTemplate\":\"https:\/\/blog.zeit.de\/stoerungsmelder\/?s={search_term_string}\"},\"query-input\":\"required name=search_term_string\"}],\"inLanguage\":\"de\"},{\"@type\":\"Person\",\"@id\":\"https:\/\/blog.zeit.de\/stoerungsmelder\/#\/schema\/person\/75338b13df89ce2bcc9b98a76590fcbf\",\"name\":\"Henrik Merker\",\"image\":{\"@type\":\"ImageObject\",\"inLanguage\":\"de\",\"@id\":\"https:\/\/blog.zeit.de\/stoerungsmelder\/#\/schema\/person\/image\/\",\"url\":\"https:\/\/secure.gravatar.com\/avatar\/a881955e7dc03f4202c4c8e4fd5c4005ec3715376bd9a9ec246141f698e7e4ba?s=96&d=mm&r=pg\",\"contentUrl\":\"https:\/\/secure.gravatar.com\/avatar\/a881955e7dc03f4202c4c8e4fd5c4005ec3715376bd9a9ec246141f698e7e4ba?s=96&d=mm&r=pg\",\"caption\":\"Henrik Merker\"},\"sameAs\":[\"https:\/\/twitter.com\/HRMRKR\"],\"url\":\"https:\/\/blog.zeit.de\/stoerungsmelder\/author\/thomasschade\"}]}<\/script>\n<!-- \/ Yoast SEO plugin. -->","yoast_head_json":{"title":"Tag der deutschen Zukunft: Der letzte Aufmarsch","description":"Der Tag der deutschen Zukunft war eine der gr\u00f6\u00dften Neonazi-Demonstrationen des Landes. Jetzt ist Schluss damit. Am Niedergang l\u00e4sst sich die Spaltung der rechten Szene ablesen.","robots":{"index":"index","follow":"follow","max-snippet":"max-snippet:-1","max-image-preview":"max-image-preview:large","max-video-preview":"max-video-preview:-1"},"canonical":"https:\/\/blog.zeit.de\/stoerungsmelder\/2020\/06\/07\/der-letzte-aufmarsch_29842","og_locale":"de_DE","og_type":"article","og_title":"Tag der deutschen Zukunft: Der letzte Aufmarsch","og_description":"Der Tag der deutschen Zukunft war eine der gr\u00f6\u00dften Neonazi-Demonstrationen des Landes. Jetzt ist Schluss damit. Am Niedergang l\u00e4sst sich die Spaltung der rechten Szene ablesen.","og_url":"https:\/\/blog.zeit.de\/stoerungsmelder\/2020\/06\/07\/der-letzte-aufmarsch_29842","og_site_name":"St\u00f6rungsmelder","article_published_time":"2020-06-07T12:11:41+00:00","article_modified_time":"2020-06-07T12:57:43+00:00","og_image":[{"width":1920,"height":1280,"url":"https:\/\/blog.zeit.de\/stoerungsmelder\/files\/2020\/06\/IMG_9431.jpg","type":"image\/jpeg"}],"author":"Henrik Merker","twitter_card":"summary_large_image","twitter_description":"Der Tag der deutschen Zukunft war eine der gr\u00f6\u00dften Neonazi-Demonstrationen des Landes. Beim Aufmarsch in #Worms haben die Veranstalter das Aus verk\u00fcndet - denn von der Strahlkraft des Events ist nichts geblieben. #TddZ","twitter_creator":"@HRMRKR","twitter_misc":{"Geschrieben von":"Henrik Merker","Gesch\u00e4tzte Lesezeit":"3\u00a0Minuten"},"schema":{"@context":"https:\/\/schema.org","@graph":[{"@type":"WebPage","@id":"https:\/\/blog.zeit.de\/stoerungsmelder\/2020\/06\/07\/der-letzte-aufmarsch_29842","url":"https:\/\/blog.zeit.de\/stoerungsmelder\/2020\/06\/07\/der-letzte-aufmarsch_29842","name":"Tag der deutschen Zukunft: Der letzte Aufmarsch","isPartOf":{"@id":"https:\/\/blog.zeit.de\/stoerungsmelder\/#website"},"datePublished":"2020-06-07T12:11:41+00:00","dateModified":"2020-06-07T12:57:43+00:00","author":{"@id":"https:\/\/blog.zeit.de\/stoerungsmelder\/#\/schema\/person\/75338b13df89ce2bcc9b98a76590fcbf"},"description":"Der Tag der deutschen Zukunft war eine der gr\u00f6\u00dften Neonazi-Demonstrationen des Landes. Jetzt ist Schluss damit. Am Niedergang l\u00e4sst sich die Spaltung der rechten Szene ablesen.","breadcrumb":{"@id":"https:\/\/blog.zeit.de\/stoerungsmelder\/2020\/06\/07\/der-letzte-aufmarsch_29842#breadcrumb"},"inLanguage":"de","potentialAction":[{"@type":"ReadAction","target":["https:\/\/blog.zeit.de\/stoerungsmelder\/2020\/06\/07\/der-letzte-aufmarsch_29842"]}]},{"@type":"BreadcrumbList","@id":"https:\/\/blog.zeit.de\/stoerungsmelder\/2020\/06\/07\/der-letzte-aufmarsch_29842#breadcrumb","itemListElement":[{"@type":"ListItem","position":1,"name":"Startseite","item":"https:\/\/blog.zeit.de\/stoerungsmelder"},{"@type":"ListItem","position":2,"name":"Der letzte Aufmarsch"}]},{"@type":"WebSite","@id":"https:\/\/blog.zeit.de\/stoerungsmelder\/#website","url":"https:\/\/blog.zeit.de\/stoerungsmelder\/","name":"St\u00f6rungsmelder","description":"Recherchen und Analysen \u00fcber die extreme Rechte","potentialAction":[{"@type":"SearchAction","target":{"@type":"EntryPoint","urlTemplate":"https:\/\/blog.zeit.de\/stoerungsmelder\/?s={search_term_string}"},"query-input":"required name=search_term_string"}],"inLanguage":"de"},{"@type":"Person","@id":"https:\/\/blog.zeit.de\/stoerungsmelder\/#\/schema\/person\/75338b13df89ce2bcc9b98a76590fcbf","name":"Henrik Merker","image":{"@type":"ImageObject","inLanguage":"de","@id":"https:\/\/blog.zeit.de\/stoerungsmelder\/#\/schema\/person\/image\/","url":"https:\/\/secure.gravatar.com\/avatar\/a881955e7dc03f4202c4c8e4fd5c4005ec3715376bd9a9ec246141f698e7e4ba?s=96&d=mm&r=pg","contentUrl":"https:\/\/secure.gravatar.com\/avatar\/a881955e7dc03f4202c4c8e4fd5c4005ec3715376bd9a9ec246141f698e7e4ba?s=96&d=mm&r=pg","caption":"Henrik Merker"},"sameAs":["https:\/\/twitter.com\/HRMRKR"],"url":"https:\/\/blog.zeit.de\/stoerungsmelder\/author\/thomasschade"}]}},"jetpack_featured_media_url":"https:\/\/blog.zeit.de\/stoerungsmelder\/files\/2020\/06\/IMG_9431.jpg","jetpack_sharing_enabled":true,"_links":{"self":[{"href":"https:\/\/blog.zeit.de\/stoerungsmelder\/wp-json\/wp\/v2\/posts\/29842","targetHints":{"allow":["GET"]}}],"collection":[{"href":"https:\/\/blog.zeit.de\/stoerungsmelder\/wp-json\/wp\/v2\/posts"}],"about":[{"href":"https:\/\/blog.zeit.de\/stoerungsmelder\/wp-json\/wp\/v2\/types\/post"}],"author":[{"embeddable":true,"href":"https:\/\/blog.zeit.de\/stoerungsmelder\/wp-json\/wp\/v2\/users\/703"}],"replies":[{"embeddable":true,"href":"https:\/\/blog.zeit.de\/stoerungsmelder\/wp-json\/wp\/v2\/comments?post=29842"}],"version-history":[{"count":6,"href":"https:\/\/blog.zeit.de\/stoerungsmelder\/wp-json\/wp\/v2\/posts\/29842\/revisions"}],"predecessor-version":[{"id":29863,"href":"https:\/\/blog.zeit.de\/stoerungsmelder\/wp-json\/wp\/v2\/posts\/29842\/revisions\/29863"}],"wp:featuredmedia":[{"embeddable":true,"href":"https:\/\/blog.zeit.de\/stoerungsmelder\/wp-json\/wp\/v2\/media\/29846"}],"wp:attachment":[{"href":"https:\/\/blog.zeit.de\/stoerungsmelder\/wp-json\/wp\/v2\/media?parent=29842"}],"wp:term":[{"taxonomy":"category","embeddable":true,"href":"https:\/\/blog.zeit.de\/stoerungsmelder\/wp-json\/wp\/v2\/categories?post=29842"},{"taxonomy":"post_tag","embeddable":true,"href":"https:\/\/blog.zeit.de\/stoerungsmelder\/wp-json\/wp\/v2\/tags?post=29842"}],"curies":[{"name":"wp","href":"https:\/\/api.w.org\/{rel}","templated":true}]}}