{"id":30058,"date":"2020-08-27T19:54:02","date_gmt":"2020-08-27T17:54:02","guid":{"rendered":"https:\/\/blog.zeit.de\/stoerungsmelder\/?p=30058"},"modified":"2020-08-28T11:08:30","modified_gmt":"2020-08-28T09:08:30","slug":"moerderjagd-nach-dem-ausschlussprinzip","status":"publish","type":"post","link":"https:\/\/blog.zeit.de\/stoerungsmelder\/2020\/08\/27\/moerderjagd-nach-dem-ausschlussprinzip_30058","title":{"rendered":"M\u00f6rderjagd nach dem Ausschlussprinzip"},"content":{"rendered":"<p><strong>Erst sp\u00e4t ermittelte die Polizei nach dem Mord an Walter L\u00fcbcke im rechten Milieu. Vor Gericht wird klar: Der Zufall brachte sie auf die Spur des Angeklagten Stephan E.<\/strong><\/p>\n<p><em>Von Mart\u00edn Steinhagen<\/em><\/p>\n<p><figure id=\"attachment_30059\" aria-describedby=\"caption-attachment-30059\" style=\"width: 620px\" class=\"wp-caption aligncenter\"><img loading=\"lazy\" decoding=\"async\" class=\"wp-image-30059 size-full\" src=\"https:\/\/blog.zeit.de\/stoerungsmelder\/files\/2020\/08\/135054328.jpg\" alt=\"Ermittlungen zum Mordfall Walter L\u00fcbcke\" width=\"620\" height=\"392\" \/><figcaption id=\"caption-attachment-30059\" class=\"wp-caption-text\">Der Angeklagte Stephan E. wird in den Gerichtssaal gef\u00fchrt. \u00a9 dpa\/Thomas Kienzle<\/figcaption><\/figure><\/p>\n<p>Als die Ermittlungen zum <a href=\"https:\/\/blog.zeit.de\/stoerungsmelder\/2020\/08\/13\/vielleicht-denken-sie-noch-einmal-nach_30034\">Mord an CDU-Politiker Walter L\u00fcbcke<\/a> eine Woche lang ohne Erfolg gelaufen sind, machte sich unter den Polizisten eine &#8222;gewisse Ern\u00fcchterung&#8220; breit. So erinnert sich der Leiter der Sonderkommission Liemecke, Kriminaldirektor Daniel Muth, am Donnerstag vor dem Oberlandesgericht Frankfurt. Der Grund: Es fehlte die entscheidende Spur nach der Tat vom 1. Juni 2019, die Ermittler waren frustriert, weil &#8222;wir nicht mehr so viel hatten&#8220;. Ein erster Verd\u00e4chtiger hatte eine \u00fcberzeugende Erkl\u00e4rung, ein Motiv innerhalb der Familie schloss man inzwischen aus.<\/p>\n<p><!--more--><\/p>\n<p>Kriminaldirektor Daniel Muth, Bart, Seitenscheitel, dunkler Anzug, ist inzwischen zum Leiter der Abteilung Staatsschutz und Terrorismusbek\u00e4mpfung im hessischen Landeskriminalamt (LKA) bef\u00f6rdert worden. Im Prozess um den Fall L\u00fcbcke schildert er, wie er damals bei den Ermittlungen vorging. Erst nach einigen Volten f\u00fchrten sie zu dem Rechtsextremisten Stephan E., der heute Hauptangeklagter ist und <a href=\"https:\/\/blog.zeit.de\/stoerungsmelder\/2020\/07\/04\/zwei-gestaendnisse-und-zahllose-fragen_29903\">gestanden hat, L\u00fcbcke erschossen zu haben<\/a>.<\/p>\n<h2>&#8222;Suizid, Unfall, Fremdverschulden&#8220;<\/h2>\n<p>Muths Methode: Hypothesen aufstellen, falsche Hypothesen schnellstm\u00f6glich ausschlie\u00dfen. &#8222;So bin ich aufgestellt&#8220;, sagt der 46-J\u00e4hrige. Die Hypothese eines politisch motivierten Mords von rechts kam auff\u00e4llig sp\u00e4t hinzu \u2013 obwohl der Kasseler Regierungspr\u00e4sident Ende 2015 kurzzeitig bundesweit zur Hassfigur im rechten Milieu wurde. Im Internet kursierte ein Video einer B\u00fcrgerversammlung, in der sich L\u00fcbcke f\u00fcr die Unterbringung von Fl\u00fcchtlingen stark macht. Der inzwischen neben Stephan E. angeklagte Markus H. hatte es aufgenommen und verbreitet.<\/p>\n<p>Als Muth wenige Tage nach dem t\u00f6dlichen Schuss die Leitung der Sonderkommission \u00fcbernommen hatte, sei noch v\u00f6llig unklar gewesen, was auf der Terrasse von L\u00fcbckes Haus passiert war, erinnert er sich. &#8222;Suizid, Unfall, Fremdverschulden&#8220;, all das habe noch im Raum gestanden. Es sei auch gut gewesen, anfangs offen zu bleiben, sagt er. Erst sp\u00e4t war in der Tatnacht \u00fcberhaupt entdeckt worden, dass L\u00fcbcke an einer Schussverletzung gestorben war. Das Einschussloch hinter dem rechten Ohr fiel erst einem Polizisten im Krankenhaus auf. Bis dahin waren alle von einem medizinischen Notfall ausgegangen.<\/p>\n<h2>Nur wenige Beamte gingen einem rechten Motiv nach<\/h2>\n<p>Erschwerend kam hinzu: Die Ermittler hatten es mit einem Tatort zu tun, an dem es kaum Spuren gab, weil &#8222;die Platte geputzt war&#8220;, wie Muth es formuliert. Gereinigt mit Wurzelb\u00fcrste und Felgenreiniger von einem Ersthelfer, einem Freund der Familie, der dadurch sofort in den Fokus der Polizisten geriet.<\/p>\n<p>Mit seinen Mitarbeitern entwickelte Muth aber auch andere Hypothesen, um den Blick zu weiten, sagt er aus: organisierte Kriminalit\u00e4t, Windkraftgegner, ein Unfall. Sogar die Idee, dass Jugendliche aus der Ferne auf ein Schild feuern wollten und L\u00fcbcke aus Versehen trafen, zog man in Betracht. Ein <a href=\"https:\/\/www.zeit.de\/gesellschaft\/2020-08\/luebcke-prozess-gestaendnis-stephan-e-tat-geplant-april\">rechtes Motiv<\/a> spielte anfangs noch keine Rolle, nur einige wenige Beamte k\u00fcmmerten sich um Spuren in Richtung politisch motivierte Kriminalit\u00e4t.<\/p>\n<p>Die Ermittler befragten <a href=\"https:\/\/www.zeit.de\/gesellschaft\/zeitgeschehen\/2020-07\/mord-walter-luebcke-prozess-aussage-sohn-familie-trauer\">Familienmitglieder<\/a> getrennt und schlossen dann aus, dass der T\u00e4ter aus ihrem Kreis stammen k\u00f6nnte. Der anfangs verd\u00e4chtige Sanit\u00e4ter konnte sich nach einer dramatischen Festnahme an der Nordseek\u00fcste im Verh\u00f6r entlasten. Dann \u00e4nderte sich die Blickrichtung. Das Motiv <a href=\"https:\/\/www.zeit.de\/gesellschaft\/zeitgeschehen\/2020-06\/luebcke-prozess-beweismittel-stephan-e-gestaendnis-mordfall-zweiter-verhandlungstag\">politisch motivierte Kriminalit\u00e4t<\/a> sei da &#8222;rein mathematisch&#8220; wahrscheinlicher geworden, sagt Muth.<\/p>\n<h2>Die entscheidende Spur war ein Zufall<\/h2>\n<p>Einen Anschlag von Islamisten habe man mangels Bekenntnis ausgeschlossen, linke T\u00e4ter zwar grunds\u00e4tzlich f\u00fcr m\u00f6glich, aber etwas anderes jetzt f\u00fcr wahrscheinlicher gehalten: dass &#8222;im rechten Spektrum eine Motivlage entstanden sein k\u00f6nnte&#8220;. Muth entschied sich laut seiner Aussage, dann einen eigenen Einsatzabschnitt damit zu beauftragen, dem nachzugehen. Die Ermittler verschafften sich einen \u00dcberblick \u00fcber Neonazis in der Region, werteten Bilder von der B\u00fcrgerversammlung 2015 aus, aber offenbar ohne Erfolg.<\/p>\n<p>Ob es ihnen gelungen w\u00e4re, die mutma\u00dflichen T\u00e4ter auch so zu finden, bleibt offen. Eine Woche sp\u00e4ter, am Freitagmittag, meldete sich das Kriminaltechnische Instituts des LKA mit der entscheidenden Spur: Es gab einen DNA-Treffer. Eine winzige Hautschuppe auf dem Hemd von Walter L\u00fcbcke, das Polizisten gl\u00fccklicherweise noch aus dem Krankenhausm\u00fcll sichergestellt hatten, f\u00fchrte in der Datenbank der Polizei zu Stephan E. Er wurde festgenommen.<\/p>\n<h2>Der Ermittler hat noch Fragen<\/h2>\n<p>An diesem Donnerstag sitzt E. als Angeklagter einige Meter von Muth entfernt, der am Verhandlungstag \u00fcber mehrere Stunden Fragen zur Arbeit seiner Ermittlermannschaft beantwortet. Eine Frage hat aber auch Muth selbst noch mitgebracht. Die Soko sei noch &#8222;hochgradig daran interessiert&#8220;, wo genau Stephan E. und Markus H. die illegalen Schie\u00df\u00fcbungen absolviert h\u00e4tten. Au\u00dferdem wolle er gern wissen, ob er auch die Lage von angeblichen Waffendepots von H. nenne, sagt er in Richtung Stephan E.<\/p>\n<p>In seinen Vernehmungen hatte der Angeklagte von beidem berichtet. Den Beamten ist es aber bislang nicht gelungen, die Orte zu finden. <a href=\"https:\/\/www.zeit.de\/gesellschaft\/zeitgeschehen\/2020-07\/luebcke-prozess-olg-frankfurt-antrag-abberufung-pflichtverteidiger-stephan-e\">E.s Verteidiger<\/a> teilt mit, zu den Schie\u00dfpl\u00e4tzen wolle er sich \u00e4u\u00dfern. Die Position der vermeintlichen Verstecke seines ehemaligen Kameraden will E. aber gar nicht genau kennen. Im Fall L\u00fcbcke bleiben weiter Fragen offen.<\/p>\n","protected":false},"excerpt":{"rendered":"<p>Im Prozess um den Mord an Walter L\u00fcbcke wird deutlich: Die Ermittler k\u00fcmmerten sich nur beh\u00e4big um Spuren, die ins rechtsextreme Milieu f\u00fchrten.<\/p>\n","protected":false},"author":1100,"featured_media":30059,"comment_status":"open","ping_status":"closed","sticky":false,"template":"","format":"standard","meta":{"_jetpack_memberships_contains_paid_content":false,"footnotes":""},"categories":[1453],"tags":[321,18863,1694,479,1755,41502],"class_list":["post-30058","post","type-post","status-publish","format-standard","has-post-thumbnail","hentry","category-hessen","tag-frankfurt","tag-kassel","tag-mord","tag-prozess","tag-rechte-gewalt","tag-walter-luebcke"],"yoast_head":"<!-- This site is optimized with the Yoast SEO plugin v21.0 - https:\/\/yoast.com\/wordpress\/plugins\/seo\/ -->\n<title>L\u00fcbcke-Ermittlungen: M\u00f6rderjagd nach dem Ausschlussprinzip<\/title>\n<meta name=\"description\" content=\"Im Prozess um den Mord an Walter L\u00fcbcke wird deutlich: Die Ermittler k\u00fcmmerten sich nur beh\u00e4big um Spuren, die ins rechtsextreme Milieu f\u00fchrten.\" \/>\n<meta name=\"robots\" content=\"index, follow, max-snippet:-1, max-image-preview:large, max-video-preview:-1\" \/>\n<link rel=\"canonical\" href=\"https:\/\/blog.zeit.de\/stoerungsmelder\/2020\/08\/27\/moerderjagd-nach-dem-ausschlussprinzip_30058\" \/>\n<meta property=\"og:locale\" content=\"de_DE\" \/>\n<meta property=\"og:type\" content=\"article\" \/>\n<meta property=\"og:title\" content=\"L\u00fcbcke-Ermittlungen: M\u00f6rderjagd nach dem Ausschlussprinzip\" \/>\n<meta property=\"og:description\" content=\"Im Prozess um den Mord an Walter L\u00fcbcke wird deutlich: Die Ermittler k\u00fcmmerten sich nur beh\u00e4big um Spuren, die ins rechtsextreme Milieu f\u00fchrten.\" \/>\n<meta property=\"og:url\" content=\"https:\/\/blog.zeit.de\/stoerungsmelder\/2020\/08\/27\/moerderjagd-nach-dem-ausschlussprinzip_30058\" \/>\n<meta property=\"og:site_name\" content=\"St\u00f6rungsmelder\" \/>\n<meta property=\"article:published_time\" content=\"2020-08-27T17:54:02+00:00\" \/>\n<meta property=\"article:modified_time\" content=\"2020-08-28T09:08:30+00:00\" \/>\n<meta property=\"og:image\" content=\"https:\/\/blog.zeit.de\/stoerungsmelder\/files\/2020\/08\/135054328.jpg\" \/>\n\t<meta property=\"og:image:width\" content=\"620\" \/>\n\t<meta property=\"og:image:height\" content=\"392\" \/>\n\t<meta property=\"og:image:type\" content=\"image\/jpeg\" \/>\n<meta name=\"author\" content=\"Mart\u00edn Steinhagen\" \/>\n<meta name=\"twitter:card\" content=\"summary_large_image\" \/>\n<meta name=\"twitter:description\" content=\"Prozess um den Mord an Walter #L\u00fcbcke: Warum k\u00fcmmerte sich die Polizei so nachl\u00e4ssig um Spuren ins rechte Milieu? Antworten sollte ein Ermittler vor Gericht liefern. #Rechtsextremismus\" \/>\n<meta name=\"twitter:creator\" content=\"@mstnhgn\" \/>\n<meta name=\"twitter:label1\" content=\"Geschrieben von\" \/>\n\t<meta name=\"twitter:data1\" content=\"Mart\u00edn Steinhagen\" \/>\n\t<meta name=\"twitter:label2\" content=\"Gesch\u00e4tzte Lesezeit\" \/>\n\t<meta name=\"twitter:data2\" content=\"4\u00a0Minuten\" \/>\n<script type=\"application\/ld+json\" class=\"yoast-schema-graph\">{\"@context\":\"https:\/\/schema.org\",\"@graph\":[{\"@type\":\"WebPage\",\"@id\":\"https:\/\/blog.zeit.de\/stoerungsmelder\/2020\/08\/27\/moerderjagd-nach-dem-ausschlussprinzip_30058\",\"url\":\"https:\/\/blog.zeit.de\/stoerungsmelder\/2020\/08\/27\/moerderjagd-nach-dem-ausschlussprinzip_30058\",\"name\":\"L\u00fcbcke-Ermittlungen: M\u00f6rderjagd nach dem Ausschlussprinzip\",\"isPartOf\":{\"@id\":\"https:\/\/blog.zeit.de\/stoerungsmelder\/#website\"},\"datePublished\":\"2020-08-27T17:54:02+00:00\",\"dateModified\":\"2020-08-28T09:08:30+00:00\",\"author\":{\"@id\":\"https:\/\/blog.zeit.de\/stoerungsmelder\/#\/schema\/person\/2fcc5f2c22866afbee0ac517d6d47fb2\"},\"description\":\"Im Prozess um den Mord an Walter L\u00fcbcke wird deutlich: Die Ermittler k\u00fcmmerten sich nur beh\u00e4big um Spuren, die ins rechtsextreme Milieu f\u00fchrten.\",\"breadcrumb\":{\"@id\":\"https:\/\/blog.zeit.de\/stoerungsmelder\/2020\/08\/27\/moerderjagd-nach-dem-ausschlussprinzip_30058#breadcrumb\"},\"inLanguage\":\"de\",\"potentialAction\":[{\"@type\":\"ReadAction\",\"target\":[\"https:\/\/blog.zeit.de\/stoerungsmelder\/2020\/08\/27\/moerderjagd-nach-dem-ausschlussprinzip_30058\"]}]},{\"@type\":\"BreadcrumbList\",\"@id\":\"https:\/\/blog.zeit.de\/stoerungsmelder\/2020\/08\/27\/moerderjagd-nach-dem-ausschlussprinzip_30058#breadcrumb\",\"itemListElement\":[{\"@type\":\"ListItem\",\"position\":1,\"name\":\"Startseite\",\"item\":\"https:\/\/blog.zeit.de\/stoerungsmelder\"},{\"@type\":\"ListItem\",\"position\":2,\"name\":\"M\u00f6rderjagd nach dem Ausschlussprinzip\"}]},{\"@type\":\"WebSite\",\"@id\":\"https:\/\/blog.zeit.de\/stoerungsmelder\/#website\",\"url\":\"https:\/\/blog.zeit.de\/stoerungsmelder\/\",\"name\":\"St\u00f6rungsmelder\",\"description\":\"Recherchen und Analysen \u00fcber die extreme Rechte\",\"potentialAction\":[{\"@type\":\"SearchAction\",\"target\":{\"@type\":\"EntryPoint\",\"urlTemplate\":\"https:\/\/blog.zeit.de\/stoerungsmelder\/?s={search_term_string}\"},\"query-input\":\"required name=search_term_string\"}],\"inLanguage\":\"de\"},{\"@type\":\"Person\",\"@id\":\"https:\/\/blog.zeit.de\/stoerungsmelder\/#\/schema\/person\/2fcc5f2c22866afbee0ac517d6d47fb2\",\"name\":\"Mart\u00edn Steinhagen\",\"image\":{\"@type\":\"ImageObject\",\"inLanguage\":\"de\",\"@id\":\"https:\/\/blog.zeit.de\/stoerungsmelder\/#\/schema\/person\/image\/\",\"url\":\"https:\/\/secure.gravatar.com\/avatar\/ca1cc4acd24118395c1747a46b77346c36b5c183e22c058ef9632bc64abc153d?s=96&d=mm&r=pg\",\"contentUrl\":\"https:\/\/secure.gravatar.com\/avatar\/ca1cc4acd24118395c1747a46b77346c36b5c183e22c058ef9632bc64abc153d?s=96&d=mm&r=pg\",\"caption\":\"Mart\u00edn Steinhagen\"},\"sameAs\":[\"https:\/\/twitter.com\/mstnhgn\"],\"url\":\"https:\/\/blog.zeit.de\/stoerungsmelder\/author\/martinsteinhagen\"}]}<\/script>\n<!-- \/ Yoast SEO plugin. -->","yoast_head_json":{"title":"L\u00fcbcke-Ermittlungen: M\u00f6rderjagd nach dem Ausschlussprinzip","description":"Im Prozess um den Mord an Walter L\u00fcbcke wird deutlich: Die Ermittler k\u00fcmmerten sich nur beh\u00e4big um Spuren, die ins rechtsextreme Milieu f\u00fchrten.","robots":{"index":"index","follow":"follow","max-snippet":"max-snippet:-1","max-image-preview":"max-image-preview:large","max-video-preview":"max-video-preview:-1"},"canonical":"https:\/\/blog.zeit.de\/stoerungsmelder\/2020\/08\/27\/moerderjagd-nach-dem-ausschlussprinzip_30058","og_locale":"de_DE","og_type":"article","og_title":"L\u00fcbcke-Ermittlungen: M\u00f6rderjagd nach dem Ausschlussprinzip","og_description":"Im Prozess um den Mord an Walter L\u00fcbcke wird deutlich: Die Ermittler k\u00fcmmerten sich nur beh\u00e4big um Spuren, die ins rechtsextreme Milieu f\u00fchrten.","og_url":"https:\/\/blog.zeit.de\/stoerungsmelder\/2020\/08\/27\/moerderjagd-nach-dem-ausschlussprinzip_30058","og_site_name":"St\u00f6rungsmelder","article_published_time":"2020-08-27T17:54:02+00:00","article_modified_time":"2020-08-28T09:08:30+00:00","og_image":[{"width":620,"height":392,"url":"https:\/\/blog.zeit.de\/stoerungsmelder\/files\/2020\/08\/135054328.jpg","type":"image\/jpeg"}],"author":"Mart\u00edn Steinhagen","twitter_card":"summary_large_image","twitter_description":"Prozess um den Mord an Walter #L\u00fcbcke: Warum k\u00fcmmerte sich die Polizei so nachl\u00e4ssig um Spuren ins rechte Milieu? Antworten sollte ein Ermittler vor Gericht liefern. #Rechtsextremismus","twitter_creator":"@mstnhgn","twitter_misc":{"Geschrieben von":"Mart\u00edn Steinhagen","Gesch\u00e4tzte Lesezeit":"4\u00a0Minuten"},"schema":{"@context":"https:\/\/schema.org","@graph":[{"@type":"WebPage","@id":"https:\/\/blog.zeit.de\/stoerungsmelder\/2020\/08\/27\/moerderjagd-nach-dem-ausschlussprinzip_30058","url":"https:\/\/blog.zeit.de\/stoerungsmelder\/2020\/08\/27\/moerderjagd-nach-dem-ausschlussprinzip_30058","name":"L\u00fcbcke-Ermittlungen: M\u00f6rderjagd nach dem Ausschlussprinzip","isPartOf":{"@id":"https:\/\/blog.zeit.de\/stoerungsmelder\/#website"},"datePublished":"2020-08-27T17:54:02+00:00","dateModified":"2020-08-28T09:08:30+00:00","author":{"@id":"https:\/\/blog.zeit.de\/stoerungsmelder\/#\/schema\/person\/2fcc5f2c22866afbee0ac517d6d47fb2"},"description":"Im Prozess um den Mord an Walter L\u00fcbcke wird deutlich: Die Ermittler k\u00fcmmerten sich nur beh\u00e4big um Spuren, die ins rechtsextreme Milieu f\u00fchrten.","breadcrumb":{"@id":"https:\/\/blog.zeit.de\/stoerungsmelder\/2020\/08\/27\/moerderjagd-nach-dem-ausschlussprinzip_30058#breadcrumb"},"inLanguage":"de","potentialAction":[{"@type":"ReadAction","target":["https:\/\/blog.zeit.de\/stoerungsmelder\/2020\/08\/27\/moerderjagd-nach-dem-ausschlussprinzip_30058"]}]},{"@type":"BreadcrumbList","@id":"https:\/\/blog.zeit.de\/stoerungsmelder\/2020\/08\/27\/moerderjagd-nach-dem-ausschlussprinzip_30058#breadcrumb","itemListElement":[{"@type":"ListItem","position":1,"name":"Startseite","item":"https:\/\/blog.zeit.de\/stoerungsmelder"},{"@type":"ListItem","position":2,"name":"M\u00f6rderjagd nach dem Ausschlussprinzip"}]},{"@type":"WebSite","@id":"https:\/\/blog.zeit.de\/stoerungsmelder\/#website","url":"https:\/\/blog.zeit.de\/stoerungsmelder\/","name":"St\u00f6rungsmelder","description":"Recherchen und Analysen \u00fcber die extreme Rechte","potentialAction":[{"@type":"SearchAction","target":{"@type":"EntryPoint","urlTemplate":"https:\/\/blog.zeit.de\/stoerungsmelder\/?s={search_term_string}"},"query-input":"required name=search_term_string"}],"inLanguage":"de"},{"@type":"Person","@id":"https:\/\/blog.zeit.de\/stoerungsmelder\/#\/schema\/person\/2fcc5f2c22866afbee0ac517d6d47fb2","name":"Mart\u00edn Steinhagen","image":{"@type":"ImageObject","inLanguage":"de","@id":"https:\/\/blog.zeit.de\/stoerungsmelder\/#\/schema\/person\/image\/","url":"https:\/\/secure.gravatar.com\/avatar\/ca1cc4acd24118395c1747a46b77346c36b5c183e22c058ef9632bc64abc153d?s=96&d=mm&r=pg","contentUrl":"https:\/\/secure.gravatar.com\/avatar\/ca1cc4acd24118395c1747a46b77346c36b5c183e22c058ef9632bc64abc153d?s=96&d=mm&r=pg","caption":"Mart\u00edn Steinhagen"},"sameAs":["https:\/\/twitter.com\/mstnhgn"],"url":"https:\/\/blog.zeit.de\/stoerungsmelder\/author\/martinsteinhagen"}]}},"jetpack_featured_media_url":"https:\/\/blog.zeit.de\/stoerungsmelder\/files\/2020\/08\/135054328.jpg","jetpack_sharing_enabled":true,"_links":{"self":[{"href":"https:\/\/blog.zeit.de\/stoerungsmelder\/wp-json\/wp\/v2\/posts\/30058","targetHints":{"allow":["GET"]}}],"collection":[{"href":"https:\/\/blog.zeit.de\/stoerungsmelder\/wp-json\/wp\/v2\/posts"}],"about":[{"href":"https:\/\/blog.zeit.de\/stoerungsmelder\/wp-json\/wp\/v2\/types\/post"}],"author":[{"embeddable":true,"href":"https:\/\/blog.zeit.de\/stoerungsmelder\/wp-json\/wp\/v2\/users\/1100"}],"replies":[{"embeddable":true,"href":"https:\/\/blog.zeit.de\/stoerungsmelder\/wp-json\/wp\/v2\/comments?post=30058"}],"version-history":[{"count":6,"href":"https:\/\/blog.zeit.de\/stoerungsmelder\/wp-json\/wp\/v2\/posts\/30058\/revisions"}],"predecessor-version":[{"id":30069,"href":"https:\/\/blog.zeit.de\/stoerungsmelder\/wp-json\/wp\/v2\/posts\/30058\/revisions\/30069"}],"wp:featuredmedia":[{"embeddable":true,"href":"https:\/\/blog.zeit.de\/stoerungsmelder\/wp-json\/wp\/v2\/media\/30059"}],"wp:attachment":[{"href":"https:\/\/blog.zeit.de\/stoerungsmelder\/wp-json\/wp\/v2\/media?parent=30058"}],"wp:term":[{"taxonomy":"category","embeddable":true,"href":"https:\/\/blog.zeit.de\/stoerungsmelder\/wp-json\/wp\/v2\/categories?post=30058"},{"taxonomy":"post_tag","embeddable":true,"href":"https:\/\/blog.zeit.de\/stoerungsmelder\/wp-json\/wp\/v2\/tags?post=30058"}],"curies":[{"name":"wp","href":"https:\/\/api.w.org\/{rel}","templated":true}]}}