{"id":301,"date":"2008-05-04T15:21:25","date_gmt":"2008-05-04T14:21:25","guid":{"rendered":"http:\/\/blog.zeit.de\/stoerungsmelder\/2008\/05\/04\/npd-autonome-nationalisten-frankensteins-eiertanz_301"},"modified":"2008-05-04T15:21:25","modified_gmt":"2008-05-04T14:21:25","slug":"npd-autonome-nationalisten-frankensteins-eiertanz","status":"publish","type":"post","link":"https:\/\/blog.zeit.de\/stoerungsmelder\/2008\/05\/04\/npd-autonome-nationalisten-frankensteins-eiertanz_301","title":{"rendered":"NPD und &#8222;Autonome Nationalisten&#8220;: Frankensteins Eiertanz"},"content":{"rendered":"<p>F\u00fcr die NPD wird es nach den schweren Ausschreitungen beim Neonazi-Aufmarsch am 01. Mai 2008 in Hamburg nun ernst. Ihren <a href=\"http:\/\/npd-blog.info\/?p=1295\">Eiertanz<\/a> um die eigene Haltung zu den \u201eAutonomen Nationalisten\u201c wird sie kaum fortf\u00fchren k\u00f6nnen. Die <a href=\"http:\/\/npd-blog.info\/?p=1104\">Verrenkungen der Parteioberen<\/a> hatten schon in den vergangenen Monaten f\u00fcr so manches Am\u00fcsement gesorgt, doch nun scheint das Ende der Fahnenstange erreicht.<br \/>\n<img loading=\"lazy\" decoding=\"async\" src=\"http:\/\/vg05.met.vgwort.de\/na\/61d5997fd5dabc7a936a3c4f9c044d\" height=\"1\" width=\"1\" \/><br \/>\n<!--more--><\/p>\n<p>Die \u201eAutonomen Nationalisten\u201c seien nach Hamburg gekommen, um Leute zu erschlagen, so ein Journalisten-Kollege, der einem Fotografen bei einem Angriff aus der Neonazi-Demonstration heraus zu Hilfe kam. Andere Beobachter der rechtsextremen Szene \u2013 die meisten seit vielen Jahren dabei \u2013 sprechen von einem Fanal; ein Gewaltausbruch, wie er bei einer Demonstration von Rechtsextremisten noch nicht zu sehen war. <a href=\"http:\/\/npd-blog.info\/?p=1674\">Mindestens ein halbes Dutzend Journalisten wurde aus dem Zug der Neonazis angegriffen<\/a>, einige verletzt, Ausr\u00fcstung wurde geraubt oder zerst\u00f6rt. Schon auf dem Weg nach Hamburg randalierten Neonazis in einem Zug aus Pinneberg. Warum die Neonazis \u00fcberhaupt marschieren durften bei diesen Straftaten \u2013 das wei\u00df der Himmel. Auch der erste Redebeitrag h\u00e4tte in anderen Bundesl\u00e4ndern ausgereicht, um diesem Schauspiel ein Ende zu bereiten, meinten Journalisten.<\/p>\n<p><strong>Ausgrenzen erlaubt &#8211; weil sie sich selbst ausgrenzen!<\/strong><\/p>\n<p>Eine politische Auseinandersetzung mit den Neonazi-Schl\u00e4gern kann man sich sparen, es sind verr\u00fcckte Polit-Hooligans. Schon die meisten halbwegs nicht-gewaltt\u00e4tigen Rechtsextremisten sind nicht f\u00fcr Argumente zug\u00e4nglich \u2013 daher er\u00fcbrigt sich auch nur eine Debatte dar\u00fcber, ob man diese Banden (ein Kollege meinte \u201epotenzielle M\u00f6rder\u201c) irgendwie noch erreichen k\u00f6nnte. \u201eIm Krieg gegen ein Schei\u00df-System\u201c stand auf einem der Nazi-Transparente, \u201eDeutsche Intifada\u201c auf einem anderen. Das ist durchaus ernst gemeint.<\/p>\n<p>Uneinigkeit bestand bei Beobachtern, ob die Neonazi-Oberen am Lautsprecherwagen die Gewaltausbr\u00fcche guthie\u00dfen oder die mehreren hundert \u201eAutonomen Nationalisten\u201c einfach nicht mehr kontrollieren konnten. Bei einem Gro\u00dfangriff aus der Neonazi-Demonstration heraus soll NPD-Bundesvorstand Thomas \u201eSteiner\u201c Wulff den Lynchmob noch angestachelt haben, berichteten Augenzeugen. Eine Fotografin, die insgesamt drei Mal attackiert worden war, sagte, das gewaltt\u00e4tige Auftreten sei Konsens und gewollt gewesen.<\/p>\n<p>Andererseits forderte Wulff seine Kameraden beim Marsch aus Barmbek heraus in die Hamburger Provinz auf, stehen zu bleiben, bis die Polizei einen Neonazi wieder aus Gewahrsam freilie\u00dfe. Doch der schwarze Block lief weiter. Auch Christian Worch wirkte eher so, als k\u00f6nnte er die Attacken auf ein NDR-Kamerateam nicht stoppen. Er und J\u00fcrgen Rieger hatten den Interviews vorher ausdr\u00fccklich zugestimmt \u2013 doch die \u201eAutonomen Nationalisten\u201c hatten etwas dagegen. Beschimpfungen, Rangeleien und Tritte gegen einen Kameramann und eine NDR-Journalistin waren die Folge.<\/p>\n<p><strong>NPD: Kopf in den Sand<\/strong><\/p>\n<p>Die NPD-Bundespartei tut einfach so, als ob nichts w\u00e4re. Pressesprecher Klaus Beier sagte auf Anfrage, bei dem Aufmarsch in Hamburg habe es sich nicht um eine NPD-Demonstration gehandelt, daher kommentiere die Partei dies nicht. So einfach wird es aber nat\u00fcrlich nicht. Thomas Wulff sitzt im NPD-Bundesvorstand, Redner J\u00fcrgen Rieger ist NPD-Chef in Hamburg, der Landesverband von NPD und JN unterst\u00fctzte den Demonstrationsaufruf. Zahlreiche Teilnehmer hatten NPD-Fahnen oder Jacken dabei. Und \u00fcberhaupt: Wenn man mit der ganzen Sache nichts zu tun hat, so wie es die NPD behauptet, dann w\u00e4re es doch noch viel leichter, sich von Gewaltt\u00e4tigkeiten zu distanzieren.<\/p>\n<p><strong>Biederm\u00e4nner vs. &#8222;Autonome&#8220;<\/strong><\/p>\n<p>Im Gegensatz zu den \u201eAutonomen Nationalisten\u201c ist die rechtsextreme Partei bei \u00f6ffentlichen Veranstaltungen meistens um ein b\u00fcrgerliches Auftreten bem\u00fcht, die Gewaltorgien in Hamburg d\u00fcrften daher kaum f\u00fcr Begeisterung sorgen. Doch das schert die ANs wenig, denn sie setzen nach den Wahlschlappen in westdeutschen Bundesl\u00e4ndern auf den \u201eKampf um die Stra\u00dfe\u201c. Der \u201eKampf um die Parlamente\u201c (siehe <a href=\"http:\/\/npd-blog.info\/?p=1620\">Drei-S\u00e4ulen-Strategie der NPD<\/a>) interessiert sie offenbar nicht (mehr).<\/p>\n<p>So erscheint es, dass die NPD nun in Frankensteinmanier von dem Unget\u00fcm, welches man mit heranz\u00fcchtete, beherrscht werden k\u00f6nnte. F\u00fcr welchen Kandidaten f\u00fcr das Amt des NPD-Bundesvorsitzenden dies zum Vorteil gereicht, muss abgewartet werden. F\u00fcr Journalisten stellt sich allerdings die Frage, ob \u00fcberhaupt noch jemand zu diesem Parteitag f\u00e4hrt &#8211; wo die wichtigen Entscheidungen wie gewohnt ohnehin unter Ausschluss der \u00d6ffentlichkeit stattfinden &#8211; und \u00fcber eine Partei berichtet, die mit solchen Gewaltt\u00e4tern gemeinsame Sache macht. Dies ist zwar nicht neu, aber jetzt wird immer deutlicher, dass die NPD ihren militanten Arm offenbar \u00fcberhaupt nicht mehr kontrollieren kann.<\/p>\n<p><a href=\"http:\/\/npd-blog.info\/index.php?s=autonome+nationalisten\">NPD-BLOG.INFO \u00fcber &#8222;Autonome Nationalisten&#8220;.<\/a><\/p>\n<p><em><strong>Aus dem St\u00f6rungsmelder-Archiv: <a href=\"https:\/\/blog.zeit.de\/stoerungsmelder\/2008\/02\/18\/nur-ein-karnevalsverein_238\">Wer sind die Autonomen Nationalisten<\/a>?<br \/>\n<\/strong><\/em><\/p>\n","protected":false},"excerpt":{"rendered":"<p>F\u00fcr die NPD wird es nach den schweren Ausschreitungen beim Neonazi-Aufmarsch am 01. Mai 2008 in Hamburg nun ernst. Ihren Eiertanz um die eigene Haltung zu den \u201eAutonomen Nationalisten\u201c wird sie kaum fortf\u00fchren k\u00f6nnen. Die Verrenkungen der Parteioberen hatten schon in den vergangenen Monaten f\u00fcr so manches Am\u00fcsement gesorgt, doch nun scheint das Ende der [&hellip;]<\/p>\n","protected":false},"author":227,"featured_media":0,"comment_status":"open","ping_status":"open","sticky":false,"template":"","format":"standard","meta":{"_jetpack_memberships_contains_paid_content":false,"footnotes":""},"categories":[1515,1329],"tags":[],"class_list":["post-301","post","type-post","status-publish","format-standard","hentry","category-bundesweit","category-hamburg"],"yoast_head":"<!-- This site is optimized with the Yoast SEO plugin v21.0 - https:\/\/yoast.com\/wordpress\/plugins\/seo\/ -->\n<title>NPD und &quot;Autonome Nationalisten&quot;: Frankensteins Eiertanz - St\u00f6rungsmelder<\/title>\n<meta name=\"robots\" content=\"index, follow, max-snippet:-1, max-image-preview:large, max-video-preview:-1\" \/>\n<link rel=\"canonical\" href=\"https:\/\/blog.zeit.de\/stoerungsmelder\/2008\/05\/04\/npd-autonome-nationalisten-frankensteins-eiertanz_301\" \/>\n<meta property=\"og:locale\" content=\"de_DE\" \/>\n<meta property=\"og:type\" content=\"article\" \/>\n<meta property=\"og:title\" content=\"NPD und &quot;Autonome Nationalisten&quot;: Frankensteins Eiertanz - St\u00f6rungsmelder\" \/>\n<meta property=\"og:description\" content=\"F\u00fcr die NPD wird es nach den schweren Ausschreitungen beim Neonazi-Aufmarsch am 01. Mai 2008 in Hamburg nun ernst. Ihren Eiertanz um die eigene Haltung zu den \u201eAutonomen Nationalisten\u201c wird sie kaum fortf\u00fchren k\u00f6nnen. Die Verrenkungen der Parteioberen hatten schon in den vergangenen Monaten f\u00fcr so manches Am\u00fcsement gesorgt, doch nun scheint das Ende der [&hellip;]\" \/>\n<meta property=\"og:url\" content=\"https:\/\/blog.zeit.de\/stoerungsmelder\/2008\/05\/04\/npd-autonome-nationalisten-frankensteins-eiertanz_301\" \/>\n<meta property=\"og:site_name\" content=\"St\u00f6rungsmelder\" \/>\n<meta property=\"article:published_time\" content=\"2008-05-04T14:21:25+00:00\" \/>\n<meta property=\"og:image\" content=\"http:\/\/vg05.met.vgwort.de\/na\/61d5997fd5dabc7a936a3c4f9c044d\" \/>\n<meta name=\"author\" content=\"Patrick Gensing\" \/>\n<meta name=\"twitter:card\" content=\"summary_large_image\" \/>\n<meta name=\"twitter:label1\" content=\"Geschrieben von\" \/>\n\t<meta name=\"twitter:data1\" content=\"Patrick Gensing\" \/>\n\t<meta name=\"twitter:label2\" content=\"Gesch\u00e4tzte Lesezeit\" \/>\n\t<meta name=\"twitter:data2\" content=\"4\u00a0Minuten\" \/>\n<script type=\"application\/ld+json\" class=\"yoast-schema-graph\">{\"@context\":\"https:\/\/schema.org\",\"@graph\":[{\"@type\":\"WebPage\",\"@id\":\"https:\/\/blog.zeit.de\/stoerungsmelder\/2008\/05\/04\/npd-autonome-nationalisten-frankensteins-eiertanz_301\",\"url\":\"https:\/\/blog.zeit.de\/stoerungsmelder\/2008\/05\/04\/npd-autonome-nationalisten-frankensteins-eiertanz_301\",\"name\":\"NPD und \\\"Autonome Nationalisten\\\": Frankensteins Eiertanz - St\u00f6rungsmelder\",\"isPartOf\":{\"@id\":\"https:\/\/blog.zeit.de\/stoerungsmelder\/#website\"},\"datePublished\":\"2008-05-04T14:21:25+00:00\",\"dateModified\":\"2008-05-04T14:21:25+00:00\",\"author\":{\"@id\":\"https:\/\/blog.zeit.de\/stoerungsmelder\/#\/schema\/person\/1898e9a6d47b4737da2c4fca74a10552\"},\"breadcrumb\":{\"@id\":\"https:\/\/blog.zeit.de\/stoerungsmelder\/2008\/05\/04\/npd-autonome-nationalisten-frankensteins-eiertanz_301#breadcrumb\"},\"inLanguage\":\"de\",\"potentialAction\":[{\"@type\":\"ReadAction\",\"target\":[\"https:\/\/blog.zeit.de\/stoerungsmelder\/2008\/05\/04\/npd-autonome-nationalisten-frankensteins-eiertanz_301\"]}]},{\"@type\":\"BreadcrumbList\",\"@id\":\"https:\/\/blog.zeit.de\/stoerungsmelder\/2008\/05\/04\/npd-autonome-nationalisten-frankensteins-eiertanz_301#breadcrumb\",\"itemListElement\":[{\"@type\":\"ListItem\",\"position\":1,\"name\":\"Startseite\",\"item\":\"https:\/\/blog.zeit.de\/stoerungsmelder\"},{\"@type\":\"ListItem\",\"position\":2,\"name\":\"NPD und &#8222;Autonome Nationalisten&#8220;: Frankensteins Eiertanz\"}]},{\"@type\":\"WebSite\",\"@id\":\"https:\/\/blog.zeit.de\/stoerungsmelder\/#website\",\"url\":\"https:\/\/blog.zeit.de\/stoerungsmelder\/\",\"name\":\"St\u00f6rungsmelder\",\"description\":\"Recherchen und Analysen \u00fcber die extreme Rechte\",\"potentialAction\":[{\"@type\":\"SearchAction\",\"target\":{\"@type\":\"EntryPoint\",\"urlTemplate\":\"https:\/\/blog.zeit.de\/stoerungsmelder\/?s={search_term_string}\"},\"query-input\":\"required name=search_term_string\"}],\"inLanguage\":\"de\"},{\"@type\":\"Person\",\"@id\":\"https:\/\/blog.zeit.de\/stoerungsmelder\/#\/schema\/person\/1898e9a6d47b4737da2c4fca74a10552\",\"name\":\"Patrick Gensing\",\"image\":{\"@type\":\"ImageObject\",\"inLanguage\":\"de\",\"@id\":\"https:\/\/blog.zeit.de\/stoerungsmelder\/#\/schema\/person\/image\/\",\"url\":\"https:\/\/secure.gravatar.com\/avatar\/a7a6fc628ed4dd7517525b944e2a8b13f64804f428d399d781f8dd0c4651643a?s=96&d=mm&r=pg\",\"contentUrl\":\"https:\/\/secure.gravatar.com\/avatar\/a7a6fc628ed4dd7517525b944e2a8b13f64804f428d399d781f8dd0c4651643a?s=96&d=mm&r=pg\",\"caption\":\"Patrick Gensing\"},\"description\":\"Journalist, Blogger, Buchautor - Patrick Gensing besch\u00e4ftigt sich seit seiner Jugend Ende der 1980er Jahre mit den Themen Neonazis, Rassismus und Antisemitismus. Seit rund zehn Jahren schreibt er als Journalist \u00fcber diese Themen, unter anderem bei tagesschau.de, bei Zeit-Online, in der taz - oder in dem Buch \\\"Terror von rechts\\\", das am 14. September 2012 erscheint.\",\"sameAs\":[\"http:\/\/publikative.org\"],\"url\":\"https:\/\/blog.zeit.de\/stoerungsmelder\/author\/patrick-gensing\"}]}<\/script>\n<!-- \/ Yoast SEO plugin. -->","yoast_head_json":{"title":"NPD und \"Autonome Nationalisten\": Frankensteins Eiertanz - St\u00f6rungsmelder","robots":{"index":"index","follow":"follow","max-snippet":"max-snippet:-1","max-image-preview":"max-image-preview:large","max-video-preview":"max-video-preview:-1"},"canonical":"https:\/\/blog.zeit.de\/stoerungsmelder\/2008\/05\/04\/npd-autonome-nationalisten-frankensteins-eiertanz_301","og_locale":"de_DE","og_type":"article","og_title":"NPD und \"Autonome Nationalisten\": Frankensteins Eiertanz - St\u00f6rungsmelder","og_description":"F\u00fcr die NPD wird es nach den schweren Ausschreitungen beim Neonazi-Aufmarsch am 01. Mai 2008 in Hamburg nun ernst. Ihren Eiertanz um die eigene Haltung zu den \u201eAutonomen Nationalisten\u201c wird sie kaum fortf\u00fchren k\u00f6nnen. Die Verrenkungen der Parteioberen hatten schon in den vergangenen Monaten f\u00fcr so manches Am\u00fcsement gesorgt, doch nun scheint das Ende der [&hellip;]","og_url":"https:\/\/blog.zeit.de\/stoerungsmelder\/2008\/05\/04\/npd-autonome-nationalisten-frankensteins-eiertanz_301","og_site_name":"St\u00f6rungsmelder","article_published_time":"2008-05-04T14:21:25+00:00","og_image":[{"url":"http:\/\/vg05.met.vgwort.de\/na\/61d5997fd5dabc7a936a3c4f9c044d"}],"author":"Patrick Gensing","twitter_card":"summary_large_image","twitter_misc":{"Geschrieben von":"Patrick Gensing","Gesch\u00e4tzte Lesezeit":"4\u00a0Minuten"},"schema":{"@context":"https:\/\/schema.org","@graph":[{"@type":"WebPage","@id":"https:\/\/blog.zeit.de\/stoerungsmelder\/2008\/05\/04\/npd-autonome-nationalisten-frankensteins-eiertanz_301","url":"https:\/\/blog.zeit.de\/stoerungsmelder\/2008\/05\/04\/npd-autonome-nationalisten-frankensteins-eiertanz_301","name":"NPD und \"Autonome Nationalisten\": Frankensteins Eiertanz - St\u00f6rungsmelder","isPartOf":{"@id":"https:\/\/blog.zeit.de\/stoerungsmelder\/#website"},"datePublished":"2008-05-04T14:21:25+00:00","dateModified":"2008-05-04T14:21:25+00:00","author":{"@id":"https:\/\/blog.zeit.de\/stoerungsmelder\/#\/schema\/person\/1898e9a6d47b4737da2c4fca74a10552"},"breadcrumb":{"@id":"https:\/\/blog.zeit.de\/stoerungsmelder\/2008\/05\/04\/npd-autonome-nationalisten-frankensteins-eiertanz_301#breadcrumb"},"inLanguage":"de","potentialAction":[{"@type":"ReadAction","target":["https:\/\/blog.zeit.de\/stoerungsmelder\/2008\/05\/04\/npd-autonome-nationalisten-frankensteins-eiertanz_301"]}]},{"@type":"BreadcrumbList","@id":"https:\/\/blog.zeit.de\/stoerungsmelder\/2008\/05\/04\/npd-autonome-nationalisten-frankensteins-eiertanz_301#breadcrumb","itemListElement":[{"@type":"ListItem","position":1,"name":"Startseite","item":"https:\/\/blog.zeit.de\/stoerungsmelder"},{"@type":"ListItem","position":2,"name":"NPD und &#8222;Autonome Nationalisten&#8220;: Frankensteins Eiertanz"}]},{"@type":"WebSite","@id":"https:\/\/blog.zeit.de\/stoerungsmelder\/#website","url":"https:\/\/blog.zeit.de\/stoerungsmelder\/","name":"St\u00f6rungsmelder","description":"Recherchen und Analysen \u00fcber die extreme Rechte","potentialAction":[{"@type":"SearchAction","target":{"@type":"EntryPoint","urlTemplate":"https:\/\/blog.zeit.de\/stoerungsmelder\/?s={search_term_string}"},"query-input":"required name=search_term_string"}],"inLanguage":"de"},{"@type":"Person","@id":"https:\/\/blog.zeit.de\/stoerungsmelder\/#\/schema\/person\/1898e9a6d47b4737da2c4fca74a10552","name":"Patrick Gensing","image":{"@type":"ImageObject","inLanguage":"de","@id":"https:\/\/blog.zeit.de\/stoerungsmelder\/#\/schema\/person\/image\/","url":"https:\/\/secure.gravatar.com\/avatar\/a7a6fc628ed4dd7517525b944e2a8b13f64804f428d399d781f8dd0c4651643a?s=96&d=mm&r=pg","contentUrl":"https:\/\/secure.gravatar.com\/avatar\/a7a6fc628ed4dd7517525b944e2a8b13f64804f428d399d781f8dd0c4651643a?s=96&d=mm&r=pg","caption":"Patrick Gensing"},"description":"Journalist, Blogger, Buchautor - Patrick Gensing besch\u00e4ftigt sich seit seiner Jugend Ende der 1980er Jahre mit den Themen Neonazis, Rassismus und Antisemitismus. Seit rund zehn Jahren schreibt er als Journalist \u00fcber diese Themen, unter anderem bei tagesschau.de, bei Zeit-Online, in der taz - oder in dem Buch \"Terror von rechts\", das am 14. September 2012 erscheint.","sameAs":["http:\/\/publikative.org"],"url":"https:\/\/blog.zeit.de\/stoerungsmelder\/author\/patrick-gensing"}]}},"jetpack_featured_media_url":"","jetpack_sharing_enabled":true,"_links":{"self":[{"href":"https:\/\/blog.zeit.de\/stoerungsmelder\/wp-json\/wp\/v2\/posts\/301","targetHints":{"allow":["GET"]}}],"collection":[{"href":"https:\/\/blog.zeit.de\/stoerungsmelder\/wp-json\/wp\/v2\/posts"}],"about":[{"href":"https:\/\/blog.zeit.de\/stoerungsmelder\/wp-json\/wp\/v2\/types\/post"}],"author":[{"embeddable":true,"href":"https:\/\/blog.zeit.de\/stoerungsmelder\/wp-json\/wp\/v2\/users\/227"}],"replies":[{"embeddable":true,"href":"https:\/\/blog.zeit.de\/stoerungsmelder\/wp-json\/wp\/v2\/comments?post=301"}],"version-history":[{"count":0,"href":"https:\/\/blog.zeit.de\/stoerungsmelder\/wp-json\/wp\/v2\/posts\/301\/revisions"}],"wp:attachment":[{"href":"https:\/\/blog.zeit.de\/stoerungsmelder\/wp-json\/wp\/v2\/media?parent=301"}],"wp:term":[{"taxonomy":"category","embeddable":true,"href":"https:\/\/blog.zeit.de\/stoerungsmelder\/wp-json\/wp\/v2\/categories?post=301"},{"taxonomy":"post_tag","embeddable":true,"href":"https:\/\/blog.zeit.de\/stoerungsmelder\/wp-json\/wp\/v2\/tags?post=301"}],"curies":[{"name":"wp","href":"https:\/\/api.w.org\/{rel}","templated":true}]}}