{"id":30696,"date":"2021-03-28T16:17:23","date_gmt":"2021-03-28T14:17:23","guid":{"rendered":"https:\/\/blog.zeit.de\/stoerungsmelder\/?p=30696"},"modified":"2021-03-29T06:44:30","modified_gmt":"2021-03-29T04:44:30","slug":"rechte-allianz-im-erzgebirge","status":"publish","type":"post","link":"https:\/\/blog.zeit.de\/stoerungsmelder\/2021\/03\/28\/rechte-allianz-im-erzgebirge_30696","title":{"rendered":"Rechte Allianz im Erzgebirge"},"content":{"rendered":"<p><strong>In Teilen von Sachsen paktieren Neonazis, Reichsb\u00fcrger und Querdenker in einer gemeinsamen Partei. Am Wochenende wollten sie den Staat an seine Grenzen bringen \u2013 und scheiterten.<\/strong><\/p>\n<p><em>Von Henrik Merker<\/em><\/p>\n<p><figure id=\"attachment_30758\" aria-describedby=\"caption-attachment-30758\" style=\"width: 620px\" class=\"wp-caption aligncenter\"><img loading=\"lazy\" decoding=\"async\" class=\"size-medium wp-image-30758\" src=\"https:\/\/blog.zeit.de\/stoerungsmelder\/files\/2021\/03\/20210327_009_c_szb_z_sb-620x413.jpg\" alt=\"\" width=\"620\" height=\"413\" srcset=\"https:\/\/blog.zeit.de\/stoerungsmelder\/files\/2021\/03\/20210327_009_c_szb_z_sb-620x413.jpg 620w, https:\/\/blog.zeit.de\/stoerungsmelder\/files\/2021\/03\/20210327_009_c_szb_z_sb-1024x683.jpg 1024w, https:\/\/blog.zeit.de\/stoerungsmelder\/files\/2021\/03\/20210327_009_c_szb_z_sb-768x512.jpg 768w, https:\/\/blog.zeit.de\/stoerungsmelder\/files\/2021\/03\/20210327_009_c_szb_z_sb-1536x1024.jpg 1536w, https:\/\/blog.zeit.de\/stoerungsmelder\/files\/2021\/03\/20210327_009_c_szb_z_sb.jpg 1920w\" sizes=\"auto, (max-width: 620px) 100vw, 620px\" \/><figcaption id=\"caption-attachment-30758\" class=\"wp-caption-text\">Teilnehmer der Demonstration skandieren Parolen. \u00a9 Henrik Merker<\/figcaption><\/figure><\/p>\n<p>Im Erzgebirge wollten Anh\u00e4nger der rechtsextremen Partei Freie Sachsen am Samstag Hase und Igel mit der Polizei spielen. Die Hasen waren sie am Ende selbst, denn die Polizei hatte mehrere Hundert Kr\u00e4fte im Einsatz und offenbar einen guten \u00dcberblick \u2013 trotz eines Gro\u00dfaufmarsches des Neonazis: In gleich vier Orten versuchte die Szene, Kundgebungen abzuhalten.<\/p>\n<p><!--more--><\/p>\n<p>Zwei davon hatte das Oberverwaltungsgericht Bautzen zuvor untersagt. Dennoch folgten mehrere Hundert Anh\u00e4nger der <a href=\"https:\/\/blog.zeit.de\/stoerungsmelder\/2020\/11\/08\/der-neonazi-stosstrupp-der-coronaleugner_30315\">Querdenken-Bewegung<\/a>, die die Corona-Pandemie leugnen, und Neonazis dem Aufruf der Freien Sachsen nach Chemnitz, um dort gegen Regierung und Corona-Ma\u00dfnahmen zu demonstrieren. Die Veranstaltung geriet chaotisch. Eine Gruppe Rechtsextremer setzte sich an die Spitze, es kam zu k\u00f6rperlichen Auseinandersetzungen mit Polizisten. Eine Flasche flog, zerschellte am Helm eines Beamten.<\/p>\n\n<div class=\"embed-wrapper embed-wrapper--blocked js-embed-consent\" data-method=\"embed\">\n<script class=\"raw__source\" type=\"text\/template\"><div class=\"embed-twitter\"><blockquote class=\"twitter-tweet\" data-width=\"550\" data-dnt=\"true\"><p data-replace lang=\"de\" dir=\"ltr\">Szenen aus <a href=\"https:\/\/twitter.com\/hashtag\/Chemnitz?src=hash&amp;ref_src=twsrc%5Etfw\">#Chemnitz<\/a>. <br><br>Corona-Leugner und Neonazis versuchten gestern mehrfach, Polizeiketten zu durchbrechen oder zu umlaufen.<br><br>Eine organisierte Gruppe wurde nach mehreren Minuten festgesetzt. Danach flog eine Glasflasche und traf den Helm eines Polizisten. <a href=\"https:\/\/twitter.com\/hashtag\/c2703?src=hash&amp;ref_src=twsrc%5Etfw\">#c2703<\/a> <a href=\"https:\/\/t.co\/mpt7vkSaQs\">pic.twitter.com\/mpt7vkSaQs<\/a><\/p>&mdash; St\u00f6rungsmelder (@stoerungsblog) <a href=\"https:\/\/twitter.com\/stoerungsblog\/status\/1376145740905463810?ref_src=twsrc%5Etfw\">March 28, 2021<\/a><\/blockquote><scr+ipt async src=\"https:\/\/platform.twitter.com\/widgets.js\" charset=\"utf-8\"><\/scr+ipt><\/div><\/script>\n<div class=\"embed-wrapper__inner\">\n<div class=\"embed-wrapper__text\">\n<h3>Empfohlener redaktioneller Inhalt<\/h3>\n<p data-replace=\"no\">An dieser Stelle finden Sie externen Inhalt, der den Artikel erg\u00e4nzt. Sie k\u00f6nnen sich externe Inhalte mit einem Klick anzeigen lassen und wieder ausblenden.<noscript>Bitte aktivieren Sie JavaScript damit Sie diesen Inhalt anzeigen k\u00f6nnen.<\/noscript><\/p>\n<\/div>\n<div class=\"embed-consent\">\n<label class=\"embed-consent__toggle\">\n<input class=\"js-embed-consent__toggle\" type=\"checkbox\" autocomplete=\"off\">\n<span><\/span>\nExterner Inhalt\n<\/label>\n<a href=\"https:\/\/www.zeit.de\/hilfe\/datenschutz\" target=\"_blank\" class=\"embed-consent__datalink-when-active\">Datenschutzerkl\u00e4rung<\/a>\n<\/div>\n<div class=\"embed-wrapper__footer\">\n<p data-replace=\"no\">\nIch bin damit einverstanden, dass mir externe Inhalte angezeigt werden. Damit k\u00f6nnen personenbezogene Daten an Drittplattformen \u00fcbermittelt werden. <a href=\"https:\/\/www.zeit.de\/hilfe\/datenschutz\" target=\"_blank\">Mehr dazu in unserer Datenschutzerkl\u00e4rung.<\/a>\n<\/p>\n<\/div>\n<\/div>\n<\/div>\n<h2>Den Staat an die Grenzen bringen<\/h2>\n<p>In der Aggressivit\u00e4t spiegelt sich der Geist der erst Anfang M\u00e4rz gegr\u00fcndeten Partei. Sie ist ein potentes Sammelbecken von Neonazis, Reichsb\u00fcrgern und Querdenkern. Deutlich wurde an diesem Samstag, welche Ziele sie verfolgt: Ihre Anh\u00e4nger wollen die staatliche Gewalt an ihre Grenzen zu bringen. Sie wollen einen vermeintlichen Zusammenbruch der staatlichen Ordnung inszenieren, wie bereits <a href=\"https:\/\/blog.zeit.de\/stoerungsmelder\/2021\/03\/21\/querdenken-gegen-den-staat_30700\">in Kassel<\/a>, <a href=\"https:\/\/blog.zeit.de\/stoerungsmelder\/2021\/03\/07\/autokorsos-im-niemandsland_30633\">Leipzig<\/a> oder Dresden geschehen. Massenhafte Verst\u00f6\u00dfe gegen Versammlungsauflagen interpretieren sie in ihren Telegram-Gruppen als vorrevolution\u00e4res Zeichen. Dort kursieren auch Aufrufe, Polizisten und Politiker anzugreifen oder zu t\u00f6ten.<\/p>\n<p>R\u00fcckhalt finden die Freien Sachsen dennoch: Sie sind in mehreren Kommunalparlamenten vertreten. In Chemnitz etwa tr\u00e4gt die rechte Partei Pro Chemnitz seit Kurzem den Beinamen Freie Sachsen, dort ist sie mit sechs Sitzen vertreten. Bei der Gr\u00fcndung dabei war der Leipziger Hans-Joachim M\u00fcller. \u00dcber M\u00fcller berichtete der St\u00f6rungsmelder bereits Anfang 2020, er ist einer der ideologischen Hinterm\u00e4nner der <a href=\"https:\/\/blog.zeit.de\/stoerungsmelder\/2020\/05\/14\/antisemiten-kapern-corona-proteste_29718\">QAnon-Bewegung in Deutschland<\/a>. Auf YouTube erreicht er \u00fcber 100.000 Zuschauende mit seinen Verschw\u00f6rungsvideos, durch die auch antisemitische Inhalte einem gr\u00f6\u00dferen Publikum pr\u00e4sentiert werden.<\/p>\n<p>Welche Rolle die Au\u00dfenwirkung f\u00fcr die Freien Sachsen spielt, wurde ebenfalls auf der Demonstration in Chemnitz deutlich. Unter den Teilnehmerinnen und Teilnehmern befand sich auch der Szene-YouTuber Martin Lejeune. Der Berliner ist bekannt daf\u00fcr, in der ersten Reihe von Querdenken-Versammlungen zu filmen und sich dabei als Journalist auszugeben.<\/p>\n<h2>Verbindungen in die Querdenker-Szene<\/h2>\n<p>Statt Distanzierung von den Neonazis folgte aus dem Gros der b\u00fcrgerlich gekleideten Menge lautstarker Zuspruch f\u00fcr die Versuche der Rechtsextremen, sich polizeilichen Ma\u00dfnahmen zu entziehen. Als eine Art Machtdemonstration riefen Hunderte, die sich den Corona-Leugnern zugeh\u00f6rig f\u00fchlten, gemeinsam Parolen. Nach einiger Zeit zerstreuten Polizisten auch die restlichen Gruppen.<\/p>\n<p><figure id=\"attachment_30751\" aria-describedby=\"caption-attachment-30751\" style=\"width: 620px\" class=\"wp-caption aligncenter\"><img loading=\"lazy\" decoding=\"async\" class=\"size-medium wp-image-30751\" src=\"https:\/\/blog.zeit.de\/stoerungsmelder\/files\/2021\/03\/20210327_002_c_szb_z_sb-620x413.jpg\" alt=\"\" width=\"620\" height=\"413\" srcset=\"https:\/\/blog.zeit.de\/stoerungsmelder\/files\/2021\/03\/20210327_002_c_szb_z_sb-620x413.jpg 620w, https:\/\/blog.zeit.de\/stoerungsmelder\/files\/2021\/03\/20210327_002_c_szb_z_sb-1024x683.jpg 1024w, https:\/\/blog.zeit.de\/stoerungsmelder\/files\/2021\/03\/20210327_002_c_szb_z_sb-768x512.jpg 768w, https:\/\/blog.zeit.de\/stoerungsmelder\/files\/2021\/03\/20210327_002_c_szb_z_sb-1536x1024.jpg 1536w, https:\/\/blog.zeit.de\/stoerungsmelder\/files\/2021\/03\/20210327_002_c_szb_z_sb.jpg 1920w\" sizes=\"auto, (max-width: 620px) 100vw, 620px\" \/><figcaption id=\"caption-attachment-30751\" class=\"wp-caption-text\">Polizisten haben eine Gruppe junger Neonazis auf dem Chemnitzer Neumarkt zusammengedr\u00e4ngt. \u00a9 Henrik Merker<\/figcaption><\/figure><\/p>\n<p>Teilnehmende zu ihren Demonstrationen zu bringen, ist f\u00fcr die Freien Sachsen keine Schwierigkeit. \u00dcber den Busunternehmer Thomas Kaden haben die Freien Sachsen Verbindungen zum Milieu von Querdenken, er gilt als einer der Hauptlogistiker f\u00fcr die Anreise auf Demonstrationen. Zuletzt wurde Kaden auch auf einer Demonstration der rechtsextremen Partei <a href=\"https:\/\/blog.zeit.de\/stoerungsmelder\/2019\/11\/06\/wenn-sich-neonazis-als-sozialarbeiter-tarnen_29206\">Dritter Weg<\/a> gesichtet.<\/p>\n<p>Ein Mann hinter den Kulissen ist Erik Weber. Der Gastronom wurde f\u00fcr eine Wirtschaftsvereinigung in den Schwarzenberger Stadtrat gew\u00e4hlt, betreibt einen Gasthof und einen Event-Dienst. In seinen R\u00e4umen fand das Gr\u00fcndungstreffen der Freien Sachsen statt. Auf seinen Facebook-Seiten verbreitet er heimatt\u00fcmelnde Bilder neben Fotos der Wehrmacht. Auf einer seiner Seiten ver\u00f6ffentlichte er eine Zeile des Liedes <em>O Deutschland hoch in Ehren<\/em>. Das Lied aus dem Jahr 1859 wurde beim Hitlerputsch gesungen und geh\u00f6rte zum Stammliedgut der NSDAP.<\/p>\n<h2>Illegale Kundgebung<\/h2>\n<p>Weber arbeitet im Stadtrat mit der AfD und den Freien B\u00fcrgern Schwarzenberg zusammen, eine weitere Vorl\u00e4ufer-Organisation der Freien Sachsen. Der s\u00e4chsische Verfassungsschutz bezeichnet die Freien B\u00fcrger als Wahlliste, auf der &#8222;Neonationalsozialisten&#8220; kandidieren.<\/p>\n<p>Nachdem der Aufmarsch in Chemnitz gescheitert war, riefen die Freien Sachsen zur Demonstration ins wenige Kilometer entfernte Zwickau. Dort trafen sich rund 300 Gegner der Corona-Ma\u00dfnahmen gemeinsam mit Neonazis auf einer angemeldeten Versammlung. In der Menge waren einige Eltern mit Kindern und auch f\u00fchrende Protagonisten der Leipziger Querdenken-Szene. Die Polizei schickte ihre Kr\u00e4fte aus Chemnitz dorthin.<\/p>\n<p>Am Abend sollte im nahen <a href=\"https:\/\/blog.zeit.de\/stoerungsmelder\/2018\/07\/02\/im-erzgebirge-traeumen-neonazis-vom-eigenen-staat_26728\">Schwarzenberg<\/a> eine weitere illegale Kundgebung stattfinden, doch aufgrund des gro\u00dfen Polizeiaufgebots zogen die Teilnehmenden spontan in den Ort Schneeberg. Der Ort wurde 2013 bekannt f\u00fcr die sogenannten <a href=\"https:\/\/blog.zeit.de\/stoerungsmelder\/2013\/10\/21\/burger-und-npd_14197\">Lichtell\u00e4ufe<\/a>, ein Vorl\u00e4ufer der Dresdner Pegida-Bewegung. Tats\u00e4chlich kamen am Abend \u00fcber hundert Demonstranten und Demonstrantinnen nach Schneeberg und protestierten an verschiedenen Orten. Die Polizei setzte mehrere Dutzend von ihnen fest.<\/p>\n","protected":false},"excerpt":{"rendered":"<p>Neonazis, Reichsb\u00fcrger, Querdenker: Im Erzgebirge arbeiten sie tatkr\u00e4ftig zusammen &#8211; und versuchten am Samstag, mit teils illegalen Demonstrationen den Staat zu provozieren.<\/p>\n","protected":false},"author":703,"featured_media":0,"comment_status":"closed","ping_status":"closed","sticky":false,"template":"","format":"standard","meta":{"_jetpack_memberships_contains_paid_content":false,"footnotes":""},"categories":[1456],"tags":[12745,984,41533,991,41420,41408],"class_list":["post-30696","post","type-post","status-publish","format-standard","hentry","category-sachsen","tag-chemnitz","tag-demonstration","tag-freie-sachsen","tag-polizei","tag-pro-chemnitz","tag-schwarzenberg"],"yoast_head":"<!-- This site is optimized with the Yoast SEO plugin v21.0 - https:\/\/yoast.com\/wordpress\/plugins\/seo\/ -->\n<title>Rechte Allianz im Erzgebirge - St\u00f6rungsmelder<\/title>\n<meta name=\"robots\" content=\"index, follow, max-snippet:-1, max-image-preview:large, max-video-preview:-1\" \/>\n<link rel=\"canonical\" href=\"https:\/\/blog.zeit.de\/stoerungsmelder\/2021\/03\/28\/rechte-allianz-im-erzgebirge_30696\" \/>\n<meta property=\"og:locale\" content=\"de_DE\" \/>\n<meta property=\"og:type\" content=\"article\" \/>\n<meta property=\"og:title\" content=\"Rechte Allianz im Erzgebirge - St\u00f6rungsmelder\" \/>\n<meta property=\"og:description\" content=\"Neonazis, Reichsb\u00fcrger, Querdenker: Im Erzgebirge arbeiten sie tatkr\u00e4ftig zusammen - und versuchten am Samstag, mit teils illegalen Demonstrationen den Staat zu provozieren.\" \/>\n<meta property=\"og:url\" content=\"https:\/\/blog.zeit.de\/stoerungsmelder\/2021\/03\/28\/rechte-allianz-im-erzgebirge_30696\" \/>\n<meta property=\"og:site_name\" content=\"St\u00f6rungsmelder\" \/>\n<meta property=\"article:published_time\" content=\"2021-03-28T14:17:23+00:00\" \/>\n<meta property=\"article:modified_time\" content=\"2021-03-29T04:44:30+00:00\" \/>\n<meta property=\"og:image\" content=\"https:\/\/blog.zeit.de\/stoerungsmelder\/files\/2021\/03\/20210327_009_c_szb_z_sb-620x413.jpg\" \/>\n<meta name=\"author\" content=\"Henrik Merker\" \/>\n<meta name=\"twitter:card\" content=\"summary_large_image\" \/>\n<meta name=\"twitter:description\" content=\"Die Partei Freie Sachsen hat am Wochenende Hunderte Teilnehmer zu Demonstrationen auf die Stra\u00dfe gebracht. Sie vernetzt Neonazis, Reichsb\u00fcrger und Anh\u00e4nger der #Querdenken-Bewegung. #Rechtsextremismus #Chemnitz\" \/>\n<meta name=\"twitter:creator\" content=\"@HRMRKR\" \/>\n<meta name=\"twitter:label1\" content=\"Geschrieben von\" \/>\n\t<meta name=\"twitter:data1\" content=\"Henrik Merker\" \/>\n\t<meta name=\"twitter:label2\" content=\"Gesch\u00e4tzte Lesezeit\" \/>\n\t<meta name=\"twitter:data2\" content=\"4\u00a0Minuten\" \/>\n<script type=\"application\/ld+json\" class=\"yoast-schema-graph\">{\"@context\":\"https:\/\/schema.org\",\"@graph\":[{\"@type\":\"WebPage\",\"@id\":\"https:\/\/blog.zeit.de\/stoerungsmelder\/2021\/03\/28\/rechte-allianz-im-erzgebirge_30696\",\"url\":\"https:\/\/blog.zeit.de\/stoerungsmelder\/2021\/03\/28\/rechte-allianz-im-erzgebirge_30696\",\"name\":\"Rechte Allianz im Erzgebirge - St\u00f6rungsmelder\",\"isPartOf\":{\"@id\":\"https:\/\/blog.zeit.de\/stoerungsmelder\/#website\"},\"datePublished\":\"2021-03-28T14:17:23+00:00\",\"dateModified\":\"2021-03-29T04:44:30+00:00\",\"author\":{\"@id\":\"https:\/\/blog.zeit.de\/stoerungsmelder\/#\/schema\/person\/75338b13df89ce2bcc9b98a76590fcbf\"},\"breadcrumb\":{\"@id\":\"https:\/\/blog.zeit.de\/stoerungsmelder\/2021\/03\/28\/rechte-allianz-im-erzgebirge_30696#breadcrumb\"},\"inLanguage\":\"de\",\"potentialAction\":[{\"@type\":\"ReadAction\",\"target\":[\"https:\/\/blog.zeit.de\/stoerungsmelder\/2021\/03\/28\/rechte-allianz-im-erzgebirge_30696\"]}]},{\"@type\":\"BreadcrumbList\",\"@id\":\"https:\/\/blog.zeit.de\/stoerungsmelder\/2021\/03\/28\/rechte-allianz-im-erzgebirge_30696#breadcrumb\",\"itemListElement\":[{\"@type\":\"ListItem\",\"position\":1,\"name\":\"Startseite\",\"item\":\"https:\/\/blog.zeit.de\/stoerungsmelder\"},{\"@type\":\"ListItem\",\"position\":2,\"name\":\"Rechte Allianz im Erzgebirge\"}]},{\"@type\":\"WebSite\",\"@id\":\"https:\/\/blog.zeit.de\/stoerungsmelder\/#website\",\"url\":\"https:\/\/blog.zeit.de\/stoerungsmelder\/\",\"name\":\"St\u00f6rungsmelder\",\"description\":\"Recherchen und Analysen \u00fcber die extreme Rechte\",\"potentialAction\":[{\"@type\":\"SearchAction\",\"target\":{\"@type\":\"EntryPoint\",\"urlTemplate\":\"https:\/\/blog.zeit.de\/stoerungsmelder\/?s={search_term_string}\"},\"query-input\":\"required name=search_term_string\"}],\"inLanguage\":\"de\"},{\"@type\":\"Person\",\"@id\":\"https:\/\/blog.zeit.de\/stoerungsmelder\/#\/schema\/person\/75338b13df89ce2bcc9b98a76590fcbf\",\"name\":\"Henrik Merker\",\"image\":{\"@type\":\"ImageObject\",\"inLanguage\":\"de\",\"@id\":\"https:\/\/blog.zeit.de\/stoerungsmelder\/#\/schema\/person\/image\/\",\"url\":\"https:\/\/secure.gravatar.com\/avatar\/a881955e7dc03f4202c4c8e4fd5c4005ec3715376bd9a9ec246141f698e7e4ba?s=96&d=mm&r=pg\",\"contentUrl\":\"https:\/\/secure.gravatar.com\/avatar\/a881955e7dc03f4202c4c8e4fd5c4005ec3715376bd9a9ec246141f698e7e4ba?s=96&d=mm&r=pg\",\"caption\":\"Henrik Merker\"},\"sameAs\":[\"https:\/\/twitter.com\/HRMRKR\"],\"url\":\"https:\/\/blog.zeit.de\/stoerungsmelder\/author\/thomasschade\"}]}<\/script>\n<!-- \/ Yoast SEO plugin. -->","yoast_head_json":{"title":"Rechte Allianz im Erzgebirge - St\u00f6rungsmelder","robots":{"index":"index","follow":"follow","max-snippet":"max-snippet:-1","max-image-preview":"max-image-preview:large","max-video-preview":"max-video-preview:-1"},"canonical":"https:\/\/blog.zeit.de\/stoerungsmelder\/2021\/03\/28\/rechte-allianz-im-erzgebirge_30696","og_locale":"de_DE","og_type":"article","og_title":"Rechte Allianz im Erzgebirge - St\u00f6rungsmelder","og_description":"Neonazis, Reichsb\u00fcrger, Querdenker: Im Erzgebirge arbeiten sie tatkr\u00e4ftig zusammen - und versuchten am Samstag, mit teils illegalen Demonstrationen den Staat zu provozieren.","og_url":"https:\/\/blog.zeit.de\/stoerungsmelder\/2021\/03\/28\/rechte-allianz-im-erzgebirge_30696","og_site_name":"St\u00f6rungsmelder","article_published_time":"2021-03-28T14:17:23+00:00","article_modified_time":"2021-03-29T04:44:30+00:00","og_image":[{"url":"https:\/\/blog.zeit.de\/stoerungsmelder\/files\/2021\/03\/20210327_009_c_szb_z_sb-620x413.jpg"}],"author":"Henrik Merker","twitter_card":"summary_large_image","twitter_description":"Die Partei Freie Sachsen hat am Wochenende Hunderte Teilnehmer zu Demonstrationen auf die Stra\u00dfe gebracht. Sie vernetzt Neonazis, Reichsb\u00fcrger und Anh\u00e4nger der #Querdenken-Bewegung. #Rechtsextremismus #Chemnitz","twitter_creator":"@HRMRKR","twitter_misc":{"Geschrieben von":"Henrik Merker","Gesch\u00e4tzte Lesezeit":"4\u00a0Minuten"},"schema":{"@context":"https:\/\/schema.org","@graph":[{"@type":"WebPage","@id":"https:\/\/blog.zeit.de\/stoerungsmelder\/2021\/03\/28\/rechte-allianz-im-erzgebirge_30696","url":"https:\/\/blog.zeit.de\/stoerungsmelder\/2021\/03\/28\/rechte-allianz-im-erzgebirge_30696","name":"Rechte Allianz im Erzgebirge - St\u00f6rungsmelder","isPartOf":{"@id":"https:\/\/blog.zeit.de\/stoerungsmelder\/#website"},"datePublished":"2021-03-28T14:17:23+00:00","dateModified":"2021-03-29T04:44:30+00:00","author":{"@id":"https:\/\/blog.zeit.de\/stoerungsmelder\/#\/schema\/person\/75338b13df89ce2bcc9b98a76590fcbf"},"breadcrumb":{"@id":"https:\/\/blog.zeit.de\/stoerungsmelder\/2021\/03\/28\/rechte-allianz-im-erzgebirge_30696#breadcrumb"},"inLanguage":"de","potentialAction":[{"@type":"ReadAction","target":["https:\/\/blog.zeit.de\/stoerungsmelder\/2021\/03\/28\/rechte-allianz-im-erzgebirge_30696"]}]},{"@type":"BreadcrumbList","@id":"https:\/\/blog.zeit.de\/stoerungsmelder\/2021\/03\/28\/rechte-allianz-im-erzgebirge_30696#breadcrumb","itemListElement":[{"@type":"ListItem","position":1,"name":"Startseite","item":"https:\/\/blog.zeit.de\/stoerungsmelder"},{"@type":"ListItem","position":2,"name":"Rechte Allianz im Erzgebirge"}]},{"@type":"WebSite","@id":"https:\/\/blog.zeit.de\/stoerungsmelder\/#website","url":"https:\/\/blog.zeit.de\/stoerungsmelder\/","name":"St\u00f6rungsmelder","description":"Recherchen und Analysen \u00fcber die extreme Rechte","potentialAction":[{"@type":"SearchAction","target":{"@type":"EntryPoint","urlTemplate":"https:\/\/blog.zeit.de\/stoerungsmelder\/?s={search_term_string}"},"query-input":"required name=search_term_string"}],"inLanguage":"de"},{"@type":"Person","@id":"https:\/\/blog.zeit.de\/stoerungsmelder\/#\/schema\/person\/75338b13df89ce2bcc9b98a76590fcbf","name":"Henrik Merker","image":{"@type":"ImageObject","inLanguage":"de","@id":"https:\/\/blog.zeit.de\/stoerungsmelder\/#\/schema\/person\/image\/","url":"https:\/\/secure.gravatar.com\/avatar\/a881955e7dc03f4202c4c8e4fd5c4005ec3715376bd9a9ec246141f698e7e4ba?s=96&d=mm&r=pg","contentUrl":"https:\/\/secure.gravatar.com\/avatar\/a881955e7dc03f4202c4c8e4fd5c4005ec3715376bd9a9ec246141f698e7e4ba?s=96&d=mm&r=pg","caption":"Henrik Merker"},"sameAs":["https:\/\/twitter.com\/HRMRKR"],"url":"https:\/\/blog.zeit.de\/stoerungsmelder\/author\/thomasschade"}]}},"jetpack_featured_media_url":"","jetpack_sharing_enabled":true,"_links":{"self":[{"href":"https:\/\/blog.zeit.de\/stoerungsmelder\/wp-json\/wp\/v2\/posts\/30696","targetHints":{"allow":["GET"]}}],"collection":[{"href":"https:\/\/blog.zeit.de\/stoerungsmelder\/wp-json\/wp\/v2\/posts"}],"about":[{"href":"https:\/\/blog.zeit.de\/stoerungsmelder\/wp-json\/wp\/v2\/types\/post"}],"author":[{"embeddable":true,"href":"https:\/\/blog.zeit.de\/stoerungsmelder\/wp-json\/wp\/v2\/users\/703"}],"replies":[{"embeddable":true,"href":"https:\/\/blog.zeit.de\/stoerungsmelder\/wp-json\/wp\/v2\/comments?post=30696"}],"version-history":[{"count":6,"href":"https:\/\/blog.zeit.de\/stoerungsmelder\/wp-json\/wp\/v2\/posts\/30696\/revisions"}],"predecessor-version":[{"id":30766,"href":"https:\/\/blog.zeit.de\/stoerungsmelder\/wp-json\/wp\/v2\/posts\/30696\/revisions\/30766"}],"wp:attachment":[{"href":"https:\/\/blog.zeit.de\/stoerungsmelder\/wp-json\/wp\/v2\/media?parent=30696"}],"wp:term":[{"taxonomy":"category","embeddable":true,"href":"https:\/\/blog.zeit.de\/stoerungsmelder\/wp-json\/wp\/v2\/categories?post=30696"},{"taxonomy":"post_tag","embeddable":true,"href":"https:\/\/blog.zeit.de\/stoerungsmelder\/wp-json\/wp\/v2\/tags?post=30696"}],"curies":[{"name":"wp","href":"https:\/\/api.w.org\/{rel}","templated":true}]}}