{"id":307,"date":"2008-05-15T10:09:30","date_gmt":"2008-05-15T09:09:30","guid":{"rendered":"http:\/\/blog.zeit.de\/stoerungsmelder\/2008\/05\/15\/neonazi-gewalt-in-hamburg-npd-distanziert-sich-nicht-von-attacken-auf-journalisten_307"},"modified":"2008-05-15T10:09:30","modified_gmt":"2008-05-15T09:09:30","slug":"neonazi-gewalt-in-hamburg-npd-distanziert-sich-nicht-von-attacken-auf-journalisten","status":"publish","type":"post","link":"https:\/\/blog.zeit.de\/stoerungsmelder\/2008\/05\/15\/neonazi-gewalt-in-hamburg-npd-distanziert-sich-nicht-von-attacken-auf-journalisten_307","title":{"rendered":"Neonazi-Gewalt in Hamburg: NPD rechtfertigt Attacken auf Journalisten"},"content":{"rendered":"<p>Zun\u00e4chst wollte die NPD einfach gar keine Stellungnahme zu den \u00dcbergriffen auf mehrere Journalisten am Rande der Neonazi-Demonstration am 01. Mai 2008 &#8211; unterst\u00fctzt von NPD- und JN-Hamburg &#8211; nehmen. <a href=\"http:\/\/npd-blog.info\/?p=1674\">Bundespressesprecher Klaus Beier sagte auf Anfrage, es habe sich nicht um einen NPD-Aufmarsch gehandelt.<\/a> Auf eine schriftliche Anfrage des Autoren an die NPD-Bundesgesch\u00e4ftsstelle antwortete nicht der Pressesprecher, sondern Frank Schwerdt &#8211; im Bundesvorstand f\u00fcr das &#8222;Amt Recht&#8220; zust\u00e4ndig und Landeschef in Th\u00fcringen.<\/p>\n<p>Schwerdt schrieb: &#8222;Das Geschehen in Hamburg kenne ich nur aus Berichten. Ich finde es aber immer wieder bemerkenswert, wie Journalisten Ihres <!--more-->Schlagen es erfolgreich fertig bringen, Ursache und Wirkung zu vertauschen. Mein Respekt vor soviel Chuzpe.&#8220; Schwerdt kennt die Ereignisse also nur aus Berichten, kann aber Journalisten &#8211; die vor Ort waren und \u00fcbereinstimmend berichtet hatten &#8211; unterstellen, sie vertauschten Ursache und Wirkung.<\/p>\n<p><strong>Journalisten selbst schuld?<\/strong><\/p>\n<p>Weiter die NPD: &#8222;Die Brandstifter und Gewaltt\u00e4ter kamen nicht aus den \u201erechten&#8220; Reihen.&#8220; Hamburger Polizei und Verfassungsschutz &#8211; sicherlich keine Freunde von &#8222;linken Chaoten&#8220; &#8211; stellte <a href=\"http:\/\/www3.ndr.de\/ndrtv_pages_std\/0,3147,OID4753018_REF2488,00.html\" title=\"Zapp\">ausdr\u00fccklich fest, dass die Gewalt von Rechts ausging<\/a>. Dass es auch Randale und vor allem Sachbesch\u00e4digung von Linken gab, hat niemand in Abrede gestellt. In der Anfrage an die NPD ging es aber um die Angriffe auf Journalisten &#8211; die aus einer Demonstration kamen, in der zahlreiche NPD-Fahnen wehten und hohe Parteifunktion\u00e4re am Lautsprecherwagen t\u00e4tig waren.<\/p>\n<p>Weiter die NPD: &#8222;Gewalt erzeugt oft auch Gegengewalt und das ist offenbar in Hamburg passiert. Auch Schreibtischt\u00e4ter k\u00f6nnen mit ihren Worten und Werken gewaltt\u00e4tig werden.&#8220; Die Journalisten haben also selbst schuld, so offenbar die Meinung der NPD. Besonders bemerkenswert, da sich die Rechtsextremisten immer wieder gerne als Verfechter der Meinungsfreiheit aufspielen, da sie gegen den \u00a7130 polemisieren, der das Hetzen gegen Bev\u00f6lkerungsteile, Aufstachelung zum Rassenhass und die Verh\u00f6hnung der Opfer des NS-Terrors durch die Holocaust-Leugnung unter Strafe stellt.<\/p>\n<p>Weiterhin scheint die NPD Selbstjustiz offenbar f\u00fcr angemessen und zul\u00e4ssig zu halten. Ob eine demokratische Partei nicht das Gewaltmonopol des Staats anerkennen sollte, kann wohl jeder Leser f\u00fcr sich selbst beantworten. <a href=\"http:\/\/npd-blog.info\/?p=1653\">Die Vorstrafenliste von NPD-Funktion\u00e4ren<\/a> weist ebenfalls darauf hin, wie eng rechtsextreme Ideologie und Gewalt miteinander verkn\u00fcpft sind.<\/p>\n<p><a href=\"http:\/\/npd-blog.info\/?p=1674\">NPD-BLOG.INFO \u00fcber die Hetzjagd auf Journalisten<\/a> und <a href=\"http:\/\/npd-blog.info\/?p=1676\">die unklare Position der NPD zu den \u201cAutonomen Nationalisten\u201d.<\/a><\/p>\n","protected":false},"excerpt":{"rendered":"<p>Zun\u00e4chst wollte die NPD einfach gar keine Stellungnahme zu den \u00dcbergriffen auf mehrere Journalisten am Rande der Neonazi-Demonstration am 01. Mai 2008 &#8211; unterst\u00fctzt von NPD- und JN-Hamburg &#8211; nehmen. Bundespressesprecher Klaus Beier sagte auf Anfrage, es habe sich nicht um einen NPD-Aufmarsch gehandelt. Auf eine schriftliche Anfrage des Autoren an die NPD-Bundesgesch\u00e4ftsstelle antwortete nicht [&hellip;]<\/p>\n","protected":false},"author":227,"featured_media":0,"comment_status":"open","ping_status":"open","sticky":false,"template":"","format":"standard","meta":{"_jetpack_memberships_contains_paid_content":false,"footnotes":""},"categories":[1515,1329],"tags":[1527,1716],"class_list":["post-307","post","type-post","status-publish","format-standard","hentry","category-bundesweit","category-hamburg","tag-demonstrationen","tag-npd"],"yoast_head":"<!-- This site is optimized with the Yoast SEO plugin v21.0 - https:\/\/yoast.com\/wordpress\/plugins\/seo\/ -->\n<title>Neonazi-Gewalt in Hamburg: NPD rechtfertigt Attacken auf Journalisten - St\u00f6rungsmelder<\/title>\n<meta name=\"robots\" content=\"index, follow, max-snippet:-1, max-image-preview:large, max-video-preview:-1\" \/>\n<link rel=\"canonical\" href=\"https:\/\/blog.zeit.de\/stoerungsmelder\/2008\/05\/15\/neonazi-gewalt-in-hamburg-npd-distanziert-sich-nicht-von-attacken-auf-journalisten_307\" \/>\n<meta property=\"og:locale\" content=\"de_DE\" \/>\n<meta property=\"og:type\" content=\"article\" \/>\n<meta property=\"og:title\" content=\"Neonazi-Gewalt in Hamburg: NPD rechtfertigt Attacken auf Journalisten - St\u00f6rungsmelder\" \/>\n<meta property=\"og:description\" content=\"Zun\u00e4chst wollte die NPD einfach gar keine Stellungnahme zu den \u00dcbergriffen auf mehrere Journalisten am Rande der Neonazi-Demonstration am 01. Mai 2008 &#8211; unterst\u00fctzt von NPD- und JN-Hamburg &#8211; nehmen. Bundespressesprecher Klaus Beier sagte auf Anfrage, es habe sich nicht um einen NPD-Aufmarsch gehandelt. Auf eine schriftliche Anfrage des Autoren an die NPD-Bundesgesch\u00e4ftsstelle antwortete nicht [&hellip;]\" \/>\n<meta property=\"og:url\" content=\"https:\/\/blog.zeit.de\/stoerungsmelder\/2008\/05\/15\/neonazi-gewalt-in-hamburg-npd-distanziert-sich-nicht-von-attacken-auf-journalisten_307\" \/>\n<meta property=\"og:site_name\" content=\"St\u00f6rungsmelder\" \/>\n<meta property=\"article:published_time\" content=\"2008-05-15T09:09:30+00:00\" \/>\n<meta name=\"author\" content=\"Patrick Gensing\" \/>\n<meta name=\"twitter:card\" content=\"summary_large_image\" \/>\n<meta name=\"twitter:label1\" content=\"Geschrieben von\" \/>\n\t<meta name=\"twitter:data1\" content=\"Patrick Gensing\" \/>\n\t<meta name=\"twitter:label2\" content=\"Gesch\u00e4tzte Lesezeit\" \/>\n\t<meta name=\"twitter:data2\" content=\"2\u00a0Minuten\" \/>\n<script type=\"application\/ld+json\" class=\"yoast-schema-graph\">{\"@context\":\"https:\/\/schema.org\",\"@graph\":[{\"@type\":\"WebPage\",\"@id\":\"https:\/\/blog.zeit.de\/stoerungsmelder\/2008\/05\/15\/neonazi-gewalt-in-hamburg-npd-distanziert-sich-nicht-von-attacken-auf-journalisten_307\",\"url\":\"https:\/\/blog.zeit.de\/stoerungsmelder\/2008\/05\/15\/neonazi-gewalt-in-hamburg-npd-distanziert-sich-nicht-von-attacken-auf-journalisten_307\",\"name\":\"Neonazi-Gewalt in Hamburg: NPD rechtfertigt Attacken auf Journalisten - St\u00f6rungsmelder\",\"isPartOf\":{\"@id\":\"https:\/\/blog.zeit.de\/stoerungsmelder\/#website\"},\"datePublished\":\"2008-05-15T09:09:30+00:00\",\"dateModified\":\"2008-05-15T09:09:30+00:00\",\"author\":{\"@id\":\"https:\/\/blog.zeit.de\/stoerungsmelder\/#\/schema\/person\/1898e9a6d47b4737da2c4fca74a10552\"},\"breadcrumb\":{\"@id\":\"https:\/\/blog.zeit.de\/stoerungsmelder\/2008\/05\/15\/neonazi-gewalt-in-hamburg-npd-distanziert-sich-nicht-von-attacken-auf-journalisten_307#breadcrumb\"},\"inLanguage\":\"de\",\"potentialAction\":[{\"@type\":\"ReadAction\",\"target\":[\"https:\/\/blog.zeit.de\/stoerungsmelder\/2008\/05\/15\/neonazi-gewalt-in-hamburg-npd-distanziert-sich-nicht-von-attacken-auf-journalisten_307\"]}]},{\"@type\":\"BreadcrumbList\",\"@id\":\"https:\/\/blog.zeit.de\/stoerungsmelder\/2008\/05\/15\/neonazi-gewalt-in-hamburg-npd-distanziert-sich-nicht-von-attacken-auf-journalisten_307#breadcrumb\",\"itemListElement\":[{\"@type\":\"ListItem\",\"position\":1,\"name\":\"Startseite\",\"item\":\"https:\/\/blog.zeit.de\/stoerungsmelder\"},{\"@type\":\"ListItem\",\"position\":2,\"name\":\"Neonazi-Gewalt in Hamburg: NPD rechtfertigt Attacken auf Journalisten\"}]},{\"@type\":\"WebSite\",\"@id\":\"https:\/\/blog.zeit.de\/stoerungsmelder\/#website\",\"url\":\"https:\/\/blog.zeit.de\/stoerungsmelder\/\",\"name\":\"St\u00f6rungsmelder\",\"description\":\"Recherchen und Analysen \u00fcber die extreme Rechte\",\"potentialAction\":[{\"@type\":\"SearchAction\",\"target\":{\"@type\":\"EntryPoint\",\"urlTemplate\":\"https:\/\/blog.zeit.de\/stoerungsmelder\/?s={search_term_string}\"},\"query-input\":\"required name=search_term_string\"}],\"inLanguage\":\"de\"},{\"@type\":\"Person\",\"@id\":\"https:\/\/blog.zeit.de\/stoerungsmelder\/#\/schema\/person\/1898e9a6d47b4737da2c4fca74a10552\",\"name\":\"Patrick Gensing\",\"image\":{\"@type\":\"ImageObject\",\"inLanguage\":\"de\",\"@id\":\"https:\/\/blog.zeit.de\/stoerungsmelder\/#\/schema\/person\/image\/\",\"url\":\"https:\/\/secure.gravatar.com\/avatar\/a7a6fc628ed4dd7517525b944e2a8b13f64804f428d399d781f8dd0c4651643a?s=96&d=mm&r=pg\",\"contentUrl\":\"https:\/\/secure.gravatar.com\/avatar\/a7a6fc628ed4dd7517525b944e2a8b13f64804f428d399d781f8dd0c4651643a?s=96&d=mm&r=pg\",\"caption\":\"Patrick Gensing\"},\"description\":\"Journalist, Blogger, Buchautor - Patrick Gensing besch\u00e4ftigt sich seit seiner Jugend Ende der 1980er Jahre mit den Themen Neonazis, Rassismus und Antisemitismus. Seit rund zehn Jahren schreibt er als Journalist \u00fcber diese Themen, unter anderem bei tagesschau.de, bei Zeit-Online, in der taz - oder in dem Buch \\\"Terror von rechts\\\", das am 14. September 2012 erscheint.\",\"sameAs\":[\"http:\/\/publikative.org\"],\"url\":\"https:\/\/blog.zeit.de\/stoerungsmelder\/author\/patrick-gensing\"}]}<\/script>\n<!-- \/ Yoast SEO plugin. -->","yoast_head_json":{"title":"Neonazi-Gewalt in Hamburg: NPD rechtfertigt Attacken auf Journalisten - St\u00f6rungsmelder","robots":{"index":"index","follow":"follow","max-snippet":"max-snippet:-1","max-image-preview":"max-image-preview:large","max-video-preview":"max-video-preview:-1"},"canonical":"https:\/\/blog.zeit.de\/stoerungsmelder\/2008\/05\/15\/neonazi-gewalt-in-hamburg-npd-distanziert-sich-nicht-von-attacken-auf-journalisten_307","og_locale":"de_DE","og_type":"article","og_title":"Neonazi-Gewalt in Hamburg: NPD rechtfertigt Attacken auf Journalisten - St\u00f6rungsmelder","og_description":"Zun\u00e4chst wollte die NPD einfach gar keine Stellungnahme zu den \u00dcbergriffen auf mehrere Journalisten am Rande der Neonazi-Demonstration am 01. Mai 2008 &#8211; unterst\u00fctzt von NPD- und JN-Hamburg &#8211; nehmen. Bundespressesprecher Klaus Beier sagte auf Anfrage, es habe sich nicht um einen NPD-Aufmarsch gehandelt. Auf eine schriftliche Anfrage des Autoren an die NPD-Bundesgesch\u00e4ftsstelle antwortete nicht [&hellip;]","og_url":"https:\/\/blog.zeit.de\/stoerungsmelder\/2008\/05\/15\/neonazi-gewalt-in-hamburg-npd-distanziert-sich-nicht-von-attacken-auf-journalisten_307","og_site_name":"St\u00f6rungsmelder","article_published_time":"2008-05-15T09:09:30+00:00","author":"Patrick Gensing","twitter_card":"summary_large_image","twitter_misc":{"Geschrieben von":"Patrick Gensing","Gesch\u00e4tzte Lesezeit":"2\u00a0Minuten"},"schema":{"@context":"https:\/\/schema.org","@graph":[{"@type":"WebPage","@id":"https:\/\/blog.zeit.de\/stoerungsmelder\/2008\/05\/15\/neonazi-gewalt-in-hamburg-npd-distanziert-sich-nicht-von-attacken-auf-journalisten_307","url":"https:\/\/blog.zeit.de\/stoerungsmelder\/2008\/05\/15\/neonazi-gewalt-in-hamburg-npd-distanziert-sich-nicht-von-attacken-auf-journalisten_307","name":"Neonazi-Gewalt in Hamburg: NPD rechtfertigt Attacken auf Journalisten - St\u00f6rungsmelder","isPartOf":{"@id":"https:\/\/blog.zeit.de\/stoerungsmelder\/#website"},"datePublished":"2008-05-15T09:09:30+00:00","dateModified":"2008-05-15T09:09:30+00:00","author":{"@id":"https:\/\/blog.zeit.de\/stoerungsmelder\/#\/schema\/person\/1898e9a6d47b4737da2c4fca74a10552"},"breadcrumb":{"@id":"https:\/\/blog.zeit.de\/stoerungsmelder\/2008\/05\/15\/neonazi-gewalt-in-hamburg-npd-distanziert-sich-nicht-von-attacken-auf-journalisten_307#breadcrumb"},"inLanguage":"de","potentialAction":[{"@type":"ReadAction","target":["https:\/\/blog.zeit.de\/stoerungsmelder\/2008\/05\/15\/neonazi-gewalt-in-hamburg-npd-distanziert-sich-nicht-von-attacken-auf-journalisten_307"]}]},{"@type":"BreadcrumbList","@id":"https:\/\/blog.zeit.de\/stoerungsmelder\/2008\/05\/15\/neonazi-gewalt-in-hamburg-npd-distanziert-sich-nicht-von-attacken-auf-journalisten_307#breadcrumb","itemListElement":[{"@type":"ListItem","position":1,"name":"Startseite","item":"https:\/\/blog.zeit.de\/stoerungsmelder"},{"@type":"ListItem","position":2,"name":"Neonazi-Gewalt in Hamburg: NPD rechtfertigt Attacken auf Journalisten"}]},{"@type":"WebSite","@id":"https:\/\/blog.zeit.de\/stoerungsmelder\/#website","url":"https:\/\/blog.zeit.de\/stoerungsmelder\/","name":"St\u00f6rungsmelder","description":"Recherchen und Analysen \u00fcber die extreme Rechte","potentialAction":[{"@type":"SearchAction","target":{"@type":"EntryPoint","urlTemplate":"https:\/\/blog.zeit.de\/stoerungsmelder\/?s={search_term_string}"},"query-input":"required name=search_term_string"}],"inLanguage":"de"},{"@type":"Person","@id":"https:\/\/blog.zeit.de\/stoerungsmelder\/#\/schema\/person\/1898e9a6d47b4737da2c4fca74a10552","name":"Patrick Gensing","image":{"@type":"ImageObject","inLanguage":"de","@id":"https:\/\/blog.zeit.de\/stoerungsmelder\/#\/schema\/person\/image\/","url":"https:\/\/secure.gravatar.com\/avatar\/a7a6fc628ed4dd7517525b944e2a8b13f64804f428d399d781f8dd0c4651643a?s=96&d=mm&r=pg","contentUrl":"https:\/\/secure.gravatar.com\/avatar\/a7a6fc628ed4dd7517525b944e2a8b13f64804f428d399d781f8dd0c4651643a?s=96&d=mm&r=pg","caption":"Patrick Gensing"},"description":"Journalist, Blogger, Buchautor - Patrick Gensing besch\u00e4ftigt sich seit seiner Jugend Ende der 1980er Jahre mit den Themen Neonazis, Rassismus und Antisemitismus. Seit rund zehn Jahren schreibt er als Journalist \u00fcber diese Themen, unter anderem bei tagesschau.de, bei Zeit-Online, in der taz - oder in dem Buch \"Terror von rechts\", das am 14. September 2012 erscheint.","sameAs":["http:\/\/publikative.org"],"url":"https:\/\/blog.zeit.de\/stoerungsmelder\/author\/patrick-gensing"}]}},"jetpack_featured_media_url":"","jetpack_sharing_enabled":true,"_links":{"self":[{"href":"https:\/\/blog.zeit.de\/stoerungsmelder\/wp-json\/wp\/v2\/posts\/307","targetHints":{"allow":["GET"]}}],"collection":[{"href":"https:\/\/blog.zeit.de\/stoerungsmelder\/wp-json\/wp\/v2\/posts"}],"about":[{"href":"https:\/\/blog.zeit.de\/stoerungsmelder\/wp-json\/wp\/v2\/types\/post"}],"author":[{"embeddable":true,"href":"https:\/\/blog.zeit.de\/stoerungsmelder\/wp-json\/wp\/v2\/users\/227"}],"replies":[{"embeddable":true,"href":"https:\/\/blog.zeit.de\/stoerungsmelder\/wp-json\/wp\/v2\/comments?post=307"}],"version-history":[{"count":0,"href":"https:\/\/blog.zeit.de\/stoerungsmelder\/wp-json\/wp\/v2\/posts\/307\/revisions"}],"wp:attachment":[{"href":"https:\/\/blog.zeit.de\/stoerungsmelder\/wp-json\/wp\/v2\/media?parent=307"}],"wp:term":[{"taxonomy":"category","embeddable":true,"href":"https:\/\/blog.zeit.de\/stoerungsmelder\/wp-json\/wp\/v2\/categories?post=307"},{"taxonomy":"post_tag","embeddable":true,"href":"https:\/\/blog.zeit.de\/stoerungsmelder\/wp-json\/wp\/v2\/tags?post=307"}],"curies":[{"name":"wp","href":"https:\/\/api.w.org\/{rel}","templated":true}]}}