{"id":312,"date":"2008-05-21T11:47:44","date_gmt":"2008-05-21T10:47:44","guid":{"rendered":"http:\/\/blog.zeit.de\/stoerungsmelder\/2008\/05\/21\/hierjetzt-anti-antisemitismus-im-umfeld-der-npd_312"},"modified":"2008-05-21T11:47:44","modified_gmt":"2008-05-21T10:47:44","slug":"hierjetzt-anti-antisemitismus-im-umfeld-der-npd","status":"publish","type":"post","link":"https:\/\/blog.zeit.de\/stoerungsmelder\/2008\/05\/21\/hierjetzt-anti-antisemitismus-im-umfeld-der-npd_312","title":{"rendered":"Hier&#38;Jetzt: Anti-Antisemitismus im Umfeld der NPD?"},"content":{"rendered":"<p>Seit dem Auftauchen der <a href=\"http:\/\/www.endstation-rechts.de\/index.php?option=com_content&amp;task=view&amp;id=1557&amp;Itemid=92\">\u201eNationalen Sozialisten f\u00fcr Israel\u201c<\/a> wird rechts wie links heftig \u00fcber das Verh\u00e4ltnis von Rechtsextremisten zum Antisemitismus diskutiert. Es geht jedoch auch ohne. Ein Beispiel hierf\u00fcr bot unl\u00e4ngst die Redaktion des Theorieorgans der s\u00e4chsischen Jungen Nationaldemokraten (JN) &#8211; \u201eHier&amp;Jetzt\u201c. <!--more--><\/p>\n<p>In der Herbstausgabe des Jahres 2007 besprach Gerry Hofmann das Sammelwerk \u201eBuch der Erinnerung \u2013 Juden in Dresden \u2013 deportiert, ermordet, verschollen\u201c \u00e4u\u00dferst wohlwollend und argumentierte deutlich gegen Antisemitismus. Die j\u00fcdischen B\u00fcrger Dresdens h\u00e4tten sich seinerzeit durch \u201eerschreckende Normalit\u00e4t\u201c ausgezeichnet. Sie w\u00e4ren \u201eganz normale Mitmenschen\u201c gewesen und h\u00e4tten h\u00e4ufig im ersten Weltkrieg tapfer f\u00fcr Deutschland gek\u00e4mpft. \u201eDie systematische gesellschaftliche und physische Elimination von Staatsb\u00fcrgern (&#8230;), die in der Summe sehr wohl als <em>Assimilanten<\/em>, respektive \u201anormale Deutsche\u2019 anzusehen waren, ersch\u00fcttert anhand vorliegender Zeugnisse umso mehr.\u201c, spitzte Hofmann seine Bewertung zu.<\/p>\n<p>F\u00fcr so manchen Sherlock Holmes von der linken Seite war dies indes zuviel des Guten: Da nicht sein kann, was nicht sein darf, wurden Hofmanns \u00c4u\u00dferungen in einer Sonderausgabe des Newsletters vom linken Projekt \u201eAttenzione\u201c aus Pirna gar ins Gegenteil verkehrt. Gerade weil Hofmann als Antisemit a priori den Staat Israel als Hassobjekt gar nicht erst erw\u00e4hne, werde \u201edessen Zerst\u00f6rung in Gedanken bereits\u201c vorweg genommen. Hofmann entlarve sich gerade dadurch als Antisemit, dass er Juden im Nationalsozialismus als \u201eganz normale Mitmenschen\u201c bezeichne. \u201eMit dieser zwangsweisen Eingemeindung der J\u00fcdInnen in die Kategorie \u201anormale Deutsche\u2019 (&#8230;) wird die T\u00e4ter-Opfer-Verdrehung dann vollendet.\u201c, hei\u00dft es in dem Text.<\/p>\n<p>Zum Verst\u00e4ndnis der Argumentation, die sich im Unterschied zu Hofmanns \u201eAchte-Klasse-Schulaufsatz\u201c offenbar auf wissenschaftlichem Niveau w\u00e4hnt, lohnt es, Selbstverst\u00e4ndnis und Antisemitismus-Begriff des Schreiberlings n\u00e4her zu betrachten. Antisemitismus sei n\u00e4mlich gar keine Meinung, sondern ein \u201eWahn\u201c und daher eher ein Gegenstand f\u00fcr die Psychoanalyse als f\u00fcr den Diskurs. Anders w\u00e4re der \u201eheimliche(n) Befriedigung\u201c und den \u201eantisemitischen Gel\u00fcste(n)\u201c der Antisemiten gar nicht beizukommen: \u201eInsoweit Antisemitismus freilich auf psychopathologischer Projektion beruht, ist es gleichzeitig unm\u00f6glich, Antisemiten von der Falschheit ihres \u201aWeltbildes\u2019 zu \u00fcberzeugen; sie machen ihre Wahrnehmung den eigenen Vorstellungen gleich (&#8230;)\u201c. Folglich habe die anti-antisemitische Kritik nicht den Auftrag, mit Antisemiten zu diskutieren, sondern sich in der Analyse im Sinne einer postaufkl\u00e4rerischen Ideologiekritik \u201estets als Meisterin \u00fcber jene\u201c zu erweisen. Im Umgang mit den Antisemiten selbst empfiehlt der Autor vielmehr \u201eein dutzend Hiebe mit einem stumpfen Gegenstand\u201c.<\/p>\n<p>Wenn es jedoch f\u00fcr einen Antisemiten kennzeichnend sein soll, dass dieser seine Wahrnehmung nach seinen Vorurteilen zurechtbiege, muss man aufpassen, dabei nicht selbst die Torte im Gesicht zu haben. Denn die anti-antisemitische Ideologiekritik vertraut freilich nicht den blo\u00dfen Worten des Antisemiten, es m\u00fcsse vielmehr \u201e\u00fcber dessen blo\u00dfe \u00c4u\u00dferungen hinausgedacht werden\u201c. Praktisch angewandt: Wenn Rechtsextremisten wie Hofmann gegen Juden als &#8222;Parasiten&#8220; und &#8222;minderwertige Lebewesen&#8220; hetzten und ihnen so eine Sonderrolle zuwiesen, w\u00e4re ihr Antisemitismus offenkundig. Bezeichnen sie hingegen Juden als &#8222;normale Mitmenschen&#8220;, werden sie, gerade <em>weil<\/em> sie es tun und so eine Sonderrolle der Juden <em>bestreiten<\/em>, als Antisemiten &#8222;entlarvt<em>&#8222;.<\/em> Rechtsextremist Hofmann kann also machen, was er will: Er ist und bleibt ein &#8222;metaphysischer&#8220; Antisemit.<\/p>\n<p>Mit diesem Vorgehen gleicht man sich strukturell jedoch gerade dem an, was man f\u00fcr den Antisemiten als konstitutiv erkl\u00e4rt: Dass dieser n\u00e4mlich seine Vorurteile \u00fcber Juden eben nicht auf objektive, empirisch nachweisbare Fakten st\u00fctzen k\u00f6nne. Und so droht eine selbstherrliche anti-antisemitische Ideologiekritik, die sich mit einem \u201estumpfen Gegenstand\u201c auch noch ein extremistisches und militantes Sahneh\u00e4ubchen aufsetzt, strukturell genau das nachzuahmen, was sie eigentlich zu bek\u00e4mpfen vorgibt. Ren\u00e9 Girard pr\u00e4gte hierf\u00fcr den Begriff der mimetischen Rivalit\u00e4t.<\/p>\n<p>Was geschah danach? Zun\u00e4chst ergriff G\u00f6tz Kubitschek, einer der Macher der rechten Zeitschrift \u201eSezession\u201c noch in deren Dezember-Ausgabe, das Wort und sprang Hofmann bei: \u201eDiese Rezension beschreibt den Untergang der Juden als das, was er war: ein wahnhafter, vernichtender Angriff auf gr\u00f6\u00dftenteils ganz normale Durchschnittsmenschen ihrer Zeit.\u201c \u201eHier&amp;Jetzt\u201c hatte also die M\u00e4nner aus Schnellroda wieder einmal auf sich aufmerksam gemacht. Kubitschek schloss seine Ausf\u00fchrungen \u00fcber die \u201eHerrschaft des Verdachts\u201c dabei mit einer subtilen Solidarit\u00e4tsadresse: \u201eNochmals zu <em>Hier&amp;Jetzt<\/em>? Das Gebot lautet: nachfragen, ganz konkret nachfragen, wie der Text \u00fcber die Dresdner Juden gemeint war. Und vor allem: wie er ankam in der NPD.\u201c Man wird vermuten d\u00fcrfen, dass Kubitschek genau dies getan hat. Und es w\u00fcrde nicht verwundern, wenn \u201eHier&amp;Jetzt\u201c fortan ein paar Abonnenten weniger zu verzeichnen hatte \u2013 aus den Reihen der NPD.<\/p>\n<p>In der Winterausgabe 2008 von \u201eHier&amp;Jetzt\u201c trat Berthold Lauterbach den Interpretationen von \u201eAttenzione\u201c f\u00fcr die Redaktion schlie\u00dflich selbst entgegen und forderte eine \u201er\u00fcckhaltlose \u00dcberwindung\u201c des Antisemitismus in der rechtsextremen Szene. Er bewunderte die Israelis f\u00fcr ihre \u201estrikte Interessenpolitik\u201c, von der \u201ejeder Nationalist nur tr\u00e4umen\u201c k\u00f6nne. \u201eVielleicht\u201c, schloss Lauterbach fast melancholisch seinen Text, \u201eist es eines fernen Tages durchaus denkbar, da\u00df israelische und deutsche Nationalisten die Geschicke ihrer L\u00e4nder verhandeln, B\u00fcndnisse m\u00f6glich werden, die sich die Herrschaften in der Pirnaer Gartenstra\u00dfe nicht einmal vorzustellen wagen&#8230;\u201c<\/p>\n<p><a href=\"http:\/\/www.endstation-rechts.de\/index.php?option=com_content&amp;task=view&amp;id=1557&amp;Itemid=92\/\"><img decoding=\"async\" src=\"http:\/\/www.endstation-rechts.de\/er-logo.gif\" alt=\"michael-schaefer\" align=\"left\" border=\"0\" hspace=\"10\" vspace=\"5\" width=\"50\" \/><\/a><br \/>\nweitere Informationen: <a href=\"http:\/\/www.endstation-rechts.de\/index.php?option=com_content&amp;task=view&amp;id=1557&amp;Itemid=92\/\">http:\/\/www.endstation-rechts.de<\/a><\/p>\n","protected":false},"excerpt":{"rendered":"<p>Seit dem Auftauchen der \u201eNationalen Sozialisten f\u00fcr Israel\u201c wird rechts wie links heftig \u00fcber das Verh\u00e4ltnis von Rechtsextremisten zum Antisemitismus diskutiert. Es geht jedoch auch ohne. Ein Beispiel hierf\u00fcr bot unl\u00e4ngst die Redaktion des Theorieorgans der s\u00e4chsischen Jungen Nationaldemokraten (JN) &#8211; \u201eHier&amp;Jetzt\u201c.<\/p>\n","protected":false},"author":239,"featured_media":0,"comment_status":"open","ping_status":"open","sticky":false,"template":"","format":"standard","meta":{"_jetpack_memberships_contains_paid_content":false,"footnotes":""},"categories":[1515,1456,1457],"tags":[1479,1716],"class_list":["post-312","post","type-post","status-publish","format-standard","hentry","category-bundesweit","category-sachsen","category-sachsen-anhalt","tag-antisemitismus","tag-npd"],"yoast_head":"<!-- This site is optimized with the Yoast SEO plugin v21.0 - https:\/\/yoast.com\/wordpress\/plugins\/seo\/ -->\n<title>Hier&#038;Jetzt: Anti-Antisemitismus im Umfeld der NPD? - St\u00f6rungsmelder<\/title>\n<meta name=\"robots\" content=\"index, follow, max-snippet:-1, max-image-preview:large, max-video-preview:-1\" \/>\n<link rel=\"canonical\" href=\"https:\/\/blog.zeit.de\/stoerungsmelder\/2008\/05\/21\/hierjetzt-anti-antisemitismus-im-umfeld-der-npd_312\" \/>\n<meta property=\"og:locale\" content=\"de_DE\" \/>\n<meta property=\"og:type\" content=\"article\" \/>\n<meta property=\"og:title\" content=\"Hier&#038;Jetzt: Anti-Antisemitismus im Umfeld der NPD? - St\u00f6rungsmelder\" \/>\n<meta property=\"og:description\" content=\"Seit dem Auftauchen der \u201eNationalen Sozialisten f\u00fcr Israel\u201c wird rechts wie links heftig \u00fcber das Verh\u00e4ltnis von Rechtsextremisten zum Antisemitismus diskutiert. Es geht jedoch auch ohne. Ein Beispiel hierf\u00fcr bot unl\u00e4ngst die Redaktion des Theorieorgans der s\u00e4chsischen Jungen Nationaldemokraten (JN) &#8211; \u201eHier&amp;Jetzt\u201c.\" \/>\n<meta property=\"og:url\" content=\"https:\/\/blog.zeit.de\/stoerungsmelder\/2008\/05\/21\/hierjetzt-anti-antisemitismus-im-umfeld-der-npd_312\" \/>\n<meta property=\"og:site_name\" content=\"St\u00f6rungsmelder\" \/>\n<meta property=\"article:published_time\" content=\"2008-05-21T10:47:44+00:00\" \/>\n<meta property=\"og:image\" content=\"http:\/\/www.endstation-rechts.de\/er-logo.gif\" \/>\n<meta name=\"author\" content=\"Mathias Brodkorb\" \/>\n<meta name=\"twitter:card\" content=\"summary_large_image\" \/>\n<meta name=\"twitter:label1\" content=\"Geschrieben von\" \/>\n\t<meta name=\"twitter:data1\" content=\"Mathias Brodkorb\" \/>\n\t<meta name=\"twitter:label2\" content=\"Gesch\u00e4tzte Lesezeit\" \/>\n\t<meta name=\"twitter:data2\" content=\"4\u00a0Minuten\" \/>\n<script type=\"application\/ld+json\" class=\"yoast-schema-graph\">{\"@context\":\"https:\/\/schema.org\",\"@graph\":[{\"@type\":\"WebPage\",\"@id\":\"https:\/\/blog.zeit.de\/stoerungsmelder\/2008\/05\/21\/hierjetzt-anti-antisemitismus-im-umfeld-der-npd_312\",\"url\":\"https:\/\/blog.zeit.de\/stoerungsmelder\/2008\/05\/21\/hierjetzt-anti-antisemitismus-im-umfeld-der-npd_312\",\"name\":\"Hier&#38;Jetzt: Anti-Antisemitismus im Umfeld der NPD? - St\u00f6rungsmelder\",\"isPartOf\":{\"@id\":\"https:\/\/blog.zeit.de\/stoerungsmelder\/#website\"},\"datePublished\":\"2008-05-21T10:47:44+00:00\",\"dateModified\":\"2008-05-21T10:47:44+00:00\",\"author\":{\"@id\":\"https:\/\/blog.zeit.de\/stoerungsmelder\/#\/schema\/person\/dfe941804ae69466e49dbc5cd6f1beca\"},\"breadcrumb\":{\"@id\":\"https:\/\/blog.zeit.de\/stoerungsmelder\/2008\/05\/21\/hierjetzt-anti-antisemitismus-im-umfeld-der-npd_312#breadcrumb\"},\"inLanguage\":\"de\",\"potentialAction\":[{\"@type\":\"ReadAction\",\"target\":[\"https:\/\/blog.zeit.de\/stoerungsmelder\/2008\/05\/21\/hierjetzt-anti-antisemitismus-im-umfeld-der-npd_312\"]}]},{\"@type\":\"BreadcrumbList\",\"@id\":\"https:\/\/blog.zeit.de\/stoerungsmelder\/2008\/05\/21\/hierjetzt-anti-antisemitismus-im-umfeld-der-npd_312#breadcrumb\",\"itemListElement\":[{\"@type\":\"ListItem\",\"position\":1,\"name\":\"Startseite\",\"item\":\"https:\/\/blog.zeit.de\/stoerungsmelder\"},{\"@type\":\"ListItem\",\"position\":2,\"name\":\"Hier&#38;Jetzt: Anti-Antisemitismus im Umfeld der NPD?\"}]},{\"@type\":\"WebSite\",\"@id\":\"https:\/\/blog.zeit.de\/stoerungsmelder\/#website\",\"url\":\"https:\/\/blog.zeit.de\/stoerungsmelder\/\",\"name\":\"St\u00f6rungsmelder\",\"description\":\"Recherchen und Analysen \u00fcber die extreme Rechte\",\"potentialAction\":[{\"@type\":\"SearchAction\",\"target\":{\"@type\":\"EntryPoint\",\"urlTemplate\":\"https:\/\/blog.zeit.de\/stoerungsmelder\/?s={search_term_string}\"},\"query-input\":\"required name=search_term_string\"}],\"inLanguage\":\"de\"},{\"@type\":\"Person\",\"@id\":\"https:\/\/blog.zeit.de\/stoerungsmelder\/#\/schema\/person\/dfe941804ae69466e49dbc5cd6f1beca\",\"name\":\"Mathias Brodkorb\",\"image\":{\"@type\":\"ImageObject\",\"inLanguage\":\"de\",\"@id\":\"https:\/\/blog.zeit.de\/stoerungsmelder\/#\/schema\/person\/image\/\",\"url\":\"https:\/\/secure.gravatar.com\/avatar\/3b19999ee4389202766a7fbbf21812f28592ca91b09b4b11ad962b1f3e8f7e25?s=96&d=mm&r=pg\",\"contentUrl\":\"https:\/\/secure.gravatar.com\/avatar\/3b19999ee4389202766a7fbbf21812f28592ca91b09b4b11ad962b1f3e8f7e25?s=96&d=mm&r=pg\",\"caption\":\"Mathias Brodkorb\"},\"url\":\"https:\/\/blog.zeit.de\/stoerungsmelder\/author\/mathias-brodkorb\"}]}<\/script>\n<!-- \/ Yoast SEO plugin. -->","yoast_head_json":{"title":"Hier&#38;Jetzt: Anti-Antisemitismus im Umfeld der NPD? - St\u00f6rungsmelder","robots":{"index":"index","follow":"follow","max-snippet":"max-snippet:-1","max-image-preview":"max-image-preview:large","max-video-preview":"max-video-preview:-1"},"canonical":"https:\/\/blog.zeit.de\/stoerungsmelder\/2008\/05\/21\/hierjetzt-anti-antisemitismus-im-umfeld-der-npd_312","og_locale":"de_DE","og_type":"article","og_title":"Hier&#38;Jetzt: Anti-Antisemitismus im Umfeld der NPD? - St\u00f6rungsmelder","og_description":"Seit dem Auftauchen der \u201eNationalen Sozialisten f\u00fcr Israel\u201c wird rechts wie links heftig \u00fcber das Verh\u00e4ltnis von Rechtsextremisten zum Antisemitismus diskutiert. Es geht jedoch auch ohne. Ein Beispiel hierf\u00fcr bot unl\u00e4ngst die Redaktion des Theorieorgans der s\u00e4chsischen Jungen Nationaldemokraten (JN) &#8211; \u201eHier&amp;Jetzt\u201c.","og_url":"https:\/\/blog.zeit.de\/stoerungsmelder\/2008\/05\/21\/hierjetzt-anti-antisemitismus-im-umfeld-der-npd_312","og_site_name":"St\u00f6rungsmelder","article_published_time":"2008-05-21T10:47:44+00:00","og_image":[{"url":"http:\/\/www.endstation-rechts.de\/er-logo.gif"}],"author":"Mathias Brodkorb","twitter_card":"summary_large_image","twitter_misc":{"Geschrieben von":"Mathias Brodkorb","Gesch\u00e4tzte Lesezeit":"4\u00a0Minuten"},"schema":{"@context":"https:\/\/schema.org","@graph":[{"@type":"WebPage","@id":"https:\/\/blog.zeit.de\/stoerungsmelder\/2008\/05\/21\/hierjetzt-anti-antisemitismus-im-umfeld-der-npd_312","url":"https:\/\/blog.zeit.de\/stoerungsmelder\/2008\/05\/21\/hierjetzt-anti-antisemitismus-im-umfeld-der-npd_312","name":"Hier&#38;Jetzt: Anti-Antisemitismus im Umfeld der NPD? - St\u00f6rungsmelder","isPartOf":{"@id":"https:\/\/blog.zeit.de\/stoerungsmelder\/#website"},"datePublished":"2008-05-21T10:47:44+00:00","dateModified":"2008-05-21T10:47:44+00:00","author":{"@id":"https:\/\/blog.zeit.de\/stoerungsmelder\/#\/schema\/person\/dfe941804ae69466e49dbc5cd6f1beca"},"breadcrumb":{"@id":"https:\/\/blog.zeit.de\/stoerungsmelder\/2008\/05\/21\/hierjetzt-anti-antisemitismus-im-umfeld-der-npd_312#breadcrumb"},"inLanguage":"de","potentialAction":[{"@type":"ReadAction","target":["https:\/\/blog.zeit.de\/stoerungsmelder\/2008\/05\/21\/hierjetzt-anti-antisemitismus-im-umfeld-der-npd_312"]}]},{"@type":"BreadcrumbList","@id":"https:\/\/blog.zeit.de\/stoerungsmelder\/2008\/05\/21\/hierjetzt-anti-antisemitismus-im-umfeld-der-npd_312#breadcrumb","itemListElement":[{"@type":"ListItem","position":1,"name":"Startseite","item":"https:\/\/blog.zeit.de\/stoerungsmelder"},{"@type":"ListItem","position":2,"name":"Hier&#38;Jetzt: Anti-Antisemitismus im Umfeld der NPD?"}]},{"@type":"WebSite","@id":"https:\/\/blog.zeit.de\/stoerungsmelder\/#website","url":"https:\/\/blog.zeit.de\/stoerungsmelder\/","name":"St\u00f6rungsmelder","description":"Recherchen und Analysen \u00fcber die extreme Rechte","potentialAction":[{"@type":"SearchAction","target":{"@type":"EntryPoint","urlTemplate":"https:\/\/blog.zeit.de\/stoerungsmelder\/?s={search_term_string}"},"query-input":"required name=search_term_string"}],"inLanguage":"de"},{"@type":"Person","@id":"https:\/\/blog.zeit.de\/stoerungsmelder\/#\/schema\/person\/dfe941804ae69466e49dbc5cd6f1beca","name":"Mathias Brodkorb","image":{"@type":"ImageObject","inLanguage":"de","@id":"https:\/\/blog.zeit.de\/stoerungsmelder\/#\/schema\/person\/image\/","url":"https:\/\/secure.gravatar.com\/avatar\/3b19999ee4389202766a7fbbf21812f28592ca91b09b4b11ad962b1f3e8f7e25?s=96&d=mm&r=pg","contentUrl":"https:\/\/secure.gravatar.com\/avatar\/3b19999ee4389202766a7fbbf21812f28592ca91b09b4b11ad962b1f3e8f7e25?s=96&d=mm&r=pg","caption":"Mathias Brodkorb"},"url":"https:\/\/blog.zeit.de\/stoerungsmelder\/author\/mathias-brodkorb"}]}},"jetpack_featured_media_url":"","jetpack_sharing_enabled":true,"_links":{"self":[{"href":"https:\/\/blog.zeit.de\/stoerungsmelder\/wp-json\/wp\/v2\/posts\/312","targetHints":{"allow":["GET"]}}],"collection":[{"href":"https:\/\/blog.zeit.de\/stoerungsmelder\/wp-json\/wp\/v2\/posts"}],"about":[{"href":"https:\/\/blog.zeit.de\/stoerungsmelder\/wp-json\/wp\/v2\/types\/post"}],"author":[{"embeddable":true,"href":"https:\/\/blog.zeit.de\/stoerungsmelder\/wp-json\/wp\/v2\/users\/239"}],"replies":[{"embeddable":true,"href":"https:\/\/blog.zeit.de\/stoerungsmelder\/wp-json\/wp\/v2\/comments?post=312"}],"version-history":[{"count":0,"href":"https:\/\/blog.zeit.de\/stoerungsmelder\/wp-json\/wp\/v2\/posts\/312\/revisions"}],"wp:attachment":[{"href":"https:\/\/blog.zeit.de\/stoerungsmelder\/wp-json\/wp\/v2\/media?parent=312"}],"wp:term":[{"taxonomy":"category","embeddable":true,"href":"https:\/\/blog.zeit.de\/stoerungsmelder\/wp-json\/wp\/v2\/categories?post=312"},{"taxonomy":"post_tag","embeddable":true,"href":"https:\/\/blog.zeit.de\/stoerungsmelder\/wp-json\/wp\/v2\/tags?post=312"}],"curies":[{"name":"wp","href":"https:\/\/api.w.org\/{rel}","templated":true}]}}