{"id":316,"date":"2008-05-28T05:04:51","date_gmt":"2008-05-28T04:04:51","guid":{"rendered":"http:\/\/blog.zeit.de\/stoerungsmelder\/2008\/05\/28\/der-nationalsozialismus-war-eine-reaktion-auf-den-kulturrelativismus-gesprach-mit-prof-flaig-ii_316"},"modified":"2008-05-28T05:04:51","modified_gmt":"2008-05-28T04:04:51","slug":"der-nationalsozialismus-war-eine-reaktion-auf-den-kulturrelativismus-gesprach-mit-prof-flaig-ii","status":"publish","type":"post","link":"https:\/\/blog.zeit.de\/stoerungsmelder\/2008\/05\/28\/der-nationalsozialismus-war-eine-reaktion-auf-den-kulturrelativismus-gesprach-mit-prof-flaig-ii_316","title":{"rendered":"&#8222;Der Nationalsozialismus war eine Reaktion auf den Kulturrelativismus&#8220; &#8211; Gespr\u00e4ch mit Prof. Flaig II"},"content":{"rendered":"<p>Am 30. April 2008 trafen wir uns mit Prof. Flaig in Rostocks Weinwirtschaft, um \u00fcber zentrale Aspekte hiesiger Erinnerungskultur und Geschichtspolitik zu diskutieren. Im Folgenden ver\u00f6ffentlichen wir den zweiten Teil des Gespr\u00e4chs.    <!--more--><\/p>\n<p><strong>ENDSTATION RECHTS.<\/strong>: Sie verteidigen also emphatisch die Aufkl\u00e4rung und attackieren den relativistischen Zeitgeist. Der Relativismus ist jedoch seit geraumer Zeit pr\u00e4sent, insbesondere der Kulturrelativismus. Wie ist er entstanden und wie w\u00fcrden sie ihn politisch im 20. Jahrhundert verorten?<\/p>\n<p><strong> Prof. Flaig:<\/strong> Der Kulturrelativismus hat sich mit dem Historismus im 19. Jahrhundert entwickelt. Er ergibt sich direkt aus der Annahme, alle Kulturen st\u00fcnden gleich nah zu Gott; und jede Kultur habe ein Eigenrecht. Versteht man dieses Eigenrecht radikal, dann muss es sich erstens an universalen Anspr\u00fcchen nicht messen lassen; und dann gibt es zweitens nicht einmal mehr einen potenziellen kulturellen Fortschritt der Menschheit. Auf dieser Basis begannen die fr\u00fchesten Angriffe gegen die Menschenrechte, n\u00e4mlich schon zu Beginn des 19. Jahrhunderts. Die Einzelkultur derma\u00dfen zu verabsolutieren hei\u00dft, \u00fcberhaupt keinen Ma\u00dfstab mehr zu haben f\u00fcr alle transkulturellen Beziehungen und f\u00fcr die Menschheit als Ganzes. Auf dieser Ebene bleibt dann nur ein totaler kultureller, moralischer und politischer Relativismus. Auf den antwortete Nietzsche und auf den antwortete auch der Nationalsozialismus.<\/p>\n<p><strong>ENDSTATION RECHTS.<\/strong>: Und zwar wie genau? Und warum bringen Sie hier Nietzsche ins Spiel?<\/p>\n<p><strong> Prof. Flaig: <\/strong>Weil er sich dem Relativismus am entschiedensten gestellt und die radikalste L\u00f6sung formuliert hat, die \u00fcberhaupt denkbar ist: Nach dem Absterben der religi\u00f6sen Wahrheiten (Nietzsche spricht vom Tod Gottes) lassen sich nach seiner Ansicht verbindliche Ma\u00dfst\u00e4be f\u00fcr die Erkenntnis und f\u00fcr das Handeln nicht mehr begr\u00fcnden. Und zwar weder zwischen den Kulturen noch innerhalb einer Kultur. Also kann nichts mehr Geltung beanspruchen (Nihilismus). Der Ausweg ist dann der, diese Zerst\u00f6rung aller Werte bis zum Exzess zu treiben. Auch um s\u00e4mtliche politischen und sozialen Institutionen zusammenbrechen zu lassen. Und dann beginnt eine neue \u00c4ra der Menschheit: Es ergibt sich ein freies Spiel der Kr\u00e4fte, in dem die \u201anat\u00fcrliche Ungleichheit\u2019 der Menschen zur Aufspaltung der Menschheit f\u00fchren wird \u2013 in Herrenmenschen und Untermenschen. Das ist tats\u00e4chlich die logische Konsequenz, wenn man den Universalismus opfert. Aber das scheint \u2013 vorl\u00e4ufig &#8211; nicht die historische Konsequenz sein. Denn es gibt Kulturen, die sich vehement mobilisieren gegen diese amoralische Konsequenz des Kultur-Relativismus, Kulturen, die in der Lage sind, heilige Kriege zu f\u00fchren.<\/p>\n<p><strong>ENDSTATION RECHTS.<\/strong>: Es ist klar, dass eine staatlich verfasste Gesellschaft alles tun wird, um nicht in dieses Nietzscheanische Endstadium hineinzugeraten; sie wird reagieren. L\u00e4sst sich der Nationalsozialismus also als eine solche Reaktion interpretieren? War der Nationalsozialismus ein Versuch, den Kulturrelativismus aufzuhalten?<\/p>\n<p><strong> Prof. Flaig:<\/strong> Heidegger hat ihn so interpretiert. Er schreibt irgendwo, der Nationalsozialismus sei die tiefste und ernsteste Antwort auf die Krise des 20. Jahrhunderts gewesen. Auf der ideologischen Ebene war der Nationalsozialismus eine Reaktion darauf. Inmitten der Krisen und Klassenk\u00e4mpfe nach dem 1. Weltkrieg war die Suche nach einem \u201aKitt\u2019, der das Staatsvolk noch zusammenhalten sollte, eine ziemlich verzweifelte. Der Nationalsozialismus fand diesen Kitt in der \u201aRasse\u2019. Dazu musste man freilich die Nation v\u00f6lkisch umdefinieren: aus den Staatsb\u00fcrgern wurden Volksgenossen, die von ihrer Rasse zusammengehalten wurde. Die Rasse war naturgegeben und somit etwas Unverf\u00fcgbares, also ein Wert, den man nicht relativieren konnte. Und zwar unabh\u00e4ngig davon, ob die einzelnen das wollten oder nicht. Und zur Selbsterhaltung dieser Rasse musste alles erlaubt sein. Damit stellte der Nationalsozialismus die radikalste Revolution dar, die es in der Geschichte der Menschheit wahrscheinlich jemals gab.<\/p>\n<p><strong>ENDSTATION RECHTS.<\/strong>: W\u00fcrden Sie Heidegger letztlich als Ideologen des Nationalsozialismus ansehen?<\/p>\n<p><strong>Prof. Flaig:<\/strong> Nein, auf keinen Fall. F\u00fcr Heidegger wie f\u00fcr viele Intellektuelle bot das v\u00f6lkisch verstandene Volk \u2013 einen Ausweg aus der Heillosigkeit des moralisch und politisch Beliebigen. Heidegger hat sich aber nie das \u201aEntscheiden\u2019 aus der Hand nehmen lassen. Und das betonte er immer wieder ganz pathetisch: das deutsche Volk sei zwar eine Schicksalsgemeinschaft; aber es m\u00fcsse dieses Schicksal bewusst und willentlich annehmen. Das ist die dezisionistische Antwort auf die Krise der Werte: Im Angesicht der Unbegr\u00fcndbarkeit von verbindlichen Werten muss man sich willk\u00fcrlich zu etwas entschlie\u00dfen; und man hat an dieser Entscheidung ehern festzuhalten. Durch dieses Festhalten an der Sache wird die Sache zu etwas \u201aUnverf\u00fcgbarem\u2019. Heidegger braucht die Rasse nicht, weil seiner Ansicht nach der Wille der einzelnen \u201aVolksgenossen\u2019 v\u00f6llig ausreicht, um die Gemeinschaft zusammenzuhalten. Die \u201aVolksgenossen\u2019 m\u00fcssen blo\u00df \u2013 bis zum \u00e4u\u00dfersten Opfer \u2013 zu ihrer Entschlossenheit stehen. Dieser Wille zur Entschlossenheit ist eine Variante des radikalen Dezisionismus. Eine stattliche Anzahl von Intellektuellen der Linken hatte dasselbe Problem mit dem \u201aFesthalten\u2019: Lukacs und Bloch hielten an Stalins Linie fest, als die Moskauer Prozesse l\u00e4ngst begonnen hatten. Im Vergeich zu ihnen hat sich Heidegger weniger kompromittiert.<\/p>\n<p><a href=\"http:\/\/www.endstation-rechts.de\/index.php?option=com_content&amp;task=view&amp;id=1589&amp;Itemid=92\/\"><img decoding=\"async\" src=\"http:\/\/www.endstation-rechts.de\/er-logo.gif\" alt=\"michael-schaefer\" align=\"left\" border=\"0\" hspace=\"10\" vspace=\"5\" width=\"50\" \/><\/a><br \/>\nweitere Informationen: <a href=\"http:\/\/www.endstation-rechts.de\/index.php?option=com_content&amp;task=view&amp;id=1589&amp;Itemid=92\/\">http:\/\/www.endstation-rechts.de<\/a><\/p>\n<p>&#8212;&#8212;&#8212;&#8212;&#8212;&#8212;&#8212;&#8212;&#8212;&#8212;&#8212;&#8212;&#8212;&#8212;&#8212;&#8212;&#8212;&#8212;&#8212;&#8212;&#8212;&#8212;&#8212;&#8212;&#8212;&#8212;&#8212;&#8212;&#8211;<\/p>\n<p>Die Flaig-Debatte in ganzer Pracht:<\/p>\n<ul>\n<li><a href=\"https:\/\/blog.zeit.de\/stoerungsmelder\/2007\/12\/20\/greifswalder-professor-erhalt-beifall-von-rechtsextremisten_180\" rel=\"bookmark\">Greifswalder Professor Flaig erh\u00e4lt Beifall von Rechtsextremisten<\/a><\/li>\n<li><a href=\"https:\/\/blog.zeit.de\/stoerungsmelder\/2008\/01\/04\/prof-flaig-wehrt-sich-in-exklusivem-interview-mit-endstation-rechts-gegen-moralischen-terror_190\" rel=\"bookmark\">Prof. Flaig wehrt sich in Interview gegen \u201cmoralischen Terror\u201d<\/a><\/li>\n<li><a href=\"https:\/\/blog.zeit.de\/stoerungsmelder\/2008\/05\/16\/revisionismus-als-kernbestand-der-aufklarung-prof-dr-egon-flaig_309\" rel=\"bookmark\">Revisionismus als Bestandteil der Aufkl\u00e4rung &#8211; Prof. Dr. Egon Flaig I<\/a><\/li>\n<li><a href=\"https:\/\/blog.zeit.de\/stoerungsmelder\/2008\/05\/28\/der-nationalsozialismus-war-eine-reaktion-auf-den-kulturrelativismus-gesprach-mit-prof-flaig-ii_316\" rel=\"bookmark\">\u201cDer Nationalsozialismus war eine Reaktion auf den Kulturrelativismus\u201d &#8211; Gespr\u00e4ch mit Prof. Flaig II<\/a><\/li>\n<li><a href=\"https:\/\/blog.zeit.de\/stoerungsmelder\/2008\/06\/09\/multikulturalismus-fuhrt-in-den-burgerkrieg-gesprach-mit-prof-dr-flaig-iii_320\" rel=\"bookmark\">\u201cMultikulturalismus f\u00fchrt in den B\u00fcrgerkrieg\u201d &#8211; Gespr\u00e4ch mit Prof. Flaig III<\/a><\/li>\n<li><a href=\"https:\/\/blog.zeit.de\/stoerungsmelder\/2008\/06\/11\/%e2%80%9emit-einer-zeitung-am-rechten-rand-will-ich-nichts-zu-tun-haben%e2%80%9c-%e2%80%93-prof-dr-egon-flaig-im-gesprach-iv_327\" rel=\"bookmark\">\u201eMit einer Zeitung am rechten Rand will ich nichts zu tun haben.\u201c \u2013 Prof. Flaig IV<\/a><\/li>\n<\/ul>\n<p>&#8212;&#8212;&#8212;&#8212;&#8212;&#8212;&#8212;&#8212;&#8212;&#8212;&#8212;&#8212;&#8212;&#8212;&#8212;&#8212;&#8212;&#8212;&#8212;&#8212;&#8212;&#8212;&#8212;&#8212;&#8212;&#8212;&#8212;&#8212;&#8211;<\/p>\n","protected":false},"excerpt":{"rendered":"<p>Am 30. April 2008 trafen wir uns mit Prof. Flaig in Rostocks Weinwirtschaft, um \u00fcber zentrale Aspekte hiesiger Erinnerungskultur und Geschichtspolitik zu diskutieren. Im Folgenden ver\u00f6ffentlichen wir den zweiten Teil des Gespr\u00e4chs.<\/p>\n","protected":false},"author":239,"featured_media":0,"comment_status":"open","ping_status":"open","sticky":false,"template":"","format":"standard","meta":{"_jetpack_memberships_contains_paid_content":false,"footnotes":""},"categories":[1515,90],"tags":[1635,1702],"class_list":["post-316","post","type-post","status-publish","format-standard","hentry","category-bundesweit","category-mecklenburg-vorpommern","tag-junge-freiheit","tag-nationalsozialismus"],"yoast_head":"<!-- This site is optimized with the Yoast SEO plugin v21.0 - https:\/\/yoast.com\/wordpress\/plugins\/seo\/ -->\n<title>&quot;Der Nationalsozialismus war eine Reaktion auf den Kulturrelativismus&quot; - Gespr\u00e4ch mit Prof. Flaig II - St\u00f6rungsmelder<\/title>\n<meta name=\"robots\" content=\"index, follow, max-snippet:-1, max-image-preview:large, max-video-preview:-1\" \/>\n<link rel=\"canonical\" href=\"https:\/\/blog.zeit.de\/stoerungsmelder\/2008\/05\/28\/der-nationalsozialismus-war-eine-reaktion-auf-den-kulturrelativismus-gesprach-mit-prof-flaig-ii_316\" \/>\n<meta property=\"og:locale\" content=\"de_DE\" \/>\n<meta property=\"og:type\" content=\"article\" \/>\n<meta property=\"og:title\" content=\"&quot;Der Nationalsozialismus war eine Reaktion auf den Kulturrelativismus&quot; - Gespr\u00e4ch mit Prof. Flaig II - St\u00f6rungsmelder\" \/>\n<meta property=\"og:description\" content=\"Am 30. April 2008 trafen wir uns mit Prof. Flaig in Rostocks Weinwirtschaft, um \u00fcber zentrale Aspekte hiesiger Erinnerungskultur und Geschichtspolitik zu diskutieren. Im Folgenden ver\u00f6ffentlichen wir den zweiten Teil des Gespr\u00e4chs.\" \/>\n<meta property=\"og:url\" content=\"https:\/\/blog.zeit.de\/stoerungsmelder\/2008\/05\/28\/der-nationalsozialismus-war-eine-reaktion-auf-den-kulturrelativismus-gesprach-mit-prof-flaig-ii_316\" \/>\n<meta property=\"og:site_name\" content=\"St\u00f6rungsmelder\" \/>\n<meta property=\"article:published_time\" content=\"2008-05-28T04:04:51+00:00\" \/>\n<meta property=\"og:image\" content=\"http:\/\/www.endstation-rechts.de\/er-logo.gif\" \/>\n<meta name=\"author\" content=\"Mathias Brodkorb\" \/>\n<meta name=\"twitter:card\" content=\"summary_large_image\" \/>\n<meta name=\"twitter:label1\" content=\"Geschrieben von\" \/>\n\t<meta name=\"twitter:data1\" content=\"Mathias Brodkorb\" \/>\n\t<meta name=\"twitter:label2\" content=\"Gesch\u00e4tzte Lesezeit\" \/>\n\t<meta name=\"twitter:data2\" content=\"4\u00a0Minuten\" \/>\n<script type=\"application\/ld+json\" class=\"yoast-schema-graph\">{\"@context\":\"https:\/\/schema.org\",\"@graph\":[{\"@type\":\"WebPage\",\"@id\":\"https:\/\/blog.zeit.de\/stoerungsmelder\/2008\/05\/28\/der-nationalsozialismus-war-eine-reaktion-auf-den-kulturrelativismus-gesprach-mit-prof-flaig-ii_316\",\"url\":\"https:\/\/blog.zeit.de\/stoerungsmelder\/2008\/05\/28\/der-nationalsozialismus-war-eine-reaktion-auf-den-kulturrelativismus-gesprach-mit-prof-flaig-ii_316\",\"name\":\"\\\"Der Nationalsozialismus war eine Reaktion auf den Kulturrelativismus\\\" - Gespr\u00e4ch mit Prof. Flaig II - St\u00f6rungsmelder\",\"isPartOf\":{\"@id\":\"https:\/\/blog.zeit.de\/stoerungsmelder\/#website\"},\"datePublished\":\"2008-05-28T04:04:51+00:00\",\"dateModified\":\"2008-05-28T04:04:51+00:00\",\"author\":{\"@id\":\"https:\/\/blog.zeit.de\/stoerungsmelder\/#\/schema\/person\/dfe941804ae69466e49dbc5cd6f1beca\"},\"breadcrumb\":{\"@id\":\"https:\/\/blog.zeit.de\/stoerungsmelder\/2008\/05\/28\/der-nationalsozialismus-war-eine-reaktion-auf-den-kulturrelativismus-gesprach-mit-prof-flaig-ii_316#breadcrumb\"},\"inLanguage\":\"de\",\"potentialAction\":[{\"@type\":\"ReadAction\",\"target\":[\"https:\/\/blog.zeit.de\/stoerungsmelder\/2008\/05\/28\/der-nationalsozialismus-war-eine-reaktion-auf-den-kulturrelativismus-gesprach-mit-prof-flaig-ii_316\"]}]},{\"@type\":\"BreadcrumbList\",\"@id\":\"https:\/\/blog.zeit.de\/stoerungsmelder\/2008\/05\/28\/der-nationalsozialismus-war-eine-reaktion-auf-den-kulturrelativismus-gesprach-mit-prof-flaig-ii_316#breadcrumb\",\"itemListElement\":[{\"@type\":\"ListItem\",\"position\":1,\"name\":\"Startseite\",\"item\":\"https:\/\/blog.zeit.de\/stoerungsmelder\"},{\"@type\":\"ListItem\",\"position\":2,\"name\":\"&#8222;Der Nationalsozialismus war eine Reaktion auf den Kulturrelativismus&#8220; &#8211; Gespr\u00e4ch mit Prof. Flaig II\"}]},{\"@type\":\"WebSite\",\"@id\":\"https:\/\/blog.zeit.de\/stoerungsmelder\/#website\",\"url\":\"https:\/\/blog.zeit.de\/stoerungsmelder\/\",\"name\":\"St\u00f6rungsmelder\",\"description\":\"Recherchen und Analysen \u00fcber die extreme Rechte\",\"potentialAction\":[{\"@type\":\"SearchAction\",\"target\":{\"@type\":\"EntryPoint\",\"urlTemplate\":\"https:\/\/blog.zeit.de\/stoerungsmelder\/?s={search_term_string}\"},\"query-input\":\"required name=search_term_string\"}],\"inLanguage\":\"de\"},{\"@type\":\"Person\",\"@id\":\"https:\/\/blog.zeit.de\/stoerungsmelder\/#\/schema\/person\/dfe941804ae69466e49dbc5cd6f1beca\",\"name\":\"Mathias Brodkorb\",\"image\":{\"@type\":\"ImageObject\",\"inLanguage\":\"de\",\"@id\":\"https:\/\/blog.zeit.de\/stoerungsmelder\/#\/schema\/person\/image\/\",\"url\":\"https:\/\/secure.gravatar.com\/avatar\/3b19999ee4389202766a7fbbf21812f28592ca91b09b4b11ad962b1f3e8f7e25?s=96&d=mm&r=pg\",\"contentUrl\":\"https:\/\/secure.gravatar.com\/avatar\/3b19999ee4389202766a7fbbf21812f28592ca91b09b4b11ad962b1f3e8f7e25?s=96&d=mm&r=pg\",\"caption\":\"Mathias Brodkorb\"},\"url\":\"https:\/\/blog.zeit.de\/stoerungsmelder\/author\/mathias-brodkorb\"}]}<\/script>\n<!-- \/ Yoast SEO plugin. -->","yoast_head_json":{"title":"\"Der Nationalsozialismus war eine Reaktion auf den Kulturrelativismus\" - Gespr\u00e4ch mit Prof. Flaig II - St\u00f6rungsmelder","robots":{"index":"index","follow":"follow","max-snippet":"max-snippet:-1","max-image-preview":"max-image-preview:large","max-video-preview":"max-video-preview:-1"},"canonical":"https:\/\/blog.zeit.de\/stoerungsmelder\/2008\/05\/28\/der-nationalsozialismus-war-eine-reaktion-auf-den-kulturrelativismus-gesprach-mit-prof-flaig-ii_316","og_locale":"de_DE","og_type":"article","og_title":"\"Der Nationalsozialismus war eine Reaktion auf den Kulturrelativismus\" - Gespr\u00e4ch mit Prof. Flaig II - St\u00f6rungsmelder","og_description":"Am 30. April 2008 trafen wir uns mit Prof. Flaig in Rostocks Weinwirtschaft, um \u00fcber zentrale Aspekte hiesiger Erinnerungskultur und Geschichtspolitik zu diskutieren. Im Folgenden ver\u00f6ffentlichen wir den zweiten Teil des Gespr\u00e4chs.","og_url":"https:\/\/blog.zeit.de\/stoerungsmelder\/2008\/05\/28\/der-nationalsozialismus-war-eine-reaktion-auf-den-kulturrelativismus-gesprach-mit-prof-flaig-ii_316","og_site_name":"St\u00f6rungsmelder","article_published_time":"2008-05-28T04:04:51+00:00","og_image":[{"url":"http:\/\/www.endstation-rechts.de\/er-logo.gif"}],"author":"Mathias Brodkorb","twitter_card":"summary_large_image","twitter_misc":{"Geschrieben von":"Mathias Brodkorb","Gesch\u00e4tzte Lesezeit":"4\u00a0Minuten"},"schema":{"@context":"https:\/\/schema.org","@graph":[{"@type":"WebPage","@id":"https:\/\/blog.zeit.de\/stoerungsmelder\/2008\/05\/28\/der-nationalsozialismus-war-eine-reaktion-auf-den-kulturrelativismus-gesprach-mit-prof-flaig-ii_316","url":"https:\/\/blog.zeit.de\/stoerungsmelder\/2008\/05\/28\/der-nationalsozialismus-war-eine-reaktion-auf-den-kulturrelativismus-gesprach-mit-prof-flaig-ii_316","name":"\"Der Nationalsozialismus war eine Reaktion auf den Kulturrelativismus\" - Gespr\u00e4ch mit Prof. Flaig II - St\u00f6rungsmelder","isPartOf":{"@id":"https:\/\/blog.zeit.de\/stoerungsmelder\/#website"},"datePublished":"2008-05-28T04:04:51+00:00","dateModified":"2008-05-28T04:04:51+00:00","author":{"@id":"https:\/\/blog.zeit.de\/stoerungsmelder\/#\/schema\/person\/dfe941804ae69466e49dbc5cd6f1beca"},"breadcrumb":{"@id":"https:\/\/blog.zeit.de\/stoerungsmelder\/2008\/05\/28\/der-nationalsozialismus-war-eine-reaktion-auf-den-kulturrelativismus-gesprach-mit-prof-flaig-ii_316#breadcrumb"},"inLanguage":"de","potentialAction":[{"@type":"ReadAction","target":["https:\/\/blog.zeit.de\/stoerungsmelder\/2008\/05\/28\/der-nationalsozialismus-war-eine-reaktion-auf-den-kulturrelativismus-gesprach-mit-prof-flaig-ii_316"]}]},{"@type":"BreadcrumbList","@id":"https:\/\/blog.zeit.de\/stoerungsmelder\/2008\/05\/28\/der-nationalsozialismus-war-eine-reaktion-auf-den-kulturrelativismus-gesprach-mit-prof-flaig-ii_316#breadcrumb","itemListElement":[{"@type":"ListItem","position":1,"name":"Startseite","item":"https:\/\/blog.zeit.de\/stoerungsmelder"},{"@type":"ListItem","position":2,"name":"&#8222;Der Nationalsozialismus war eine Reaktion auf den Kulturrelativismus&#8220; &#8211; Gespr\u00e4ch mit Prof. Flaig II"}]},{"@type":"WebSite","@id":"https:\/\/blog.zeit.de\/stoerungsmelder\/#website","url":"https:\/\/blog.zeit.de\/stoerungsmelder\/","name":"St\u00f6rungsmelder","description":"Recherchen und Analysen \u00fcber die extreme Rechte","potentialAction":[{"@type":"SearchAction","target":{"@type":"EntryPoint","urlTemplate":"https:\/\/blog.zeit.de\/stoerungsmelder\/?s={search_term_string}"},"query-input":"required name=search_term_string"}],"inLanguage":"de"},{"@type":"Person","@id":"https:\/\/blog.zeit.de\/stoerungsmelder\/#\/schema\/person\/dfe941804ae69466e49dbc5cd6f1beca","name":"Mathias Brodkorb","image":{"@type":"ImageObject","inLanguage":"de","@id":"https:\/\/blog.zeit.de\/stoerungsmelder\/#\/schema\/person\/image\/","url":"https:\/\/secure.gravatar.com\/avatar\/3b19999ee4389202766a7fbbf21812f28592ca91b09b4b11ad962b1f3e8f7e25?s=96&d=mm&r=pg","contentUrl":"https:\/\/secure.gravatar.com\/avatar\/3b19999ee4389202766a7fbbf21812f28592ca91b09b4b11ad962b1f3e8f7e25?s=96&d=mm&r=pg","caption":"Mathias Brodkorb"},"url":"https:\/\/blog.zeit.de\/stoerungsmelder\/author\/mathias-brodkorb"}]}},"jetpack_featured_media_url":"","jetpack_sharing_enabled":true,"_links":{"self":[{"href":"https:\/\/blog.zeit.de\/stoerungsmelder\/wp-json\/wp\/v2\/posts\/316","targetHints":{"allow":["GET"]}}],"collection":[{"href":"https:\/\/blog.zeit.de\/stoerungsmelder\/wp-json\/wp\/v2\/posts"}],"about":[{"href":"https:\/\/blog.zeit.de\/stoerungsmelder\/wp-json\/wp\/v2\/types\/post"}],"author":[{"embeddable":true,"href":"https:\/\/blog.zeit.de\/stoerungsmelder\/wp-json\/wp\/v2\/users\/239"}],"replies":[{"embeddable":true,"href":"https:\/\/blog.zeit.de\/stoerungsmelder\/wp-json\/wp\/v2\/comments?post=316"}],"version-history":[{"count":0,"href":"https:\/\/blog.zeit.de\/stoerungsmelder\/wp-json\/wp\/v2\/posts\/316\/revisions"}],"wp:attachment":[{"href":"https:\/\/blog.zeit.de\/stoerungsmelder\/wp-json\/wp\/v2\/media?parent=316"}],"wp:term":[{"taxonomy":"category","embeddable":true,"href":"https:\/\/blog.zeit.de\/stoerungsmelder\/wp-json\/wp\/v2\/categories?post=316"},{"taxonomy":"post_tag","embeddable":true,"href":"https:\/\/blog.zeit.de\/stoerungsmelder\/wp-json\/wp\/v2\/tags?post=316"}],"curies":[{"name":"wp","href":"https:\/\/api.w.org\/{rel}","templated":true}]}}