{"id":317,"date":"2008-05-28T20:52:02","date_gmt":"2008-05-28T19:52:02","guid":{"rendered":"http:\/\/blog.zeit.de\/stoerungsmelder\/2008\/05\/28\/politik-mit-fantasie-npd-bietet-imaginaren-unterstutzern-zusammenarbeit-an_317"},"modified":"2008-05-28T20:52:02","modified_gmt":"2008-05-28T19:52:02","slug":"politik-mit-fantasie-npd-bietet-imaginaren-unterstutzern-zusammenarbeit-an","status":"publish","type":"post","link":"https:\/\/blog.zeit.de\/stoerungsmelder\/2008\/05\/28\/politik-mit-fantasie-npd-bietet-imaginaren-unterstutzern-zusammenarbeit-an_317","title":{"rendered":"Politik mit Fantasie &#8211; NPD bietet imagin\u00e4ren Unterst\u00fctzern Zusammenarbeit an"},"content":{"rendered":"<p>Bei der Wahl zum s\u00e4chsischen Ministerpr\u00e4sidenten hat der NPD-Kandidat Johannes M\u00fcller elf Stimmen erhalten. Die NPD verf\u00fcgt derzeit \u00fcber acht Abgeordnete, bei ihrem Einzug in den Landtag im Jahr 2004 waren es noch 12. Doch drei Parlamentarier verlie\u00dfen die Fraktion, einer wurde nach zahlreichen Skandalen und Ermittlungen ausgeschlossen. Dennoch erscheint es naheliegend, dass die ehemaligen NPDler ihre Stimme M\u00fcller gaben. Ein Ex-NPD-Abgeordneter fehlte allerdings bei der Abstimmung. Das erg\u00e4be genau elf.<\/p>\n<p>Andererseits ist dies alles haupts\u00e4chlich Stochern im Nebel &#8211; denn die Abstimmung war geheim. F\u00fcr die NPD kein Grund, sich nicht \u00f6ffentlich als gro\u00dfen Sieger darstellen zu wollen. <!--more-->In einer Pressemitteilung hei\u00dft es: \u201eErneut hat ein NPD-Kandidat bei der heutigen Wahl des s\u00e4chsischen Ministerpr\u00e4sidenten f\u00fcr eine faustdicke \u00dcberraschung gesorgt.\u201c<\/p>\n<p>Weiter die NPD: \u201eStanislaw Tillich wurde mit 66 Stimmen zum neuen s\u00e4chsischen Ministerpr\u00e4sidenten gew\u00e4hlt. Die die Koalition bildenden Fraktionen von CDU und SPD stellen im S\u00e4chsischen Landtag 68 Abgeordnete. Da der CDU-Abgeordnete Georg Hamburger verhindert war, waren am heutigen Tag 67 Abgeordnete der Koalition bei der Wahl des Ministerpr\u00e4sidenten anwesend. Auch dieser Umstand deutet auf \u201eetablierte\u201d Stimmen f\u00fcr den NPD-Abgeordneten Dr. Johannes M\u00fcller hin.\u201c Das aber nur, wenn man ignoriert, dass Abgeordnete sich schlicht und ergreifend enthalten haben k\u00f6nnten.<\/p>\n<p>Doch die NPD spekuliert munter weiter: \u201eEine der 3 Stimmen, die nicht aus der eigenen Fraktion stammen, kann m\u00f6glicherweise von dem partei- und fraktionslosen Abgeordneten Klaus Menzel gekommen sein. Mit diesem gibt es zwar keine Abstimmung in politischen Fragen, allerdings hat er bei bisherigen Abstimmungen meist mit der NPD-Fraktion gestimmt. Weiterhin geht die NPD davon aus, da\u00df die weiteren zwei \u201e\u00fcberz\u00e4hligen\u201d Stimmen nicht von den drei \u201eAussteigern\u201d Klaus Baier, Mirko Schmidt und J\u00fcrgen Sch\u00f6n stammen, die die NPD-Fraktion im Dezember 2005 verlie\u00dfen. Klaus Baier fehlte zum Zeitpunkt der Wahl noch unentschuldigt und nahm somit gar nicht an der Wahl teil. Mirko Schmidt traf sich noch zu seiner Zeit als Mitglied der NPD-Fraktion viele Male mit Kontaktleuten des sogenannten \u201eVerfassungsschutzes\u201d, was nach einer Kleinen Anfrage der NPD vom Innenministerium best\u00e4tigt wurde. Au\u00dferdem gr\u00fcndete Schmidt im Jahr 2006 die \u201eS\u00e4chsische Volkspartei\u201d erkl\u00e4rterma\u00dfen mit dem Ziel, einen Wiedereinzug der NPD in den Landtag zu verhindern. Es kann also ausgeschlossen werden, da\u00df er heute Dr. Johannes M\u00fcller gew\u00e4hlt hat.\u201c<\/p>\n<p>Aha, nach NPD-Logik kann dies ausgeschlossen werden. Warum? Weil er 2006 die SVP mitgegr\u00fcndet hatte. Naja. Die NPD meint aber unbeirrt: \u201eSomit haben mindestens zwei, m\u00f6glicherweise aber auch drei Abgeordnete der etablierten Fraktionen Dr. Johannes M\u00fcller ihre Stimme gegeben.\u201c<\/p>\n<p>QED \u2013 oder eben auch nicht. Aber die NPD hat immer noch einen auf Lager. \u201eDr. Johannes M\u00fcller\u201c erkl\u00e4rte zu dem heutigen Wahlergebnis: \u201eEs freut mich sehr, da\u00df mich heute zwei Abgeordnete der etablierten Fraktionen, h\u00f6chstwahrscheinlich der s\u00e4chsischen CDU unterst\u00fctzt haben. Dies ist um so bemerkenswerter, als es sich vermutlich um die gleichen Abgeordneten handelt, die vor dreieinhalb Jahren auch Uwe Leichsenring unterst\u00fctzt haben.\u201c Dies in der Tat bemerkenswert, hatte die NPD doch weiter oben im Text dargelegt, dass es aus der Regierungskoalition an diesem Tag 66 von 67 Stimmen f\u00fcr Tillich gab, nun haben aber pl\u00f6tzlich schon zwei Abgeordnete der CDU f\u00fcr die NPD gestimmt, mutma\u00dfen die Rechtsextremisten. Da diese Behauptung nun vollends unlogisch ist, spart sich die NPD gleich eine weitere haneb\u00fcchene Erkl\u00e4rung.<\/p>\n<p>\u00dcbrigens: Uwe Leichsenring, <a href=\"http:\/\/npd-blog.info\/?p=342\">der im August 2006 bei einem Verkehrsunfall ums Leben kam<\/a>, hatte als Gegenkandidat von Ministerpr\u00e4sident Milbradt am 10. November 2004 in zwei Wahlg\u00e4ngen zwei Stimmen mehr erhalten, als die damalige NPD-Fraktion Abgeordnete stellte.<\/p>\n<p>Zur\u00fcck zu der heutigen NPD-Pressemitteilung: &#8222;Das heutige Ergebnis ist ein Indiz daf\u00fcr, da\u00df es innerhalb der anderen Fraktionen eine kleine, aber stabile Opposition von NPD-Sympathisanten gibt. Unsere Fraktion bietet diesen politisch heimatlos gewordenen Abgeordneten die parlamentarische Zusammenarbeit an.&#8220;<\/p>\n<p>Wie es aus gut informierten Kreisen hie\u00df, gebe es noch weitere unsichtbare Unterst\u00fctzer der NPD im s\u00e4chsischen Landtag und dar\u00fcber hinaus \u2013 <a href=\"http:\/\/www.amazon.de\/gp\/product\/B000TSE7SY?ie=UTF8&amp;tag=nbi-21&amp;linkCode=as2&amp;camp=1638&amp;creative=6742&amp;creativeASIN=B000TSE7SY\">Watch out! <\/a><img loading=\"lazy\" decoding=\"async\" src=\"http:\/\/www.assoc-amazon.de\/e\/ir?t=nbi-21&amp;l=as2&amp;o=3&amp;a=B000TSE7SY\" border=\"0\" height=\"1\" width=\"1\" \/><\/p>\n<p><a href=\"http:\/\/npd-blog.info\/?p=517\">NPD-BLOG.INFO \u00fcber die Abg\u00e4nge in der NPD-Fraktion in Sachsen.<\/a><br \/>\n<img loading=\"lazy\" decoding=\"async\" src=\"http:\/\/vg02.met.vgwort.de\/na\/2a085fd35e39eea47c20e54b96c441\" height=\"1\" width=\"1\" \/><br \/>\n<a href=\"http:\/\/npd-blog.info\/?p=1765\">NPD-BLOG.INFO \u00fcber den vermeintlichen &#8222;NPD-Eklat&#8220; bei BILD.de und Spiegel Online.<\/a><\/p>\n","protected":false},"excerpt":{"rendered":"<p>Bei der Wahl zum s\u00e4chsischen Ministerpr\u00e4sidenten hat der NPD-Kandidat Johannes M\u00fcller elf Stimmen erhalten. Die NPD verf\u00fcgt derzeit \u00fcber acht Abgeordnete, bei ihrem Einzug in den Landtag im Jahr 2004 waren es noch 12. Doch drei Parlamentarier verlie\u00dfen die Fraktion, einer wurde nach zahlreichen Skandalen und Ermittlungen ausgeschlossen. Dennoch erscheint es naheliegend, dass die ehemaligen [&hellip;]<\/p>\n","protected":false},"author":227,"featured_media":0,"comment_status":"open","ping_status":"open","sticky":false,"template":"","format":"standard","meta":{"_jetpack_memberships_contains_paid_content":false,"footnotes":""},"categories":[1456],"tags":[],"class_list":["post-317","post","type-post","status-publish","format-standard","hentry","category-sachsen"],"yoast_head":"<!-- This site is optimized with the Yoast SEO plugin v21.0 - https:\/\/yoast.com\/wordpress\/plugins\/seo\/ -->\n<title>Politik mit Fantasie - NPD bietet imagin\u00e4ren Unterst\u00fctzern Zusammenarbeit an - St\u00f6rungsmelder<\/title>\n<meta name=\"robots\" content=\"index, follow, max-snippet:-1, max-image-preview:large, max-video-preview:-1\" \/>\n<link rel=\"canonical\" href=\"https:\/\/blog.zeit.de\/stoerungsmelder\/2008\/05\/28\/politik-mit-fantasie-npd-bietet-imaginaren-unterstutzern-zusammenarbeit-an_317\" \/>\n<meta property=\"og:locale\" content=\"de_DE\" \/>\n<meta property=\"og:type\" content=\"article\" \/>\n<meta property=\"og:title\" content=\"Politik mit Fantasie - NPD bietet imagin\u00e4ren Unterst\u00fctzern Zusammenarbeit an - St\u00f6rungsmelder\" \/>\n<meta property=\"og:description\" content=\"Bei der Wahl zum s\u00e4chsischen Ministerpr\u00e4sidenten hat der NPD-Kandidat Johannes M\u00fcller elf Stimmen erhalten. Die NPD verf\u00fcgt derzeit \u00fcber acht Abgeordnete, bei ihrem Einzug in den Landtag im Jahr 2004 waren es noch 12. Doch drei Parlamentarier verlie\u00dfen die Fraktion, einer wurde nach zahlreichen Skandalen und Ermittlungen ausgeschlossen. Dennoch erscheint es naheliegend, dass die ehemaligen [&hellip;]\" \/>\n<meta property=\"og:url\" content=\"https:\/\/blog.zeit.de\/stoerungsmelder\/2008\/05\/28\/politik-mit-fantasie-npd-bietet-imaginaren-unterstutzern-zusammenarbeit-an_317\" \/>\n<meta property=\"og:site_name\" content=\"St\u00f6rungsmelder\" \/>\n<meta property=\"article:published_time\" content=\"2008-05-28T19:52:02+00:00\" \/>\n<meta property=\"og:image\" content=\"http:\/\/www.assoc-amazon.de\/e\/ir?t=nbi-21&amp;l=as2&amp;o=3&amp;a=B000TSE7SY\" \/>\n<meta name=\"author\" content=\"Patrick Gensing\" \/>\n<meta name=\"twitter:card\" content=\"summary_large_image\" \/>\n<meta name=\"twitter:label1\" content=\"Geschrieben von\" \/>\n\t<meta name=\"twitter:data1\" content=\"Patrick Gensing\" \/>\n\t<meta name=\"twitter:label2\" content=\"Gesch\u00e4tzte Lesezeit\" \/>\n\t<meta name=\"twitter:data2\" content=\"3\u00a0Minuten\" \/>\n<script type=\"application\/ld+json\" class=\"yoast-schema-graph\">{\"@context\":\"https:\/\/schema.org\",\"@graph\":[{\"@type\":\"WebPage\",\"@id\":\"https:\/\/blog.zeit.de\/stoerungsmelder\/2008\/05\/28\/politik-mit-fantasie-npd-bietet-imaginaren-unterstutzern-zusammenarbeit-an_317\",\"url\":\"https:\/\/blog.zeit.de\/stoerungsmelder\/2008\/05\/28\/politik-mit-fantasie-npd-bietet-imaginaren-unterstutzern-zusammenarbeit-an_317\",\"name\":\"Politik mit Fantasie - NPD bietet imagin\u00e4ren Unterst\u00fctzern Zusammenarbeit an - St\u00f6rungsmelder\",\"isPartOf\":{\"@id\":\"https:\/\/blog.zeit.de\/stoerungsmelder\/#website\"},\"datePublished\":\"2008-05-28T19:52:02+00:00\",\"dateModified\":\"2008-05-28T19:52:02+00:00\",\"author\":{\"@id\":\"https:\/\/blog.zeit.de\/stoerungsmelder\/#\/schema\/person\/1898e9a6d47b4737da2c4fca74a10552\"},\"breadcrumb\":{\"@id\":\"https:\/\/blog.zeit.de\/stoerungsmelder\/2008\/05\/28\/politik-mit-fantasie-npd-bietet-imaginaren-unterstutzern-zusammenarbeit-an_317#breadcrumb\"},\"inLanguage\":\"de\",\"potentialAction\":[{\"@type\":\"ReadAction\",\"target\":[\"https:\/\/blog.zeit.de\/stoerungsmelder\/2008\/05\/28\/politik-mit-fantasie-npd-bietet-imaginaren-unterstutzern-zusammenarbeit-an_317\"]}]},{\"@type\":\"BreadcrumbList\",\"@id\":\"https:\/\/blog.zeit.de\/stoerungsmelder\/2008\/05\/28\/politik-mit-fantasie-npd-bietet-imaginaren-unterstutzern-zusammenarbeit-an_317#breadcrumb\",\"itemListElement\":[{\"@type\":\"ListItem\",\"position\":1,\"name\":\"Startseite\",\"item\":\"https:\/\/blog.zeit.de\/stoerungsmelder\"},{\"@type\":\"ListItem\",\"position\":2,\"name\":\"Politik mit Fantasie &#8211; NPD bietet imagin\u00e4ren Unterst\u00fctzern Zusammenarbeit an\"}]},{\"@type\":\"WebSite\",\"@id\":\"https:\/\/blog.zeit.de\/stoerungsmelder\/#website\",\"url\":\"https:\/\/blog.zeit.de\/stoerungsmelder\/\",\"name\":\"St\u00f6rungsmelder\",\"description\":\"Recherchen und Analysen \u00fcber die extreme Rechte\",\"potentialAction\":[{\"@type\":\"SearchAction\",\"target\":{\"@type\":\"EntryPoint\",\"urlTemplate\":\"https:\/\/blog.zeit.de\/stoerungsmelder\/?s={search_term_string}\"},\"query-input\":\"required name=search_term_string\"}],\"inLanguage\":\"de\"},{\"@type\":\"Person\",\"@id\":\"https:\/\/blog.zeit.de\/stoerungsmelder\/#\/schema\/person\/1898e9a6d47b4737da2c4fca74a10552\",\"name\":\"Patrick Gensing\",\"image\":{\"@type\":\"ImageObject\",\"inLanguage\":\"de\",\"@id\":\"https:\/\/blog.zeit.de\/stoerungsmelder\/#\/schema\/person\/image\/\",\"url\":\"https:\/\/secure.gravatar.com\/avatar\/a7a6fc628ed4dd7517525b944e2a8b13f64804f428d399d781f8dd0c4651643a?s=96&d=mm&r=pg\",\"contentUrl\":\"https:\/\/secure.gravatar.com\/avatar\/a7a6fc628ed4dd7517525b944e2a8b13f64804f428d399d781f8dd0c4651643a?s=96&d=mm&r=pg\",\"caption\":\"Patrick Gensing\"},\"description\":\"Journalist, Blogger, Buchautor - Patrick Gensing besch\u00e4ftigt sich seit seiner Jugend Ende der 1980er Jahre mit den Themen Neonazis, Rassismus und Antisemitismus. Seit rund zehn Jahren schreibt er als Journalist \u00fcber diese Themen, unter anderem bei tagesschau.de, bei Zeit-Online, in der taz - oder in dem Buch \\\"Terror von rechts\\\", das am 14. September 2012 erscheint.\",\"sameAs\":[\"http:\/\/publikative.org\"],\"url\":\"https:\/\/blog.zeit.de\/stoerungsmelder\/author\/patrick-gensing\"}]}<\/script>\n<!-- \/ Yoast SEO plugin. -->","yoast_head_json":{"title":"Politik mit Fantasie - NPD bietet imagin\u00e4ren Unterst\u00fctzern Zusammenarbeit an - St\u00f6rungsmelder","robots":{"index":"index","follow":"follow","max-snippet":"max-snippet:-1","max-image-preview":"max-image-preview:large","max-video-preview":"max-video-preview:-1"},"canonical":"https:\/\/blog.zeit.de\/stoerungsmelder\/2008\/05\/28\/politik-mit-fantasie-npd-bietet-imaginaren-unterstutzern-zusammenarbeit-an_317","og_locale":"de_DE","og_type":"article","og_title":"Politik mit Fantasie - NPD bietet imagin\u00e4ren Unterst\u00fctzern Zusammenarbeit an - St\u00f6rungsmelder","og_description":"Bei der Wahl zum s\u00e4chsischen Ministerpr\u00e4sidenten hat der NPD-Kandidat Johannes M\u00fcller elf Stimmen erhalten. Die NPD verf\u00fcgt derzeit \u00fcber acht Abgeordnete, bei ihrem Einzug in den Landtag im Jahr 2004 waren es noch 12. Doch drei Parlamentarier verlie\u00dfen die Fraktion, einer wurde nach zahlreichen Skandalen und Ermittlungen ausgeschlossen. Dennoch erscheint es naheliegend, dass die ehemaligen [&hellip;]","og_url":"https:\/\/blog.zeit.de\/stoerungsmelder\/2008\/05\/28\/politik-mit-fantasie-npd-bietet-imaginaren-unterstutzern-zusammenarbeit-an_317","og_site_name":"St\u00f6rungsmelder","article_published_time":"2008-05-28T19:52:02+00:00","og_image":[{"url":"http:\/\/www.assoc-amazon.de\/e\/ir?t=nbi-21&amp;l=as2&amp;o=3&amp;a=B000TSE7SY"}],"author":"Patrick Gensing","twitter_card":"summary_large_image","twitter_misc":{"Geschrieben von":"Patrick Gensing","Gesch\u00e4tzte Lesezeit":"3\u00a0Minuten"},"schema":{"@context":"https:\/\/schema.org","@graph":[{"@type":"WebPage","@id":"https:\/\/blog.zeit.de\/stoerungsmelder\/2008\/05\/28\/politik-mit-fantasie-npd-bietet-imaginaren-unterstutzern-zusammenarbeit-an_317","url":"https:\/\/blog.zeit.de\/stoerungsmelder\/2008\/05\/28\/politik-mit-fantasie-npd-bietet-imaginaren-unterstutzern-zusammenarbeit-an_317","name":"Politik mit Fantasie - NPD bietet imagin\u00e4ren Unterst\u00fctzern Zusammenarbeit an - St\u00f6rungsmelder","isPartOf":{"@id":"https:\/\/blog.zeit.de\/stoerungsmelder\/#website"},"datePublished":"2008-05-28T19:52:02+00:00","dateModified":"2008-05-28T19:52:02+00:00","author":{"@id":"https:\/\/blog.zeit.de\/stoerungsmelder\/#\/schema\/person\/1898e9a6d47b4737da2c4fca74a10552"},"breadcrumb":{"@id":"https:\/\/blog.zeit.de\/stoerungsmelder\/2008\/05\/28\/politik-mit-fantasie-npd-bietet-imaginaren-unterstutzern-zusammenarbeit-an_317#breadcrumb"},"inLanguage":"de","potentialAction":[{"@type":"ReadAction","target":["https:\/\/blog.zeit.de\/stoerungsmelder\/2008\/05\/28\/politik-mit-fantasie-npd-bietet-imaginaren-unterstutzern-zusammenarbeit-an_317"]}]},{"@type":"BreadcrumbList","@id":"https:\/\/blog.zeit.de\/stoerungsmelder\/2008\/05\/28\/politik-mit-fantasie-npd-bietet-imaginaren-unterstutzern-zusammenarbeit-an_317#breadcrumb","itemListElement":[{"@type":"ListItem","position":1,"name":"Startseite","item":"https:\/\/blog.zeit.de\/stoerungsmelder"},{"@type":"ListItem","position":2,"name":"Politik mit Fantasie &#8211; NPD bietet imagin\u00e4ren Unterst\u00fctzern Zusammenarbeit an"}]},{"@type":"WebSite","@id":"https:\/\/blog.zeit.de\/stoerungsmelder\/#website","url":"https:\/\/blog.zeit.de\/stoerungsmelder\/","name":"St\u00f6rungsmelder","description":"Recherchen und Analysen \u00fcber die extreme Rechte","potentialAction":[{"@type":"SearchAction","target":{"@type":"EntryPoint","urlTemplate":"https:\/\/blog.zeit.de\/stoerungsmelder\/?s={search_term_string}"},"query-input":"required name=search_term_string"}],"inLanguage":"de"},{"@type":"Person","@id":"https:\/\/blog.zeit.de\/stoerungsmelder\/#\/schema\/person\/1898e9a6d47b4737da2c4fca74a10552","name":"Patrick Gensing","image":{"@type":"ImageObject","inLanguage":"de","@id":"https:\/\/blog.zeit.de\/stoerungsmelder\/#\/schema\/person\/image\/","url":"https:\/\/secure.gravatar.com\/avatar\/a7a6fc628ed4dd7517525b944e2a8b13f64804f428d399d781f8dd0c4651643a?s=96&d=mm&r=pg","contentUrl":"https:\/\/secure.gravatar.com\/avatar\/a7a6fc628ed4dd7517525b944e2a8b13f64804f428d399d781f8dd0c4651643a?s=96&d=mm&r=pg","caption":"Patrick Gensing"},"description":"Journalist, Blogger, Buchautor - Patrick Gensing besch\u00e4ftigt sich seit seiner Jugend Ende der 1980er Jahre mit den Themen Neonazis, Rassismus und Antisemitismus. Seit rund zehn Jahren schreibt er als Journalist \u00fcber diese Themen, unter anderem bei tagesschau.de, bei Zeit-Online, in der taz - oder in dem Buch \"Terror von rechts\", das am 14. September 2012 erscheint.","sameAs":["http:\/\/publikative.org"],"url":"https:\/\/blog.zeit.de\/stoerungsmelder\/author\/patrick-gensing"}]}},"jetpack_featured_media_url":"","jetpack_sharing_enabled":true,"_links":{"self":[{"href":"https:\/\/blog.zeit.de\/stoerungsmelder\/wp-json\/wp\/v2\/posts\/317","targetHints":{"allow":["GET"]}}],"collection":[{"href":"https:\/\/blog.zeit.de\/stoerungsmelder\/wp-json\/wp\/v2\/posts"}],"about":[{"href":"https:\/\/blog.zeit.de\/stoerungsmelder\/wp-json\/wp\/v2\/types\/post"}],"author":[{"embeddable":true,"href":"https:\/\/blog.zeit.de\/stoerungsmelder\/wp-json\/wp\/v2\/users\/227"}],"replies":[{"embeddable":true,"href":"https:\/\/blog.zeit.de\/stoerungsmelder\/wp-json\/wp\/v2\/comments?post=317"}],"version-history":[{"count":0,"href":"https:\/\/blog.zeit.de\/stoerungsmelder\/wp-json\/wp\/v2\/posts\/317\/revisions"}],"wp:attachment":[{"href":"https:\/\/blog.zeit.de\/stoerungsmelder\/wp-json\/wp\/v2\/media?parent=317"}],"wp:term":[{"taxonomy":"category","embeddable":true,"href":"https:\/\/blog.zeit.de\/stoerungsmelder\/wp-json\/wp\/v2\/categories?post=317"},{"taxonomy":"post_tag","embeddable":true,"href":"https:\/\/blog.zeit.de\/stoerungsmelder\/wp-json\/wp\/v2\/tags?post=317"}],"curies":[{"name":"wp","href":"https:\/\/api.w.org\/{rel}","templated":true}]}}