{"id":3207,"date":"2010-05-02T14:29:09","date_gmt":"2010-05-02T12:29:09","guid":{"rendered":"http:\/\/blog.zeit.de\/stoerungsmelder\/?p=3152"},"modified":"2010-05-02T14:29:09","modified_gmt":"2010-05-02T12:29:09","slug":"neonaziaufmarsch-am-8-mai-in-wiesbadener-vorort-genehmigt","status":"publish","type":"post","link":"https:\/\/blog.zeit.de\/stoerungsmelder\/2010\/05\/02\/neonaziaufmarsch-am-8-mai-in-wiesbadener-vorort-genehmigt_3207","title":{"rendered":"Neonaziaufmarsch am 8. Mai in Wiesbadener Vorort genehmigt"},"content":{"rendered":"<p><figure id=\"attachment_3153\" aria-describedby=\"caption-attachment-3153\" style=\"width: 181px\" class=\"wp-caption alignleft\"><a href=\"https:\/\/blog.zeit.de\/stoerungsmelder\/files\/2010\/05\/flugi2_small.jpg\"><img loading=\"lazy\" decoding=\"async\" class=\"size-medium wp-image-3153 \" src=\"https:\/\/blog.zeit.de\/stoerungsmelder\/wp-content\/uploads\/2010\/05\/flugi2_small-300x209.jpg\" alt=\"\" width=\"181\" height=\"126\" \/><\/a><figcaption id=\"caption-attachment-3153\" class=\"wp-caption-text\">Flugblatt zu den Wiesbadener Protesten<\/figcaption><\/figure><\/p>\n<p style=\"200%;\">\u201eBesatzer\u201c, \u201eKriegstreiber\u201c und \u201eFolterknechte\u201c nennen die Jungen Nationaldemokraten (JN) die amerikanischen Streitkr\u00e4fte: a<span style=\"normal;\">usgerechnet am 65. Jahrestag der Befreiung vom NS-Faschismus wollte der Bundesvorstand der NPD-Jugendorganisation in der Wiesbadener Innenstadt gegen ein \u201eHegemonialstreben der USA\u201c demonstrieren. Ziel des Protestes von rechts ist die Verlegung des europ\u00f6ischen Headquarters der amerikanischen Landstreitkr\u00e4fte in den Wiesbadener Vorort Erbenheim. Nach dem Verbot der urspr\u00fcnglichen Route<\/span><strong><span style=\"normal;\"> <\/span><\/strong>ruft die JN nun zum genhmigten Aufmarsch am eigentlichen Brennpunkt auf.<!--more-->Mit Hinweis auf die unverh\u00e4ltnism\u00e4\u00dfigen Auswirkungen auf die Bewohner und Besucher von Wiesbaden hatte die Stadt die urspr\u00fcnglich von der JN geplante Route bereits kurz nach ihrer Anmeldung verboten.<\/p>\n<p><figure id=\"attachment_3154\" aria-describedby=\"caption-attachment-3154\" style=\"width: 210px\" class=\"wp-caption alignright\"><a href=\"https:\/\/blog.zeit.de\/stoerungsmelder\/files\/2010\/05\/jn_small.jpg\"><img loading=\"lazy\" decoding=\"async\" class=\"size-medium wp-image-3154    \" src=\"https:\/\/blog.zeit.de\/stoerungsmelder\/wp-content\/uploads\/2010\/05\/jn_small-300x196.jpg\" alt=\"Mit Antiamerikanismus f\u00fcr den Populismus\" width=\"210\" height=\"137\" \/><\/a><figcaption id=\"caption-attachment-3154\" class=\"wp-caption-text\">JN: mit Antiamerikanismus den Populismus bedienen<\/figcaption><\/figure><\/p>\n<p style=\"200%;\">Die JN hatten zwar die Frist f\u00fcr Rechtsmittel nicht eingehalten, d\u00fcrfen am nun aber in Sichtweite des von ihnen gehassten Objektes aufmarschieren Wie der Leiter des Ordnungsamtes, Winnrich Tischel, in der vergangenen Woche erkl\u00e4rte, soll die Veranstaltung der JN am 8. Mai in Erbenheim selbst stattfinden, es werden etwa 300 Rechtsextreme erwartet. An ihrem Sammelpunkt in dem \u00f6stlichen Vorort von Wiesbaden soll am 8. Mai um 11.00 Uhr die erste von insgesamt vier Kundgebungen unter dem Motto \u201eGegen Folterknechte und Kriegstreiberei\u201c stattfinden. Die Bahnlinie im Ort soll den Aufmarsch von den geplanten Gegenprotesten trennen, denn auch die unter dem Dach des \u201eRhein-Main-B\u00fcndnis 8. Mai gegen den Nazi-Aufmarsch in Wiesbaden\u201c vertretenen Nazigegener mobiliseren nach Erbenheim und erwarten dazu rund 3.000 Personen. Eine Vielzahl von Initiativen, Gruppen und Einzelpersonen unterst\u00fctzt die u.a. vom Wiesbadener B\u00fcndnis gegen Rechts initiierten Proteste, die jetzt in den Vorort der Landeshauptstadt verlegt werden sollen. Bereits drei Stunden vor dem Beginn der JN-Auftaktkundgebung wollen sich die Gegendemonstranten in Erbenheim sammeln.<\/p>\n<p><figure id=\"attachment_3155\" aria-describedby=\"caption-attachment-3155\" style=\"width: 189px\" class=\"wp-caption alignleft\"><a href=\"https:\/\/blog.zeit.de\/stoerungsmelder\/files\/2010\/05\/wsbn001_small.jpg\"><img loading=\"lazy\" decoding=\"async\" class=\"size-medium wp-image-3155   \" src=\"https:\/\/blog.zeit.de\/stoerungsmelder\/wp-content\/uploads\/2010\/05\/wsbn001_small-300x200.jpg\" alt=\"No Go Area f\u00fcr Neonazis am 8. Mai?\" width=\"189\" height=\"126\" \/><\/a><figcaption id=\"caption-attachment-3155\" class=\"wp-caption-text\">Hauptbahnhof Wiesbaden: No Go Area f\u00fcr Neonazis am 8. Mai?<\/figcaption><\/figure><\/p>\n<p style=\"200%;\">Auf scharfe Kritik in den Reihen der Nazigegner st\u00f6\u00dft das urspr\u00fcnglich von der Stadt verh\u00e4ngte Demonstrationsverbot f\u00fcr die Wiesbadner Innenstadt. Das B\u00fcndnis gegen Rechts spricht von einem \u201eangeblichen Verbot\u201c und bezeichnet das Vorgehen der Stadtverwaltung als \u201egezielte Falschmeldung\u201c und \u201eunfassbaren Affront\u201c. Das Verhalten sei ein fatales Signal der schwarz-gelben Mehrheit in Wiesbaden: \u201eSolange das Einkaufen am Samstag nicht gest\u00f6rt ist, d\u00fcrfen Neonazis in Wiesbaden marschieren\u201c, hei\u00dft es in einer Mitteilung des B\u00fcndnisses. Wiesbaden laufe damit Gefahr, k\u00fcnftig eine bevorzugte Adresse f\u00fcr Naziaufm\u00e4rsche zu werden. Die Motto der Proteste \u201eAlles muss man selber machen\u201c  gelte jetzt erst recht: \u201eWir bieten der brutalen Intoleranz der Nazis die Stirn und gehen an den Ort des Geschehens\u201c.<\/p>\n<p style=\"200%;\"><span style=\"#000000;\">Als Aufh\u00e4nger f\u00fcr ihre geschichtsrevisionistischen Aufmarsch am 8. Mai dient den JN die Verlegung des Hauptquartiers der US-Landstreitkr\u00e4fte von Heidelberg nach Wiesbaden. Neben dem Ausbau der Infrastruktur muss dazu die bisherige Fl\u00e4che des Erbenheimer Flughafens um rund 40  Hektar erweitert werden. In diesem Rahmen sollen in und um Wiesbaden rund 150 Bauprojekte entstehen, darunter das  Kommando- und F\u00fchrungszentrums auf dem Paradeplatz des Airfields sowie Wohnsiedlungen f\u00fcr Soldaten und deren Familienangeh\u00f6rige. <\/span><\/p>\n","protected":false},"excerpt":{"rendered":"<p>\u201eBesatzer\u201c, \u201eKriegstreiber\u201c und \u201eFolterknechte\u201c nennen die Jungen Nationaldemokraten (JN) die amerikanischen Streitkr\u00e4fte: ausgerechnet am 65. Jahrestag der Befreiung vom NS-Faschismus wollte der Bundesvorstand der NPD-Jugendorganisation in der Wiesbadener Innenstadt gegen ein \u201eHegemonialstreben der USA\u201c demonstrieren. Ziel des Protestes von rechts ist die Verlegung des europ\u00f6ischen Headquarters der amerikanischen Landstreitkr\u00e4fte in den Wiesbadener Vorort Erbenheim. Nach [&hellip;]<\/p>\n","protected":false},"author":254,"featured_media":0,"comment_status":"open","ping_status":"open","sticky":false,"template":"","format":"standard","meta":{"_jetpack_memberships_contains_paid_content":false,"footnotes":""},"categories":[1515],"tags":[],"class_list":["post-3207","post","type-post","status-publish","format-standard","hentry","category-bundesweit"],"yoast_head":"<!-- This site is optimized with the Yoast SEO plugin v21.0 - https:\/\/yoast.com\/wordpress\/plugins\/seo\/ -->\n<title>Neonaziaufmarsch am 8. Mai in Wiesbadener Vorort genehmigt - St\u00f6rungsmelder<\/title>\n<meta name=\"robots\" content=\"index, follow, max-snippet:-1, max-image-preview:large, max-video-preview:-1\" \/>\n<link rel=\"canonical\" href=\"https:\/\/blog.zeit.de\/stoerungsmelder\/2010\/05\/02\/neonaziaufmarsch-am-8-mai-in-wiesbadener-vorort-genehmigt_3207\" \/>\n<meta property=\"og:locale\" content=\"de_DE\" \/>\n<meta property=\"og:type\" content=\"article\" \/>\n<meta property=\"og:title\" content=\"Neonaziaufmarsch am 8. Mai in Wiesbadener Vorort genehmigt - St\u00f6rungsmelder\" \/>\n<meta property=\"og:description\" content=\"\u201eBesatzer\u201c, \u201eKriegstreiber\u201c und \u201eFolterknechte\u201c nennen die Jungen Nationaldemokraten (JN) die amerikanischen Streitkr\u00e4fte: ausgerechnet am 65. Jahrestag der Befreiung vom NS-Faschismus wollte der Bundesvorstand der NPD-Jugendorganisation in der Wiesbadener Innenstadt gegen ein \u201eHegemonialstreben der USA\u201c demonstrieren. Ziel des Protestes von rechts ist die Verlegung des europ\u00f6ischen Headquarters der amerikanischen Landstreitkr\u00e4fte in den Wiesbadener Vorort Erbenheim. Nach [&hellip;]\" \/>\n<meta property=\"og:url\" content=\"https:\/\/blog.zeit.de\/stoerungsmelder\/2010\/05\/02\/neonaziaufmarsch-am-8-mai-in-wiesbadener-vorort-genehmigt_3207\" \/>\n<meta property=\"og:site_name\" content=\"St\u00f6rungsmelder\" \/>\n<meta property=\"article:published_time\" content=\"2010-05-02T12:29:09+00:00\" \/>\n<meta property=\"og:image\" content=\"https:\/\/blog.zeit.de\/stoerungsmelder\/wp-content\/uploads\/2010\/05\/flugi2_small-300x209.jpg\" \/>\n<meta name=\"author\" content=\"Kai Budler\" \/>\n<meta name=\"twitter:card\" content=\"summary_large_image\" \/>\n<meta name=\"twitter:label1\" content=\"Geschrieben von\" \/>\n\t<meta name=\"twitter:data1\" content=\"Kai Budler\" \/>\n\t<meta name=\"twitter:label2\" content=\"Gesch\u00e4tzte Lesezeit\" \/>\n\t<meta name=\"twitter:data2\" content=\"3\u00a0Minuten\" \/>\n<script type=\"application\/ld+json\" class=\"yoast-schema-graph\">{\"@context\":\"https:\/\/schema.org\",\"@graph\":[{\"@type\":\"WebPage\",\"@id\":\"https:\/\/blog.zeit.de\/stoerungsmelder\/2010\/05\/02\/neonaziaufmarsch-am-8-mai-in-wiesbadener-vorort-genehmigt_3207\",\"url\":\"https:\/\/blog.zeit.de\/stoerungsmelder\/2010\/05\/02\/neonaziaufmarsch-am-8-mai-in-wiesbadener-vorort-genehmigt_3207\",\"name\":\"Neonaziaufmarsch am 8. Mai in Wiesbadener Vorort genehmigt - St\u00f6rungsmelder\",\"isPartOf\":{\"@id\":\"https:\/\/blog.zeit.de\/stoerungsmelder\/#website\"},\"datePublished\":\"2010-05-02T12:29:09+00:00\",\"dateModified\":\"2010-05-02T12:29:09+00:00\",\"author\":{\"@id\":\"https:\/\/blog.zeit.de\/stoerungsmelder\/#\/schema\/person\/58f28fa43c55337b17b93e3622cc8b37\"},\"breadcrumb\":{\"@id\":\"https:\/\/blog.zeit.de\/stoerungsmelder\/2010\/05\/02\/neonaziaufmarsch-am-8-mai-in-wiesbadener-vorort-genehmigt_3207#breadcrumb\"},\"inLanguage\":\"de\",\"potentialAction\":[{\"@type\":\"ReadAction\",\"target\":[\"https:\/\/blog.zeit.de\/stoerungsmelder\/2010\/05\/02\/neonaziaufmarsch-am-8-mai-in-wiesbadener-vorort-genehmigt_3207\"]}]},{\"@type\":\"BreadcrumbList\",\"@id\":\"https:\/\/blog.zeit.de\/stoerungsmelder\/2010\/05\/02\/neonaziaufmarsch-am-8-mai-in-wiesbadener-vorort-genehmigt_3207#breadcrumb\",\"itemListElement\":[{\"@type\":\"ListItem\",\"position\":1,\"name\":\"Startseite\",\"item\":\"https:\/\/blog.zeit.de\/stoerungsmelder\"},{\"@type\":\"ListItem\",\"position\":2,\"name\":\"Neonaziaufmarsch am 8. Mai in Wiesbadener Vorort genehmigt\"}]},{\"@type\":\"WebSite\",\"@id\":\"https:\/\/blog.zeit.de\/stoerungsmelder\/#website\",\"url\":\"https:\/\/blog.zeit.de\/stoerungsmelder\/\",\"name\":\"St\u00f6rungsmelder\",\"description\":\"Recherchen und Analysen \u00fcber die extreme Rechte\",\"potentialAction\":[{\"@type\":\"SearchAction\",\"target\":{\"@type\":\"EntryPoint\",\"urlTemplate\":\"https:\/\/blog.zeit.de\/stoerungsmelder\/?s={search_term_string}\"},\"query-input\":\"required name=search_term_string\"}],\"inLanguage\":\"de\"},{\"@type\":\"Person\",\"@id\":\"https:\/\/blog.zeit.de\/stoerungsmelder\/#\/schema\/person\/58f28fa43c55337b17b93e3622cc8b37\",\"name\":\"Kai Budler\",\"image\":{\"@type\":\"ImageObject\",\"inLanguage\":\"de\",\"@id\":\"https:\/\/blog.zeit.de\/stoerungsmelder\/#\/schema\/person\/image\/\",\"url\":\"https:\/\/secure.gravatar.com\/avatar\/126c2f44b51c178dc1db1bb6e040fcff157c88000cfae96c983070e6153484e3?s=96&d=mm&r=pg\",\"contentUrl\":\"https:\/\/secure.gravatar.com\/avatar\/126c2f44b51c178dc1db1bb6e040fcff157c88000cfae96c983070e6153484e3?s=96&d=mm&r=pg\",\"caption\":\"Kai Budler\"},\"url\":\"https:\/\/blog.zeit.de\/stoerungsmelder\/author\/kai-budler\"}]}<\/script>\n<!-- \/ Yoast SEO plugin. -->","yoast_head_json":{"title":"Neonaziaufmarsch am 8. Mai in Wiesbadener Vorort genehmigt - St\u00f6rungsmelder","robots":{"index":"index","follow":"follow","max-snippet":"max-snippet:-1","max-image-preview":"max-image-preview:large","max-video-preview":"max-video-preview:-1"},"canonical":"https:\/\/blog.zeit.de\/stoerungsmelder\/2010\/05\/02\/neonaziaufmarsch-am-8-mai-in-wiesbadener-vorort-genehmigt_3207","og_locale":"de_DE","og_type":"article","og_title":"Neonaziaufmarsch am 8. Mai in Wiesbadener Vorort genehmigt - St\u00f6rungsmelder","og_description":"\u201eBesatzer\u201c, \u201eKriegstreiber\u201c und \u201eFolterknechte\u201c nennen die Jungen Nationaldemokraten (JN) die amerikanischen Streitkr\u00e4fte: ausgerechnet am 65. Jahrestag der Befreiung vom NS-Faschismus wollte der Bundesvorstand der NPD-Jugendorganisation in der Wiesbadener Innenstadt gegen ein \u201eHegemonialstreben der USA\u201c demonstrieren. Ziel des Protestes von rechts ist die Verlegung des europ\u00f6ischen Headquarters der amerikanischen Landstreitkr\u00e4fte in den Wiesbadener Vorort Erbenheim. Nach [&hellip;]","og_url":"https:\/\/blog.zeit.de\/stoerungsmelder\/2010\/05\/02\/neonaziaufmarsch-am-8-mai-in-wiesbadener-vorort-genehmigt_3207","og_site_name":"St\u00f6rungsmelder","article_published_time":"2010-05-02T12:29:09+00:00","og_image":[{"url":"https:\/\/blog.zeit.de\/stoerungsmelder\/wp-content\/uploads\/2010\/05\/flugi2_small-300x209.jpg"}],"author":"Kai Budler","twitter_card":"summary_large_image","twitter_misc":{"Geschrieben von":"Kai Budler","Gesch\u00e4tzte Lesezeit":"3\u00a0Minuten"},"schema":{"@context":"https:\/\/schema.org","@graph":[{"@type":"WebPage","@id":"https:\/\/blog.zeit.de\/stoerungsmelder\/2010\/05\/02\/neonaziaufmarsch-am-8-mai-in-wiesbadener-vorort-genehmigt_3207","url":"https:\/\/blog.zeit.de\/stoerungsmelder\/2010\/05\/02\/neonaziaufmarsch-am-8-mai-in-wiesbadener-vorort-genehmigt_3207","name":"Neonaziaufmarsch am 8. Mai in Wiesbadener Vorort genehmigt - St\u00f6rungsmelder","isPartOf":{"@id":"https:\/\/blog.zeit.de\/stoerungsmelder\/#website"},"datePublished":"2010-05-02T12:29:09+00:00","dateModified":"2010-05-02T12:29:09+00:00","author":{"@id":"https:\/\/blog.zeit.de\/stoerungsmelder\/#\/schema\/person\/58f28fa43c55337b17b93e3622cc8b37"},"breadcrumb":{"@id":"https:\/\/blog.zeit.de\/stoerungsmelder\/2010\/05\/02\/neonaziaufmarsch-am-8-mai-in-wiesbadener-vorort-genehmigt_3207#breadcrumb"},"inLanguage":"de","potentialAction":[{"@type":"ReadAction","target":["https:\/\/blog.zeit.de\/stoerungsmelder\/2010\/05\/02\/neonaziaufmarsch-am-8-mai-in-wiesbadener-vorort-genehmigt_3207"]}]},{"@type":"BreadcrumbList","@id":"https:\/\/blog.zeit.de\/stoerungsmelder\/2010\/05\/02\/neonaziaufmarsch-am-8-mai-in-wiesbadener-vorort-genehmigt_3207#breadcrumb","itemListElement":[{"@type":"ListItem","position":1,"name":"Startseite","item":"https:\/\/blog.zeit.de\/stoerungsmelder"},{"@type":"ListItem","position":2,"name":"Neonaziaufmarsch am 8. Mai in Wiesbadener Vorort genehmigt"}]},{"@type":"WebSite","@id":"https:\/\/blog.zeit.de\/stoerungsmelder\/#website","url":"https:\/\/blog.zeit.de\/stoerungsmelder\/","name":"St\u00f6rungsmelder","description":"Recherchen und Analysen \u00fcber die extreme Rechte","potentialAction":[{"@type":"SearchAction","target":{"@type":"EntryPoint","urlTemplate":"https:\/\/blog.zeit.de\/stoerungsmelder\/?s={search_term_string}"},"query-input":"required name=search_term_string"}],"inLanguage":"de"},{"@type":"Person","@id":"https:\/\/blog.zeit.de\/stoerungsmelder\/#\/schema\/person\/58f28fa43c55337b17b93e3622cc8b37","name":"Kai Budler","image":{"@type":"ImageObject","inLanguage":"de","@id":"https:\/\/blog.zeit.de\/stoerungsmelder\/#\/schema\/person\/image\/","url":"https:\/\/secure.gravatar.com\/avatar\/126c2f44b51c178dc1db1bb6e040fcff157c88000cfae96c983070e6153484e3?s=96&d=mm&r=pg","contentUrl":"https:\/\/secure.gravatar.com\/avatar\/126c2f44b51c178dc1db1bb6e040fcff157c88000cfae96c983070e6153484e3?s=96&d=mm&r=pg","caption":"Kai Budler"},"url":"https:\/\/blog.zeit.de\/stoerungsmelder\/author\/kai-budler"}]}},"jetpack_featured_media_url":"","jetpack_sharing_enabled":true,"_links":{"self":[{"href":"https:\/\/blog.zeit.de\/stoerungsmelder\/wp-json\/wp\/v2\/posts\/3207","targetHints":{"allow":["GET"]}}],"collection":[{"href":"https:\/\/blog.zeit.de\/stoerungsmelder\/wp-json\/wp\/v2\/posts"}],"about":[{"href":"https:\/\/blog.zeit.de\/stoerungsmelder\/wp-json\/wp\/v2\/types\/post"}],"author":[{"embeddable":true,"href":"https:\/\/blog.zeit.de\/stoerungsmelder\/wp-json\/wp\/v2\/users\/254"}],"replies":[{"embeddable":true,"href":"https:\/\/blog.zeit.de\/stoerungsmelder\/wp-json\/wp\/v2\/comments?post=3207"}],"version-history":[{"count":0,"href":"https:\/\/blog.zeit.de\/stoerungsmelder\/wp-json\/wp\/v2\/posts\/3207\/revisions"}],"wp:attachment":[{"href":"https:\/\/blog.zeit.de\/stoerungsmelder\/wp-json\/wp\/v2\/media?parent=3207"}],"wp:term":[{"taxonomy":"category","embeddable":true,"href":"https:\/\/blog.zeit.de\/stoerungsmelder\/wp-json\/wp\/v2\/categories?post=3207"},{"taxonomy":"post_tag","embeddable":true,"href":"https:\/\/blog.zeit.de\/stoerungsmelder\/wp-json\/wp\/v2\/tags?post=3207"}],"curies":[{"name":"wp","href":"https:\/\/api.w.org\/{rel}","templated":true}]}}