{"id":3239,"date":"2010-05-09T20:11:00","date_gmt":"2010-05-09T18:11:00","guid":{"rendered":"http:\/\/blog.zeit.de\/stoerungsmelder\/?p=3239"},"modified":"2017-07-08T16:45:22","modified_gmt":"2017-07-08T14:45:22","slug":"neonazis-blamieren-sich-in-berlin-neukolln","status":"publish","type":"post","link":"https:\/\/blog.zeit.de\/stoerungsmelder\/2010\/05\/09\/neonazis-blamieren-sich-in-berlin-neukolln_3239","title":{"rendered":"Neonazis blamieren sich in Berlin-Neuk\u00f6lln"},"content":{"rendered":"<p><figure id=\"attachment_3263\" aria-describedby=\"caption-attachment-3263\" style=\"width: 540px\" class=\"wp-caption aligncenter\"><a href=\"https:\/\/blog.zeit.de\/stoerungsmelder\/files\/2010\/05\/neukoelln-540.jpg\"><img loading=\"lazy\" decoding=\"async\" class=\"size-full wp-image-3263\" src=\"https:\/\/blog.zeit.de\/stoerungsmelder\/files\/2010\/05\/neukoelln-540.jpg\" alt=\"\" width=\"540\" height=\"200\" srcset=\"https:\/\/blog.zeit.de\/stoerungsmelder\/files\/2010\/05\/neukoelln-540.jpg 540w, https:\/\/blog.zeit.de\/stoerungsmelder\/files\/2010\/05\/neukoelln-540-300x111.jpg 300w\" sizes=\"auto, (max-width: 540px) 100vw, 540px\" \/><\/a><figcaption id=\"caption-attachment-3263\" class=\"wp-caption-text\">Blumen gab es keine - Protestspalier gegen die NPD in Neuk\u00f6lln  \u00a9 Matthias Zickrow<\/figcaption><\/figure><\/p>\n<p>Mit einem ohrenbet\u00e4ubenden Pfeifkonzert von rund 120 Demonstranten wurden am Samstag 20 NPD-Anh\u00e4nger in Neuk\u00f6lln empfangen. Die Neonazis wollten zu einer Versammlung in der N\u00e4he des Britzer Gartens.<!--more--><\/p>\n<p>Die Neonazis waren einer Einladung der rechtsextremen Partei zu einer Veranstaltung in den R\u00e4umen des Gr\u00fcnfl\u00e4chenamts am Buckower Damm gefolgt. Der schmale Weg zu dem Geb\u00e4ude am Britzer Garten war mit Gittern und Polizeihunden weitr\u00e4umig abgesperrt. Die eintreffenden Neonazis, unter denen sich auch der neue NPD-Landeschef Uwe Meenen befand, reagierten aggressiv auf die Rufe der Demonstranten. Als die Rechten einen Fotojournalisten bedr\u00e4ngten und ihm an die Kamera griffen, musste die Polizei einschreiten. Als Redner trat der NPD-Funktion\u00e4r Andreas Storr auf, der f\u00fcr die NPD im s\u00e4chsischen Landtag sitzt. Er sollte \u00fcber die Arbeit der Partei in Sachsen berichten.<\/p>\n<p>\u201eIch bin froh, dass die Veranstaltung der Nazis so ein Reinfall geworden ist\u201c, sagte Carola Scheibe-K\u00f6ster (Gr\u00fcne), die den Protest organisiert hatte. Die von der NPD gew\u00fcnschte Provokation, ausgerechnet am Tag der Befreiung aufzumarschieren, sei nicht aufgegangen. Kaum ein Viertel der angek\u00fcndigten 100 Rechten sei erschienen. Der Bezirk ist gesetzlich verpflichtet, der NPD f\u00fcr Parteiveranstaltungen freie R\u00e4ume zu vermieten. Jedoch nutzen alle Bezirke neuerdings einen einheitlichen Mietvertrag, der rassistische und antisemitische \u00c4u\u00dferungen explizit untersagt.<\/p>\n","protected":false},"excerpt":{"rendered":"<p>Mit einem ohrenbet\u00e4ubenden Pfeifkonzert von rund 120 Demonstranten wurden am Samstag 20 NPD-Anh\u00e4nger in Neuk\u00f6lln empfangen. Die Neonazis wollten zu einer Versammlung in der N\u00e4he des Britzer Gartens.<\/p>\n","protected":false},"author":229,"featured_media":0,"comment_status":"open","ping_status":"open","sticky":false,"template":"","format":"standard","meta":{"_jetpack_memberships_contains_paid_content":false,"footnotes":""},"categories":[59],"tags":[],"class_list":["post-3239","post","type-post","status-publish","format-standard","hentry","category-bayern"],"yoast_head":"<!-- This site is optimized with the Yoast SEO plugin v21.0 - https:\/\/yoast.com\/wordpress\/plugins\/seo\/ -->\n<title>Neonazis blamieren sich in Berlin-Neuk\u00f6lln - St\u00f6rungsmelder<\/title>\n<meta name=\"robots\" content=\"index, follow, max-snippet:-1, max-image-preview:large, max-video-preview:-1\" \/>\n<link rel=\"canonical\" href=\"https:\/\/blog.zeit.de\/stoerungsmelder\/2010\/05\/09\/neonazis-blamieren-sich-in-berlin-neukolln_3239\" \/>\n<meta property=\"og:locale\" content=\"de_DE\" \/>\n<meta property=\"og:type\" content=\"article\" \/>\n<meta property=\"og:title\" content=\"Neonazis blamieren sich in Berlin-Neuk\u00f6lln - St\u00f6rungsmelder\" \/>\n<meta property=\"og:description\" content=\"Mit einem ohrenbet\u00e4ubenden Pfeifkonzert von rund 120 Demonstranten wurden am Samstag 20 NPD-Anh\u00e4nger in Neuk\u00f6lln empfangen. Die Neonazis wollten zu einer Versammlung in der N\u00e4he des Britzer Gartens.\" \/>\n<meta property=\"og:url\" content=\"https:\/\/blog.zeit.de\/stoerungsmelder\/2010\/05\/09\/neonazis-blamieren-sich-in-berlin-neukolln_3239\" \/>\n<meta property=\"og:site_name\" content=\"St\u00f6rungsmelder\" \/>\n<meta property=\"article:published_time\" content=\"2010-05-09T18:11:00+00:00\" \/>\n<meta property=\"article:modified_time\" content=\"2017-07-08T14:45:22+00:00\" \/>\n<meta property=\"og:image\" content=\"https:\/\/blog.zeit.de\/stoerungsmelder\/files\/2010\/05\/neukoelln-540.jpg\" \/>\n<meta name=\"author\" content=\"St\u00f6rungsmelder\" \/>\n<meta name=\"twitter:card\" content=\"summary_large_image\" \/>\n<meta name=\"twitter:label1\" content=\"Geschrieben von\" \/>\n\t<meta name=\"twitter:data1\" content=\"St\u00f6rungsmelder\" \/>\n\t<meta name=\"twitter:label2\" content=\"Gesch\u00e4tzte Lesezeit\" \/>\n\t<meta name=\"twitter:data2\" content=\"1\u00a0Minute\" \/>\n<script type=\"application\/ld+json\" class=\"yoast-schema-graph\">{\"@context\":\"https:\/\/schema.org\",\"@graph\":[{\"@type\":\"WebPage\",\"@id\":\"https:\/\/blog.zeit.de\/stoerungsmelder\/2010\/05\/09\/neonazis-blamieren-sich-in-berlin-neukolln_3239\",\"url\":\"https:\/\/blog.zeit.de\/stoerungsmelder\/2010\/05\/09\/neonazis-blamieren-sich-in-berlin-neukolln_3239\",\"name\":\"Neonazis blamieren sich in Berlin-Neuk\u00f6lln - St\u00f6rungsmelder\",\"isPartOf\":{\"@id\":\"https:\/\/blog.zeit.de\/stoerungsmelder\/#website\"},\"datePublished\":\"2010-05-09T18:11:00+00:00\",\"dateModified\":\"2017-07-08T14:45:22+00:00\",\"author\":{\"@id\":\"https:\/\/blog.zeit.de\/stoerungsmelder\/#\/schema\/person\/fdd0b9818f65738672810b6d6f037f71\"},\"breadcrumb\":{\"@id\":\"https:\/\/blog.zeit.de\/stoerungsmelder\/2010\/05\/09\/neonazis-blamieren-sich-in-berlin-neukolln_3239#breadcrumb\"},\"inLanguage\":\"de\",\"potentialAction\":[{\"@type\":\"ReadAction\",\"target\":[\"https:\/\/blog.zeit.de\/stoerungsmelder\/2010\/05\/09\/neonazis-blamieren-sich-in-berlin-neukolln_3239\"]}]},{\"@type\":\"BreadcrumbList\",\"@id\":\"https:\/\/blog.zeit.de\/stoerungsmelder\/2010\/05\/09\/neonazis-blamieren-sich-in-berlin-neukolln_3239#breadcrumb\",\"itemListElement\":[{\"@type\":\"ListItem\",\"position\":1,\"name\":\"Startseite\",\"item\":\"https:\/\/blog.zeit.de\/stoerungsmelder\"},{\"@type\":\"ListItem\",\"position\":2,\"name\":\"Neonazis blamieren sich in Berlin-Neuk\u00f6lln\"}]},{\"@type\":\"WebSite\",\"@id\":\"https:\/\/blog.zeit.de\/stoerungsmelder\/#website\",\"url\":\"https:\/\/blog.zeit.de\/stoerungsmelder\/\",\"name\":\"St\u00f6rungsmelder\",\"description\":\"Recherchen und Analysen \u00fcber die extreme Rechte\",\"potentialAction\":[{\"@type\":\"SearchAction\",\"target\":{\"@type\":\"EntryPoint\",\"urlTemplate\":\"https:\/\/blog.zeit.de\/stoerungsmelder\/?s={search_term_string}\"},\"query-input\":\"required name=search_term_string\"}],\"inLanguage\":\"de\"},{\"@type\":\"Person\",\"@id\":\"https:\/\/blog.zeit.de\/stoerungsmelder\/#\/schema\/person\/fdd0b9818f65738672810b6d6f037f71\",\"name\":\"St\u00f6rungsmelder\",\"image\":{\"@type\":\"ImageObject\",\"inLanguage\":\"de\",\"@id\":\"https:\/\/blog.zeit.de\/stoerungsmelder\/#\/schema\/person\/image\/\",\"url\":\"https:\/\/secure.gravatar.com\/avatar\/dfa4be514c3e82a71e4f9a0020035d38192d080ccaa5e4e6d7a1472c763535c5?s=96&d=mm&r=pg\",\"contentUrl\":\"https:\/\/secure.gravatar.com\/avatar\/dfa4be514c3e82a71e4f9a0020035d38192d080ccaa5e4e6d7a1472c763535c5?s=96&d=mm&r=pg\",\"caption\":\"St\u00f6rungsmelder\"},\"url\":\"https:\/\/blog.zeit.de\/stoerungsmelder\/author\/stoerungsmelder\"}]}<\/script>\n<!-- \/ Yoast SEO plugin. -->","yoast_head_json":{"title":"Neonazis blamieren sich in Berlin-Neuk\u00f6lln - St\u00f6rungsmelder","robots":{"index":"index","follow":"follow","max-snippet":"max-snippet:-1","max-image-preview":"max-image-preview:large","max-video-preview":"max-video-preview:-1"},"canonical":"https:\/\/blog.zeit.de\/stoerungsmelder\/2010\/05\/09\/neonazis-blamieren-sich-in-berlin-neukolln_3239","og_locale":"de_DE","og_type":"article","og_title":"Neonazis blamieren sich in Berlin-Neuk\u00f6lln - St\u00f6rungsmelder","og_description":"Mit einem ohrenbet\u00e4ubenden Pfeifkonzert von rund 120 Demonstranten wurden am Samstag 20 NPD-Anh\u00e4nger in Neuk\u00f6lln empfangen. Die Neonazis wollten zu einer Versammlung in der N\u00e4he des Britzer Gartens.","og_url":"https:\/\/blog.zeit.de\/stoerungsmelder\/2010\/05\/09\/neonazis-blamieren-sich-in-berlin-neukolln_3239","og_site_name":"St\u00f6rungsmelder","article_published_time":"2010-05-09T18:11:00+00:00","article_modified_time":"2017-07-08T14:45:22+00:00","og_image":[{"url":"https:\/\/blog.zeit.de\/stoerungsmelder\/files\/2010\/05\/neukoelln-540.jpg"}],"author":"St\u00f6rungsmelder","twitter_card":"summary_large_image","twitter_misc":{"Geschrieben von":"St\u00f6rungsmelder","Gesch\u00e4tzte Lesezeit":"1\u00a0Minute"},"schema":{"@context":"https:\/\/schema.org","@graph":[{"@type":"WebPage","@id":"https:\/\/blog.zeit.de\/stoerungsmelder\/2010\/05\/09\/neonazis-blamieren-sich-in-berlin-neukolln_3239","url":"https:\/\/blog.zeit.de\/stoerungsmelder\/2010\/05\/09\/neonazis-blamieren-sich-in-berlin-neukolln_3239","name":"Neonazis blamieren sich in Berlin-Neuk\u00f6lln - St\u00f6rungsmelder","isPartOf":{"@id":"https:\/\/blog.zeit.de\/stoerungsmelder\/#website"},"datePublished":"2010-05-09T18:11:00+00:00","dateModified":"2017-07-08T14:45:22+00:00","author":{"@id":"https:\/\/blog.zeit.de\/stoerungsmelder\/#\/schema\/person\/fdd0b9818f65738672810b6d6f037f71"},"breadcrumb":{"@id":"https:\/\/blog.zeit.de\/stoerungsmelder\/2010\/05\/09\/neonazis-blamieren-sich-in-berlin-neukolln_3239#breadcrumb"},"inLanguage":"de","potentialAction":[{"@type":"ReadAction","target":["https:\/\/blog.zeit.de\/stoerungsmelder\/2010\/05\/09\/neonazis-blamieren-sich-in-berlin-neukolln_3239"]}]},{"@type":"BreadcrumbList","@id":"https:\/\/blog.zeit.de\/stoerungsmelder\/2010\/05\/09\/neonazis-blamieren-sich-in-berlin-neukolln_3239#breadcrumb","itemListElement":[{"@type":"ListItem","position":1,"name":"Startseite","item":"https:\/\/blog.zeit.de\/stoerungsmelder"},{"@type":"ListItem","position":2,"name":"Neonazis blamieren sich in Berlin-Neuk\u00f6lln"}]},{"@type":"WebSite","@id":"https:\/\/blog.zeit.de\/stoerungsmelder\/#website","url":"https:\/\/blog.zeit.de\/stoerungsmelder\/","name":"St\u00f6rungsmelder","description":"Recherchen und Analysen \u00fcber die extreme Rechte","potentialAction":[{"@type":"SearchAction","target":{"@type":"EntryPoint","urlTemplate":"https:\/\/blog.zeit.de\/stoerungsmelder\/?s={search_term_string}"},"query-input":"required name=search_term_string"}],"inLanguage":"de"},{"@type":"Person","@id":"https:\/\/blog.zeit.de\/stoerungsmelder\/#\/schema\/person\/fdd0b9818f65738672810b6d6f037f71","name":"St\u00f6rungsmelder","image":{"@type":"ImageObject","inLanguage":"de","@id":"https:\/\/blog.zeit.de\/stoerungsmelder\/#\/schema\/person\/image\/","url":"https:\/\/secure.gravatar.com\/avatar\/dfa4be514c3e82a71e4f9a0020035d38192d080ccaa5e4e6d7a1472c763535c5?s=96&d=mm&r=pg","contentUrl":"https:\/\/secure.gravatar.com\/avatar\/dfa4be514c3e82a71e4f9a0020035d38192d080ccaa5e4e6d7a1472c763535c5?s=96&d=mm&r=pg","caption":"St\u00f6rungsmelder"},"url":"https:\/\/blog.zeit.de\/stoerungsmelder\/author\/stoerungsmelder"}]}},"jetpack_featured_media_url":"","jetpack_sharing_enabled":true,"_links":{"self":[{"href":"https:\/\/blog.zeit.de\/stoerungsmelder\/wp-json\/wp\/v2\/posts\/3239","targetHints":{"allow":["GET"]}}],"collection":[{"href":"https:\/\/blog.zeit.de\/stoerungsmelder\/wp-json\/wp\/v2\/posts"}],"about":[{"href":"https:\/\/blog.zeit.de\/stoerungsmelder\/wp-json\/wp\/v2\/types\/post"}],"author":[{"embeddable":true,"href":"https:\/\/blog.zeit.de\/stoerungsmelder\/wp-json\/wp\/v2\/users\/229"}],"replies":[{"embeddable":true,"href":"https:\/\/blog.zeit.de\/stoerungsmelder\/wp-json\/wp\/v2\/comments?post=3239"}],"version-history":[{"count":1,"href":"https:\/\/blog.zeit.de\/stoerungsmelder\/wp-json\/wp\/v2\/posts\/3239\/revisions"}],"predecessor-version":[{"id":24219,"href":"https:\/\/blog.zeit.de\/stoerungsmelder\/wp-json\/wp\/v2\/posts\/3239\/revisions\/24219"}],"wp:attachment":[{"href":"https:\/\/blog.zeit.de\/stoerungsmelder\/wp-json\/wp\/v2\/media?parent=3239"}],"wp:term":[{"taxonomy":"category","embeddable":true,"href":"https:\/\/blog.zeit.de\/stoerungsmelder\/wp-json\/wp\/v2\/categories?post=3239"},{"taxonomy":"post_tag","embeddable":true,"href":"https:\/\/blog.zeit.de\/stoerungsmelder\/wp-json\/wp\/v2\/tags?post=3239"}],"curies":[{"name":"wp","href":"https:\/\/api.w.org\/{rel}","templated":true}]}}